{"id":9896,"date":"2022-11-03T14:31:00","date_gmt":"2022-11-03T12:31:00","guid":{"rendered":"https:\/\/www.selry.fi\/?p=9896"},"modified":"2022-12-09T17:30:13","modified_gmt":"2022-12-09T15:30:13","slug":"kollektivavtalen-skapar-stabilitet-pa-arbetsmarknaden","status":"publish","type":"post","link":"https:\/\/www.selry.fi\/sv\/blogg\/kollektivavtalen-skapar-stabilitet-pa-arbetsmarknaden\/","title":{"rendered":"Kollektivavtalen skapar stabilitet p\u00e5 arbetsmarknaden"},"content":{"rendered":"\n<p>Efter att Finlands N\u00e4ringsliv EK \u00f6verg\u00e5tt till att vara en ren lobbyorganisation har man samtidigt n\u00e4rmat sig F\u00f6retagarna i Finland. Det \u00e4r f\u00f6rst\u00e5eligt, eftersom man inte l\u00e4ngre tar n\u00e5got ansvar f\u00f6r avtalsverksamheten. Detta tar sig uttryck i en \u00f6kande kritik fr\u00e5n EK:s sida mot det allm\u00e4nbindande kollektivavtalssystemet, trots att det har utgjort en garant f\u00f6r stabilitet p\u00e5 den finl\u00e4ndska arbetsmarknaden.<\/p>\n\n\n\n<p>De allm\u00e4ngiltiga kollektivavtalen omfattar alla som jobbar i en bransch och fastst\u00e4ller miniminiv\u00e5n p\u00e5 alla arbetsvillkor, f\u00f6rutom vilka man p\u00e5 arbetsplatsen kan avtala om b\u00e4ttre arbetsvillkor. De allm\u00e4ngiltiga kollektivavtalen \u00e4r verkligen inget hinder f\u00f6r att lokalt avtala om b\u00e4ttre villkor.<\/p>\n\n\n\n<p>Det k\u00e4nns konstigt att s\u00e5 m\u00e5nga i arbetsgivarorganisationerna inte erk\u00e4nner nyttan av allm\u00e4ngiltiga kollektivavtal f\u00f6r f\u00f6retagen. D\u00e4remot tr\u00e4ffar jag, d\u00e5 jag bes\u00f6ker livsmedelsbranschens arbetsplatser m\u00e5nga arbetsgivare som inser nyttan av de allm\u00e4ngiltiga kollektivavtalen ocks\u00e5 f\u00f6r f\u00f6retagen. Kritik mot enskilda punkter i kollektivavtalen framf\u00f6rs nog, vilket h\u00f6r till saken. Men d\u00e5 handlar det inte om en vilja att f\u00f6r\u00e4ndra hela systemet.<\/p>\n\n\n\n<p>Ocks\u00e5 i livsmedelsbranschen finns det arbetsgivare som g\u00f6r allt f\u00f6r att deras arbetstagare inte ska tillh\u00f6ra facket, och f\u00f6r att man inte ska v\u00e4lja n\u00e5gon f\u00f6rtroendeman p\u00e5 arbetsplatsen. Borde man allts\u00e5 ge de h\u00e4r arbetsgivarna m\u00f6jligheter att \u201davtala\u201d om niv\u00e5er som understiger kollektivavtalen? Varf\u00f6r skulle vi ge de h\u00e4r arbetsgivarna m\u00f6jligheter att dumpa l\u00f6ner och andra arbetsvillkor som ett konkurrensmedel? Det l\u00f6nar sig inte att vara s\u00e5 godtrogen att man tror att dessa arbetsgivare skulle efterstr\u00e4va n\u00e5gon form av avtal, d\u00e5 deras m\u00e5l \u00e4r att ensidigt diktera arbetstagarnas arbetsvillkor.<\/p>\n\n\n\n<p>De som vill undergr\u00e4va och f\u00f6rsvaga den kraft att f\u00f6rhandla om arbetsvillkoren som grundar sig p\u00e5 arbetstagarnas organisering utnyttjar i h\u00f6g grad tidens betoning av individualiteten genom att po\u00e4ngtera \u00e5sikten: varf\u00f6r skulle arbetstagaren ge ett f\u00f6rbund r\u00e4tten att f\u00f6rhandla om arbetsvillkoren f\u00f6r oss, d\u00e5 vi alla g\u00e4rna p\u00e5 arbetsplatsen sinsemellan kan n\u00e5 det b\u00e4sta resultatet?<\/p>\n\n\n\n<p>Ledsamt nog finns det de som kanske tror p\u00e5 det d\u00e4r. Men faktum kvarst\u00e5r att om vi inte hade kollektivavtal framf\u00f6rhandlade av arbetstagare organiserade i fackf\u00f6rbund skulle det kr\u00e4vas ett verkligt specialkunnande av arbetstagarna att p\u00e5 egen hand fixa exempelvis semesterers\u00e4ttning i arbetsvillkoren, betald sjukledighet i niv\u00e5 med kollektivavtalen eller den ersatta r\u00e4tten att v\u00e5rda sjukt barn hemma.<\/p>\n\n\n\n<p>Att organisera sig i ett fackf\u00f6rbund ger en f\u00f6rhandlingsstyrka och det har m\u00f6jliggjort, samt m\u00f6jligg\u00f6r \u00e4ven i framtiden rimliga arbetsvillkor f\u00f6r oss. Kollektivavtal som f\u00f6rhandlats fram av organiserade parter ger stabilitet p\u00e5 arbetsmarknaden, trots att de ibland uppkommer efter \u00e4ven sv\u00e5ra skeden. Den stabiliteten ligger i arbetsgivarnas, arbetstagarnas och hela samh\u00e4llets intresse.<\/p>\n\n\n\n<p><em>Veli-Matti Kuntonen<\/em><br><em>SEL:s f\u00f6rbundsordf\u00f6rande<\/em><\/p>\n","protected":false},"excerpt":{"rendered":"<p>Efter att Finlands N\u00e4ringsliv EK \u00f6verg\u00e5tt till att vara en ren lobbyorganisation har man samtidigt n\u00e4rmat sig F\u00f6retagarna i Finland. [\u2026] <a href=\"https:\/\/www.selry.fi\/sv\/blogg\/kollektivavtalen-skapar-stabilitet-pa-arbetsmarknaden\/\">Lue lis\u00e4\u00e4 &raquo;<\/a><\/p>\n","protected":false},"author":4,"featured_media":1915,"comment_status":"closed","ping_status":"closed","sticky":false,"template":"","format":"standard","meta":{"_acf_changed":false,"footnotes":""},"categories":[64],"tags":[],"class_list":["post-9896","post","type-post","status-publish","format-standard","has-post-thumbnail","hentry","category-blogg"],"acf":[],"yoast_head":"<!-- This site is optimized with the Yoast SEO plugin v27.2 - https:\/\/yoast.com\/product\/yoast-seo-wordpress\/ -->\n<title>Kollektivavtalen skapar stabilitet p\u00e5 arbetsmarknaden<\/title>\n<meta name=\"robots\" content=\"index, follow, max-snippet:-1, max-image-preview:large, max-video-preview:-1\" \/>\n<link rel=\"canonical\" href=\"https:\/\/www.selry.fi\/sv\/blogg\/kollektivavtalen-skapar-stabilitet-pa-arbetsmarknaden\/\" \/>\n<meta property=\"og:locale\" content=\"sv_SE\" \/>\n<meta property=\"og:type\" content=\"article\" \/>\n<meta property=\"og:title\" content=\"Kollektivavtalen skapar stabilitet p\u00e5 arbetsmarknaden\" \/>\n<meta property=\"og:description\" content=\"Efter att Finlands N\u00e4ringsliv EK \u00f6verg\u00e5tt till att vara en ren lobbyorganisation har man samtidigt n\u00e4rmat sig F\u00f6retagarna i Finland. [\u2026] Lue lis\u00e4\u00e4 &raquo;\" \/>\n<meta property=\"og:url\" content=\"https:\/\/www.selry.fi\/sv\/blogg\/kollektivavtalen-skapar-stabilitet-pa-arbetsmarknaden\/\" \/>\n<meta property=\"og:site_name\" content=\"Suomen Elintarvikety\u00f6l\u00e4isten Liitto SEL\" \/>\n<meta property=\"article:publisher\" content=\"https:\/\/www.facebook.com\/selry\" \/>\n<meta property=\"article:published_time\" content=\"2022-11-03T12:31:00+00:00\" \/>\n<meta property=\"article:modified_time\" content=\"2022-12-09T15:30:13+00:00\" \/>\n<meta property=\"og:image\" content=\"https:\/\/www.selry.fi\/wp-content\/uploads\/2021\/05\/kuntonen-syva-artikkelikuva.jpg\" \/>\n\t<meta property=\"og:image:width\" content=\"1385\" \/>\n\t<meta property=\"og:image:height\" content=\"1063\" \/>\n\t<meta property=\"og:image:type\" content=\"image\/jpeg\" \/>\n<meta name=\"author\" content=\"Karoliina \u00d6ystil\u00e4\" \/>\n<meta name=\"twitter:card\" content=\"summary_large_image\" \/>\n<meta name=\"twitter:creator\" content=\"@selryfi\" \/>\n<meta name=\"twitter:site\" content=\"@selryfi\" \/>\n<script type=\"application\/ld+json\" class=\"yoast-schema-graph\">{\"@context\":\"https:\/\/schema.org\",\"@graph\":[{\"@type\":\"Article\",\"@id\":\"https:\/\/www.selry.fi\/sv\/blogg\/kollektivavtalen-skapar-stabilitet-pa-arbetsmarknaden\/#article\",\"isPartOf\":{\"@id\":\"https:\/\/www.selry.fi\/sv\/blogg\/kollektivavtalen-skapar-stabilitet-pa-arbetsmarknaden\/\"},\"author\":{\"name\":\"Karoliina \u00d6ystil\u00e4\",\"@id\":\"https:\/\/www.selry.fi\/#\/schema\/person\/4fb0b52ed84c524f0beea95625a21678\"},\"headline\":\"Kollektivavtalen skapar stabilitet p\u00e5 arbetsmarknaden\",\"datePublished\":\"2022-11-03T12:31:00+00:00\",\"dateModified\":\"2022-12-09T15:30:13+00:00\",\"mainEntityOfPage\":{\"@id\":\"https:\/\/www.selry.fi\/sv\/blogg\/kollektivavtalen-skapar-stabilitet-pa-arbetsmarknaden\/\"},\"wordCount\":512,\"publisher\":{\"@id\":\"https:\/\/www.selry.fi\/#organization\"},\"image\":{\"@id\":\"https:\/\/www.selry.fi\/sv\/blogg\/kollektivavtalen-skapar-stabilitet-pa-arbetsmarknaden\/#primaryimage\"},\"thumbnailUrl\":\"https:\/\/www.selry.fi\/wp-content\/uploads\/2021\/05\/kuntonen-syva-artikkelikuva.jpg\",\"articleSection\":[\"Blogg\"],\"inLanguage\":\"sv-SE\"},{\"@type\":\"WebPage\",\"@id\":\"https:\/\/www.selry.fi\/sv\/blogg\/kollektivavtalen-skapar-stabilitet-pa-arbetsmarknaden\/\",\"url\":\"https:\/\/www.selry.fi\/sv\/blogg\/kollektivavtalen-skapar-stabilitet-pa-arbetsmarknaden\/\",\"name\":\"Kollektivavtalen skapar stabilitet p\u00e5 arbetsmarknaden\",\"isPartOf\":{\"@id\":\"https:\/\/www.selry.fi\/#website\"},\"primaryImageOfPage\":{\"@id\":\"https:\/\/www.selry.fi\/sv\/blogg\/kollektivavtalen-skapar-stabilitet-pa-arbetsmarknaden\/#primaryimage\"},\"image\":{\"@id\":\"https:\/\/www.selry.fi\/sv\/blogg\/kollektivavtalen-skapar-stabilitet-pa-arbetsmarknaden\/#primaryimage\"},\"thumbnailUrl\":\"https:\/\/www.selry.fi\/wp-content\/uploads\/2021\/05\/kuntonen-syva-artikkelikuva.jpg\",\"datePublished\":\"2022-11-03T12:31:00+00:00\",\"dateModified\":\"2022-12-09T15:30:13+00:00\",\"breadcrumb\":{\"@id\":\"https:\/\/www.selry.fi\/sv\/blogg\/kollektivavtalen-skapar-stabilitet-pa-arbetsmarknaden\/#breadcrumb\"},\"inLanguage\":\"sv-SE\",\"potentialAction\":[{\"@type\":\"ReadAction\",\"target\":[\"https:\/\/www.selry.fi\/sv\/blogg\/kollektivavtalen-skapar-stabilitet-pa-arbetsmarknaden\/\"]}]},{\"@type\":\"ImageObject\",\"inLanguage\":\"sv-SE\",\"@id\":\"https:\/\/www.selry.fi\/sv\/blogg\/kollektivavtalen-skapar-stabilitet-pa-arbetsmarknaden\/#primaryimage\",\"url\":\"https:\/\/www.selry.fi\/wp-content\/uploads\/2021\/05\/kuntonen-syva-artikkelikuva.jpg\",\"contentUrl\":\"https:\/\/www.selry.fi\/wp-content\/uploads\/2021\/05\/kuntonen-syva-artikkelikuva.jpg\",\"width\":1385,\"height\":1063},{\"@type\":\"BreadcrumbList\",\"@id\":\"https:\/\/www.selry.fi\/sv\/blogg\/kollektivavtalen-skapar-stabilitet-pa-arbetsmarknaden\/#breadcrumb\",\"itemListElement\":[{\"@type\":\"ListItem\",\"position\":1,\"name\":\"Home\",\"item\":\"https:\/\/www.selry.fi\/sv\/\"},{\"@type\":\"ListItem\",\"position\":2,\"name\":\"Kollektivavtalen skapar stabilitet p\u00e5 arbetsmarknaden\"}]},{\"@type\":\"WebSite\",\"@id\":\"https:\/\/www.selry.fi\/#website\",\"url\":\"https:\/\/www.selry.fi\/\",\"name\":\"Suomen Elintarvikety\u00f6l\u00e4isten Liitto SEL\",\"description\":\"\",\"publisher\":{\"@id\":\"https:\/\/www.selry.fi\/#organization\"},\"inLanguage\":\"sv-SE\"},{\"@type\":\"Organization\",\"@id\":\"https:\/\/www.selry.fi\/#organization\",\"name\":\"Suomen Elintarvikety\u00f6l\u00e4isten Liitto SEL\",\"url\":\"https:\/\/www.selry.fi\/\",\"logo\":{\"@type\":\"ImageObject\",\"inLanguage\":\"sv-SE\",\"@id\":\"https:\/\/www.selry.fi\/#\/schema\/logo\/image\/\",\"url\":\"https:\/\/www.selry.fi\/wp-content\/uploads\/2021\/05\/logo-sel.svg\",\"contentUrl\":\"https:\/\/www.selry.fi\/wp-content\/uploads\/2021\/05\/logo-sel.svg\",\"width\":453,\"height\":135,\"caption\":\"Suomen Elintarvikety\u00f6l\u00e4isten Liitto SEL\"},\"image\":{\"@id\":\"https:\/\/www.selry.fi\/#\/schema\/logo\/image\/\"},\"sameAs\":[\"https:\/\/www.facebook.com\/selry\",\"https:\/\/x.com\/selryfi\"]},{\"@type\":\"Person\",\"@id\":\"https:\/\/www.selry.fi\/#\/schema\/person\/4fb0b52ed84c524f0beea95625a21678\",\"name\":\"Karoliina \u00d6ystil\u00e4\",\"image\":{\"@type\":\"ImageObject\",\"inLanguage\":\"sv-SE\",\"@id\":\"https:\/\/secure.gravatar.com\/avatar\/8dcb857776c4317075ba571fdc81a06a1f240302e468800d69bf316ef82ac4cd?s=96&d=mm&r=g\",\"url\":\"https:\/\/secure.gravatar.com\/avatar\/8dcb857776c4317075ba571fdc81a06a1f240302e468800d69bf316ef82ac4cd?s=96&d=mm&r=g\",\"contentUrl\":\"https:\/\/secure.gravatar.com\/avatar\/8dcb857776c4317075ba571fdc81a06a1f240302e468800d69bf316ef82ac4cd?s=96&d=mm&r=g\",\"caption\":\"Karoliina \u00d6ystil\u00e4\"}}]}<\/script>\n<!-- \/ Yoast SEO plugin. -->","yoast_head_json":{"title":"Kollektivavtalen skapar stabilitet p\u00e5 arbetsmarknaden","robots":{"index":"index","follow":"follow","max-snippet":"max-snippet:-1","max-image-preview":"max-image-preview:large","max-video-preview":"max-video-preview:-1"},"canonical":"https:\/\/www.selry.fi\/sv\/blogg\/kollektivavtalen-skapar-stabilitet-pa-arbetsmarknaden\/","og_locale":"sv_SE","og_type":"article","og_title":"Kollektivavtalen skapar stabilitet p\u00e5 arbetsmarknaden","og_description":"Efter att Finlands N\u00e4ringsliv EK \u00f6verg\u00e5tt till att vara en ren lobbyorganisation har man samtidigt n\u00e4rmat sig F\u00f6retagarna i Finland. [\u2026] Lue lis\u00e4\u00e4 &raquo;","og_url":"https:\/\/www.selry.fi\/sv\/blogg\/kollektivavtalen-skapar-stabilitet-pa-arbetsmarknaden\/","og_site_name":"Suomen Elintarvikety\u00f6l\u00e4isten Liitto SEL","article_publisher":"https:\/\/www.facebook.com\/selry","article_published_time":"2022-11-03T12:31:00+00:00","article_modified_time":"2022-12-09T15:30:13+00:00","og_image":[{"width":1385,"height":1063,"url":"https:\/\/www.selry.fi\/wp-content\/uploads\/2021\/05\/kuntonen-syva-artikkelikuva.jpg","type":"image\/jpeg"}],"author":"Karoliina \u00d6ystil\u00e4","twitter_card":"summary_large_image","twitter_creator":"@selryfi","twitter_site":"@selryfi","schema":{"@context":"https:\/\/schema.org","@graph":[{"@type":"Article","@id":"https:\/\/www.selry.fi\/sv\/blogg\/kollektivavtalen-skapar-stabilitet-pa-arbetsmarknaden\/#article","isPartOf":{"@id":"https:\/\/www.selry.fi\/sv\/blogg\/kollektivavtalen-skapar-stabilitet-pa-arbetsmarknaden\/"},"author":{"name":"Karoliina \u00d6ystil\u00e4","@id":"https:\/\/www.selry.fi\/#\/schema\/person\/4fb0b52ed84c524f0beea95625a21678"},"headline":"Kollektivavtalen skapar stabilitet p\u00e5 arbetsmarknaden","datePublished":"2022-11-03T12:31:00+00:00","dateModified":"2022-12-09T15:30:13+00:00","mainEntityOfPage":{"@id":"https:\/\/www.selry.fi\/sv\/blogg\/kollektivavtalen-skapar-stabilitet-pa-arbetsmarknaden\/"},"wordCount":512,"publisher":{"@id":"https:\/\/www.selry.fi\/#organization"},"image":{"@id":"https:\/\/www.selry.fi\/sv\/blogg\/kollektivavtalen-skapar-stabilitet-pa-arbetsmarknaden\/#primaryimage"},"thumbnailUrl":"https:\/\/www.selry.fi\/wp-content\/uploads\/2021\/05\/kuntonen-syva-artikkelikuva.jpg","articleSection":["Blogg"],"inLanguage":"sv-SE"},{"@type":"WebPage","@id":"https:\/\/www.selry.fi\/sv\/blogg\/kollektivavtalen-skapar-stabilitet-pa-arbetsmarknaden\/","url":"https:\/\/www.selry.fi\/sv\/blogg\/kollektivavtalen-skapar-stabilitet-pa-arbetsmarknaden\/","name":"Kollektivavtalen skapar stabilitet p\u00e5 arbetsmarknaden","isPartOf":{"@id":"https:\/\/www.selry.fi\/#website"},"primaryImageOfPage":{"@id":"https:\/\/www.selry.fi\/sv\/blogg\/kollektivavtalen-skapar-stabilitet-pa-arbetsmarknaden\/#primaryimage"},"image":{"@id":"https:\/\/www.selry.fi\/sv\/blogg\/kollektivavtalen-skapar-stabilitet-pa-arbetsmarknaden\/#primaryimage"},"thumbnailUrl":"https:\/\/www.selry.fi\/wp-content\/uploads\/2021\/05\/kuntonen-syva-artikkelikuva.jpg","datePublished":"2022-11-03T12:31:00+00:00","dateModified":"2022-12-09T15:30:13+00:00","breadcrumb":{"@id":"https:\/\/www.selry.fi\/sv\/blogg\/kollektivavtalen-skapar-stabilitet-pa-arbetsmarknaden\/#breadcrumb"},"inLanguage":"sv-SE","potentialAction":[{"@type":"ReadAction","target":["https:\/\/www.selry.fi\/sv\/blogg\/kollektivavtalen-skapar-stabilitet-pa-arbetsmarknaden\/"]}]},{"@type":"ImageObject","inLanguage":"sv-SE","@id":"https:\/\/www.selry.fi\/sv\/blogg\/kollektivavtalen-skapar-stabilitet-pa-arbetsmarknaden\/#primaryimage","url":"https:\/\/www.selry.fi\/wp-content\/uploads\/2021\/05\/kuntonen-syva-artikkelikuva.jpg","contentUrl":"https:\/\/www.selry.fi\/wp-content\/uploads\/2021\/05\/kuntonen-syva-artikkelikuva.jpg","width":1385,"height":1063},{"@type":"BreadcrumbList","@id":"https:\/\/www.selry.fi\/sv\/blogg\/kollektivavtalen-skapar-stabilitet-pa-arbetsmarknaden\/#breadcrumb","itemListElement":[{"@type":"ListItem","position":1,"name":"Home","item":"https:\/\/www.selry.fi\/sv\/"},{"@type":"ListItem","position":2,"name":"Kollektivavtalen skapar stabilitet p\u00e5 arbetsmarknaden"}]},{"@type":"WebSite","@id":"https:\/\/www.selry.fi\/#website","url":"https:\/\/www.selry.fi\/","name":"Suomen Elintarvikety\u00f6l\u00e4isten Liitto SEL","description":"","publisher":{"@id":"https:\/\/www.selry.fi\/#organization"},"inLanguage":"sv-SE"},{"@type":"Organization","@id":"https:\/\/www.selry.fi\/#organization","name":"Suomen Elintarvikety\u00f6l\u00e4isten Liitto SEL","url":"https:\/\/www.selry.fi\/","logo":{"@type":"ImageObject","inLanguage":"sv-SE","@id":"https:\/\/www.selry.fi\/#\/schema\/logo\/image\/","url":"https:\/\/www.selry.fi\/wp-content\/uploads\/2021\/05\/logo-sel.svg","contentUrl":"https:\/\/www.selry.fi\/wp-content\/uploads\/2021\/05\/logo-sel.svg","width":453,"height":135,"caption":"Suomen Elintarvikety\u00f6l\u00e4isten Liitto SEL"},"image":{"@id":"https:\/\/www.selry.fi\/#\/schema\/logo\/image\/"},"sameAs":["https:\/\/www.facebook.com\/selry","https:\/\/x.com\/selryfi"]},{"@type":"Person","@id":"https:\/\/www.selry.fi\/#\/schema\/person\/4fb0b52ed84c524f0beea95625a21678","name":"Karoliina \u00d6ystil\u00e4","image":{"@type":"ImageObject","inLanguage":"sv-SE","@id":"https:\/\/secure.gravatar.com\/avatar\/8dcb857776c4317075ba571fdc81a06a1f240302e468800d69bf316ef82ac4cd?s=96&d=mm&r=g","url":"https:\/\/secure.gravatar.com\/avatar\/8dcb857776c4317075ba571fdc81a06a1f240302e468800d69bf316ef82ac4cd?s=96&d=mm&r=g","contentUrl":"https:\/\/secure.gravatar.com\/avatar\/8dcb857776c4317075ba571fdc81a06a1f240302e468800d69bf316ef82ac4cd?s=96&d=mm&r=g","caption":"Karoliina \u00d6ystil\u00e4"}}]}},"_links":{"self":[{"href":"https:\/\/www.selry.fi\/sv\/wp-json\/wp\/v2\/posts\/9896","targetHints":{"allow":["GET"]}}],"collection":[{"href":"https:\/\/www.selry.fi\/sv\/wp-json\/wp\/v2\/posts"}],"about":[{"href":"https:\/\/www.selry.fi\/sv\/wp-json\/wp\/v2\/types\/post"}],"author":[{"embeddable":true,"href":"https:\/\/www.selry.fi\/sv\/wp-json\/wp\/v2\/users\/4"}],"replies":[{"embeddable":true,"href":"https:\/\/www.selry.fi\/sv\/wp-json\/wp\/v2\/comments?post=9896"}],"version-history":[{"count":0,"href":"https:\/\/www.selry.fi\/sv\/wp-json\/wp\/v2\/posts\/9896\/revisions"}],"wp:featuredmedia":[{"embeddable":true,"href":"https:\/\/www.selry.fi\/sv\/wp-json\/wp\/v2\/media\/1915"}],"wp:attachment":[{"href":"https:\/\/www.selry.fi\/sv\/wp-json\/wp\/v2\/media?parent=9896"}],"wp:term":[{"taxonomy":"category","embeddable":true,"href":"https:\/\/www.selry.fi\/sv\/wp-json\/wp\/v2\/categories?post=9896"},{"taxonomy":"post_tag","embeddable":true,"href":"https:\/\/www.selry.fi\/sv\/wp-json\/wp\/v2\/tags?post=9896"}],"curies":[{"name":"wp","href":"https:\/\/api.w.org\/{rel}","templated":true}]}}