{"id":9772,"date":"2022-10-20T20:10:15","date_gmt":"2022-10-20T17:10:15","guid":{"rendered":"https:\/\/www.selry.fi\/?p=9772"},"modified":"2022-10-26T10:36:59","modified_gmt":"2022-10-26T07:36:59","slug":"avtalsforhandlingarna-kommer-ar-du-redo","status":"publish","type":"post","link":"https:\/\/www.selry.fi\/sv\/nyheter\/avtalsforhandlingarna-kommer-ar-du-redo\/","title":{"rendered":"Avtalsf\u00f6rhandlingarna kommer! \u00c4r du redo?"},"content":{"rendered":"\n<p class=\"has-ingressi-font-size\">Kollektivavtalen f\u00f6r arbetstagarna i livsmedelsbranschen \u00e4r i kraft till 31.1.2023.<\/p>\n\n\n\n<p><a href=\"https:\/\/www.selry.fi\/sv\/kollektivavtalen\/\">Ditt kollektivavtal<\/a> f\u00f6rhandlas fram av SEL som representerar arbetstagarna i livsmedelsbranschen och ETL som representerar arbetsgivarna.<\/p>\n\n\n\n<p>I avtalet \u00f6verenskommer man om l\u00f6nernas och andra arbetsvillkors miniminiv\u00e5er. I avtalet ing\u00e5r exempelvis \u00f6verenskommelser om arbetstider, betalda \u00e5rsledigheter och sjukledigheter, ledigheter vid arbetstidsf\u00f6rkortning och semesterers\u00e4ttning. P\u00e5 arbetsplatsen kan man lokalt avtala om l\u00f6ner och andra arbetsvillkor som \u00f6verstiger avtalets niv\u00e5, men inte om en l\u00e4gre niv\u00e5.<\/p>\n\n\n\n<p><strong>Avtalsf\u00f6rhandlingarna kommer! \u00c4r du redo?<\/strong><\/p>\n\n\n\n<ol class=\"wp-block-list\"><li><a href=\"https:\/\/www.selry.fi\/sv\/bli-medlem\/\">Anslut dig till fackf\u00f6rbundet<\/a> i din bransch, om du inte redan \u00e4r medlem. Du ser v\u00e4l till att alla dina arbetskamrater ocks\u00e5 tillh\u00f6r facket.<\/li><li>Kontrollera att dina kontaktuppgifter och uppgifterna om din arbetsplats \u00e4r korrekta i SEL:s medlemsregister och bifoga dina kontouppgifter till dina medlemsavgifter f\u00f6r utbetalande av strejkst\u00f6d p\u00e5 adress <a href=\"http:\/\/www.selry.fi\/easiointi\" target=\"_blank\" rel=\"noreferrer noopener\">www.selry.fi\/easiointi<\/a>.<\/li><li>Tala med dina arbetskamrater om vad som \u00e4r viktigt i kollektivavtalet.<\/li><li>F\u00f6lj med informationen fr\u00e5n din f\u00f6rtroendeman och SEL.<\/li><\/ol>\n\n\n\n<p>Bara som SEL:s medlem \u00e4r du med och f\u00f6rsvarar och f\u00f6rb\u00e4ttrar l\u00f6nerna och andra arbetsvillkor f\u00f6r livsmedelsbranschens arbetstagare. Det \u00e4r bra att vara med i facket! F\u00f6r alla.<\/p>\n\n\n\n<p><em>L\u00e4s mera p\u00e5 finska: <a href=\"http:\/\/www.selry.fi\/tes\">www.selry.fi\/tes<\/a><\/em><br><\/p>\n","protected":false},"excerpt":{"rendered":"<p>Kollektivavtalen f\u00f6r arbetstagarna i livsmedelsbranschen \u00e4r i kraft till 31.1.2023. Ditt kollektivavtal f\u00f6rhandlas fram av SEL som representerar arbetstagarna i [\u2026] <a href=\"https:\/\/www.selry.fi\/sv\/nyheter\/avtalsforhandlingarna-kommer-ar-du-redo\/\">Lue lis\u00e4\u00e4 &raquo;<\/a><\/p>\n","protected":false},"author":4,"featured_media":9526,"comment_status":"closed","ping_status":"closed","sticky":false,"template":"","format":"standard","meta":{"_acf_changed":false,"footnotes":""},"categories":[26],"tags":[],"class_list":["post-9772","post","type-post","status-publish","format-standard","has-post-thumbnail","hentry","category-nyheter"],"acf":[],"yoast_head":"<!-- This site is optimized with the Yoast SEO plugin v27.2 - https:\/\/yoast.com\/product\/yoast-seo-wordpress\/ -->\n<title>Avtalsf\u00f6rhandlingarna kommer! \u00c4r du redo?<\/title>\n<meta name=\"robots\" content=\"index, follow, max-snippet:-1, max-image-preview:large, max-video-preview:-1\" \/>\n<link rel=\"canonical\" href=\"https:\/\/www.selry.fi\/sv\/nyheter\/avtalsforhandlingarna-kommer-ar-du-redo\/\" \/>\n<meta property=\"og:locale\" content=\"sv_SE\" \/>\n<meta property=\"og:type\" content=\"article\" \/>\n<meta property=\"og:title\" content=\"Avtalsf\u00f6rhandlingarna kommer! \u00c4r du redo?\" \/>\n<meta property=\"og:description\" content=\"Kollektivavtalen f\u00f6r arbetstagarna i livsmedelsbranschen \u00e4r i kraft till 31.1.2023. Ditt kollektivavtal f\u00f6rhandlas fram av SEL som representerar arbetstagarna i [\u2026] Lue lis\u00e4\u00e4 &raquo;\" \/>\n<meta property=\"og:url\" content=\"https:\/\/www.selry.fi\/sv\/nyheter\/avtalsforhandlingarna-kommer-ar-du-redo\/\" \/>\n<meta property=\"og:site_name\" content=\"Suomen Elintarvikety\u00f6l\u00e4isten Liitto SEL\" \/>\n<meta property=\"article:publisher\" content=\"https:\/\/www.facebook.com\/selry\" \/>\n<meta property=\"article:published_time\" content=\"2022-10-20T17:10:15+00:00\" \/>\n<meta property=\"article:modified_time\" content=\"2022-10-26T07:36:59+00:00\" \/>\n<meta property=\"og:image\" content=\"https:\/\/www.selry.fi\/wp-content\/uploads\/2022\/10\/verkkouutinen-kuva-tes-neuvottelut-tulevat-oletko-valmis-svenska.png\" \/>\n\t<meta property=\"og:image:width\" content=\"1920\" \/>\n\t<meta property=\"og:image:height\" content=\"1080\" \/>\n\t<meta property=\"og:image:type\" content=\"image\/png\" \/>\n<meta name=\"author\" content=\"Karoliina \u00d6ystil\u00e4\" \/>\n<meta name=\"twitter:card\" content=\"summary_large_image\" \/>\n<meta name=\"twitter:creator\" content=\"@selryfi\" \/>\n<meta name=\"twitter:site\" content=\"@selryfi\" \/>\n<script type=\"application\/ld+json\" class=\"yoast-schema-graph\">{\"@context\":\"https:\/\/schema.org\",\"@graph\":[{\"@type\":\"Article\",\"@id\":\"https:\/\/www.selry.fi\/sv\/nyheter\/avtalsforhandlingarna-kommer-ar-du-redo\/#article\",\"isPartOf\":{\"@id\":\"https:\/\/www.selry.fi\/sv\/nyheter\/avtalsforhandlingarna-kommer-ar-du-redo\/\"},\"author\":{\"name\":\"Karoliina \u00d6ystil\u00e4\",\"@id\":\"https:\/\/www.selry.fi\/#\/schema\/person\/4fb0b52ed84c524f0beea95625a21678\"},\"headline\":\"Avtalsf\u00f6rhandlingarna kommer! \u00c4r du redo?\",\"datePublished\":\"2022-10-20T17:10:15+00:00\",\"dateModified\":\"2022-10-26T07:36:59+00:00\",\"mainEntityOfPage\":{\"@id\":\"https:\/\/www.selry.fi\/sv\/nyheter\/avtalsforhandlingarna-kommer-ar-du-redo\/\"},\"wordCount\":220,\"publisher\":{\"@id\":\"https:\/\/www.selry.fi\/#organization\"},\"image\":{\"@id\":\"https:\/\/www.selry.fi\/sv\/nyheter\/avtalsforhandlingarna-kommer-ar-du-redo\/#primaryimage\"},\"thumbnailUrl\":\"https:\/\/www.selry.fi\/wp-content\/uploads\/2022\/10\/verkkouutinen-kuva-tes-neuvottelut-tulevat-oletko-valmis-svenska.png\",\"articleSection\":[\"Nyheter\"],\"inLanguage\":\"sv-SE\"},{\"@type\":\"WebPage\",\"@id\":\"https:\/\/www.selry.fi\/sv\/nyheter\/avtalsforhandlingarna-kommer-ar-du-redo\/\",\"url\":\"https:\/\/www.selry.fi\/sv\/nyheter\/avtalsforhandlingarna-kommer-ar-du-redo\/\",\"name\":\"Avtalsf\u00f6rhandlingarna kommer! \u00c4r du redo?\",\"isPartOf\":{\"@id\":\"https:\/\/www.selry.fi\/#website\"},\"primaryImageOfPage\":{\"@id\":\"https:\/\/www.selry.fi\/sv\/nyheter\/avtalsforhandlingarna-kommer-ar-du-redo\/#primaryimage\"},\"image\":{\"@id\":\"https:\/\/www.selry.fi\/sv\/nyheter\/avtalsforhandlingarna-kommer-ar-du-redo\/#primaryimage\"},\"thumbnailUrl\":\"https:\/\/www.selry.fi\/wp-content\/uploads\/2022\/10\/verkkouutinen-kuva-tes-neuvottelut-tulevat-oletko-valmis-svenska.png\",\"datePublished\":\"2022-10-20T17:10:15+00:00\",\"dateModified\":\"2022-10-26T07:36:59+00:00\",\"breadcrumb\":{\"@id\":\"https:\/\/www.selry.fi\/sv\/nyheter\/avtalsforhandlingarna-kommer-ar-du-redo\/#breadcrumb\"},\"inLanguage\":\"sv-SE\",\"potentialAction\":[{\"@type\":\"ReadAction\",\"target\":[\"https:\/\/www.selry.fi\/sv\/nyheter\/avtalsforhandlingarna-kommer-ar-du-redo\/\"]}]},{\"@type\":\"ImageObject\",\"inLanguage\":\"sv-SE\",\"@id\":\"https:\/\/www.selry.fi\/sv\/nyheter\/avtalsforhandlingarna-kommer-ar-du-redo\/#primaryimage\",\"url\":\"https:\/\/www.selry.fi\/wp-content\/uploads\/2022\/10\/verkkouutinen-kuva-tes-neuvottelut-tulevat-oletko-valmis-svenska.png\",\"contentUrl\":\"https:\/\/www.selry.fi\/wp-content\/uploads\/2022\/10\/verkkouutinen-kuva-tes-neuvottelut-tulevat-oletko-valmis-svenska.png\",\"width\":1920,\"height\":1080},{\"@type\":\"BreadcrumbList\",\"@id\":\"https:\/\/www.selry.fi\/sv\/nyheter\/avtalsforhandlingarna-kommer-ar-du-redo\/#breadcrumb\",\"itemListElement\":[{\"@type\":\"ListItem\",\"position\":1,\"name\":\"Home\",\"item\":\"https:\/\/www.selry.fi\/sv\/\"},{\"@type\":\"ListItem\",\"position\":2,\"name\":\"Avtalsf\u00f6rhandlingarna kommer! \u00c4r du redo?\"}]},{\"@type\":\"WebSite\",\"@id\":\"https:\/\/www.selry.fi\/#website\",\"url\":\"https:\/\/www.selry.fi\/\",\"name\":\"Suomen Elintarvikety\u00f6l\u00e4isten Liitto SEL\",\"description\":\"\",\"publisher\":{\"@id\":\"https:\/\/www.selry.fi\/#organization\"},\"inLanguage\":\"sv-SE\"},{\"@type\":\"Organization\",\"@id\":\"https:\/\/www.selry.fi\/#organization\",\"name\":\"Suomen Elintarvikety\u00f6l\u00e4isten Liitto SEL\",\"url\":\"https:\/\/www.selry.fi\/\",\"logo\":{\"@type\":\"ImageObject\",\"inLanguage\":\"sv-SE\",\"@id\":\"https:\/\/www.selry.fi\/#\/schema\/logo\/image\/\",\"url\":\"https:\/\/www.selry.fi\/wp-content\/uploads\/2021\/05\/logo-sel.svg\",\"contentUrl\":\"https:\/\/www.selry.fi\/wp-content\/uploads\/2021\/05\/logo-sel.svg\",\"width\":453,\"height\":135,\"caption\":\"Suomen Elintarvikety\u00f6l\u00e4isten Liitto SEL\"},\"image\":{\"@id\":\"https:\/\/www.selry.fi\/#\/schema\/logo\/image\/\"},\"sameAs\":[\"https:\/\/www.facebook.com\/selry\",\"https:\/\/x.com\/selryfi\"]},{\"@type\":\"Person\",\"@id\":\"https:\/\/www.selry.fi\/#\/schema\/person\/4fb0b52ed84c524f0beea95625a21678\",\"name\":\"Karoliina \u00d6ystil\u00e4\",\"image\":{\"@type\":\"ImageObject\",\"inLanguage\":\"sv-SE\",\"@id\":\"https:\/\/secure.gravatar.com\/avatar\/8dcb857776c4317075ba571fdc81a06a1f240302e468800d69bf316ef82ac4cd?s=96&d=mm&r=g\",\"url\":\"https:\/\/secure.gravatar.com\/avatar\/8dcb857776c4317075ba571fdc81a06a1f240302e468800d69bf316ef82ac4cd?s=96&d=mm&r=g\",\"contentUrl\":\"https:\/\/secure.gravatar.com\/avatar\/8dcb857776c4317075ba571fdc81a06a1f240302e468800d69bf316ef82ac4cd?s=96&d=mm&r=g\",\"caption\":\"Karoliina \u00d6ystil\u00e4\"}}]}<\/script>\n<!-- \/ Yoast SEO plugin. -->","yoast_head_json":{"title":"Avtalsf\u00f6rhandlingarna kommer! \u00c4r du redo?","robots":{"index":"index","follow":"follow","max-snippet":"max-snippet:-1","max-image-preview":"max-image-preview:large","max-video-preview":"max-video-preview:-1"},"canonical":"https:\/\/www.selry.fi\/sv\/nyheter\/avtalsforhandlingarna-kommer-ar-du-redo\/","og_locale":"sv_SE","og_type":"article","og_title":"Avtalsf\u00f6rhandlingarna kommer! \u00c4r du redo?","og_description":"Kollektivavtalen f\u00f6r arbetstagarna i livsmedelsbranschen \u00e4r i kraft till 31.1.2023. Ditt kollektivavtal f\u00f6rhandlas fram av SEL som representerar arbetstagarna i [\u2026] Lue lis\u00e4\u00e4 &raquo;","og_url":"https:\/\/www.selry.fi\/sv\/nyheter\/avtalsforhandlingarna-kommer-ar-du-redo\/","og_site_name":"Suomen Elintarvikety\u00f6l\u00e4isten Liitto SEL","article_publisher":"https:\/\/www.facebook.com\/selry","article_published_time":"2022-10-20T17:10:15+00:00","article_modified_time":"2022-10-26T07:36:59+00:00","og_image":[{"width":1920,"height":1080,"url":"https:\/\/www.selry.fi\/wp-content\/uploads\/2022\/10\/verkkouutinen-kuva-tes-neuvottelut-tulevat-oletko-valmis-svenska.png","type":"image\/png"}],"author":"Karoliina \u00d6ystil\u00e4","twitter_card":"summary_large_image","twitter_creator":"@selryfi","twitter_site":"@selryfi","schema":{"@context":"https:\/\/schema.org","@graph":[{"@type":"Article","@id":"https:\/\/www.selry.fi\/sv\/nyheter\/avtalsforhandlingarna-kommer-ar-du-redo\/#article","isPartOf":{"@id":"https:\/\/www.selry.fi\/sv\/nyheter\/avtalsforhandlingarna-kommer-ar-du-redo\/"},"author":{"name":"Karoliina \u00d6ystil\u00e4","@id":"https:\/\/www.selry.fi\/#\/schema\/person\/4fb0b52ed84c524f0beea95625a21678"},"headline":"Avtalsf\u00f6rhandlingarna kommer! \u00c4r du redo?","datePublished":"2022-10-20T17:10:15+00:00","dateModified":"2022-10-26T07:36:59+00:00","mainEntityOfPage":{"@id":"https:\/\/www.selry.fi\/sv\/nyheter\/avtalsforhandlingarna-kommer-ar-du-redo\/"},"wordCount":220,"publisher":{"@id":"https:\/\/www.selry.fi\/#organization"},"image":{"@id":"https:\/\/www.selry.fi\/sv\/nyheter\/avtalsforhandlingarna-kommer-ar-du-redo\/#primaryimage"},"thumbnailUrl":"https:\/\/www.selry.fi\/wp-content\/uploads\/2022\/10\/verkkouutinen-kuva-tes-neuvottelut-tulevat-oletko-valmis-svenska.png","articleSection":["Nyheter"],"inLanguage":"sv-SE"},{"@type":"WebPage","@id":"https:\/\/www.selry.fi\/sv\/nyheter\/avtalsforhandlingarna-kommer-ar-du-redo\/","url":"https:\/\/www.selry.fi\/sv\/nyheter\/avtalsforhandlingarna-kommer-ar-du-redo\/","name":"Avtalsf\u00f6rhandlingarna kommer! \u00c4r du redo?","isPartOf":{"@id":"https:\/\/www.selry.fi\/#website"},"primaryImageOfPage":{"@id":"https:\/\/www.selry.fi\/sv\/nyheter\/avtalsforhandlingarna-kommer-ar-du-redo\/#primaryimage"},"image":{"@id":"https:\/\/www.selry.fi\/sv\/nyheter\/avtalsforhandlingarna-kommer-ar-du-redo\/#primaryimage"},"thumbnailUrl":"https:\/\/www.selry.fi\/wp-content\/uploads\/2022\/10\/verkkouutinen-kuva-tes-neuvottelut-tulevat-oletko-valmis-svenska.png","datePublished":"2022-10-20T17:10:15+00:00","dateModified":"2022-10-26T07:36:59+00:00","breadcrumb":{"@id":"https:\/\/www.selry.fi\/sv\/nyheter\/avtalsforhandlingarna-kommer-ar-du-redo\/#breadcrumb"},"inLanguage":"sv-SE","potentialAction":[{"@type":"ReadAction","target":["https:\/\/www.selry.fi\/sv\/nyheter\/avtalsforhandlingarna-kommer-ar-du-redo\/"]}]},{"@type":"ImageObject","inLanguage":"sv-SE","@id":"https:\/\/www.selry.fi\/sv\/nyheter\/avtalsforhandlingarna-kommer-ar-du-redo\/#primaryimage","url":"https:\/\/www.selry.fi\/wp-content\/uploads\/2022\/10\/verkkouutinen-kuva-tes-neuvottelut-tulevat-oletko-valmis-svenska.png","contentUrl":"https:\/\/www.selry.fi\/wp-content\/uploads\/2022\/10\/verkkouutinen-kuva-tes-neuvottelut-tulevat-oletko-valmis-svenska.png","width":1920,"height":1080},{"@type":"BreadcrumbList","@id":"https:\/\/www.selry.fi\/sv\/nyheter\/avtalsforhandlingarna-kommer-ar-du-redo\/#breadcrumb","itemListElement":[{"@type":"ListItem","position":1,"name":"Home","item":"https:\/\/www.selry.fi\/sv\/"},{"@type":"ListItem","position":2,"name":"Avtalsf\u00f6rhandlingarna kommer! \u00c4r du redo?"}]},{"@type":"WebSite","@id":"https:\/\/www.selry.fi\/#website","url":"https:\/\/www.selry.fi\/","name":"Suomen Elintarvikety\u00f6l\u00e4isten Liitto SEL","description":"","publisher":{"@id":"https:\/\/www.selry.fi\/#organization"},"inLanguage":"sv-SE"},{"@type":"Organization","@id":"https:\/\/www.selry.fi\/#organization","name":"Suomen Elintarvikety\u00f6l\u00e4isten Liitto SEL","url":"https:\/\/www.selry.fi\/","logo":{"@type":"ImageObject","inLanguage":"sv-SE","@id":"https:\/\/www.selry.fi\/#\/schema\/logo\/image\/","url":"https:\/\/www.selry.fi\/wp-content\/uploads\/2021\/05\/logo-sel.svg","contentUrl":"https:\/\/www.selry.fi\/wp-content\/uploads\/2021\/05\/logo-sel.svg","width":453,"height":135,"caption":"Suomen Elintarvikety\u00f6l\u00e4isten Liitto SEL"},"image":{"@id":"https:\/\/www.selry.fi\/#\/schema\/logo\/image\/"},"sameAs":["https:\/\/www.facebook.com\/selry","https:\/\/x.com\/selryfi"]},{"@type":"Person","@id":"https:\/\/www.selry.fi\/#\/schema\/person\/4fb0b52ed84c524f0beea95625a21678","name":"Karoliina \u00d6ystil\u00e4","image":{"@type":"ImageObject","inLanguage":"sv-SE","@id":"https:\/\/secure.gravatar.com\/avatar\/8dcb857776c4317075ba571fdc81a06a1f240302e468800d69bf316ef82ac4cd?s=96&d=mm&r=g","url":"https:\/\/secure.gravatar.com\/avatar\/8dcb857776c4317075ba571fdc81a06a1f240302e468800d69bf316ef82ac4cd?s=96&d=mm&r=g","contentUrl":"https:\/\/secure.gravatar.com\/avatar\/8dcb857776c4317075ba571fdc81a06a1f240302e468800d69bf316ef82ac4cd?s=96&d=mm&r=g","caption":"Karoliina \u00d6ystil\u00e4"}}]}},"_links":{"self":[{"href":"https:\/\/www.selry.fi\/sv\/wp-json\/wp\/v2\/posts\/9772","targetHints":{"allow":["GET"]}}],"collection":[{"href":"https:\/\/www.selry.fi\/sv\/wp-json\/wp\/v2\/posts"}],"about":[{"href":"https:\/\/www.selry.fi\/sv\/wp-json\/wp\/v2\/types\/post"}],"author":[{"embeddable":true,"href":"https:\/\/www.selry.fi\/sv\/wp-json\/wp\/v2\/users\/4"}],"replies":[{"embeddable":true,"href":"https:\/\/www.selry.fi\/sv\/wp-json\/wp\/v2\/comments?post=9772"}],"version-history":[{"count":0,"href":"https:\/\/www.selry.fi\/sv\/wp-json\/wp\/v2\/posts\/9772\/revisions"}],"wp:featuredmedia":[{"embeddable":true,"href":"https:\/\/www.selry.fi\/sv\/wp-json\/wp\/v2\/media\/9526"}],"wp:attachment":[{"href":"https:\/\/www.selry.fi\/sv\/wp-json\/wp\/v2\/media?parent=9772"}],"wp:term":[{"taxonomy":"category","embeddable":true,"href":"https:\/\/www.selry.fi\/sv\/wp-json\/wp\/v2\/categories?post=9772"},{"taxonomy":"post_tag","embeddable":true,"href":"https:\/\/www.selry.fi\/sv\/wp-json\/wp\/v2\/tags?post=9772"}],"curies":[{"name":"wp","href":"https:\/\/api.w.org\/{rel}","templated":true}]}}