{"id":9511,"date":"2022-09-30T18:16:00","date_gmt":"2022-09-30T15:16:00","guid":{"rendered":"https:\/\/www.selry.fi\/?p=9511"},"modified":"2022-10-03T00:22:11","modified_gmt":"2022-10-02T21:22:11","slug":"sakerhetsatgarder-ett-verkligt-hot-mot-strejkratten","status":"publish","type":"post","link":"https:\/\/www.selry.fi\/sv\/blogg\/sakerhetsatgarder-ett-verkligt-hot-mot-strejkratten\/","title":{"rendered":"S\u00e4kerhets\u00e5tg\u00e4rder ett verkligt hot mot strejkr\u00e4tten"},"content":{"rendered":"\n<p>I Tehys och Supers kollektivavtalsf\u00f6rhandlingar har man just inte p\u00e5 senare tid i offentligheten talat om arbetstagarsidans krav eller arbetsgivarsidans bud, eftersom uppm\u00e4rksamheten har fokuserats p\u00e5 begr\u00e4nsande av v\u00e5rdarnas strejkr\u00e4tt med en tillf\u00e4llig lagstiftning.<\/p>\n\n\n\n<p>Alltf\u00f6r liten uppm\u00e4rksamhet har tingsr\u00e4ttensbeslut om s\u00e4kerhets\u00e5tg\u00e4rder, som begr\u00e4nsar strejkr\u00e4tten f\u00e5tt, och som arbetsgivarsidan hela tiden verkar efterlysa. &nbsp;Begr\u00e4nsande av strejkr\u00e4tten via tingsr\u00e4tterna \u00e4r ett betydligt st\u00f6rre och mera vittomfattande hot mot arbetstagarnas strejkr\u00e4tt \u00e4n den tillf\u00e4lliga lagstiftning som stiftats i nuvarande omst\u00e4ndigheter.<\/p>\n\n\n\n<p>Kamp\u00e5tg\u00e4rder i anslutning till kollektivavtalsf\u00f6rhandlingar vidtas d\u00e5 man inte kan komma \u00f6verens med f\u00f6rhandlingar. Till den finl\u00e4ndska strejktraditionen h\u00f6r strejkgr\u00e4nser, som det f\u00f6rbund som utlyst strejken besluter om f\u00f6r att beakta att n\u00f6dv\u00e4ndig verksamhet i samh\u00e4llet kan fortg\u00e5.<\/p>\n\n\n\n<p>Nu befinner vi oss i en situation d\u00e4r arbetsgivarsidan har g\u00e5tt ut f\u00f6r att rubba hela kollektivavtalssystemet, och f\u00f6ljderna av detta kan vara ober\u00e4kneliga. Det var exempelvis helt f\u00f6rst\u00e5eligt att Pappersf\u00f6rbundet inte definierade n\u00e5gra strejkgr\u00e4nser under v\u00e5rens strejk vid UPM, eftersom UPM inte gick med p\u00e5 att f\u00f6lja det avslutade kollektivavtalets arbetsvillkor f\u00f6r det arbete som utf\u00f6rdes utanf\u00f6r strejkgr\u00e4nsen. Pappersf\u00f6rbundet kunde inte \u00f6verf\u00f6ra vissa verksamheter utanf\u00f6r strejkgr\u00e4nsen, eftersom det inte r\u00e5dde n\u00e5gon \u00f6verenskommelse om vilka arbetsvillkor som skulle g\u00e4lla f\u00f6r de arbetsuppgifter som utf\u00f6rdes utanf\u00f6r strejkgr\u00e4nsen. I den situationen k\u00e4ndes tingsr\u00e4ttens beslut om s\u00e4kerhets\u00e5tg\u00e4rder obegripligt, d\u00e4r strejkande arbetstagare tvingades i arbete med ensidiga direktiv fr\u00e5n arbetsgivaren om arbetsvillkoren.<\/p>\n\n\n\n<p>F\u00f6r oss som f\u00f6rbund har det varit klart, att en viss math\u00e5llning m\u00e5ste fungera ocks\u00e5 under en strejk och det har vi beaktat i strejkgr\u00e4nserna. \u00c5 andra sidan skulle knappast vi heller g\u00e5 in f\u00f6r strejkgr\u00e4nser om arbetsgivaren var av den \u00e5sikten att man inte skulle till\u00e4mpa arbetsvillkoren i det avslutade kollektivavtalet f\u00f6r arbete utanf\u00f6r strejkgr\u00e4nserna.<\/p>\n\n\n\n<p>I strejkerna i slakteribranschen har vi f\u00f6r v\u00e5r del uppm\u00e4rksammat att produktionsdjuren inte f\u00e5r uts\u00e4ttas f\u00f6r lidande och d\u00e4rf\u00f6r dirigerat ett n\u00f6dv\u00e4ndigt antal slakterier utanf\u00f6r strejkgr\u00e4nsen. Vi har ocks\u00e5 en fungerande lagstiftning, enligt vilken myndigheten kan besluta om n\u00f6dslakt. Men det \u00e4r sk\u00e4l att po\u00e4ngtera att den ekonomiska f\u00f6rlust som en strejk f\u00f6rorsakar arbetsgivaren inte heller i k\u00f6ttf\u00f6r\u00e4dlingsindustrin utg\u00f6r n\u00e5gon grund f\u00f6r strejkgr\u00e4nser.<\/p>\n\n\n\n<p>Strejker inneb\u00e4r alltid ekonomiska f\u00f6rluster. Det \u00e4r oundg\u00e4ngligt f\u00f6r b\u00e5da parter och d\u00e4rf\u00f6r \u00e4r en strejk alltid det sista vapnet. Det, att r\u00e4ttssystemet med sina beslut ensidigt skulle skydda arbetsgivaren fr\u00e5n eventuella ekonomiska f\u00f6rluster kan inte vara en h\u00e5llbar metod.<\/p>\n\n\n\n<p>I strejkverksamheten ing\u00e5r en anm\u00e4lningsplikt som g\u00e4ller b\u00e5de arbetsgivare och arbetstagare. En anm\u00e4lan p\u00e5 f\u00f6rhand utg\u00f6r uttryckligen det skydd i lagen, som inneb\u00e4r att den ena parten kan bereda sig f\u00f6r det som ska komma. Det finns ingen anledning att manipulera arbetskonflikter med enskilda tingsr\u00e4ttsdomares beslut, det kan tv\u00e4rtom resultera i ohanterliga situationer.<\/p>\n\n\n\n<p>D\u00e5 riksdagsvalet n\u00e4rmar sig publicerar olika akt\u00f6rer sina m\u00e5ls\u00e4ttningar f\u00f6r landets regerings kommande program. Det har ocks\u00e5 livsmedelsbranschens arbetsgivare gjort. <a href=\"https:\/\/www.etl.fi\/eduskuntavaalit-2023.html\" target=\"_blank\" rel=\"noreferrer noopener\">Det l\u00f6nar sig f\u00f6r var och en att g\u00e5 in och sj\u00e4lv l\u00e4sa m\u00e5ls\u00e4ttningarna p\u00e5 ETL:s n\u00e4tsidor.<\/a> S\u00e4rskilt rekommenderar jag att ni l\u00e4ser texten under rubriken <a href=\"https:\/\/www.etl.fi\/eduskuntavaalit-2023\/osaajat-ja-tyoelama.html\" target=\"_blank\" rel=\"noreferrer noopener\">\u201dVi tryggar sakkunniga f\u00f6r industrin och ett modernt arbetsliv\u201d<\/a>. Man m\u00e5ste konstatera att vi har en mycket annorlunda uppfattning av ett modernt arbetsliv.<\/p>\n\n\n\n<p>F\u00f6r dem som \u00e4r av den \u00e5sikten att politiken inte har n\u00e5gon betydelse f\u00f6r v\u00e5ra arbetsvillkor \u00e4r arbetsgivarsidans m\u00e5ls\u00e4ttningar s\u00e4kert \u00f6gon\u00f6ppnande l\u00e4sning. Dessutom ger arbetsgivarsidans m\u00e5l inf\u00f6r riksdagsvalet svar ocks\u00e5 till dem som funderar \u00f6ver vilket slags kollektivavtalsf\u00f6rhandlingar vi har framf\u00f6r oss under kommande vinter och v\u00e5r.<\/p>\n\n\n\n<p><em>Veli-Matti Kuntonen<\/em><br><em>SEL:s f\u00f6rbundsordf\u00f6rande<\/em><\/p>\n","protected":false},"excerpt":{"rendered":"<p>I Tehys och Supers kollektivavtalsf\u00f6rhandlingar har man just inte p\u00e5 senare tid i offentligheten talat om arbetstagarsidans krav eller arbetsgivarsidans [\u2026] <a href=\"https:\/\/www.selry.fi\/sv\/blogg\/sakerhetsatgarder-ett-verkligt-hot-mot-strejkratten\/\">Lue lis\u00e4\u00e4 &raquo;<\/a><\/p>\n","protected":false},"author":4,"featured_media":1915,"comment_status":"closed","ping_status":"closed","sticky":false,"template":"","format":"standard","meta":{"_acf_changed":false,"footnotes":""},"categories":[64],"tags":[],"class_list":["post-9511","post","type-post","status-publish","format-standard","has-post-thumbnail","hentry","category-blogg"],"acf":[],"yoast_head":"<!-- This site is optimized with the Yoast SEO plugin v27.2 - https:\/\/yoast.com\/product\/yoast-seo-wordpress\/ -->\n<title>S\u00e4kerhets\u00e5tg\u00e4rder ett verkligt hot mot strejkr\u00e4tten<\/title>\n<meta name=\"robots\" content=\"index, follow, max-snippet:-1, max-image-preview:large, max-video-preview:-1\" \/>\n<link rel=\"canonical\" href=\"https:\/\/www.selry.fi\/sv\/blogg\/sakerhetsatgarder-ett-verkligt-hot-mot-strejkratten\/\" \/>\n<meta property=\"og:locale\" content=\"sv_SE\" \/>\n<meta property=\"og:type\" content=\"article\" \/>\n<meta property=\"og:title\" content=\"S\u00e4kerhets\u00e5tg\u00e4rder ett verkligt hot mot strejkr\u00e4tten\" \/>\n<meta property=\"og:description\" content=\"I Tehys och Supers kollektivavtalsf\u00f6rhandlingar har man just inte p\u00e5 senare tid i offentligheten talat om arbetstagarsidans krav eller arbetsgivarsidans [\u2026] Lue lis\u00e4\u00e4 &raquo;\" \/>\n<meta property=\"og:url\" content=\"https:\/\/www.selry.fi\/sv\/blogg\/sakerhetsatgarder-ett-verkligt-hot-mot-strejkratten\/\" \/>\n<meta property=\"og:site_name\" content=\"Suomen Elintarvikety\u00f6l\u00e4isten Liitto SEL\" \/>\n<meta property=\"article:publisher\" content=\"https:\/\/www.facebook.com\/selry\" \/>\n<meta property=\"article:published_time\" content=\"2022-09-30T15:16:00+00:00\" \/>\n<meta property=\"article:modified_time\" content=\"2022-10-02T21:22:11+00:00\" \/>\n<meta property=\"og:image\" content=\"https:\/\/www.selry.fi\/wp-content\/uploads\/2021\/05\/kuntonen-syva-artikkelikuva.jpg\" \/>\n\t<meta property=\"og:image:width\" content=\"1385\" \/>\n\t<meta property=\"og:image:height\" content=\"1063\" \/>\n\t<meta property=\"og:image:type\" content=\"image\/jpeg\" \/>\n<meta name=\"author\" content=\"Karoliina \u00d6ystil\u00e4\" \/>\n<meta name=\"twitter:card\" content=\"summary_large_image\" \/>\n<meta name=\"twitter:creator\" content=\"@selryfi\" \/>\n<meta name=\"twitter:site\" content=\"@selryfi\" \/>\n<script type=\"application\/ld+json\" class=\"yoast-schema-graph\">{\"@context\":\"https:\/\/schema.org\",\"@graph\":[{\"@type\":\"Article\",\"@id\":\"https:\/\/www.selry.fi\/sv\/blogg\/sakerhetsatgarder-ett-verkligt-hot-mot-strejkratten\/#article\",\"isPartOf\":{\"@id\":\"https:\/\/www.selry.fi\/sv\/blogg\/sakerhetsatgarder-ett-verkligt-hot-mot-strejkratten\/\"},\"author\":{\"name\":\"Karoliina \u00d6ystil\u00e4\",\"@id\":\"https:\/\/www.selry.fi\/#\/schema\/person\/4fb0b52ed84c524f0beea95625a21678\"},\"headline\":\"S\u00e4kerhets\u00e5tg\u00e4rder ett verkligt hot mot strejkr\u00e4tten\",\"datePublished\":\"2022-09-30T15:16:00+00:00\",\"dateModified\":\"2022-10-02T21:22:11+00:00\",\"mainEntityOfPage\":{\"@id\":\"https:\/\/www.selry.fi\/sv\/blogg\/sakerhetsatgarder-ett-verkligt-hot-mot-strejkratten\/\"},\"wordCount\":724,\"publisher\":{\"@id\":\"https:\/\/www.selry.fi\/#organization\"},\"image\":{\"@id\":\"https:\/\/www.selry.fi\/sv\/blogg\/sakerhetsatgarder-ett-verkligt-hot-mot-strejkratten\/#primaryimage\"},\"thumbnailUrl\":\"https:\/\/www.selry.fi\/wp-content\/uploads\/2021\/05\/kuntonen-syva-artikkelikuva.jpg\",\"articleSection\":[\"Blogg\"],\"inLanguage\":\"sv-SE\"},{\"@type\":\"WebPage\",\"@id\":\"https:\/\/www.selry.fi\/sv\/blogg\/sakerhetsatgarder-ett-verkligt-hot-mot-strejkratten\/\",\"url\":\"https:\/\/www.selry.fi\/sv\/blogg\/sakerhetsatgarder-ett-verkligt-hot-mot-strejkratten\/\",\"name\":\"S\u00e4kerhets\u00e5tg\u00e4rder ett verkligt hot mot strejkr\u00e4tten\",\"isPartOf\":{\"@id\":\"https:\/\/www.selry.fi\/#website\"},\"primaryImageOfPage\":{\"@id\":\"https:\/\/www.selry.fi\/sv\/blogg\/sakerhetsatgarder-ett-verkligt-hot-mot-strejkratten\/#primaryimage\"},\"image\":{\"@id\":\"https:\/\/www.selry.fi\/sv\/blogg\/sakerhetsatgarder-ett-verkligt-hot-mot-strejkratten\/#primaryimage\"},\"thumbnailUrl\":\"https:\/\/www.selry.fi\/wp-content\/uploads\/2021\/05\/kuntonen-syva-artikkelikuva.jpg\",\"datePublished\":\"2022-09-30T15:16:00+00:00\",\"dateModified\":\"2022-10-02T21:22:11+00:00\",\"breadcrumb\":{\"@id\":\"https:\/\/www.selry.fi\/sv\/blogg\/sakerhetsatgarder-ett-verkligt-hot-mot-strejkratten\/#breadcrumb\"},\"inLanguage\":\"sv-SE\",\"potentialAction\":[{\"@type\":\"ReadAction\",\"target\":[\"https:\/\/www.selry.fi\/sv\/blogg\/sakerhetsatgarder-ett-verkligt-hot-mot-strejkratten\/\"]}]},{\"@type\":\"ImageObject\",\"inLanguage\":\"sv-SE\",\"@id\":\"https:\/\/www.selry.fi\/sv\/blogg\/sakerhetsatgarder-ett-verkligt-hot-mot-strejkratten\/#primaryimage\",\"url\":\"https:\/\/www.selry.fi\/wp-content\/uploads\/2021\/05\/kuntonen-syva-artikkelikuva.jpg\",\"contentUrl\":\"https:\/\/www.selry.fi\/wp-content\/uploads\/2021\/05\/kuntonen-syva-artikkelikuva.jpg\",\"width\":1385,\"height\":1063},{\"@type\":\"BreadcrumbList\",\"@id\":\"https:\/\/www.selry.fi\/sv\/blogg\/sakerhetsatgarder-ett-verkligt-hot-mot-strejkratten\/#breadcrumb\",\"itemListElement\":[{\"@type\":\"ListItem\",\"position\":1,\"name\":\"Home\",\"item\":\"https:\/\/www.selry.fi\/sv\/\"},{\"@type\":\"ListItem\",\"position\":2,\"name\":\"S\u00e4kerhets\u00e5tg\u00e4rder ett verkligt hot mot strejkr\u00e4tten\"}]},{\"@type\":\"WebSite\",\"@id\":\"https:\/\/www.selry.fi\/#website\",\"url\":\"https:\/\/www.selry.fi\/\",\"name\":\"Suomen Elintarvikety\u00f6l\u00e4isten Liitto SEL\",\"description\":\"\",\"publisher\":{\"@id\":\"https:\/\/www.selry.fi\/#organization\"},\"inLanguage\":\"sv-SE\"},{\"@type\":\"Organization\",\"@id\":\"https:\/\/www.selry.fi\/#organization\",\"name\":\"Suomen Elintarvikety\u00f6l\u00e4isten Liitto SEL\",\"url\":\"https:\/\/www.selry.fi\/\",\"logo\":{\"@type\":\"ImageObject\",\"inLanguage\":\"sv-SE\",\"@id\":\"https:\/\/www.selry.fi\/#\/schema\/logo\/image\/\",\"url\":\"https:\/\/www.selry.fi\/wp-content\/uploads\/2021\/05\/logo-sel.svg\",\"contentUrl\":\"https:\/\/www.selry.fi\/wp-content\/uploads\/2021\/05\/logo-sel.svg\",\"width\":453,\"height\":135,\"caption\":\"Suomen Elintarvikety\u00f6l\u00e4isten Liitto SEL\"},\"image\":{\"@id\":\"https:\/\/www.selry.fi\/#\/schema\/logo\/image\/\"},\"sameAs\":[\"https:\/\/www.facebook.com\/selry\",\"https:\/\/x.com\/selryfi\"]},{\"@type\":\"Person\",\"@id\":\"https:\/\/www.selry.fi\/#\/schema\/person\/4fb0b52ed84c524f0beea95625a21678\",\"name\":\"Karoliina \u00d6ystil\u00e4\",\"image\":{\"@type\":\"ImageObject\",\"inLanguage\":\"sv-SE\",\"@id\":\"https:\/\/secure.gravatar.com\/avatar\/8dcb857776c4317075ba571fdc81a06a1f240302e468800d69bf316ef82ac4cd?s=96&d=mm&r=g\",\"url\":\"https:\/\/secure.gravatar.com\/avatar\/8dcb857776c4317075ba571fdc81a06a1f240302e468800d69bf316ef82ac4cd?s=96&d=mm&r=g\",\"contentUrl\":\"https:\/\/secure.gravatar.com\/avatar\/8dcb857776c4317075ba571fdc81a06a1f240302e468800d69bf316ef82ac4cd?s=96&d=mm&r=g\",\"caption\":\"Karoliina \u00d6ystil\u00e4\"}}]}<\/script>\n<!-- \/ Yoast SEO plugin. -->","yoast_head_json":{"title":"S\u00e4kerhets\u00e5tg\u00e4rder ett verkligt hot mot strejkr\u00e4tten","robots":{"index":"index","follow":"follow","max-snippet":"max-snippet:-1","max-image-preview":"max-image-preview:large","max-video-preview":"max-video-preview:-1"},"canonical":"https:\/\/www.selry.fi\/sv\/blogg\/sakerhetsatgarder-ett-verkligt-hot-mot-strejkratten\/","og_locale":"sv_SE","og_type":"article","og_title":"S\u00e4kerhets\u00e5tg\u00e4rder ett verkligt hot mot strejkr\u00e4tten","og_description":"I Tehys och Supers kollektivavtalsf\u00f6rhandlingar har man just inte p\u00e5 senare tid i offentligheten talat om arbetstagarsidans krav eller arbetsgivarsidans [\u2026] Lue lis\u00e4\u00e4 &raquo;","og_url":"https:\/\/www.selry.fi\/sv\/blogg\/sakerhetsatgarder-ett-verkligt-hot-mot-strejkratten\/","og_site_name":"Suomen Elintarvikety\u00f6l\u00e4isten Liitto SEL","article_publisher":"https:\/\/www.facebook.com\/selry","article_published_time":"2022-09-30T15:16:00+00:00","article_modified_time":"2022-10-02T21:22:11+00:00","og_image":[{"width":1385,"height":1063,"url":"https:\/\/www.selry.fi\/wp-content\/uploads\/2021\/05\/kuntonen-syva-artikkelikuva.jpg","type":"image\/jpeg"}],"author":"Karoliina \u00d6ystil\u00e4","twitter_card":"summary_large_image","twitter_creator":"@selryfi","twitter_site":"@selryfi","schema":{"@context":"https:\/\/schema.org","@graph":[{"@type":"Article","@id":"https:\/\/www.selry.fi\/sv\/blogg\/sakerhetsatgarder-ett-verkligt-hot-mot-strejkratten\/#article","isPartOf":{"@id":"https:\/\/www.selry.fi\/sv\/blogg\/sakerhetsatgarder-ett-verkligt-hot-mot-strejkratten\/"},"author":{"name":"Karoliina \u00d6ystil\u00e4","@id":"https:\/\/www.selry.fi\/#\/schema\/person\/4fb0b52ed84c524f0beea95625a21678"},"headline":"S\u00e4kerhets\u00e5tg\u00e4rder ett verkligt hot mot strejkr\u00e4tten","datePublished":"2022-09-30T15:16:00+00:00","dateModified":"2022-10-02T21:22:11+00:00","mainEntityOfPage":{"@id":"https:\/\/www.selry.fi\/sv\/blogg\/sakerhetsatgarder-ett-verkligt-hot-mot-strejkratten\/"},"wordCount":724,"publisher":{"@id":"https:\/\/www.selry.fi\/#organization"},"image":{"@id":"https:\/\/www.selry.fi\/sv\/blogg\/sakerhetsatgarder-ett-verkligt-hot-mot-strejkratten\/#primaryimage"},"thumbnailUrl":"https:\/\/www.selry.fi\/wp-content\/uploads\/2021\/05\/kuntonen-syva-artikkelikuva.jpg","articleSection":["Blogg"],"inLanguage":"sv-SE"},{"@type":"WebPage","@id":"https:\/\/www.selry.fi\/sv\/blogg\/sakerhetsatgarder-ett-verkligt-hot-mot-strejkratten\/","url":"https:\/\/www.selry.fi\/sv\/blogg\/sakerhetsatgarder-ett-verkligt-hot-mot-strejkratten\/","name":"S\u00e4kerhets\u00e5tg\u00e4rder ett verkligt hot mot strejkr\u00e4tten","isPartOf":{"@id":"https:\/\/www.selry.fi\/#website"},"primaryImageOfPage":{"@id":"https:\/\/www.selry.fi\/sv\/blogg\/sakerhetsatgarder-ett-verkligt-hot-mot-strejkratten\/#primaryimage"},"image":{"@id":"https:\/\/www.selry.fi\/sv\/blogg\/sakerhetsatgarder-ett-verkligt-hot-mot-strejkratten\/#primaryimage"},"thumbnailUrl":"https:\/\/www.selry.fi\/wp-content\/uploads\/2021\/05\/kuntonen-syva-artikkelikuva.jpg","datePublished":"2022-09-30T15:16:00+00:00","dateModified":"2022-10-02T21:22:11+00:00","breadcrumb":{"@id":"https:\/\/www.selry.fi\/sv\/blogg\/sakerhetsatgarder-ett-verkligt-hot-mot-strejkratten\/#breadcrumb"},"inLanguage":"sv-SE","potentialAction":[{"@type":"ReadAction","target":["https:\/\/www.selry.fi\/sv\/blogg\/sakerhetsatgarder-ett-verkligt-hot-mot-strejkratten\/"]}]},{"@type":"ImageObject","inLanguage":"sv-SE","@id":"https:\/\/www.selry.fi\/sv\/blogg\/sakerhetsatgarder-ett-verkligt-hot-mot-strejkratten\/#primaryimage","url":"https:\/\/www.selry.fi\/wp-content\/uploads\/2021\/05\/kuntonen-syva-artikkelikuva.jpg","contentUrl":"https:\/\/www.selry.fi\/wp-content\/uploads\/2021\/05\/kuntonen-syva-artikkelikuva.jpg","width":1385,"height":1063},{"@type":"BreadcrumbList","@id":"https:\/\/www.selry.fi\/sv\/blogg\/sakerhetsatgarder-ett-verkligt-hot-mot-strejkratten\/#breadcrumb","itemListElement":[{"@type":"ListItem","position":1,"name":"Home","item":"https:\/\/www.selry.fi\/sv\/"},{"@type":"ListItem","position":2,"name":"S\u00e4kerhets\u00e5tg\u00e4rder ett verkligt hot mot strejkr\u00e4tten"}]},{"@type":"WebSite","@id":"https:\/\/www.selry.fi\/#website","url":"https:\/\/www.selry.fi\/","name":"Suomen Elintarvikety\u00f6l\u00e4isten Liitto SEL","description":"","publisher":{"@id":"https:\/\/www.selry.fi\/#organization"},"inLanguage":"sv-SE"},{"@type":"Organization","@id":"https:\/\/www.selry.fi\/#organization","name":"Suomen Elintarvikety\u00f6l\u00e4isten Liitto SEL","url":"https:\/\/www.selry.fi\/","logo":{"@type":"ImageObject","inLanguage":"sv-SE","@id":"https:\/\/www.selry.fi\/#\/schema\/logo\/image\/","url":"https:\/\/www.selry.fi\/wp-content\/uploads\/2021\/05\/logo-sel.svg","contentUrl":"https:\/\/www.selry.fi\/wp-content\/uploads\/2021\/05\/logo-sel.svg","width":453,"height":135,"caption":"Suomen Elintarvikety\u00f6l\u00e4isten Liitto SEL"},"image":{"@id":"https:\/\/www.selry.fi\/#\/schema\/logo\/image\/"},"sameAs":["https:\/\/www.facebook.com\/selry","https:\/\/x.com\/selryfi"]},{"@type":"Person","@id":"https:\/\/www.selry.fi\/#\/schema\/person\/4fb0b52ed84c524f0beea95625a21678","name":"Karoliina \u00d6ystil\u00e4","image":{"@type":"ImageObject","inLanguage":"sv-SE","@id":"https:\/\/secure.gravatar.com\/avatar\/8dcb857776c4317075ba571fdc81a06a1f240302e468800d69bf316ef82ac4cd?s=96&d=mm&r=g","url":"https:\/\/secure.gravatar.com\/avatar\/8dcb857776c4317075ba571fdc81a06a1f240302e468800d69bf316ef82ac4cd?s=96&d=mm&r=g","contentUrl":"https:\/\/secure.gravatar.com\/avatar\/8dcb857776c4317075ba571fdc81a06a1f240302e468800d69bf316ef82ac4cd?s=96&d=mm&r=g","caption":"Karoliina \u00d6ystil\u00e4"}}]}},"_links":{"self":[{"href":"https:\/\/www.selry.fi\/sv\/wp-json\/wp\/v2\/posts\/9511","targetHints":{"allow":["GET"]}}],"collection":[{"href":"https:\/\/www.selry.fi\/sv\/wp-json\/wp\/v2\/posts"}],"about":[{"href":"https:\/\/www.selry.fi\/sv\/wp-json\/wp\/v2\/types\/post"}],"author":[{"embeddable":true,"href":"https:\/\/www.selry.fi\/sv\/wp-json\/wp\/v2\/users\/4"}],"replies":[{"embeddable":true,"href":"https:\/\/www.selry.fi\/sv\/wp-json\/wp\/v2\/comments?post=9511"}],"version-history":[{"count":0,"href":"https:\/\/www.selry.fi\/sv\/wp-json\/wp\/v2\/posts\/9511\/revisions"}],"wp:featuredmedia":[{"embeddable":true,"href":"https:\/\/www.selry.fi\/sv\/wp-json\/wp\/v2\/media\/1915"}],"wp:attachment":[{"href":"https:\/\/www.selry.fi\/sv\/wp-json\/wp\/v2\/media?parent=9511"}],"wp:term":[{"taxonomy":"category","embeddable":true,"href":"https:\/\/www.selry.fi\/sv\/wp-json\/wp\/v2\/categories?post=9511"},{"taxonomy":"post_tag","embeddable":true,"href":"https:\/\/www.selry.fi\/sv\/wp-json\/wp\/v2\/tags?post=9511"}],"curies":[{"name":"wp","href":"https:\/\/api.w.org\/{rel}","templated":true}]}}