{"id":9285,"date":"2022-09-09T09:41:37","date_gmt":"2022-09-09T06:41:37","guid":{"rendered":"https:\/\/www.selry.fi\/?p=9285"},"modified":"2022-09-09T09:41:38","modified_gmt":"2022-09-09T06:41:38","slug":"familjeledigeten-reformerades-vad-forandrades","status":"publish","type":"post","link":"https:\/\/www.selry.fi\/sv\/nyheter\/familjeledigeten-reformerades-vad-forandrades\/","title":{"rendered":"Familjeledigeten reformerades, vad f\u00f6r\u00e4ndrades?"},"content":{"rendered":"\n<p class=\"has-ingressi-font-size\">Den nya modellen f\u00f6r familjeledigheter har tr\u00e4tt i kraft, vad f\u00f6r\u00e4ndrades?<\/p>\n\n\n\n<p>Den nya modellen f\u00f6r familjeledigheter har tr\u00e4tt i kraft. <strong>Tuuli Glantz<\/strong> \u00e4r socialpolitisk expert p\u00e5 fackcentralen FFC och hon lyfter fram tre f\u00f6rb\u00e4ttringar som reformen medf\u00f6rt: ledigheten som papporna har till sitt f\u00f6rfogande \u00f6kar, det blir l\u00e4ttare att kombinera jobb och familj och olika familjeformer beaktas b\u00e4ttre \u00e4n tidigare.<\/p>\n\n\n\n<p>Reformen av familjeledigheterna ger goda f\u00f6ruts\u00e4ttningar att st\u00e4rka j\u00e4mlikheten, men ocks\u00e5 arbetsplatserna m\u00e5ste vidta \u00e5tg\u00e4rder som \u00f6kar familjev\u00e4nligheten, betonar Tuuli Glantz.<\/p>\n\n\n\n<p>\u2013 Syftet med reformen var att \u00f6ka j\u00e4mlikheten mellan f\u00f6r\u00e4ldrarna och f\u00f6rb\u00e4ttra kvinnornas st\u00e4llning p\u00e5 arbetsmarknaden. Hur familjeledigheterna f\u00f6rdelas och anv\u00e4nds i familjerna p\u00e5verkas ocks\u00e5 av f\u00f6rfaringss\u00e4tten p\u00e5 arbetsplatsen. D\u00e4rf\u00f6r \u00e4r det viktigt att g\u00f6ra vardagen p\u00e5 arbetsplatserna mer familjev\u00e4nlig.<\/p>\n\n\n\n<p>Glantz p\u00e5minner om att man p\u00e5 alla arbetsplatser kan vidta \u00e5tg\u00e4rder som skapar en mer familjev\u00e4nlig kultur och g\u00f6r det l\u00e4ttare att kombinera jobb och familj.<\/p>\n\n\n\n<p>\u2013 M\u00e5nga arbetsgivare har redan nu f\u00f6rst\u00e5tt att en familjev\u00e4nlig kultur p\u00e5 arbetsplatsen g\u00f6r det l\u00e4ttare f\u00f6r arbetstagarna att orka i arbetet samt f\u00f6rb\u00e4ttrar effektiviteten och engagemanget i arbetet.<\/p>\n\n\n\n<p><br><strong>Vem g\u00e4ller den reformen?<\/strong><\/p>\n\n\n\n<p>Den nya modellen f\u00f6r familjeledigheter tr\u00e4dde i kraft den 1 augusti 2022 och g\u00e4ller familjer d\u00e4r den ber\u00e4knade tidpunkten f\u00f6r barnets f\u00f6delse \u00e4r den 4 september 2022 eller senare. F\u00f6rm\u00e5nerna f\u00f6r familjer som har b\u00f6rjat f\u00e5 f\u00f6r\u00e4ldradagpenning f\u00f6re den 1 augusti 2022 \u00e4ndras inte n\u00e4r den nya lagen tr\u00e4tt i kraft. De familjerna forts\u00e4tter allts\u00e5 f\u00f6lja den gamla modellen f\u00f6r familjeledigheter.<\/p>\n\n\n\n<p>F\u00f6r\u00e4ldrar i adoptivfamiljer kan ta ut de nya familjeledigheterna om barnet kommer till familjen tidigast den 31 juli 2022. D\u00e5 b\u00f6rjar f\u00f6r\u00e4ldrapenning betalas den 1 augusti 2022.<\/p>\n\n\n\n<p><br><strong>Vilka \u00e4r de viktigaste \u00e4ndringarna?<\/strong><\/p>\n\n\n\n<p>Vardera f\u00f6r\u00e4ldern f\u00e5r i forts\u00e4ttningen en kvot p\u00e5 160 dagpenningsdagar. Av den h\u00e4r kvoten kan f\u00f6r\u00e4ldern \u00f6verl\u00e5ta 0\u201363 dagar till den andra f\u00f6r\u00e4ldern, en annan v\u00e5rdnadshavare, sin egen partner eller den andra f\u00f6r\u00e4lderns partner. D\u00e4rtill f\u00e5r mamman graviditetspenning i 40 dagpenningsdagar i slutskedet av graviditeten.<\/p>\n\n\n\n<p>Det totala antalet dagpenningsdagar \u00e4r fler i den nya modellen \u00e4n i den gamla. Antalet dagpenningsdagar motsvarar 14 m\u00e5nader eftersom det g\u00e5r sex dagpenningsdagar p\u00e5 en vecka. I familjer med en f\u00f6r\u00e4lder f\u00e5r f\u00f6r\u00e4ldern b\u00e5da kvoterna. I flerlingsfamiljer f\u00f6rl\u00e4ngs dagpenningskvoten med 84 dagar f\u00f6r det andra barnet och med lika mycket f\u00f6r varje barn ut\u00f6ver det.<\/p>\n\n\n\n<p>Dagpenningsdagarna kan anv\u00e4ndas tills barnet fyller tv\u00e5 \u00e5r. Dagpenningen kan betalas ut f\u00f6r enskilda dagar, en del av veckan eller till exempel varannan vecka.<\/p>\n\n\n\n<p>Dagpenningsdagarna kan tas ut i delar. F\u00f6r arbetstagarna begr\u00e4nsas flexibiliteten \u00e4nd\u00e5 av att det finns relativt strikta best\u00e4mmelser om n\u00e4r man m\u00e5ste meddela sin arbetsgivare om familjeledigheten samt att arbetstagare har subjektiv r\u00e4tt att ta ut f\u00f6r\u00e4ldraledigheten i h\u00f6gst fyra perioder under ett kalender\u00e5r.<\/p>\n\n\n\n<p>Endast graviditetspenningen m\u00e5ste tas ut som en sammanh\u00e4ngande period och den ska inledas 14\u201330 dagar f\u00f6re den ber\u00e4knade tidpunkten f\u00f6r barnets f\u00f6delse.<\/p>\n\n\n\n<p>Alla f\u00f6r\u00e4ldrar som \u00e4r v\u00e5rdnadshavare till barnet har samma r\u00e4tt till dagpenning oberoende av f\u00f6r\u00e4lderns k\u00f6n samt huruvida f\u00f6r\u00e4ldern \u00e4r biologisk f\u00f6r\u00e4lder, adoptivf\u00f6r\u00e4lder, boendef\u00f6r\u00e4lder eller fr\u00e5nlevande f\u00f6r\u00e4lder.<\/p>\n\n\n\n<p><br><strong>Hur kan man g\u00f6ra arbetsplatserna mer familjev\u00e4nliga?<\/strong><\/p>\n\n\n\n<p>Familjev\u00e4nlig praxis \u00e4r till exempel att arbetsgivaren f\u00f6rutser behovet av vikarier f\u00f6r dem som blir familjelediga, att arbetstagarna har m\u00f6jlighet att p\u00e5verka sina egna arbetstider n\u00e4r arbetsschemat planeras, att arbetstagarna har m\u00f6jlighet att jobba deltid om de vill och att arbetsgivaren kan erbjuda hj\u00e4lp med v\u00e5rd av sjukt barn.<\/p>\n\n\n\n<p>Man kan skriva in familjev\u00e4nlig praxis i j\u00e4mst\u00e4lldhetsplanen eller personal- och utbildningsplanen p\u00e5 arbetsplatsen.<\/p>\n\n\n\n<p>Den n\u00e4rmaste chefen spelar en central roll, eftersom det \u00e4r hen som hj\u00e4lper till att l\u00f6sa utmaningarna i vardagen \u2013 hur arbetet organiseras, hur arbetsschemat planeras och hur likabehandlingen av arbetstagarna f\u00f6rverkligas. Den n\u00e4rmaste chefens attityd \u00e4r ocks\u00e5 av avg\u00f6rande betydelse.<\/p>\n\n\n\n<p><br><em>Text: FFC, bild: <a href=\"http:\/\/www.turva.fi\/sel\" target=\"_blank\" rel=\"noreferrer noopener\">Turva<\/a><\/em><br><br><br><strong>F\u00f6rhandlingar p\u00e5g\u00e5r i livsmedelsbranschen<\/strong><\/p>\n\n\n\n<p>I SEL:s och arbetsgivarparten ETL:s f\u00f6rhandlingar om kollektivavtalen f\u00f6r arbetstagarna i livsmedelsbranschen ing\u00e5r flera punkter som ber\u00f6r familjeledigheter.<\/p>\n\n\n\n<p>Lag\u00e4ndringarna g\u00e4llande familjeledigheter p\u00e5verkar inte de ikraftvarande kollektivavtal i livsmedelsbranschen d\u00e4r de l\u00f6nesatta perioderna i moderskaps- och faderskapsledigheten fastst\u00e4lls. L\u00f6nen under moderskaps- och faderskapsledigheten utbetalas i enlighet med kollektivavtalen oberoende av ben\u00e4mningen familjeledighet i lagen.<\/p>\n\n\n\n<p>SEL och ETL forts\u00e4tter f\u00f6rhandlingarna om vilka behov av f\u00f6r\u00e4ndringar i kollektivavtalen som lag\u00e4ndringen om familjeledighet f\u00f6ranleder.<\/p>\n\n\n\n<p>St\u00f6den f\u00f6r familjeledighet som utbetalas via FPA g\u00e4ller naturligtvis ocks\u00e5 livsmedelsbranschens arbetstagare fr.o.m 1.8.2022.<\/p>\n","protected":false},"excerpt":{"rendered":"<p>Den nya modellen f\u00f6r familjeledigheter har tr\u00e4tt i kraft, vad f\u00f6r\u00e4ndrades? Den nya modellen f\u00f6r familjeledigheter har tr\u00e4tt i kraft. [\u2026] <a href=\"https:\/\/www.selry.fi\/sv\/nyheter\/familjeledigeten-reformerades-vad-forandrades\/\">Lue lis\u00e4\u00e4 &raquo;<\/a><\/p>\n","protected":false},"author":4,"featured_media":8636,"comment_status":"closed","ping_status":"closed","sticky":false,"template":"","format":"standard","meta":{"_acf_changed":false,"footnotes":""},"categories":[26],"tags":[],"class_list":["post-9285","post","type-post","status-publish","format-standard","has-post-thumbnail","hentry","category-nyheter"],"acf":[],"yoast_head":"<!-- This site is optimized with the Yoast SEO plugin v27.2 - https:\/\/yoast.com\/product\/yoast-seo-wordpress\/ -->\n<title>Familjeledigeten reformerades, vad f\u00f6r\u00e4ndrades?<\/title>\n<meta name=\"robots\" content=\"index, follow, max-snippet:-1, max-image-preview:large, max-video-preview:-1\" \/>\n<link rel=\"canonical\" href=\"https:\/\/www.selry.fi\/sv\/nyheter\/familjeledigeten-reformerades-vad-forandrades\/\" \/>\n<meta property=\"og:locale\" content=\"sv_SE\" \/>\n<meta property=\"og:type\" content=\"article\" \/>\n<meta property=\"og:title\" content=\"Familjeledigeten reformerades, vad f\u00f6r\u00e4ndrades?\" \/>\n<meta property=\"og:description\" content=\"Den nya modellen f\u00f6r familjeledigheter har tr\u00e4tt i kraft, vad f\u00f6r\u00e4ndrades? Den nya modellen f\u00f6r familjeledigheter har tr\u00e4tt i kraft. [\u2026] Lue lis\u00e4\u00e4 &raquo;\" \/>\n<meta property=\"og:url\" content=\"https:\/\/www.selry.fi\/sv\/nyheter\/familjeledigeten-reformerades-vad-forandrades\/\" \/>\n<meta property=\"og:site_name\" content=\"Suomen Elintarvikety\u00f6l\u00e4isten Liitto SEL\" \/>\n<meta property=\"article:publisher\" content=\"https:\/\/www.facebook.com\/selry\" \/>\n<meta property=\"article:published_time\" content=\"2022-09-09T06:41:37+00:00\" \/>\n<meta property=\"article:modified_time\" content=\"2022-09-09T06:41:38+00:00\" \/>\n<meta property=\"og:image\" content=\"https:\/\/www.selry.fi\/wp-content\/uploads\/2022\/05\/turva-vakuutus-tiikeriuimarengas-perhe-lapsi.jpg\" \/>\n\t<meta property=\"og:image:width\" content=\"1280\" \/>\n\t<meta property=\"og:image:height\" content=\"853\" \/>\n\t<meta property=\"og:image:type\" content=\"image\/jpeg\" \/>\n<meta name=\"author\" content=\"Karoliina \u00d6ystil\u00e4\" \/>\n<meta name=\"twitter:card\" content=\"summary_large_image\" \/>\n<meta name=\"twitter:creator\" content=\"@selryfi\" \/>\n<meta name=\"twitter:site\" content=\"@selryfi\" \/>\n<script type=\"application\/ld+json\" class=\"yoast-schema-graph\">{\"@context\":\"https:\/\/schema.org\",\"@graph\":[{\"@type\":\"Article\",\"@id\":\"https:\/\/www.selry.fi\/sv\/nyheter\/familjeledigeten-reformerades-vad-forandrades\/#article\",\"isPartOf\":{\"@id\":\"https:\/\/www.selry.fi\/sv\/nyheter\/familjeledigeten-reformerades-vad-forandrades\/\"},\"author\":{\"name\":\"Karoliina \u00d6ystil\u00e4\",\"@id\":\"https:\/\/www.selry.fi\/#\/schema\/person\/4fb0b52ed84c524f0beea95625a21678\"},\"headline\":\"Familjeledigeten reformerades, vad f\u00f6r\u00e4ndrades?\",\"datePublished\":\"2022-09-09T06:41:37+00:00\",\"dateModified\":\"2022-09-09T06:41:38+00:00\",\"mainEntityOfPage\":{\"@id\":\"https:\/\/www.selry.fi\/sv\/nyheter\/familjeledigeten-reformerades-vad-forandrades\/\"},\"wordCount\":865,\"publisher\":{\"@id\":\"https:\/\/www.selry.fi\/#organization\"},\"image\":{\"@id\":\"https:\/\/www.selry.fi\/sv\/nyheter\/familjeledigeten-reformerades-vad-forandrades\/#primaryimage\"},\"thumbnailUrl\":\"https:\/\/www.selry.fi\/wp-content\/uploads\/2022\/05\/turva-vakuutus-tiikeriuimarengas-perhe-lapsi.jpg\",\"articleSection\":[\"Nyheter\"],\"inLanguage\":\"sv-SE\"},{\"@type\":\"WebPage\",\"@id\":\"https:\/\/www.selry.fi\/sv\/nyheter\/familjeledigeten-reformerades-vad-forandrades\/\",\"url\":\"https:\/\/www.selry.fi\/sv\/nyheter\/familjeledigeten-reformerades-vad-forandrades\/\",\"name\":\"Familjeledigeten reformerades, vad f\u00f6r\u00e4ndrades?\",\"isPartOf\":{\"@id\":\"https:\/\/www.selry.fi\/#website\"},\"primaryImageOfPage\":{\"@id\":\"https:\/\/www.selry.fi\/sv\/nyheter\/familjeledigeten-reformerades-vad-forandrades\/#primaryimage\"},\"image\":{\"@id\":\"https:\/\/www.selry.fi\/sv\/nyheter\/familjeledigeten-reformerades-vad-forandrades\/#primaryimage\"},\"thumbnailUrl\":\"https:\/\/www.selry.fi\/wp-content\/uploads\/2022\/05\/turva-vakuutus-tiikeriuimarengas-perhe-lapsi.jpg\",\"datePublished\":\"2022-09-09T06:41:37+00:00\",\"dateModified\":\"2022-09-09T06:41:38+00:00\",\"breadcrumb\":{\"@id\":\"https:\/\/www.selry.fi\/sv\/nyheter\/familjeledigeten-reformerades-vad-forandrades\/#breadcrumb\"},\"inLanguage\":\"sv-SE\",\"potentialAction\":[{\"@type\":\"ReadAction\",\"target\":[\"https:\/\/www.selry.fi\/sv\/nyheter\/familjeledigeten-reformerades-vad-forandrades\/\"]}]},{\"@type\":\"ImageObject\",\"inLanguage\":\"sv-SE\",\"@id\":\"https:\/\/www.selry.fi\/sv\/nyheter\/familjeledigeten-reformerades-vad-forandrades\/#primaryimage\",\"url\":\"https:\/\/www.selry.fi\/wp-content\/uploads\/2022\/05\/turva-vakuutus-tiikeriuimarengas-perhe-lapsi.jpg\",\"contentUrl\":\"https:\/\/www.selry.fi\/wp-content\/uploads\/2022\/05\/turva-vakuutus-tiikeriuimarengas-perhe-lapsi.jpg\",\"width\":1280,\"height\":853},{\"@type\":\"BreadcrumbList\",\"@id\":\"https:\/\/www.selry.fi\/sv\/nyheter\/familjeledigeten-reformerades-vad-forandrades\/#breadcrumb\",\"itemListElement\":[{\"@type\":\"ListItem\",\"position\":1,\"name\":\"Home\",\"item\":\"https:\/\/www.selry.fi\/sv\/\"},{\"@type\":\"ListItem\",\"position\":2,\"name\":\"Familjeledigeten reformerades, vad f\u00f6r\u00e4ndrades?\"}]},{\"@type\":\"WebSite\",\"@id\":\"https:\/\/www.selry.fi\/#website\",\"url\":\"https:\/\/www.selry.fi\/\",\"name\":\"Suomen Elintarvikety\u00f6l\u00e4isten Liitto SEL\",\"description\":\"\",\"publisher\":{\"@id\":\"https:\/\/www.selry.fi\/#organization\"},\"inLanguage\":\"sv-SE\"},{\"@type\":\"Organization\",\"@id\":\"https:\/\/www.selry.fi\/#organization\",\"name\":\"Suomen Elintarvikety\u00f6l\u00e4isten Liitto SEL\",\"url\":\"https:\/\/www.selry.fi\/\",\"logo\":{\"@type\":\"ImageObject\",\"inLanguage\":\"sv-SE\",\"@id\":\"https:\/\/www.selry.fi\/#\/schema\/logo\/image\/\",\"url\":\"https:\/\/www.selry.fi\/wp-content\/uploads\/2021\/05\/logo-sel.svg\",\"contentUrl\":\"https:\/\/www.selry.fi\/wp-content\/uploads\/2021\/05\/logo-sel.svg\",\"width\":453,\"height\":135,\"caption\":\"Suomen Elintarvikety\u00f6l\u00e4isten Liitto SEL\"},\"image\":{\"@id\":\"https:\/\/www.selry.fi\/#\/schema\/logo\/image\/\"},\"sameAs\":[\"https:\/\/www.facebook.com\/selry\",\"https:\/\/x.com\/selryfi\"]},{\"@type\":\"Person\",\"@id\":\"https:\/\/www.selry.fi\/#\/schema\/person\/4fb0b52ed84c524f0beea95625a21678\",\"name\":\"Karoliina \u00d6ystil\u00e4\",\"image\":{\"@type\":\"ImageObject\",\"inLanguage\":\"sv-SE\",\"@id\":\"https:\/\/secure.gravatar.com\/avatar\/8dcb857776c4317075ba571fdc81a06a1f240302e468800d69bf316ef82ac4cd?s=96&d=mm&r=g\",\"url\":\"https:\/\/secure.gravatar.com\/avatar\/8dcb857776c4317075ba571fdc81a06a1f240302e468800d69bf316ef82ac4cd?s=96&d=mm&r=g\",\"contentUrl\":\"https:\/\/secure.gravatar.com\/avatar\/8dcb857776c4317075ba571fdc81a06a1f240302e468800d69bf316ef82ac4cd?s=96&d=mm&r=g\",\"caption\":\"Karoliina \u00d6ystil\u00e4\"}}]}<\/script>\n<!-- \/ Yoast SEO plugin. -->","yoast_head_json":{"title":"Familjeledigeten reformerades, vad f\u00f6r\u00e4ndrades?","robots":{"index":"index","follow":"follow","max-snippet":"max-snippet:-1","max-image-preview":"max-image-preview:large","max-video-preview":"max-video-preview:-1"},"canonical":"https:\/\/www.selry.fi\/sv\/nyheter\/familjeledigeten-reformerades-vad-forandrades\/","og_locale":"sv_SE","og_type":"article","og_title":"Familjeledigeten reformerades, vad f\u00f6r\u00e4ndrades?","og_description":"Den nya modellen f\u00f6r familjeledigheter har tr\u00e4tt i kraft, vad f\u00f6r\u00e4ndrades? Den nya modellen f\u00f6r familjeledigheter har tr\u00e4tt i kraft. [\u2026] Lue lis\u00e4\u00e4 &raquo;","og_url":"https:\/\/www.selry.fi\/sv\/nyheter\/familjeledigeten-reformerades-vad-forandrades\/","og_site_name":"Suomen Elintarvikety\u00f6l\u00e4isten Liitto SEL","article_publisher":"https:\/\/www.facebook.com\/selry","article_published_time":"2022-09-09T06:41:37+00:00","article_modified_time":"2022-09-09T06:41:38+00:00","og_image":[{"width":1280,"height":853,"url":"https:\/\/www.selry.fi\/wp-content\/uploads\/2022\/05\/turva-vakuutus-tiikeriuimarengas-perhe-lapsi.jpg","type":"image\/jpeg"}],"author":"Karoliina \u00d6ystil\u00e4","twitter_card":"summary_large_image","twitter_creator":"@selryfi","twitter_site":"@selryfi","schema":{"@context":"https:\/\/schema.org","@graph":[{"@type":"Article","@id":"https:\/\/www.selry.fi\/sv\/nyheter\/familjeledigeten-reformerades-vad-forandrades\/#article","isPartOf":{"@id":"https:\/\/www.selry.fi\/sv\/nyheter\/familjeledigeten-reformerades-vad-forandrades\/"},"author":{"name":"Karoliina \u00d6ystil\u00e4","@id":"https:\/\/www.selry.fi\/#\/schema\/person\/4fb0b52ed84c524f0beea95625a21678"},"headline":"Familjeledigeten reformerades, vad f\u00f6r\u00e4ndrades?","datePublished":"2022-09-09T06:41:37+00:00","dateModified":"2022-09-09T06:41:38+00:00","mainEntityOfPage":{"@id":"https:\/\/www.selry.fi\/sv\/nyheter\/familjeledigeten-reformerades-vad-forandrades\/"},"wordCount":865,"publisher":{"@id":"https:\/\/www.selry.fi\/#organization"},"image":{"@id":"https:\/\/www.selry.fi\/sv\/nyheter\/familjeledigeten-reformerades-vad-forandrades\/#primaryimage"},"thumbnailUrl":"https:\/\/www.selry.fi\/wp-content\/uploads\/2022\/05\/turva-vakuutus-tiikeriuimarengas-perhe-lapsi.jpg","articleSection":["Nyheter"],"inLanguage":"sv-SE"},{"@type":"WebPage","@id":"https:\/\/www.selry.fi\/sv\/nyheter\/familjeledigeten-reformerades-vad-forandrades\/","url":"https:\/\/www.selry.fi\/sv\/nyheter\/familjeledigeten-reformerades-vad-forandrades\/","name":"Familjeledigeten reformerades, vad f\u00f6r\u00e4ndrades?","isPartOf":{"@id":"https:\/\/www.selry.fi\/#website"},"primaryImageOfPage":{"@id":"https:\/\/www.selry.fi\/sv\/nyheter\/familjeledigeten-reformerades-vad-forandrades\/#primaryimage"},"image":{"@id":"https:\/\/www.selry.fi\/sv\/nyheter\/familjeledigeten-reformerades-vad-forandrades\/#primaryimage"},"thumbnailUrl":"https:\/\/www.selry.fi\/wp-content\/uploads\/2022\/05\/turva-vakuutus-tiikeriuimarengas-perhe-lapsi.jpg","datePublished":"2022-09-09T06:41:37+00:00","dateModified":"2022-09-09T06:41:38+00:00","breadcrumb":{"@id":"https:\/\/www.selry.fi\/sv\/nyheter\/familjeledigeten-reformerades-vad-forandrades\/#breadcrumb"},"inLanguage":"sv-SE","potentialAction":[{"@type":"ReadAction","target":["https:\/\/www.selry.fi\/sv\/nyheter\/familjeledigeten-reformerades-vad-forandrades\/"]}]},{"@type":"ImageObject","inLanguage":"sv-SE","@id":"https:\/\/www.selry.fi\/sv\/nyheter\/familjeledigeten-reformerades-vad-forandrades\/#primaryimage","url":"https:\/\/www.selry.fi\/wp-content\/uploads\/2022\/05\/turva-vakuutus-tiikeriuimarengas-perhe-lapsi.jpg","contentUrl":"https:\/\/www.selry.fi\/wp-content\/uploads\/2022\/05\/turva-vakuutus-tiikeriuimarengas-perhe-lapsi.jpg","width":1280,"height":853},{"@type":"BreadcrumbList","@id":"https:\/\/www.selry.fi\/sv\/nyheter\/familjeledigeten-reformerades-vad-forandrades\/#breadcrumb","itemListElement":[{"@type":"ListItem","position":1,"name":"Home","item":"https:\/\/www.selry.fi\/sv\/"},{"@type":"ListItem","position":2,"name":"Familjeledigeten reformerades, vad f\u00f6r\u00e4ndrades?"}]},{"@type":"WebSite","@id":"https:\/\/www.selry.fi\/#website","url":"https:\/\/www.selry.fi\/","name":"Suomen Elintarvikety\u00f6l\u00e4isten Liitto SEL","description":"","publisher":{"@id":"https:\/\/www.selry.fi\/#organization"},"inLanguage":"sv-SE"},{"@type":"Organization","@id":"https:\/\/www.selry.fi\/#organization","name":"Suomen Elintarvikety\u00f6l\u00e4isten Liitto SEL","url":"https:\/\/www.selry.fi\/","logo":{"@type":"ImageObject","inLanguage":"sv-SE","@id":"https:\/\/www.selry.fi\/#\/schema\/logo\/image\/","url":"https:\/\/www.selry.fi\/wp-content\/uploads\/2021\/05\/logo-sel.svg","contentUrl":"https:\/\/www.selry.fi\/wp-content\/uploads\/2021\/05\/logo-sel.svg","width":453,"height":135,"caption":"Suomen Elintarvikety\u00f6l\u00e4isten Liitto SEL"},"image":{"@id":"https:\/\/www.selry.fi\/#\/schema\/logo\/image\/"},"sameAs":["https:\/\/www.facebook.com\/selry","https:\/\/x.com\/selryfi"]},{"@type":"Person","@id":"https:\/\/www.selry.fi\/#\/schema\/person\/4fb0b52ed84c524f0beea95625a21678","name":"Karoliina \u00d6ystil\u00e4","image":{"@type":"ImageObject","inLanguage":"sv-SE","@id":"https:\/\/secure.gravatar.com\/avatar\/8dcb857776c4317075ba571fdc81a06a1f240302e468800d69bf316ef82ac4cd?s=96&d=mm&r=g","url":"https:\/\/secure.gravatar.com\/avatar\/8dcb857776c4317075ba571fdc81a06a1f240302e468800d69bf316ef82ac4cd?s=96&d=mm&r=g","contentUrl":"https:\/\/secure.gravatar.com\/avatar\/8dcb857776c4317075ba571fdc81a06a1f240302e468800d69bf316ef82ac4cd?s=96&d=mm&r=g","caption":"Karoliina \u00d6ystil\u00e4"}}]}},"_links":{"self":[{"href":"https:\/\/www.selry.fi\/sv\/wp-json\/wp\/v2\/posts\/9285","targetHints":{"allow":["GET"]}}],"collection":[{"href":"https:\/\/www.selry.fi\/sv\/wp-json\/wp\/v2\/posts"}],"about":[{"href":"https:\/\/www.selry.fi\/sv\/wp-json\/wp\/v2\/types\/post"}],"author":[{"embeddable":true,"href":"https:\/\/www.selry.fi\/sv\/wp-json\/wp\/v2\/users\/4"}],"replies":[{"embeddable":true,"href":"https:\/\/www.selry.fi\/sv\/wp-json\/wp\/v2\/comments?post=9285"}],"version-history":[{"count":0,"href":"https:\/\/www.selry.fi\/sv\/wp-json\/wp\/v2\/posts\/9285\/revisions"}],"wp:featuredmedia":[{"embeddable":true,"href":"https:\/\/www.selry.fi\/sv\/wp-json\/wp\/v2\/media\/8636"}],"wp:attachment":[{"href":"https:\/\/www.selry.fi\/sv\/wp-json\/wp\/v2\/media?parent=9285"}],"wp:term":[{"taxonomy":"category","embeddable":true,"href":"https:\/\/www.selry.fi\/sv\/wp-json\/wp\/v2\/categories?post=9285"},{"taxonomy":"post_tag","embeddable":true,"href":"https:\/\/www.selry.fi\/sv\/wp-json\/wp\/v2\/tags?post=9285"}],"curies":[{"name":"wp","href":"https:\/\/api.w.org\/{rel}","templated":true}]}}