{"id":8830,"date":"2022-06-10T00:21:54","date_gmt":"2022-06-09T21:21:54","guid":{"rendered":"https:\/\/www.selry.fi\/?p=8830"},"modified":"2022-06-10T00:21:55","modified_gmt":"2022-06-09T21:21:55","slug":"ett-forsta-intryck-kan-du-gora-bara-en-gang","status":"publish","type":"post","link":"https:\/\/www.selry.fi\/sv\/blogg\/ett-forsta-intryck-kan-du-gora-bara-en-gang\/","title":{"rendered":"Ett f\u00f6rsta intryck kan du g\u00f6ra bara en g\u00e5ng"},"content":{"rendered":"\n<p>Kommer du \u00e4nnu ih\u00e5g d\u00e5 du gick till din f\u00f6rsta arbetsplats? Sannolikt inledde ocks\u00e5 du din arbetskarri\u00e4r som sommararbetare i likhet med vad tio tusentals unga g\u00f6r denna sommar. Vilket slags mottagande fick du p\u00e5 di arbetsplats av dina f\u00f6rm\u00e4n och arbetskamrater? \u00d6nskade man dig v\u00e4lkommen till huset, och ber\u00e4ttade man att du alltid kan fr\u00e5ga om du beh\u00f6ver hj\u00e4lp?<\/p>\n\n\n\n<p>Arbetsgivaren ansvarar f\u00f6r att den nya arbetstagaren f\u00e5r en saklig introduktion i arbetsuppgifterna, praxisen p\u00e5 arbetsplatsen och exempelvis arbetsskydd. Erfarnare arbetskamrater har en alldeles avg\u00f6rande roll d\u00e5 det g\u00e4ller hur de ungas f\u00f6rsta steg in i arbetslivet k\u00e4nns och vilka k\u00e4nslor som v\u00e4cks. V\u00e4nlighet och hj\u00e4lpsamhet kostar ingenting, men de \u00e4r v\u00e4rdefulla egenskaper f\u00f6r oss alla. De \u00f6kar v\u00e5rt v\u00e4lm\u00e5ende, v\u00e5r motivation och v\u00e5r ork.<\/p>\n\n\n\n<p>D\u00e5 man fr\u00e5gar av arbetstagarna i livsmedelsbranschen vad som \u00e4r b\u00e4st i deras arbete svarar de flesta i allm\u00e4nhet goda arbetskamrater och en stark gruppanda arbetskamraterna emellan. En god st\u00e4mning bland arbetskamraterna hj\u00e4lper dig att orka i arbetet, trots att allt p\u00e5 arbetsplatsen inte skulle vara perfekt och sj\u00e4lva arbetet mycket tungt.<\/p>\n\n\n\n<p>I allm\u00e4nhet har man naturligtvis sitt jobb f\u00f6r l\u00f6nen skull, men det har en oerh\u00f6rd betydelse med tanke p\u00e5 trivseln och meningsfullheten om st\u00e4mningen i arbetet \u00e4r rej\u00e4l, d\u00e4r alla har det gott och tryggt att vara. Vi kan inte p\u00e5verka alla saker p\u00e5 arbetsplatsen, men de organiserade arbetstagarna kan tillsammans p\u00e5verka m\u00e5nga saker. Och den egna attityden, den beror helt p\u00e5 oss sj\u00e4lva.<\/p>\n\n\n\n<p>Du kan g\u00f6ra det f\u00f6rsta intrycket bara en g\u00e5ng, men varje dag \u00e4r den f\u00f6rsta i resten av ditt liv. Det \u00e4r aldrig f\u00f6r sent att besluta sig f\u00f6r att f\u00f6r\u00e4ndra sina egna attityder och uppf\u00f6randemodeller. M\u00f6t allts\u00e5 dina nya och gamla arbetskamrater med en s\u00e5dan respekt och v\u00e4nlighet, som ocks\u00e5 du f\u00f6rtj\u00e4nar.<br><\/p>\n\n\n\n<p><em>Karoliina \u00d6ystil\u00e4<br>SEL:s kommunikationschef, chefredakt\u00f6r<\/em><\/p>\n\n\n\n<p><em>Texten publiceras f\u00f6rst som ledare i Elintae 4\/2022, 10.6.2022.<\/em><\/p>\n","protected":false},"excerpt":{"rendered":"<p>Kommer du \u00e4nnu ih\u00e5g d\u00e5 du gick till din f\u00f6rsta arbetsplats? Sannolikt inledde ocks\u00e5 du din arbetskarri\u00e4r som sommararbetare i [\u2026] <a href=\"https:\/\/www.selry.fi\/sv\/blogg\/ett-forsta-intryck-kan-du-gora-bara-en-gang\/\">Lue lis\u00e4\u00e4 &raquo;<\/a><\/p>\n","protected":false},"author":4,"featured_media":4353,"comment_status":"closed","ping_status":"closed","sticky":false,"template":"","format":"standard","meta":{"_acf_changed":false,"footnotes":""},"categories":[64],"tags":[],"class_list":["post-8830","post","type-post","status-publish","format-standard","has-post-thumbnail","hentry","category-blogg"],"acf":[],"yoast_head":"<!-- This site is optimized with the Yoast SEO plugin v27.2 - https:\/\/yoast.com\/product\/yoast-seo-wordpress\/ -->\n<title>Ett f\u00f6rsta intryck kan du g\u00f6ra bara en g\u00e5ng<\/title>\n<meta name=\"robots\" content=\"index, follow, max-snippet:-1, max-image-preview:large, max-video-preview:-1\" \/>\n<link rel=\"canonical\" href=\"https:\/\/www.selry.fi\/sv\/blogg\/ett-forsta-intryck-kan-du-gora-bara-en-gang\/\" \/>\n<meta property=\"og:locale\" content=\"sv_SE\" \/>\n<meta property=\"og:type\" content=\"article\" \/>\n<meta property=\"og:title\" content=\"Ett f\u00f6rsta intryck kan du g\u00f6ra bara en g\u00e5ng\" \/>\n<meta property=\"og:description\" content=\"Kommer du \u00e4nnu ih\u00e5g d\u00e5 du gick till din f\u00f6rsta arbetsplats? Sannolikt inledde ocks\u00e5 du din arbetskarri\u00e4r som sommararbetare i [\u2026] Lue lis\u00e4\u00e4 &raquo;\" \/>\n<meta property=\"og:url\" content=\"https:\/\/www.selry.fi\/sv\/blogg\/ett-forsta-intryck-kan-du-gora-bara-en-gang\/\" \/>\n<meta property=\"og:site_name\" content=\"Suomen Elintarvikety\u00f6l\u00e4isten Liitto SEL\" \/>\n<meta property=\"article:publisher\" content=\"https:\/\/www.facebook.com\/selry\" \/>\n<meta property=\"article:published_time\" content=\"2022-06-09T21:21:54+00:00\" \/>\n<meta property=\"article:modified_time\" content=\"2022-06-09T21:21:55+00:00\" \/>\n<meta property=\"og:image\" content=\"https:\/\/www.selry.fi\/wp-content\/uploads\/2021\/05\/oystila-karoliina-kuva-blogiin.jpg\" \/>\n\t<meta property=\"og:image:width\" content=\"1385\" \/>\n\t<meta property=\"og:image:height\" content=\"1252\" \/>\n\t<meta property=\"og:image:type\" content=\"image\/jpeg\" \/>\n<meta name=\"author\" content=\"Karoliina \u00d6ystil\u00e4\" \/>\n<meta name=\"twitter:card\" content=\"summary_large_image\" \/>\n<meta name=\"twitter:creator\" content=\"@selryfi\" \/>\n<meta name=\"twitter:site\" content=\"@selryfi\" \/>\n<script type=\"application\/ld+json\" class=\"yoast-schema-graph\">{\"@context\":\"https:\/\/schema.org\",\"@graph\":[{\"@type\":\"Article\",\"@id\":\"https:\/\/www.selry.fi\/sv\/blogg\/ett-forsta-intryck-kan-du-gora-bara-en-gang\/#article\",\"isPartOf\":{\"@id\":\"https:\/\/www.selry.fi\/sv\/blogg\/ett-forsta-intryck-kan-du-gora-bara-en-gang\/\"},\"author\":{\"name\":\"Karoliina \u00d6ystil\u00e4\",\"@id\":\"https:\/\/www.selry.fi\/#\/schema\/person\/4fb0b52ed84c524f0beea95625a21678\"},\"headline\":\"Ett f\u00f6rsta intryck kan du g\u00f6ra bara en g\u00e5ng\",\"datePublished\":\"2022-06-09T21:21:54+00:00\",\"dateModified\":\"2022-06-09T21:21:55+00:00\",\"mainEntityOfPage\":{\"@id\":\"https:\/\/www.selry.fi\/sv\/blogg\/ett-forsta-intryck-kan-du-gora-bara-en-gang\/\"},\"wordCount\":380,\"publisher\":{\"@id\":\"https:\/\/www.selry.fi\/#organization\"},\"image\":{\"@id\":\"https:\/\/www.selry.fi\/sv\/blogg\/ett-forsta-intryck-kan-du-gora-bara-en-gang\/#primaryimage\"},\"thumbnailUrl\":\"https:\/\/www.selry.fi\/wp-content\/uploads\/2021\/05\/oystila-karoliina-kuva-blogiin.jpg\",\"articleSection\":[\"Blogg\"],\"inLanguage\":\"sv-SE\"},{\"@type\":\"WebPage\",\"@id\":\"https:\/\/www.selry.fi\/sv\/blogg\/ett-forsta-intryck-kan-du-gora-bara-en-gang\/\",\"url\":\"https:\/\/www.selry.fi\/sv\/blogg\/ett-forsta-intryck-kan-du-gora-bara-en-gang\/\",\"name\":\"Ett f\u00f6rsta intryck kan du g\u00f6ra bara en g\u00e5ng\",\"isPartOf\":{\"@id\":\"https:\/\/www.selry.fi\/#website\"},\"primaryImageOfPage\":{\"@id\":\"https:\/\/www.selry.fi\/sv\/blogg\/ett-forsta-intryck-kan-du-gora-bara-en-gang\/#primaryimage\"},\"image\":{\"@id\":\"https:\/\/www.selry.fi\/sv\/blogg\/ett-forsta-intryck-kan-du-gora-bara-en-gang\/#primaryimage\"},\"thumbnailUrl\":\"https:\/\/www.selry.fi\/wp-content\/uploads\/2021\/05\/oystila-karoliina-kuva-blogiin.jpg\",\"datePublished\":\"2022-06-09T21:21:54+00:00\",\"dateModified\":\"2022-06-09T21:21:55+00:00\",\"breadcrumb\":{\"@id\":\"https:\/\/www.selry.fi\/sv\/blogg\/ett-forsta-intryck-kan-du-gora-bara-en-gang\/#breadcrumb\"},\"inLanguage\":\"sv-SE\",\"potentialAction\":[{\"@type\":\"ReadAction\",\"target\":[\"https:\/\/www.selry.fi\/sv\/blogg\/ett-forsta-intryck-kan-du-gora-bara-en-gang\/\"]}]},{\"@type\":\"ImageObject\",\"inLanguage\":\"sv-SE\",\"@id\":\"https:\/\/www.selry.fi\/sv\/blogg\/ett-forsta-intryck-kan-du-gora-bara-en-gang\/#primaryimage\",\"url\":\"https:\/\/www.selry.fi\/wp-content\/uploads\/2021\/05\/oystila-karoliina-kuva-blogiin.jpg\",\"contentUrl\":\"https:\/\/www.selry.fi\/wp-content\/uploads\/2021\/05\/oystila-karoliina-kuva-blogiin.jpg\",\"width\":1385,\"height\":1252},{\"@type\":\"BreadcrumbList\",\"@id\":\"https:\/\/www.selry.fi\/sv\/blogg\/ett-forsta-intryck-kan-du-gora-bara-en-gang\/#breadcrumb\",\"itemListElement\":[{\"@type\":\"ListItem\",\"position\":1,\"name\":\"Home\",\"item\":\"https:\/\/www.selry.fi\/sv\/\"},{\"@type\":\"ListItem\",\"position\":2,\"name\":\"Ett f\u00f6rsta intryck kan du g\u00f6ra bara en g\u00e5ng\"}]},{\"@type\":\"WebSite\",\"@id\":\"https:\/\/www.selry.fi\/#website\",\"url\":\"https:\/\/www.selry.fi\/\",\"name\":\"Suomen Elintarvikety\u00f6l\u00e4isten Liitto SEL\",\"description\":\"\",\"publisher\":{\"@id\":\"https:\/\/www.selry.fi\/#organization\"},\"inLanguage\":\"sv-SE\"},{\"@type\":\"Organization\",\"@id\":\"https:\/\/www.selry.fi\/#organization\",\"name\":\"Suomen Elintarvikety\u00f6l\u00e4isten Liitto SEL\",\"url\":\"https:\/\/www.selry.fi\/\",\"logo\":{\"@type\":\"ImageObject\",\"inLanguage\":\"sv-SE\",\"@id\":\"https:\/\/www.selry.fi\/#\/schema\/logo\/image\/\",\"url\":\"https:\/\/www.selry.fi\/wp-content\/uploads\/2021\/05\/logo-sel.svg\",\"contentUrl\":\"https:\/\/www.selry.fi\/wp-content\/uploads\/2021\/05\/logo-sel.svg\",\"width\":453,\"height\":135,\"caption\":\"Suomen Elintarvikety\u00f6l\u00e4isten Liitto SEL\"},\"image\":{\"@id\":\"https:\/\/www.selry.fi\/#\/schema\/logo\/image\/\"},\"sameAs\":[\"https:\/\/www.facebook.com\/selry\",\"https:\/\/x.com\/selryfi\"]},{\"@type\":\"Person\",\"@id\":\"https:\/\/www.selry.fi\/#\/schema\/person\/4fb0b52ed84c524f0beea95625a21678\",\"name\":\"Karoliina \u00d6ystil\u00e4\",\"image\":{\"@type\":\"ImageObject\",\"inLanguage\":\"sv-SE\",\"@id\":\"https:\/\/secure.gravatar.com\/avatar\/8dcb857776c4317075ba571fdc81a06a1f240302e468800d69bf316ef82ac4cd?s=96&d=mm&r=g\",\"url\":\"https:\/\/secure.gravatar.com\/avatar\/8dcb857776c4317075ba571fdc81a06a1f240302e468800d69bf316ef82ac4cd?s=96&d=mm&r=g\",\"contentUrl\":\"https:\/\/secure.gravatar.com\/avatar\/8dcb857776c4317075ba571fdc81a06a1f240302e468800d69bf316ef82ac4cd?s=96&d=mm&r=g\",\"caption\":\"Karoliina \u00d6ystil\u00e4\"}}]}<\/script>\n<!-- \/ Yoast SEO plugin. -->","yoast_head_json":{"title":"Ett f\u00f6rsta intryck kan du g\u00f6ra bara en g\u00e5ng","robots":{"index":"index","follow":"follow","max-snippet":"max-snippet:-1","max-image-preview":"max-image-preview:large","max-video-preview":"max-video-preview:-1"},"canonical":"https:\/\/www.selry.fi\/sv\/blogg\/ett-forsta-intryck-kan-du-gora-bara-en-gang\/","og_locale":"sv_SE","og_type":"article","og_title":"Ett f\u00f6rsta intryck kan du g\u00f6ra bara en g\u00e5ng","og_description":"Kommer du \u00e4nnu ih\u00e5g d\u00e5 du gick till din f\u00f6rsta arbetsplats? Sannolikt inledde ocks\u00e5 du din arbetskarri\u00e4r som sommararbetare i [\u2026] Lue lis\u00e4\u00e4 &raquo;","og_url":"https:\/\/www.selry.fi\/sv\/blogg\/ett-forsta-intryck-kan-du-gora-bara-en-gang\/","og_site_name":"Suomen Elintarvikety\u00f6l\u00e4isten Liitto SEL","article_publisher":"https:\/\/www.facebook.com\/selry","article_published_time":"2022-06-09T21:21:54+00:00","article_modified_time":"2022-06-09T21:21:55+00:00","og_image":[{"width":1385,"height":1252,"url":"https:\/\/www.selry.fi\/wp-content\/uploads\/2021\/05\/oystila-karoliina-kuva-blogiin.jpg","type":"image\/jpeg"}],"author":"Karoliina \u00d6ystil\u00e4","twitter_card":"summary_large_image","twitter_creator":"@selryfi","twitter_site":"@selryfi","schema":{"@context":"https:\/\/schema.org","@graph":[{"@type":"Article","@id":"https:\/\/www.selry.fi\/sv\/blogg\/ett-forsta-intryck-kan-du-gora-bara-en-gang\/#article","isPartOf":{"@id":"https:\/\/www.selry.fi\/sv\/blogg\/ett-forsta-intryck-kan-du-gora-bara-en-gang\/"},"author":{"name":"Karoliina \u00d6ystil\u00e4","@id":"https:\/\/www.selry.fi\/#\/schema\/person\/4fb0b52ed84c524f0beea95625a21678"},"headline":"Ett f\u00f6rsta intryck kan du g\u00f6ra bara en g\u00e5ng","datePublished":"2022-06-09T21:21:54+00:00","dateModified":"2022-06-09T21:21:55+00:00","mainEntityOfPage":{"@id":"https:\/\/www.selry.fi\/sv\/blogg\/ett-forsta-intryck-kan-du-gora-bara-en-gang\/"},"wordCount":380,"publisher":{"@id":"https:\/\/www.selry.fi\/#organization"},"image":{"@id":"https:\/\/www.selry.fi\/sv\/blogg\/ett-forsta-intryck-kan-du-gora-bara-en-gang\/#primaryimage"},"thumbnailUrl":"https:\/\/www.selry.fi\/wp-content\/uploads\/2021\/05\/oystila-karoliina-kuva-blogiin.jpg","articleSection":["Blogg"],"inLanguage":"sv-SE"},{"@type":"WebPage","@id":"https:\/\/www.selry.fi\/sv\/blogg\/ett-forsta-intryck-kan-du-gora-bara-en-gang\/","url":"https:\/\/www.selry.fi\/sv\/blogg\/ett-forsta-intryck-kan-du-gora-bara-en-gang\/","name":"Ett f\u00f6rsta intryck kan du g\u00f6ra bara en g\u00e5ng","isPartOf":{"@id":"https:\/\/www.selry.fi\/#website"},"primaryImageOfPage":{"@id":"https:\/\/www.selry.fi\/sv\/blogg\/ett-forsta-intryck-kan-du-gora-bara-en-gang\/#primaryimage"},"image":{"@id":"https:\/\/www.selry.fi\/sv\/blogg\/ett-forsta-intryck-kan-du-gora-bara-en-gang\/#primaryimage"},"thumbnailUrl":"https:\/\/www.selry.fi\/wp-content\/uploads\/2021\/05\/oystila-karoliina-kuva-blogiin.jpg","datePublished":"2022-06-09T21:21:54+00:00","dateModified":"2022-06-09T21:21:55+00:00","breadcrumb":{"@id":"https:\/\/www.selry.fi\/sv\/blogg\/ett-forsta-intryck-kan-du-gora-bara-en-gang\/#breadcrumb"},"inLanguage":"sv-SE","potentialAction":[{"@type":"ReadAction","target":["https:\/\/www.selry.fi\/sv\/blogg\/ett-forsta-intryck-kan-du-gora-bara-en-gang\/"]}]},{"@type":"ImageObject","inLanguage":"sv-SE","@id":"https:\/\/www.selry.fi\/sv\/blogg\/ett-forsta-intryck-kan-du-gora-bara-en-gang\/#primaryimage","url":"https:\/\/www.selry.fi\/wp-content\/uploads\/2021\/05\/oystila-karoliina-kuva-blogiin.jpg","contentUrl":"https:\/\/www.selry.fi\/wp-content\/uploads\/2021\/05\/oystila-karoliina-kuva-blogiin.jpg","width":1385,"height":1252},{"@type":"BreadcrumbList","@id":"https:\/\/www.selry.fi\/sv\/blogg\/ett-forsta-intryck-kan-du-gora-bara-en-gang\/#breadcrumb","itemListElement":[{"@type":"ListItem","position":1,"name":"Home","item":"https:\/\/www.selry.fi\/sv\/"},{"@type":"ListItem","position":2,"name":"Ett f\u00f6rsta intryck kan du g\u00f6ra bara en g\u00e5ng"}]},{"@type":"WebSite","@id":"https:\/\/www.selry.fi\/#website","url":"https:\/\/www.selry.fi\/","name":"Suomen Elintarvikety\u00f6l\u00e4isten Liitto SEL","description":"","publisher":{"@id":"https:\/\/www.selry.fi\/#organization"},"inLanguage":"sv-SE"},{"@type":"Organization","@id":"https:\/\/www.selry.fi\/#organization","name":"Suomen Elintarvikety\u00f6l\u00e4isten Liitto SEL","url":"https:\/\/www.selry.fi\/","logo":{"@type":"ImageObject","inLanguage":"sv-SE","@id":"https:\/\/www.selry.fi\/#\/schema\/logo\/image\/","url":"https:\/\/www.selry.fi\/wp-content\/uploads\/2021\/05\/logo-sel.svg","contentUrl":"https:\/\/www.selry.fi\/wp-content\/uploads\/2021\/05\/logo-sel.svg","width":453,"height":135,"caption":"Suomen Elintarvikety\u00f6l\u00e4isten Liitto SEL"},"image":{"@id":"https:\/\/www.selry.fi\/#\/schema\/logo\/image\/"},"sameAs":["https:\/\/www.facebook.com\/selry","https:\/\/x.com\/selryfi"]},{"@type":"Person","@id":"https:\/\/www.selry.fi\/#\/schema\/person\/4fb0b52ed84c524f0beea95625a21678","name":"Karoliina \u00d6ystil\u00e4","image":{"@type":"ImageObject","inLanguage":"sv-SE","@id":"https:\/\/secure.gravatar.com\/avatar\/8dcb857776c4317075ba571fdc81a06a1f240302e468800d69bf316ef82ac4cd?s=96&d=mm&r=g","url":"https:\/\/secure.gravatar.com\/avatar\/8dcb857776c4317075ba571fdc81a06a1f240302e468800d69bf316ef82ac4cd?s=96&d=mm&r=g","contentUrl":"https:\/\/secure.gravatar.com\/avatar\/8dcb857776c4317075ba571fdc81a06a1f240302e468800d69bf316ef82ac4cd?s=96&d=mm&r=g","caption":"Karoliina \u00d6ystil\u00e4"}}]}},"_links":{"self":[{"href":"https:\/\/www.selry.fi\/sv\/wp-json\/wp\/v2\/posts\/8830","targetHints":{"allow":["GET"]}}],"collection":[{"href":"https:\/\/www.selry.fi\/sv\/wp-json\/wp\/v2\/posts"}],"about":[{"href":"https:\/\/www.selry.fi\/sv\/wp-json\/wp\/v2\/types\/post"}],"author":[{"embeddable":true,"href":"https:\/\/www.selry.fi\/sv\/wp-json\/wp\/v2\/users\/4"}],"replies":[{"embeddable":true,"href":"https:\/\/www.selry.fi\/sv\/wp-json\/wp\/v2\/comments?post=8830"}],"version-history":[{"count":0,"href":"https:\/\/www.selry.fi\/sv\/wp-json\/wp\/v2\/posts\/8830\/revisions"}],"wp:featuredmedia":[{"embeddable":true,"href":"https:\/\/www.selry.fi\/sv\/wp-json\/wp\/v2\/media\/4353"}],"wp:attachment":[{"href":"https:\/\/www.selry.fi\/sv\/wp-json\/wp\/v2\/media?parent=8830"}],"wp:term":[{"taxonomy":"category","embeddable":true,"href":"https:\/\/www.selry.fi\/sv\/wp-json\/wp\/v2\/categories?post=8830"},{"taxonomy":"post_tag","embeddable":true,"href":"https:\/\/www.selry.fi\/sv\/wp-json\/wp\/v2\/tags?post=8830"}],"curies":[{"name":"wp","href":"https:\/\/api.w.org\/{rel}","templated":true}]}}