{"id":8827,"date":"2022-05-25T16:00:00","date_gmt":"2022-05-25T13:00:00","guid":{"rendered":"https:\/\/www.selry.fi\/?p=8827"},"modified":"2022-08-26T19:39:26","modified_gmt":"2022-08-26T16:39:26","slug":"i-facket-har-vi-styrka","status":"publish","type":"post","link":"https:\/\/www.selry.fi\/sv\/blogg\/i-facket-har-vi-styrka\/","title":{"rendered":"I facket har vi styrka"},"content":{"rendered":"\n<p>SEL:s 21 f\u00f6rbundskongress i Villmanstrand blickade b\u00e5de i tal och beslut modigt fram\u00e5t. Gratulationer till alla invalda i SEL:s styrelse! Ansvaret f\u00f6r f\u00f6rbundets verksamhet och ekonomi samt avtalandet om arbetsvillkoren f\u00f6r alla arbetstagare som producerar inhemsk mat \u00e4r stor, men tillsammans klarar vi det. Jag vill ocks\u00e5 tacka dem som nu l\u00e4mnar styrelsen f\u00f6r det arbete som ni gjort f\u00f6r f\u00f6rbundet och v\u00e5ra medlemmar.<\/p>\n\n\n\n<p>Ett enormt stort tack f\u00f6r f\u00f6rtroendet, d\u00e5 jag nu f\u00e5r forts\u00e4tta som SEL:s ordf\u00f6rande. Det \u00e4r fint att f\u00e5 g\u00f6ra det h\u00e4r arbetet tillsammans med medlemmarna, de f\u00f6rtroendevalda och f\u00f6rbundets personal. Jag \u00e4r stolt \u00f6ver hela g\u00e4nget och \u00f6ver vad vi alla tillsammans \u00e4r som f\u00f6rbund. I f\u00f6rbundet har vi v\u00e5r styrka \u2013 s\u00e5 har det varit och s\u00e5 kommer det att vara ocks\u00e5 i framtiden.<\/p>\n\n\n\n<p>Den st\u00f6rsta fr\u00e5gan p\u00e5 f\u00f6rbundskongressen blev den anda som deltagarna i sina inl\u00e4gg skapade. Vi h\u00f6rde fina tal om den stora betydelsen av gemenskap och styrkan i att tillh\u00f6ra gruppen. I talen togs missf\u00f6rh\u00e5llanden upp, som beh\u00f6ver \u00e5tg\u00e4rdas och konkreta l\u00f6sningar p\u00e5 dem.<\/p>\n\n\n\n<p>Vi vet alla att fackf\u00f6rbunden st\u00e5r inf\u00f6r stora utmaningar som ocks\u00e5 \u00e5terspeglar sig i v\u00e5r verksamhet. F\u00f6r oss \u00e4r naturligtvis ocks\u00e5 bevarandet av livskraften i produktionen av inhemsk mat en viktig fr\u00e5ga. Med tanke p\u00e5 v\u00e5ra medlemmars arbetsplatser \u00e4r det v\u00e4sentligt att hela den inhemska livsmedelskedjan fungerar och m\u00e5r v\u00e4l. Ursprungsproduktionen av mat f\u00e5r den del den beh\u00f6ver och f\u00f6r\u00e4dlingen och dess utf\u00f6rare f\u00e5r sin del.<\/p>\n\n\n\n<p>En minst lika stor utmaning f\u00f6r oss under den kommande kongressperioden \u00e4r hur starka vi \u00e4r som fackf\u00f6rbund i f\u00f6rh\u00e5llande till arbetsgivarsidan. De fr\u00e5gor om och erfarenheter av arbetsvillkor, arbetsskydd och vikten av att organisera sig i facket som aktualiserats i inl\u00e4ggen p\u00e5 f\u00f6rbundskongressen tyder p\u00e5 att tillsammans \u00e4r vi starka. Genom att agera tillsammans f\u00e5r vi goda resultat i utvecklandet av l\u00f6nerna och andra arbetsvillkor och -f\u00f6rh\u00e5llanden.<\/p>\n\n\n\n<p>Den f\u00f6rsta st\u00f6testenen f\u00f6r den nya styrelsen kommer s\u00e4kert att best\u00e5 av kollektivavtalsf\u00f6rhandlingarna n\u00e4sta \u00e5r f\u00f6r arbetstagarna i livsmedelsbranschen. Tiden f\u00e5r utvisa under vilka omst\u00e4ndigheter de kommer att f\u00f6ras. Utmaningar har funnits och kommer \u00e4ven att finnas i forts\u00e4ttningen, och vi kommer att finna svar p\u00e5 dem.<\/p>\n\n\n\n<p>Nu \u00e4r det dags att \u00f6nska er alla en fin sommar och semester! Vi ska komma ih\u00e5g att njuta av dem och ge tid f\u00f6r v\u00e5ra n\u00e4ra. Och naturligtvis ska vi njuta av inhemska sommarl\u00e4ckerheter!<br><br><em>Veli-Matti Kuntonen<\/em><br><em>SEL:s f\u00f6rbundsordf\u00f6rande<\/em><\/p>\n","protected":false},"excerpt":{"rendered":"<p>SEL:s 21 f\u00f6rbundskongress i Villmanstrand blickade b\u00e5de i tal och beslut modigt fram\u00e5t. Gratulationer till alla invalda i SEL:s styrelse! [\u2026] <a href=\"https:\/\/www.selry.fi\/sv\/blogg\/i-facket-har-vi-styrka\/\">Lue lis\u00e4\u00e4 &raquo;<\/a><\/p>\n","protected":false},"author":4,"featured_media":1915,"comment_status":"closed","ping_status":"closed","sticky":false,"template":"","format":"standard","meta":{"_acf_changed":false,"footnotes":""},"categories":[64],"tags":[],"class_list":["post-8827","post","type-post","status-publish","format-standard","has-post-thumbnail","hentry","category-blogg"],"acf":[],"yoast_head":"<!-- This site is optimized with the Yoast SEO plugin v27.2 - https:\/\/yoast.com\/product\/yoast-seo-wordpress\/ -->\n<title>I facket har vi styrka<\/title>\n<meta name=\"robots\" content=\"index, follow, max-snippet:-1, max-image-preview:large, max-video-preview:-1\" \/>\n<link rel=\"canonical\" href=\"https:\/\/www.selry.fi\/sv\/blogg\/i-facket-har-vi-styrka\/\" \/>\n<meta property=\"og:locale\" content=\"sv_SE\" \/>\n<meta property=\"og:type\" content=\"article\" \/>\n<meta property=\"og:title\" content=\"I facket har vi styrka\" \/>\n<meta property=\"og:description\" content=\"SEL:s 21 f\u00f6rbundskongress i Villmanstrand blickade b\u00e5de i tal och beslut modigt fram\u00e5t. Gratulationer till alla invalda i SEL:s styrelse! [\u2026] Lue lis\u00e4\u00e4 &raquo;\" \/>\n<meta property=\"og:url\" content=\"https:\/\/www.selry.fi\/sv\/blogg\/i-facket-har-vi-styrka\/\" \/>\n<meta property=\"og:site_name\" content=\"Suomen Elintarvikety\u00f6l\u00e4isten Liitto SEL\" \/>\n<meta property=\"article:publisher\" content=\"https:\/\/www.facebook.com\/selry\" \/>\n<meta property=\"article:published_time\" content=\"2022-05-25T13:00:00+00:00\" \/>\n<meta property=\"article:modified_time\" content=\"2022-08-26T16:39:26+00:00\" \/>\n<meta property=\"og:image\" content=\"https:\/\/www.selry.fi\/wp-content\/uploads\/2021\/05\/kuntonen-syva-artikkelikuva.jpg\" \/>\n\t<meta property=\"og:image:width\" content=\"1385\" \/>\n\t<meta property=\"og:image:height\" content=\"1063\" \/>\n\t<meta property=\"og:image:type\" content=\"image\/jpeg\" \/>\n<meta name=\"author\" content=\"Karoliina \u00d6ystil\u00e4\" \/>\n<meta name=\"twitter:card\" content=\"summary_large_image\" \/>\n<meta name=\"twitter:creator\" content=\"@selryfi\" \/>\n<meta name=\"twitter:site\" content=\"@selryfi\" \/>\n<script type=\"application\/ld+json\" class=\"yoast-schema-graph\">{\"@context\":\"https:\/\/schema.org\",\"@graph\":[{\"@type\":\"Article\",\"@id\":\"https:\/\/www.selry.fi\/sv\/blogg\/i-facket-har-vi-styrka\/#article\",\"isPartOf\":{\"@id\":\"https:\/\/www.selry.fi\/sv\/blogg\/i-facket-har-vi-styrka\/\"},\"author\":{\"name\":\"Karoliina \u00d6ystil\u00e4\",\"@id\":\"https:\/\/www.selry.fi\/#\/schema\/person\/4fb0b52ed84c524f0beea95625a21678\"},\"headline\":\"I facket har vi styrka\",\"datePublished\":\"2022-05-25T13:00:00+00:00\",\"dateModified\":\"2022-08-26T16:39:26+00:00\",\"mainEntityOfPage\":{\"@id\":\"https:\/\/www.selry.fi\/sv\/blogg\/i-facket-har-vi-styrka\/\"},\"wordCount\":480,\"publisher\":{\"@id\":\"https:\/\/www.selry.fi\/#organization\"},\"image\":{\"@id\":\"https:\/\/www.selry.fi\/sv\/blogg\/i-facket-har-vi-styrka\/#primaryimage\"},\"thumbnailUrl\":\"https:\/\/www.selry.fi\/wp-content\/uploads\/2021\/05\/kuntonen-syva-artikkelikuva.jpg\",\"articleSection\":[\"Blogg\"],\"inLanguage\":\"sv-SE\"},{\"@type\":\"WebPage\",\"@id\":\"https:\/\/www.selry.fi\/sv\/blogg\/i-facket-har-vi-styrka\/\",\"url\":\"https:\/\/www.selry.fi\/sv\/blogg\/i-facket-har-vi-styrka\/\",\"name\":\"I facket har vi styrka\",\"isPartOf\":{\"@id\":\"https:\/\/www.selry.fi\/#website\"},\"primaryImageOfPage\":{\"@id\":\"https:\/\/www.selry.fi\/sv\/blogg\/i-facket-har-vi-styrka\/#primaryimage\"},\"image\":{\"@id\":\"https:\/\/www.selry.fi\/sv\/blogg\/i-facket-har-vi-styrka\/#primaryimage\"},\"thumbnailUrl\":\"https:\/\/www.selry.fi\/wp-content\/uploads\/2021\/05\/kuntonen-syva-artikkelikuva.jpg\",\"datePublished\":\"2022-05-25T13:00:00+00:00\",\"dateModified\":\"2022-08-26T16:39:26+00:00\",\"breadcrumb\":{\"@id\":\"https:\/\/www.selry.fi\/sv\/blogg\/i-facket-har-vi-styrka\/#breadcrumb\"},\"inLanguage\":\"sv-SE\",\"potentialAction\":[{\"@type\":\"ReadAction\",\"target\":[\"https:\/\/www.selry.fi\/sv\/blogg\/i-facket-har-vi-styrka\/\"]}]},{\"@type\":\"ImageObject\",\"inLanguage\":\"sv-SE\",\"@id\":\"https:\/\/www.selry.fi\/sv\/blogg\/i-facket-har-vi-styrka\/#primaryimage\",\"url\":\"https:\/\/www.selry.fi\/wp-content\/uploads\/2021\/05\/kuntonen-syva-artikkelikuva.jpg\",\"contentUrl\":\"https:\/\/www.selry.fi\/wp-content\/uploads\/2021\/05\/kuntonen-syva-artikkelikuva.jpg\",\"width\":1385,\"height\":1063},{\"@type\":\"BreadcrumbList\",\"@id\":\"https:\/\/www.selry.fi\/sv\/blogg\/i-facket-har-vi-styrka\/#breadcrumb\",\"itemListElement\":[{\"@type\":\"ListItem\",\"position\":1,\"name\":\"Home\",\"item\":\"https:\/\/www.selry.fi\/sv\/\"},{\"@type\":\"ListItem\",\"position\":2,\"name\":\"I facket har vi styrka\"}]},{\"@type\":\"WebSite\",\"@id\":\"https:\/\/www.selry.fi\/#website\",\"url\":\"https:\/\/www.selry.fi\/\",\"name\":\"Suomen Elintarvikety\u00f6l\u00e4isten Liitto SEL\",\"description\":\"\",\"publisher\":{\"@id\":\"https:\/\/www.selry.fi\/#organization\"},\"inLanguage\":\"sv-SE\"},{\"@type\":\"Organization\",\"@id\":\"https:\/\/www.selry.fi\/#organization\",\"name\":\"Suomen Elintarvikety\u00f6l\u00e4isten Liitto SEL\",\"url\":\"https:\/\/www.selry.fi\/\",\"logo\":{\"@type\":\"ImageObject\",\"inLanguage\":\"sv-SE\",\"@id\":\"https:\/\/www.selry.fi\/#\/schema\/logo\/image\/\",\"url\":\"https:\/\/www.selry.fi\/wp-content\/uploads\/2021\/05\/logo-sel.svg\",\"contentUrl\":\"https:\/\/www.selry.fi\/wp-content\/uploads\/2021\/05\/logo-sel.svg\",\"width\":453,\"height\":135,\"caption\":\"Suomen Elintarvikety\u00f6l\u00e4isten Liitto SEL\"},\"image\":{\"@id\":\"https:\/\/www.selry.fi\/#\/schema\/logo\/image\/\"},\"sameAs\":[\"https:\/\/www.facebook.com\/selry\",\"https:\/\/x.com\/selryfi\"]},{\"@type\":\"Person\",\"@id\":\"https:\/\/www.selry.fi\/#\/schema\/person\/4fb0b52ed84c524f0beea95625a21678\",\"name\":\"Karoliina \u00d6ystil\u00e4\",\"image\":{\"@type\":\"ImageObject\",\"inLanguage\":\"sv-SE\",\"@id\":\"https:\/\/secure.gravatar.com\/avatar\/8dcb857776c4317075ba571fdc81a06a1f240302e468800d69bf316ef82ac4cd?s=96&d=mm&r=g\",\"url\":\"https:\/\/secure.gravatar.com\/avatar\/8dcb857776c4317075ba571fdc81a06a1f240302e468800d69bf316ef82ac4cd?s=96&d=mm&r=g\",\"contentUrl\":\"https:\/\/secure.gravatar.com\/avatar\/8dcb857776c4317075ba571fdc81a06a1f240302e468800d69bf316ef82ac4cd?s=96&d=mm&r=g\",\"caption\":\"Karoliina \u00d6ystil\u00e4\"}}]}<\/script>\n<!-- \/ Yoast SEO plugin. -->","yoast_head_json":{"title":"I facket har vi styrka","robots":{"index":"index","follow":"follow","max-snippet":"max-snippet:-1","max-image-preview":"max-image-preview:large","max-video-preview":"max-video-preview:-1"},"canonical":"https:\/\/www.selry.fi\/sv\/blogg\/i-facket-har-vi-styrka\/","og_locale":"sv_SE","og_type":"article","og_title":"I facket har vi styrka","og_description":"SEL:s 21 f\u00f6rbundskongress i Villmanstrand blickade b\u00e5de i tal och beslut modigt fram\u00e5t. Gratulationer till alla invalda i SEL:s styrelse! [\u2026] Lue lis\u00e4\u00e4 &raquo;","og_url":"https:\/\/www.selry.fi\/sv\/blogg\/i-facket-har-vi-styrka\/","og_site_name":"Suomen Elintarvikety\u00f6l\u00e4isten Liitto SEL","article_publisher":"https:\/\/www.facebook.com\/selry","article_published_time":"2022-05-25T13:00:00+00:00","article_modified_time":"2022-08-26T16:39:26+00:00","og_image":[{"width":1385,"height":1063,"url":"https:\/\/www.selry.fi\/wp-content\/uploads\/2021\/05\/kuntonen-syva-artikkelikuva.jpg","type":"image\/jpeg"}],"author":"Karoliina \u00d6ystil\u00e4","twitter_card":"summary_large_image","twitter_creator":"@selryfi","twitter_site":"@selryfi","schema":{"@context":"https:\/\/schema.org","@graph":[{"@type":"Article","@id":"https:\/\/www.selry.fi\/sv\/blogg\/i-facket-har-vi-styrka\/#article","isPartOf":{"@id":"https:\/\/www.selry.fi\/sv\/blogg\/i-facket-har-vi-styrka\/"},"author":{"name":"Karoliina \u00d6ystil\u00e4","@id":"https:\/\/www.selry.fi\/#\/schema\/person\/4fb0b52ed84c524f0beea95625a21678"},"headline":"I facket har vi styrka","datePublished":"2022-05-25T13:00:00+00:00","dateModified":"2022-08-26T16:39:26+00:00","mainEntityOfPage":{"@id":"https:\/\/www.selry.fi\/sv\/blogg\/i-facket-har-vi-styrka\/"},"wordCount":480,"publisher":{"@id":"https:\/\/www.selry.fi\/#organization"},"image":{"@id":"https:\/\/www.selry.fi\/sv\/blogg\/i-facket-har-vi-styrka\/#primaryimage"},"thumbnailUrl":"https:\/\/www.selry.fi\/wp-content\/uploads\/2021\/05\/kuntonen-syva-artikkelikuva.jpg","articleSection":["Blogg"],"inLanguage":"sv-SE"},{"@type":"WebPage","@id":"https:\/\/www.selry.fi\/sv\/blogg\/i-facket-har-vi-styrka\/","url":"https:\/\/www.selry.fi\/sv\/blogg\/i-facket-har-vi-styrka\/","name":"I facket har vi styrka","isPartOf":{"@id":"https:\/\/www.selry.fi\/#website"},"primaryImageOfPage":{"@id":"https:\/\/www.selry.fi\/sv\/blogg\/i-facket-har-vi-styrka\/#primaryimage"},"image":{"@id":"https:\/\/www.selry.fi\/sv\/blogg\/i-facket-har-vi-styrka\/#primaryimage"},"thumbnailUrl":"https:\/\/www.selry.fi\/wp-content\/uploads\/2021\/05\/kuntonen-syva-artikkelikuva.jpg","datePublished":"2022-05-25T13:00:00+00:00","dateModified":"2022-08-26T16:39:26+00:00","breadcrumb":{"@id":"https:\/\/www.selry.fi\/sv\/blogg\/i-facket-har-vi-styrka\/#breadcrumb"},"inLanguage":"sv-SE","potentialAction":[{"@type":"ReadAction","target":["https:\/\/www.selry.fi\/sv\/blogg\/i-facket-har-vi-styrka\/"]}]},{"@type":"ImageObject","inLanguage":"sv-SE","@id":"https:\/\/www.selry.fi\/sv\/blogg\/i-facket-har-vi-styrka\/#primaryimage","url":"https:\/\/www.selry.fi\/wp-content\/uploads\/2021\/05\/kuntonen-syva-artikkelikuva.jpg","contentUrl":"https:\/\/www.selry.fi\/wp-content\/uploads\/2021\/05\/kuntonen-syva-artikkelikuva.jpg","width":1385,"height":1063},{"@type":"BreadcrumbList","@id":"https:\/\/www.selry.fi\/sv\/blogg\/i-facket-har-vi-styrka\/#breadcrumb","itemListElement":[{"@type":"ListItem","position":1,"name":"Home","item":"https:\/\/www.selry.fi\/sv\/"},{"@type":"ListItem","position":2,"name":"I facket har vi styrka"}]},{"@type":"WebSite","@id":"https:\/\/www.selry.fi\/#website","url":"https:\/\/www.selry.fi\/","name":"Suomen Elintarvikety\u00f6l\u00e4isten Liitto SEL","description":"","publisher":{"@id":"https:\/\/www.selry.fi\/#organization"},"inLanguage":"sv-SE"},{"@type":"Organization","@id":"https:\/\/www.selry.fi\/#organization","name":"Suomen Elintarvikety\u00f6l\u00e4isten Liitto SEL","url":"https:\/\/www.selry.fi\/","logo":{"@type":"ImageObject","inLanguage":"sv-SE","@id":"https:\/\/www.selry.fi\/#\/schema\/logo\/image\/","url":"https:\/\/www.selry.fi\/wp-content\/uploads\/2021\/05\/logo-sel.svg","contentUrl":"https:\/\/www.selry.fi\/wp-content\/uploads\/2021\/05\/logo-sel.svg","width":453,"height":135,"caption":"Suomen Elintarvikety\u00f6l\u00e4isten Liitto SEL"},"image":{"@id":"https:\/\/www.selry.fi\/#\/schema\/logo\/image\/"},"sameAs":["https:\/\/www.facebook.com\/selry","https:\/\/x.com\/selryfi"]},{"@type":"Person","@id":"https:\/\/www.selry.fi\/#\/schema\/person\/4fb0b52ed84c524f0beea95625a21678","name":"Karoliina \u00d6ystil\u00e4","image":{"@type":"ImageObject","inLanguage":"sv-SE","@id":"https:\/\/secure.gravatar.com\/avatar\/8dcb857776c4317075ba571fdc81a06a1f240302e468800d69bf316ef82ac4cd?s=96&d=mm&r=g","url":"https:\/\/secure.gravatar.com\/avatar\/8dcb857776c4317075ba571fdc81a06a1f240302e468800d69bf316ef82ac4cd?s=96&d=mm&r=g","contentUrl":"https:\/\/secure.gravatar.com\/avatar\/8dcb857776c4317075ba571fdc81a06a1f240302e468800d69bf316ef82ac4cd?s=96&d=mm&r=g","caption":"Karoliina \u00d6ystil\u00e4"}}]}},"_links":{"self":[{"href":"https:\/\/www.selry.fi\/sv\/wp-json\/wp\/v2\/posts\/8827","targetHints":{"allow":["GET"]}}],"collection":[{"href":"https:\/\/www.selry.fi\/sv\/wp-json\/wp\/v2\/posts"}],"about":[{"href":"https:\/\/www.selry.fi\/sv\/wp-json\/wp\/v2\/types\/post"}],"author":[{"embeddable":true,"href":"https:\/\/www.selry.fi\/sv\/wp-json\/wp\/v2\/users\/4"}],"replies":[{"embeddable":true,"href":"https:\/\/www.selry.fi\/sv\/wp-json\/wp\/v2\/comments?post=8827"}],"version-history":[{"count":0,"href":"https:\/\/www.selry.fi\/sv\/wp-json\/wp\/v2\/posts\/8827\/revisions"}],"wp:featuredmedia":[{"embeddable":true,"href":"https:\/\/www.selry.fi\/sv\/wp-json\/wp\/v2\/media\/1915"}],"wp:attachment":[{"href":"https:\/\/www.selry.fi\/sv\/wp-json\/wp\/v2\/media?parent=8827"}],"wp:term":[{"taxonomy":"category","embeddable":true,"href":"https:\/\/www.selry.fi\/sv\/wp-json\/wp\/v2\/categories?post=8827"},{"taxonomy":"post_tag","embeddable":true,"href":"https:\/\/www.selry.fi\/sv\/wp-json\/wp\/v2\/tags?post=8827"}],"curies":[{"name":"wp","href":"https:\/\/api.w.org\/{rel}","templated":true}]}}