{"id":8523,"date":"2022-04-29T22:54:31","date_gmt":"2022-04-29T19:54:31","guid":{"rendered":"https:\/\/www.selry.fi\/?p=8523"},"modified":"2022-04-29T22:54:32","modified_gmt":"2022-04-29T19:54:32","slug":"ny-modell-ett-hot-eller-en-mojlighet","status":"publish","type":"post","link":"https:\/\/www.selry.fi\/sv\/blogg\/ny-modell-ett-hot-eller-en-mojlighet\/","title":{"rendered":"Ny modell \u2013 ett hot eller en m\u00f6jlighet?"},"content":{"rendered":"\n<p>I b\u00f6rjan av maj tr\u00e4der en lag i kraft som kommer att p\u00e5verka i praktiken varje arbetsl\u00f6s arbetss\u00f6kandes vardag. Reformen har ett fint, men n\u00e5got sv\u00e5rbegripligt namn, <a href=\"https:\/\/www.selry.fi\/sv\/nyheter\/den-nya-modellen-for-arbetskraftsservice-skarper-skyldigheterna-for-arbetslosa\/\">\u201dden nordiska modellen f\u00f6r arbetskraftsservice\u201d<\/a>. <a href=\"https:\/\/tyomarkkinatori.fi\/sv\" target=\"_blank\" rel=\"noreferrer noopener\">TE-tj\u00e4nsten<\/a> talar om \u201dden nya kundservicemodellen\u201d. I folkmun har modellen kallats aktiveringsmodell nummer tv\u00e5 eller tre, trots att det inte handlar om riktigt samma sak som de av regeringen Sipil\u00e4 utvecklade aktiveringsmodellerna.<\/p>\n\n\n\n<p>I motsats till den redan begravda aktiveringsmodellen f\u00f6rlorar inte den arbetss\u00f6kande i den nya modellen sin arbetsl\u00f6shetsf\u00f6rm\u00e5n eller f\u00e5r den nedskuren, om hen f\u00f6ljer sin syssels\u00e4ttningsplan, trots att ingen arbetsplats hittas. Den nya modellen \u00f6kar TE- byr\u00e5ernas service och kontakter samt f\u00f6rkortar karenserna. Detta kan ses som en bra sak ur den arbetss\u00f6kandes perspektiv.<\/p>\n\n\n\n<p>I den nya modellen \u00e4r det fr\u00e5ga om att regeringen vill f\u00e5 de m\u00e4nniskor som blivit arbetsl\u00f6sa s\u00e5 snabbt som m\u00f6jligt tillbaka in i arbetslivet. F\u00f6r att n\u00e5 det m\u00e5let \u00f6kas den arbetss\u00f6kandes skyldighet att s\u00f6ka arbete. I forts\u00e4ttningen ska den arbetss\u00f6kande i huvudsak s\u00f6ka till minst fyra arbetsplatser per m\u00e5nad, vilket inneb\u00e4r en arbetsans\u00f6kan per vecka. Men det g\u00e5r inte att syssels\u00e4tta m\u00e4nniskor om det inte finns riktiga arbetsplatser.<\/p>\n\n\n\n<p>Antalet arbetsans\u00f6kningar kommer man individuellt \u00f6verens om i varje arbetss\u00f6kandes egen syssels\u00e4ttningsplan. Fyra \u00e4r inget absolut antal, utan antalet kan man \u00f6verenskomma om fr\u00e5n noll till fyra. Antalet beror p\u00e5 till buds st\u00e5ende arbetsplatser och den arbetss\u00f6kandes kapacitet.<\/p>\n\n\n\n<p>\u00c4r det h\u00e4r ett hot eller en m\u00f6jlighet? Det beror helt p\u00e5 hur individuell service TE- byr\u00e5ernas och kommunernas tj\u00e4nstem\u00e4n kan erbjuda den arbetss\u00f6kande. F\u00f6rhoppningsvis har de tillr\u00e4cklig tid f\u00f6r individuell service. Om det inte finns arbetsplatser i regionen eller den arbetss\u00f6kande de facto \u00e4r arbetsof\u00f6rm\u00f6gen \u00e4r det ingen id\u00e9 att tvinga m\u00e4nniskor in i en rumba med fyra ans\u00f6kningar per m\u00e5nad.<br><\/p>\n\n\n\n<p><em>Karoliina \u00d6ystil\u00e4<br>SEL:s kommunikationschef, chefredakt\u00f6r<\/em><\/p>\n\n\n\n<p><em>Texten publiceras f\u00f6rst som ledare i Elintae 3\/2022, 29.4.2022.<\/em><\/p>\n","protected":false},"excerpt":{"rendered":"<p>I b\u00f6rjan av maj tr\u00e4der en lag i kraft som kommer att p\u00e5verka i praktiken varje arbetsl\u00f6s arbetss\u00f6kandes vardag. Reformen [\u2026] <a href=\"https:\/\/www.selry.fi\/sv\/blogg\/ny-modell-ett-hot-eller-en-mojlighet\/\">Lue lis\u00e4\u00e4 &raquo;<\/a><\/p>\n","protected":false},"author":4,"featured_media":4353,"comment_status":"closed","ping_status":"closed","sticky":false,"template":"","format":"standard","meta":{"_acf_changed":false,"footnotes":""},"categories":[64],"tags":[],"class_list":["post-8523","post","type-post","status-publish","format-standard","has-post-thumbnail","hentry","category-blogg"],"acf":[],"yoast_head":"<!-- This site is optimized with the Yoast SEO plugin v27.2 - https:\/\/yoast.com\/product\/yoast-seo-wordpress\/ -->\n<title>Ny modell \u2013 ett hot eller en m\u00f6jlighet?<\/title>\n<meta name=\"robots\" content=\"index, follow, max-snippet:-1, max-image-preview:large, max-video-preview:-1\" \/>\n<link rel=\"canonical\" href=\"https:\/\/www.selry.fi\/sv\/blogg\/ny-modell-ett-hot-eller-en-mojlighet\/\" \/>\n<meta property=\"og:locale\" content=\"sv_SE\" \/>\n<meta property=\"og:type\" content=\"article\" \/>\n<meta property=\"og:title\" content=\"Ny modell \u2013 ett hot eller en m\u00f6jlighet?\" \/>\n<meta property=\"og:description\" content=\"I b\u00f6rjan av maj tr\u00e4der en lag i kraft som kommer att p\u00e5verka i praktiken varje arbetsl\u00f6s arbetss\u00f6kandes vardag. Reformen [\u2026] Lue lis\u00e4\u00e4 &raquo;\" \/>\n<meta property=\"og:url\" content=\"https:\/\/www.selry.fi\/sv\/blogg\/ny-modell-ett-hot-eller-en-mojlighet\/\" \/>\n<meta property=\"og:site_name\" content=\"Suomen Elintarvikety\u00f6l\u00e4isten Liitto SEL\" \/>\n<meta property=\"article:publisher\" content=\"https:\/\/www.facebook.com\/selry\" \/>\n<meta property=\"article:published_time\" content=\"2022-04-29T19:54:31+00:00\" \/>\n<meta property=\"article:modified_time\" content=\"2022-04-29T19:54:32+00:00\" \/>\n<meta property=\"og:image\" content=\"https:\/\/www.selry.fi\/wp-content\/uploads\/2021\/05\/oystila-karoliina-kuva-blogiin.jpg\" \/>\n\t<meta property=\"og:image:width\" content=\"1385\" \/>\n\t<meta property=\"og:image:height\" content=\"1252\" \/>\n\t<meta property=\"og:image:type\" content=\"image\/jpeg\" \/>\n<meta name=\"author\" content=\"Karoliina \u00d6ystil\u00e4\" \/>\n<meta name=\"twitter:card\" content=\"summary_large_image\" \/>\n<meta name=\"twitter:creator\" content=\"@selryfi\" \/>\n<meta name=\"twitter:site\" content=\"@selryfi\" \/>\n<script type=\"application\/ld+json\" class=\"yoast-schema-graph\">{\"@context\":\"https:\/\/schema.org\",\"@graph\":[{\"@type\":\"Article\",\"@id\":\"https:\/\/www.selry.fi\/sv\/blogg\/ny-modell-ett-hot-eller-en-mojlighet\/#article\",\"isPartOf\":{\"@id\":\"https:\/\/www.selry.fi\/sv\/blogg\/ny-modell-ett-hot-eller-en-mojlighet\/\"},\"author\":{\"name\":\"Karoliina \u00d6ystil\u00e4\",\"@id\":\"https:\/\/www.selry.fi\/#\/schema\/person\/4fb0b52ed84c524f0beea95625a21678\"},\"headline\":\"Ny modell \u2013 ett hot eller en m\u00f6jlighet?\",\"datePublished\":\"2022-04-29T19:54:31+00:00\",\"dateModified\":\"2022-04-29T19:54:32+00:00\",\"mainEntityOfPage\":{\"@id\":\"https:\/\/www.selry.fi\/sv\/blogg\/ny-modell-ett-hot-eller-en-mojlighet\/\"},\"wordCount\":369,\"publisher\":{\"@id\":\"https:\/\/www.selry.fi\/#organization\"},\"image\":{\"@id\":\"https:\/\/www.selry.fi\/sv\/blogg\/ny-modell-ett-hot-eller-en-mojlighet\/#primaryimage\"},\"thumbnailUrl\":\"https:\/\/www.selry.fi\/wp-content\/uploads\/2021\/05\/oystila-karoliina-kuva-blogiin.jpg\",\"articleSection\":[\"Blogg\"],\"inLanguage\":\"sv-SE\"},{\"@type\":\"WebPage\",\"@id\":\"https:\/\/www.selry.fi\/sv\/blogg\/ny-modell-ett-hot-eller-en-mojlighet\/\",\"url\":\"https:\/\/www.selry.fi\/sv\/blogg\/ny-modell-ett-hot-eller-en-mojlighet\/\",\"name\":\"Ny modell \u2013 ett hot eller en m\u00f6jlighet?\",\"isPartOf\":{\"@id\":\"https:\/\/www.selry.fi\/#website\"},\"primaryImageOfPage\":{\"@id\":\"https:\/\/www.selry.fi\/sv\/blogg\/ny-modell-ett-hot-eller-en-mojlighet\/#primaryimage\"},\"image\":{\"@id\":\"https:\/\/www.selry.fi\/sv\/blogg\/ny-modell-ett-hot-eller-en-mojlighet\/#primaryimage\"},\"thumbnailUrl\":\"https:\/\/www.selry.fi\/wp-content\/uploads\/2021\/05\/oystila-karoliina-kuva-blogiin.jpg\",\"datePublished\":\"2022-04-29T19:54:31+00:00\",\"dateModified\":\"2022-04-29T19:54:32+00:00\",\"breadcrumb\":{\"@id\":\"https:\/\/www.selry.fi\/sv\/blogg\/ny-modell-ett-hot-eller-en-mojlighet\/#breadcrumb\"},\"inLanguage\":\"sv-SE\",\"potentialAction\":[{\"@type\":\"ReadAction\",\"target\":[\"https:\/\/www.selry.fi\/sv\/blogg\/ny-modell-ett-hot-eller-en-mojlighet\/\"]}]},{\"@type\":\"ImageObject\",\"inLanguage\":\"sv-SE\",\"@id\":\"https:\/\/www.selry.fi\/sv\/blogg\/ny-modell-ett-hot-eller-en-mojlighet\/#primaryimage\",\"url\":\"https:\/\/www.selry.fi\/wp-content\/uploads\/2021\/05\/oystila-karoliina-kuva-blogiin.jpg\",\"contentUrl\":\"https:\/\/www.selry.fi\/wp-content\/uploads\/2021\/05\/oystila-karoliina-kuva-blogiin.jpg\",\"width\":1385,\"height\":1252},{\"@type\":\"BreadcrumbList\",\"@id\":\"https:\/\/www.selry.fi\/sv\/blogg\/ny-modell-ett-hot-eller-en-mojlighet\/#breadcrumb\",\"itemListElement\":[{\"@type\":\"ListItem\",\"position\":1,\"name\":\"Home\",\"item\":\"https:\/\/www.selry.fi\/sv\/\"},{\"@type\":\"ListItem\",\"position\":2,\"name\":\"Ny modell \u2013 ett hot eller en m\u00f6jlighet?\"}]},{\"@type\":\"WebSite\",\"@id\":\"https:\/\/www.selry.fi\/#website\",\"url\":\"https:\/\/www.selry.fi\/\",\"name\":\"Suomen Elintarvikety\u00f6l\u00e4isten Liitto SEL\",\"description\":\"\",\"publisher\":{\"@id\":\"https:\/\/www.selry.fi\/#organization\"},\"inLanguage\":\"sv-SE\"},{\"@type\":\"Organization\",\"@id\":\"https:\/\/www.selry.fi\/#organization\",\"name\":\"Suomen Elintarvikety\u00f6l\u00e4isten Liitto SEL\",\"url\":\"https:\/\/www.selry.fi\/\",\"logo\":{\"@type\":\"ImageObject\",\"inLanguage\":\"sv-SE\",\"@id\":\"https:\/\/www.selry.fi\/#\/schema\/logo\/image\/\",\"url\":\"https:\/\/www.selry.fi\/wp-content\/uploads\/2021\/05\/logo-sel.svg\",\"contentUrl\":\"https:\/\/www.selry.fi\/wp-content\/uploads\/2021\/05\/logo-sel.svg\",\"width\":453,\"height\":135,\"caption\":\"Suomen Elintarvikety\u00f6l\u00e4isten Liitto SEL\"},\"image\":{\"@id\":\"https:\/\/www.selry.fi\/#\/schema\/logo\/image\/\"},\"sameAs\":[\"https:\/\/www.facebook.com\/selry\",\"https:\/\/x.com\/selryfi\"]},{\"@type\":\"Person\",\"@id\":\"https:\/\/www.selry.fi\/#\/schema\/person\/4fb0b52ed84c524f0beea95625a21678\",\"name\":\"Karoliina \u00d6ystil\u00e4\",\"image\":{\"@type\":\"ImageObject\",\"inLanguage\":\"sv-SE\",\"@id\":\"https:\/\/secure.gravatar.com\/avatar\/8dcb857776c4317075ba571fdc81a06a1f240302e468800d69bf316ef82ac4cd?s=96&d=mm&r=g\",\"url\":\"https:\/\/secure.gravatar.com\/avatar\/8dcb857776c4317075ba571fdc81a06a1f240302e468800d69bf316ef82ac4cd?s=96&d=mm&r=g\",\"contentUrl\":\"https:\/\/secure.gravatar.com\/avatar\/8dcb857776c4317075ba571fdc81a06a1f240302e468800d69bf316ef82ac4cd?s=96&d=mm&r=g\",\"caption\":\"Karoliina \u00d6ystil\u00e4\"}}]}<\/script>\n<!-- \/ Yoast SEO plugin. -->","yoast_head_json":{"title":"Ny modell \u2013 ett hot eller en m\u00f6jlighet?","robots":{"index":"index","follow":"follow","max-snippet":"max-snippet:-1","max-image-preview":"max-image-preview:large","max-video-preview":"max-video-preview:-1"},"canonical":"https:\/\/www.selry.fi\/sv\/blogg\/ny-modell-ett-hot-eller-en-mojlighet\/","og_locale":"sv_SE","og_type":"article","og_title":"Ny modell \u2013 ett hot eller en m\u00f6jlighet?","og_description":"I b\u00f6rjan av maj tr\u00e4der en lag i kraft som kommer att p\u00e5verka i praktiken varje arbetsl\u00f6s arbetss\u00f6kandes vardag. Reformen [\u2026] Lue lis\u00e4\u00e4 &raquo;","og_url":"https:\/\/www.selry.fi\/sv\/blogg\/ny-modell-ett-hot-eller-en-mojlighet\/","og_site_name":"Suomen Elintarvikety\u00f6l\u00e4isten Liitto SEL","article_publisher":"https:\/\/www.facebook.com\/selry","article_published_time":"2022-04-29T19:54:31+00:00","article_modified_time":"2022-04-29T19:54:32+00:00","og_image":[{"width":1385,"height":1252,"url":"https:\/\/www.selry.fi\/wp-content\/uploads\/2021\/05\/oystila-karoliina-kuva-blogiin.jpg","type":"image\/jpeg"}],"author":"Karoliina \u00d6ystil\u00e4","twitter_card":"summary_large_image","twitter_creator":"@selryfi","twitter_site":"@selryfi","schema":{"@context":"https:\/\/schema.org","@graph":[{"@type":"Article","@id":"https:\/\/www.selry.fi\/sv\/blogg\/ny-modell-ett-hot-eller-en-mojlighet\/#article","isPartOf":{"@id":"https:\/\/www.selry.fi\/sv\/blogg\/ny-modell-ett-hot-eller-en-mojlighet\/"},"author":{"name":"Karoliina \u00d6ystil\u00e4","@id":"https:\/\/www.selry.fi\/#\/schema\/person\/4fb0b52ed84c524f0beea95625a21678"},"headline":"Ny modell \u2013 ett hot eller en m\u00f6jlighet?","datePublished":"2022-04-29T19:54:31+00:00","dateModified":"2022-04-29T19:54:32+00:00","mainEntityOfPage":{"@id":"https:\/\/www.selry.fi\/sv\/blogg\/ny-modell-ett-hot-eller-en-mojlighet\/"},"wordCount":369,"publisher":{"@id":"https:\/\/www.selry.fi\/#organization"},"image":{"@id":"https:\/\/www.selry.fi\/sv\/blogg\/ny-modell-ett-hot-eller-en-mojlighet\/#primaryimage"},"thumbnailUrl":"https:\/\/www.selry.fi\/wp-content\/uploads\/2021\/05\/oystila-karoliina-kuva-blogiin.jpg","articleSection":["Blogg"],"inLanguage":"sv-SE"},{"@type":"WebPage","@id":"https:\/\/www.selry.fi\/sv\/blogg\/ny-modell-ett-hot-eller-en-mojlighet\/","url":"https:\/\/www.selry.fi\/sv\/blogg\/ny-modell-ett-hot-eller-en-mojlighet\/","name":"Ny modell \u2013 ett hot eller en m\u00f6jlighet?","isPartOf":{"@id":"https:\/\/www.selry.fi\/#website"},"primaryImageOfPage":{"@id":"https:\/\/www.selry.fi\/sv\/blogg\/ny-modell-ett-hot-eller-en-mojlighet\/#primaryimage"},"image":{"@id":"https:\/\/www.selry.fi\/sv\/blogg\/ny-modell-ett-hot-eller-en-mojlighet\/#primaryimage"},"thumbnailUrl":"https:\/\/www.selry.fi\/wp-content\/uploads\/2021\/05\/oystila-karoliina-kuva-blogiin.jpg","datePublished":"2022-04-29T19:54:31+00:00","dateModified":"2022-04-29T19:54:32+00:00","breadcrumb":{"@id":"https:\/\/www.selry.fi\/sv\/blogg\/ny-modell-ett-hot-eller-en-mojlighet\/#breadcrumb"},"inLanguage":"sv-SE","potentialAction":[{"@type":"ReadAction","target":["https:\/\/www.selry.fi\/sv\/blogg\/ny-modell-ett-hot-eller-en-mojlighet\/"]}]},{"@type":"ImageObject","inLanguage":"sv-SE","@id":"https:\/\/www.selry.fi\/sv\/blogg\/ny-modell-ett-hot-eller-en-mojlighet\/#primaryimage","url":"https:\/\/www.selry.fi\/wp-content\/uploads\/2021\/05\/oystila-karoliina-kuva-blogiin.jpg","contentUrl":"https:\/\/www.selry.fi\/wp-content\/uploads\/2021\/05\/oystila-karoliina-kuva-blogiin.jpg","width":1385,"height":1252},{"@type":"BreadcrumbList","@id":"https:\/\/www.selry.fi\/sv\/blogg\/ny-modell-ett-hot-eller-en-mojlighet\/#breadcrumb","itemListElement":[{"@type":"ListItem","position":1,"name":"Home","item":"https:\/\/www.selry.fi\/sv\/"},{"@type":"ListItem","position":2,"name":"Ny modell \u2013 ett hot eller en m\u00f6jlighet?"}]},{"@type":"WebSite","@id":"https:\/\/www.selry.fi\/#website","url":"https:\/\/www.selry.fi\/","name":"Suomen Elintarvikety\u00f6l\u00e4isten Liitto SEL","description":"","publisher":{"@id":"https:\/\/www.selry.fi\/#organization"},"inLanguage":"sv-SE"},{"@type":"Organization","@id":"https:\/\/www.selry.fi\/#organization","name":"Suomen Elintarvikety\u00f6l\u00e4isten Liitto SEL","url":"https:\/\/www.selry.fi\/","logo":{"@type":"ImageObject","inLanguage":"sv-SE","@id":"https:\/\/www.selry.fi\/#\/schema\/logo\/image\/","url":"https:\/\/www.selry.fi\/wp-content\/uploads\/2021\/05\/logo-sel.svg","contentUrl":"https:\/\/www.selry.fi\/wp-content\/uploads\/2021\/05\/logo-sel.svg","width":453,"height":135,"caption":"Suomen Elintarvikety\u00f6l\u00e4isten Liitto SEL"},"image":{"@id":"https:\/\/www.selry.fi\/#\/schema\/logo\/image\/"},"sameAs":["https:\/\/www.facebook.com\/selry","https:\/\/x.com\/selryfi"]},{"@type":"Person","@id":"https:\/\/www.selry.fi\/#\/schema\/person\/4fb0b52ed84c524f0beea95625a21678","name":"Karoliina \u00d6ystil\u00e4","image":{"@type":"ImageObject","inLanguage":"sv-SE","@id":"https:\/\/secure.gravatar.com\/avatar\/8dcb857776c4317075ba571fdc81a06a1f240302e468800d69bf316ef82ac4cd?s=96&d=mm&r=g","url":"https:\/\/secure.gravatar.com\/avatar\/8dcb857776c4317075ba571fdc81a06a1f240302e468800d69bf316ef82ac4cd?s=96&d=mm&r=g","contentUrl":"https:\/\/secure.gravatar.com\/avatar\/8dcb857776c4317075ba571fdc81a06a1f240302e468800d69bf316ef82ac4cd?s=96&d=mm&r=g","caption":"Karoliina \u00d6ystil\u00e4"}}]}},"_links":{"self":[{"href":"https:\/\/www.selry.fi\/sv\/wp-json\/wp\/v2\/posts\/8523","targetHints":{"allow":["GET"]}}],"collection":[{"href":"https:\/\/www.selry.fi\/sv\/wp-json\/wp\/v2\/posts"}],"about":[{"href":"https:\/\/www.selry.fi\/sv\/wp-json\/wp\/v2\/types\/post"}],"author":[{"embeddable":true,"href":"https:\/\/www.selry.fi\/sv\/wp-json\/wp\/v2\/users\/4"}],"replies":[{"embeddable":true,"href":"https:\/\/www.selry.fi\/sv\/wp-json\/wp\/v2\/comments?post=8523"}],"version-history":[{"count":0,"href":"https:\/\/www.selry.fi\/sv\/wp-json\/wp\/v2\/posts\/8523\/revisions"}],"wp:featuredmedia":[{"embeddable":true,"href":"https:\/\/www.selry.fi\/sv\/wp-json\/wp\/v2\/media\/4353"}],"wp:attachment":[{"href":"https:\/\/www.selry.fi\/sv\/wp-json\/wp\/v2\/media?parent=8523"}],"wp:term":[{"taxonomy":"category","embeddable":true,"href":"https:\/\/www.selry.fi\/sv\/wp-json\/wp\/v2\/categories?post=8523"},{"taxonomy":"post_tag","embeddable":true,"href":"https:\/\/www.selry.fi\/sv\/wp-json\/wp\/v2\/tags?post=8523"}],"curies":[{"name":"wp","href":"https:\/\/api.w.org\/{rel}","templated":true}]}}