{"id":8455,"date":"2022-04-28T11:42:48","date_gmt":"2022-04-28T08:42:48","guid":{"rendered":"https:\/\/www.selry.fi\/?p=8455"},"modified":"2022-04-28T12:07:27","modified_gmt":"2022-04-28T09:07:27","slug":"w-j-dahlman-pa-aland-ljus-i-sikte-efter-coronaaret-och-uppsagningarna","status":"publish","type":"post","link":"https:\/\/www.selry.fi\/sv\/nyheter\/w-j-dahlman-pa-aland-ljus-i-sikte-efter-coronaaret-och-uppsagningarna\/","title":{"rendered":"W.J. Dahlman p\u00e5 \u00c5land \u2013 Ljus i sikte efter corona\u00e5ret och upps\u00e4gningarna?"},"content":{"rendered":"\n<p class=\"has-ingressi-font-size\">\u00c5lands enda slakteri W.J. Dahlman producerar k\u00f6ttf\u00f6r\u00e4dling ocks\u00e5 till fastlands-Finland. D\u00e5 coronarestriktionerna har l\u00e4ttats har man i f\u00f6retaget med hoppfullhet inriktat sig p\u00e5 sommaren. Men s\u00e5 utbr\u00f6t kriget i Ukraina och prisf\u00f6rh\u00f6jningar blev ett nytt hot.<\/p>\n\n\n\n<p>Ordf\u00f6randen f\u00f6r \u00c5lands livsmedelsarbetares fackavdelning och huvudf\u00f6rtroendemannen f\u00f6r arbetstagarna vid W.J. Dahlmans produktionsanl\u00e4ggning i Mariehamn, Johan Stark presenterar f\u00f6r sina g\u00e4ster det n\u00e4rmare 100 \u00e5r gamla, \u00e5r 1924 grundade familjebolagets kyllager, slakteri och k\u00f6ttf\u00f6r\u00e4dlingsenhet. Vid sidan av k\u00f6ttprodukter och korvproduktion fungerar Dahlmans som partihandel f\u00f6r restauranger och aff\u00e4rer.<\/p>\n\n\n\n<p>Under rundvandringen visar Johan Stark hur f\u00e4rdiga knackkorvar s\u00e4tts i f\u00f6rpackningar som f\u00f6rsluts maskinellt. Flinkt s\u00e4tts 12 korvar, en och en, i ett k\u00e4rl och vips s\u00e5 flyger kokst\u00e5ngen i v\u00e4g och landar i en stor plastbeh\u00e5llare.<\/p>\n\n\n\n<p>\u2013 Det h\u00e4r \u00e4r v\u00e5r mest popul\u00e4ra produkt: wienerkorv, men egentligen \u00e4r det f\u00f6r oss finl\u00e4ndare fr\u00e5ga om knackkorv, ber\u00e4ttar Stark.<br><\/p>\n\n\n\n<p><strong>F\u00f6rsta och tunga samarbetsf\u00f6rhandlingar<\/strong><\/p>\n\n\n\n<p>Johan Stark, 56, som \u00e4r f\u00f6dd i n\u00e4rheten av Vasa flyttade till \u00c5land \u00e5r 1989 f\u00f6r att arbeta vid en fiskodling, som det d\u00e5 fanns m\u00e5nga av. Efter tio \u00e5r i fiskbranschen kom han till k\u00f6tt- och korvproduktionen p\u00e5 Dahlmans, och har trivts h\u00e4r i snart 25 \u00e5r.<\/p>\n\n\n\n<p>\u2013 Det har g\u00e5tt bra att arbeta i familjebolaget och \u00e4ven i de fackliga fr\u00e5gorna har f\u00f6rhandlingarna l\u00f6pt bra. V\u00e4rst i f\u00f6rtroendemannajobbet var samarbetsf\u00f6rhandlingarna \u00e5r 2020. Efter att coronan lagt sig har tre av oss f\u00e5tt sparken, och de var fackligt anslutna. Det var tungt, s\u00e4ger Stark.<\/p>\n\n\n\n<p>Eftersom samarbetsf\u00f6rhandlingarna var hans f\u00f6rsta i karri\u00e4ren bad han, och fick hj\u00e4lp fr\u00e5n SEL:s centralbyr\u00e5 i Helsingfors. P\u00e5 Dahlmans arbetar n\u00e5got under 50 personer. Av dem \u00e4r cirka 20 medlemmar i SEL.<\/p>\n\n\n\n<p>\u2013 Jag borde varje dag upprepa betydelsen av att h\u00f6ra till f\u00f6rbundet f\u00f6r att vi ska f\u00e5 fler medlemmar. Men det \u00e4r inte l\u00e4tt att vara f\u00f6rtroendeman, och man borde s\u00e4kert bara tillr\u00e4ckligt ofta orka p\u00e5minna om vikten av medlemskap i facket, s\u00e4ger Stark med ett leende.<\/p>\n\n\n\n<p>Johan Stark \u00e4r samtidigt ordf\u00f6rande f\u00f6r FFC:s platsorganisation p\u00e5 \u00c5land.<\/p>\n\n\n\n<p>\u2013 P\u00e5 \u00c5land har fackf\u00f6rbunden ett t\u00e4tt samarbete. Vi tr\u00e4ffas 5\u20136 g\u00e5nger per \u00e5r och planerar verksamheten s\u00e5 att vi skulle f\u00e5 de unga att aktivera sig. Vi planerar ocks\u00e5 utbildning och rekreationsverksamhet gemensamt.<\/p>\n\n\n\n<p>Den \u00e5rliga m\u00e4ssan \u00e4r ett viktigt tillf\u00e4lle f\u00f6r f\u00f6rbundet att presentera sig, eftersom facket inte n\u00f6dv\u00e4ndigtvis f\u00e5r komma in och tala om fackliga fr\u00e5gorna i alla skolor, konstaterar Johan Stark.<br><\/p>\n\n\n\n<p><strong>Fj\u00e4rde generationens familjef\u00f6retag<\/strong><\/p>\n\n\n\n<p>Av en slump tr\u00e4ffar vi under v\u00e5r rundvandring verkst\u00e4llande direkt\u00f6r Johannes Dahlman som tillh\u00f6r \u00e4garfamiljen. Han hinner besvara ett par fr\u00e5gor, trots att f\u00f6rs\u00e4kringsbolagets inspekt\u00f6rer \u00e4r ute f\u00f6r att kolla fabriken. Vad var sv\u00e5rast under coronatiden?<\/p>\n\n\n\n<p>\u2013 De f\u00f6rsta 3\u20134 m\u00e5naderna \u00e5r 2020 var sv\u00e5rare, d\u00e5 ingen visste vad som skulle komma. V\u00e5ren 2021 s\u00e5g det redan b\u00e4ttre ut, men sedan kom ett bakslag igen, s\u00e4ger Dahlman, och suckar:<\/p>\n\n\n\n<p>\u2013 Nu h\u00f6jer kriget I Ukraina priset p\u00e5 insatsvarorna, vilket leder till prish\u00f6jningar p\u00e5 produkterna.<\/p>\n\n\n\n<p>Hans bed\u00f6mning \u00e4r att kriget i Ukraina, d\u00e4r ingen vet hur l\u00e4nge det ska p\u00e5g\u00e5, \u00e4r sv\u00e5rare \u00e4n coronapandemin, eftersom den st\u00f6rsta delen av Dahlmans produkter saluf\u00f6rs direkt till konsumenterna.<\/p>\n\n\n\n<p>\u2013 D\u00e5 priserna stiger k\u00f6per f\u00e4rre m\u00e4nniskor v\u00e5ra produkter. Men m\u00e5nne vi inte ska klara det h\u00e4r ocks\u00e5, s\u00e4ger Johannes Dahlman.<\/p>\n\n\n\n<p>Johan Stark forts\u00e4tter att presentera sin arbetsplats. Tidigare fanns det tre slakterier p\u00e5 \u00c5land, nu \u00e4r Dahlmans det enda kvarvarande slakteriet. Det finns inte utrymme f\u00f6r fler i \u00f6landskapet med n\u00e5got under 30.000 inv\u00e5nare. Dahlmans slaktar sammanlagt 700.000 kilogram per \u00e5r av bland annat n\u00f6t, svin, lamm och h\u00e4st.<\/p>\n\n\n\n<p>\u2013 H\u00e4r i Mariehamn har vi bara en slaktare och han styckar ocks\u00e5 k\u00f6tt. Slaktkropparna g\u00e5r till Hyvinge, d\u00e4r de behandlas av ett halvt dussin underleverant\u00f6rer, konstaterar Stark.<\/p>\n\n\n\n<p>P\u00e5 arbetsplatsen jobbar man i ett skift fr\u00e5n klockan sex p\u00e5 morgonen till klockan 14 p\u00e5 eftermiddagen.<br><\/p>\n\n\n\n<p><strong>Med 25 \u00e5rs erfarenhet<\/strong><\/p>\n\n\n\n<p>D\u00e5 vi p\u00e5 eftermiddagen kommer till slakteriet, finns alla den dagens n\u00f6tkreatur och svin i kyllagret i prydliga rader och slaktaren tv\u00e4ttar utrymmena med en vattenslang. Till fotografens besvikelse f\u00e5r vi inte se hur de k\u00f6ttf\u00f6r\u00e4dlade produkterna behandlas innan de hamnar p\u00e5 v\u00e5ra tallrikar.<\/p>\n\n\n\n<p>Men vi f\u00e5r f\u00f6lja med k\u00f6ttbehandling i mindre skala. Camilla Eklund sk\u00e4r med van hand bort hinnor och motsvarande fr\u00e5n en yttre fil\u00e9 och styckar fil\u00e9n. Bitarna \u00e4r avsedda f\u00f6r restaurangg\u00e4ster. Det g\u00e5r smidigt.<\/p>\n\n\n\n<p>\u2013 Nog g\u00e5r det h\u00e4r bra, n\u00e4r man har gjort det sedan \u00e5r 1997, s\u00e4ger Eklund.<\/p>\n\n\n\n<p>Har styckaren n\u00e5got favoritk\u00f6tt?<\/p>\n\n\n\n<p>\u2013 D\u00e5 man styckar g\u00f6r man bitar av allt k\u00f6tt, jag har ingen favorit. Men s\u00e5 \u00e4ter jag ocks\u00e5 k\u00f6tt sj\u00e4lv. En vegetarian skulle nog i det h\u00e4r jobbet vara i fel bransch, konstaterar Camilla Eklund.<br><br><br><em>Text: Jaakko Takalainen, bild: Ilkka Heino<\/em><\/p>\n","protected":false},"excerpt":{"rendered":"<p>\u00c5lands enda slakteri W.J. Dahlman producerar k\u00f6ttf\u00f6r\u00e4dling ocks\u00e5 till fastlands-Finland. D\u00e5 coronarestriktionerna har l\u00e4ttats har man i f\u00f6retaget med hoppfullhet [\u2026] <a href=\"https:\/\/www.selry.fi\/sv\/nyheter\/w-j-dahlman-pa-aland-ljus-i-sikte-efter-coronaaret-och-uppsagningarna\/\">Lue lis\u00e4\u00e4 &raquo;<\/a><\/p>\n","protected":false},"author":4,"featured_media":8456,"comment_status":"closed","ping_status":"closed","sticky":false,"template":"","format":"standard","meta":{"_acf_changed":false,"footnotes":""},"categories":[26],"tags":[],"class_list":["post-8455","post","type-post","status-publish","format-standard","has-post-thumbnail","hentry","category-nyheter"],"acf":[],"yoast_head":"<!-- This site is optimized with the Yoast SEO plugin v27.2 - https:\/\/yoast.com\/product\/yoast-seo-wordpress\/ -->\n<title>W.J. Dahlman p\u00e5 \u00c5land \u2013 Ljus i sikte efter corona\u00e5ret och upps\u00e4gningarna?<\/title>\n<meta name=\"robots\" content=\"index, follow, max-snippet:-1, max-image-preview:large, max-video-preview:-1\" \/>\n<link rel=\"canonical\" href=\"https:\/\/www.selry.fi\/sv\/nyheter\/w-j-dahlman-pa-aland-ljus-i-sikte-efter-coronaaret-och-uppsagningarna\/\" \/>\n<meta property=\"og:locale\" content=\"sv_SE\" \/>\n<meta property=\"og:type\" content=\"article\" \/>\n<meta property=\"og:title\" content=\"W.J. Dahlman p\u00e5 \u00c5land \u2013 Ljus i sikte efter corona\u00e5ret och upps\u00e4gningarna?\" \/>\n<meta property=\"og:description\" content=\"\u00c5lands enda slakteri W.J. Dahlman producerar k\u00f6ttf\u00f6r\u00e4dling ocks\u00e5 till fastlands-Finland. D\u00e5 coronarestriktionerna har l\u00e4ttats har man i f\u00f6retaget med hoppfullhet [\u2026] Lue lis\u00e4\u00e4 &raquo;\" \/>\n<meta property=\"og:url\" content=\"https:\/\/www.selry.fi\/sv\/nyheter\/w-j-dahlman-pa-aland-ljus-i-sikte-efter-coronaaret-och-uppsagningarna\/\" \/>\n<meta property=\"og:site_name\" content=\"Suomen Elintarvikety\u00f6l\u00e4isten Liitto SEL\" \/>\n<meta property=\"article:publisher\" content=\"https:\/\/www.facebook.com\/selry\" \/>\n<meta property=\"article:published_time\" content=\"2022-04-28T08:42:48+00:00\" \/>\n<meta property=\"article:modified_time\" content=\"2022-04-28T09:07:27+00:00\" \/>\n<meta property=\"og:image\" content=\"https:\/\/www.selry.fi\/wp-content\/uploads\/2022\/04\/dahlmans-johan-starck-kuva-ilkka-heino-p3230129.jpg\" \/>\n\t<meta property=\"og:image:width\" content=\"1920\" \/>\n\t<meta property=\"og:image:height\" content=\"1440\" \/>\n\t<meta property=\"og:image:type\" content=\"image\/jpeg\" \/>\n<meta name=\"author\" content=\"Karoliina \u00d6ystil\u00e4\" \/>\n<meta name=\"twitter:card\" content=\"summary_large_image\" \/>\n<meta name=\"twitter:creator\" content=\"@selryfi\" \/>\n<meta name=\"twitter:site\" content=\"@selryfi\" \/>\n<script type=\"application\/ld+json\" class=\"yoast-schema-graph\">{\"@context\":\"https:\/\/schema.org\",\"@graph\":[{\"@type\":\"Article\",\"@id\":\"https:\/\/www.selry.fi\/sv\/nyheter\/w-j-dahlman-pa-aland-ljus-i-sikte-efter-coronaaret-och-uppsagningarna\/#article\",\"isPartOf\":{\"@id\":\"https:\/\/www.selry.fi\/sv\/nyheter\/w-j-dahlman-pa-aland-ljus-i-sikte-efter-coronaaret-och-uppsagningarna\/\"},\"author\":{\"name\":\"Karoliina \u00d6ystil\u00e4\",\"@id\":\"https:\/\/www.selry.fi\/#\/schema\/person\/4fb0b52ed84c524f0beea95625a21678\"},\"headline\":\"W.J. Dahlman p\u00e5 \u00c5land \u2013 Ljus i sikte efter corona\u00e5ret och upps\u00e4gningarna?\",\"datePublished\":\"2022-04-28T08:42:48+00:00\",\"dateModified\":\"2022-04-28T09:07:27+00:00\",\"mainEntityOfPage\":{\"@id\":\"https:\/\/www.selry.fi\/sv\/nyheter\/w-j-dahlman-pa-aland-ljus-i-sikte-efter-coronaaret-och-uppsagningarna\/\"},\"wordCount\":919,\"publisher\":{\"@id\":\"https:\/\/www.selry.fi\/#organization\"},\"image\":{\"@id\":\"https:\/\/www.selry.fi\/sv\/nyheter\/w-j-dahlman-pa-aland-ljus-i-sikte-efter-coronaaret-och-uppsagningarna\/#primaryimage\"},\"thumbnailUrl\":\"https:\/\/www.selry.fi\/wp-content\/uploads\/2022\/04\/dahlmans-johan-starck-kuva-ilkka-heino-p3230129.jpg\",\"articleSection\":[\"Nyheter\"],\"inLanguage\":\"sv-SE\"},{\"@type\":\"WebPage\",\"@id\":\"https:\/\/www.selry.fi\/sv\/nyheter\/w-j-dahlman-pa-aland-ljus-i-sikte-efter-coronaaret-och-uppsagningarna\/\",\"url\":\"https:\/\/www.selry.fi\/sv\/nyheter\/w-j-dahlman-pa-aland-ljus-i-sikte-efter-coronaaret-och-uppsagningarna\/\",\"name\":\"W.J. Dahlman p\u00e5 \u00c5land \u2013 Ljus i sikte efter corona\u00e5ret och upps\u00e4gningarna?\",\"isPartOf\":{\"@id\":\"https:\/\/www.selry.fi\/#website\"},\"primaryImageOfPage\":{\"@id\":\"https:\/\/www.selry.fi\/sv\/nyheter\/w-j-dahlman-pa-aland-ljus-i-sikte-efter-coronaaret-och-uppsagningarna\/#primaryimage\"},\"image\":{\"@id\":\"https:\/\/www.selry.fi\/sv\/nyheter\/w-j-dahlman-pa-aland-ljus-i-sikte-efter-coronaaret-och-uppsagningarna\/#primaryimage\"},\"thumbnailUrl\":\"https:\/\/www.selry.fi\/wp-content\/uploads\/2022\/04\/dahlmans-johan-starck-kuva-ilkka-heino-p3230129.jpg\",\"datePublished\":\"2022-04-28T08:42:48+00:00\",\"dateModified\":\"2022-04-28T09:07:27+00:00\",\"breadcrumb\":{\"@id\":\"https:\/\/www.selry.fi\/sv\/nyheter\/w-j-dahlman-pa-aland-ljus-i-sikte-efter-coronaaret-och-uppsagningarna\/#breadcrumb\"},\"inLanguage\":\"sv-SE\",\"potentialAction\":[{\"@type\":\"ReadAction\",\"target\":[\"https:\/\/www.selry.fi\/sv\/nyheter\/w-j-dahlman-pa-aland-ljus-i-sikte-efter-coronaaret-och-uppsagningarna\/\"]}]},{\"@type\":\"ImageObject\",\"inLanguage\":\"sv-SE\",\"@id\":\"https:\/\/www.selry.fi\/sv\/nyheter\/w-j-dahlman-pa-aland-ljus-i-sikte-efter-coronaaret-och-uppsagningarna\/#primaryimage\",\"url\":\"https:\/\/www.selry.fi\/wp-content\/uploads\/2022\/04\/dahlmans-johan-starck-kuva-ilkka-heino-p3230129.jpg\",\"contentUrl\":\"https:\/\/www.selry.fi\/wp-content\/uploads\/2022\/04\/dahlmans-johan-starck-kuva-ilkka-heino-p3230129.jpg\",\"width\":1920,\"height\":1440},{\"@type\":\"BreadcrumbList\",\"@id\":\"https:\/\/www.selry.fi\/sv\/nyheter\/w-j-dahlman-pa-aland-ljus-i-sikte-efter-coronaaret-och-uppsagningarna\/#breadcrumb\",\"itemListElement\":[{\"@type\":\"ListItem\",\"position\":1,\"name\":\"Home\",\"item\":\"https:\/\/www.selry.fi\/sv\/\"},{\"@type\":\"ListItem\",\"position\":2,\"name\":\"W.J. Dahlman p\u00e5 \u00c5land \u2013 Ljus i sikte efter corona\u00e5ret och upps\u00e4gningarna?\"}]},{\"@type\":\"WebSite\",\"@id\":\"https:\/\/www.selry.fi\/#website\",\"url\":\"https:\/\/www.selry.fi\/\",\"name\":\"Suomen Elintarvikety\u00f6l\u00e4isten Liitto SEL\",\"description\":\"\",\"publisher\":{\"@id\":\"https:\/\/www.selry.fi\/#organization\"},\"inLanguage\":\"sv-SE\"},{\"@type\":\"Organization\",\"@id\":\"https:\/\/www.selry.fi\/#organization\",\"name\":\"Suomen Elintarvikety\u00f6l\u00e4isten Liitto SEL\",\"url\":\"https:\/\/www.selry.fi\/\",\"logo\":{\"@type\":\"ImageObject\",\"inLanguage\":\"sv-SE\",\"@id\":\"https:\/\/www.selry.fi\/#\/schema\/logo\/image\/\",\"url\":\"https:\/\/www.selry.fi\/wp-content\/uploads\/2021\/05\/logo-sel.svg\",\"contentUrl\":\"https:\/\/www.selry.fi\/wp-content\/uploads\/2021\/05\/logo-sel.svg\",\"width\":453,\"height\":135,\"caption\":\"Suomen Elintarvikety\u00f6l\u00e4isten Liitto SEL\"},\"image\":{\"@id\":\"https:\/\/www.selry.fi\/#\/schema\/logo\/image\/\"},\"sameAs\":[\"https:\/\/www.facebook.com\/selry\",\"https:\/\/x.com\/selryfi\"]},{\"@type\":\"Person\",\"@id\":\"https:\/\/www.selry.fi\/#\/schema\/person\/4fb0b52ed84c524f0beea95625a21678\",\"name\":\"Karoliina \u00d6ystil\u00e4\",\"image\":{\"@type\":\"ImageObject\",\"inLanguage\":\"sv-SE\",\"@id\":\"https:\/\/secure.gravatar.com\/avatar\/8dcb857776c4317075ba571fdc81a06a1f240302e468800d69bf316ef82ac4cd?s=96&d=mm&r=g\",\"url\":\"https:\/\/secure.gravatar.com\/avatar\/8dcb857776c4317075ba571fdc81a06a1f240302e468800d69bf316ef82ac4cd?s=96&d=mm&r=g\",\"contentUrl\":\"https:\/\/secure.gravatar.com\/avatar\/8dcb857776c4317075ba571fdc81a06a1f240302e468800d69bf316ef82ac4cd?s=96&d=mm&r=g\",\"caption\":\"Karoliina \u00d6ystil\u00e4\"}}]}<\/script>\n<!-- \/ Yoast SEO plugin. -->","yoast_head_json":{"title":"W.J. Dahlman p\u00e5 \u00c5land \u2013 Ljus i sikte efter corona\u00e5ret och upps\u00e4gningarna?","robots":{"index":"index","follow":"follow","max-snippet":"max-snippet:-1","max-image-preview":"max-image-preview:large","max-video-preview":"max-video-preview:-1"},"canonical":"https:\/\/www.selry.fi\/sv\/nyheter\/w-j-dahlman-pa-aland-ljus-i-sikte-efter-coronaaret-och-uppsagningarna\/","og_locale":"sv_SE","og_type":"article","og_title":"W.J. Dahlman p\u00e5 \u00c5land \u2013 Ljus i sikte efter corona\u00e5ret och upps\u00e4gningarna?","og_description":"\u00c5lands enda slakteri W.J. Dahlman producerar k\u00f6ttf\u00f6r\u00e4dling ocks\u00e5 till fastlands-Finland. D\u00e5 coronarestriktionerna har l\u00e4ttats har man i f\u00f6retaget med hoppfullhet [\u2026] Lue lis\u00e4\u00e4 &raquo;","og_url":"https:\/\/www.selry.fi\/sv\/nyheter\/w-j-dahlman-pa-aland-ljus-i-sikte-efter-coronaaret-och-uppsagningarna\/","og_site_name":"Suomen Elintarvikety\u00f6l\u00e4isten Liitto SEL","article_publisher":"https:\/\/www.facebook.com\/selry","article_published_time":"2022-04-28T08:42:48+00:00","article_modified_time":"2022-04-28T09:07:27+00:00","og_image":[{"width":1920,"height":1440,"url":"https:\/\/www.selry.fi\/wp-content\/uploads\/2022\/04\/dahlmans-johan-starck-kuva-ilkka-heino-p3230129.jpg","type":"image\/jpeg"}],"author":"Karoliina \u00d6ystil\u00e4","twitter_card":"summary_large_image","twitter_creator":"@selryfi","twitter_site":"@selryfi","schema":{"@context":"https:\/\/schema.org","@graph":[{"@type":"Article","@id":"https:\/\/www.selry.fi\/sv\/nyheter\/w-j-dahlman-pa-aland-ljus-i-sikte-efter-coronaaret-och-uppsagningarna\/#article","isPartOf":{"@id":"https:\/\/www.selry.fi\/sv\/nyheter\/w-j-dahlman-pa-aland-ljus-i-sikte-efter-coronaaret-och-uppsagningarna\/"},"author":{"name":"Karoliina \u00d6ystil\u00e4","@id":"https:\/\/www.selry.fi\/#\/schema\/person\/4fb0b52ed84c524f0beea95625a21678"},"headline":"W.J. Dahlman p\u00e5 \u00c5land \u2013 Ljus i sikte efter corona\u00e5ret och upps\u00e4gningarna?","datePublished":"2022-04-28T08:42:48+00:00","dateModified":"2022-04-28T09:07:27+00:00","mainEntityOfPage":{"@id":"https:\/\/www.selry.fi\/sv\/nyheter\/w-j-dahlman-pa-aland-ljus-i-sikte-efter-coronaaret-och-uppsagningarna\/"},"wordCount":919,"publisher":{"@id":"https:\/\/www.selry.fi\/#organization"},"image":{"@id":"https:\/\/www.selry.fi\/sv\/nyheter\/w-j-dahlman-pa-aland-ljus-i-sikte-efter-coronaaret-och-uppsagningarna\/#primaryimage"},"thumbnailUrl":"https:\/\/www.selry.fi\/wp-content\/uploads\/2022\/04\/dahlmans-johan-starck-kuva-ilkka-heino-p3230129.jpg","articleSection":["Nyheter"],"inLanguage":"sv-SE"},{"@type":"WebPage","@id":"https:\/\/www.selry.fi\/sv\/nyheter\/w-j-dahlman-pa-aland-ljus-i-sikte-efter-coronaaret-och-uppsagningarna\/","url":"https:\/\/www.selry.fi\/sv\/nyheter\/w-j-dahlman-pa-aland-ljus-i-sikte-efter-coronaaret-och-uppsagningarna\/","name":"W.J. Dahlman p\u00e5 \u00c5land \u2013 Ljus i sikte efter corona\u00e5ret och upps\u00e4gningarna?","isPartOf":{"@id":"https:\/\/www.selry.fi\/#website"},"primaryImageOfPage":{"@id":"https:\/\/www.selry.fi\/sv\/nyheter\/w-j-dahlman-pa-aland-ljus-i-sikte-efter-coronaaret-och-uppsagningarna\/#primaryimage"},"image":{"@id":"https:\/\/www.selry.fi\/sv\/nyheter\/w-j-dahlman-pa-aland-ljus-i-sikte-efter-coronaaret-och-uppsagningarna\/#primaryimage"},"thumbnailUrl":"https:\/\/www.selry.fi\/wp-content\/uploads\/2022\/04\/dahlmans-johan-starck-kuva-ilkka-heino-p3230129.jpg","datePublished":"2022-04-28T08:42:48+00:00","dateModified":"2022-04-28T09:07:27+00:00","breadcrumb":{"@id":"https:\/\/www.selry.fi\/sv\/nyheter\/w-j-dahlman-pa-aland-ljus-i-sikte-efter-coronaaret-och-uppsagningarna\/#breadcrumb"},"inLanguage":"sv-SE","potentialAction":[{"@type":"ReadAction","target":["https:\/\/www.selry.fi\/sv\/nyheter\/w-j-dahlman-pa-aland-ljus-i-sikte-efter-coronaaret-och-uppsagningarna\/"]}]},{"@type":"ImageObject","inLanguage":"sv-SE","@id":"https:\/\/www.selry.fi\/sv\/nyheter\/w-j-dahlman-pa-aland-ljus-i-sikte-efter-coronaaret-och-uppsagningarna\/#primaryimage","url":"https:\/\/www.selry.fi\/wp-content\/uploads\/2022\/04\/dahlmans-johan-starck-kuva-ilkka-heino-p3230129.jpg","contentUrl":"https:\/\/www.selry.fi\/wp-content\/uploads\/2022\/04\/dahlmans-johan-starck-kuva-ilkka-heino-p3230129.jpg","width":1920,"height":1440},{"@type":"BreadcrumbList","@id":"https:\/\/www.selry.fi\/sv\/nyheter\/w-j-dahlman-pa-aland-ljus-i-sikte-efter-coronaaret-och-uppsagningarna\/#breadcrumb","itemListElement":[{"@type":"ListItem","position":1,"name":"Home","item":"https:\/\/www.selry.fi\/sv\/"},{"@type":"ListItem","position":2,"name":"W.J. Dahlman p\u00e5 \u00c5land \u2013 Ljus i sikte efter corona\u00e5ret och upps\u00e4gningarna?"}]},{"@type":"WebSite","@id":"https:\/\/www.selry.fi\/#website","url":"https:\/\/www.selry.fi\/","name":"Suomen Elintarvikety\u00f6l\u00e4isten Liitto SEL","description":"","publisher":{"@id":"https:\/\/www.selry.fi\/#organization"},"inLanguage":"sv-SE"},{"@type":"Organization","@id":"https:\/\/www.selry.fi\/#organization","name":"Suomen Elintarvikety\u00f6l\u00e4isten Liitto SEL","url":"https:\/\/www.selry.fi\/","logo":{"@type":"ImageObject","inLanguage":"sv-SE","@id":"https:\/\/www.selry.fi\/#\/schema\/logo\/image\/","url":"https:\/\/www.selry.fi\/wp-content\/uploads\/2021\/05\/logo-sel.svg","contentUrl":"https:\/\/www.selry.fi\/wp-content\/uploads\/2021\/05\/logo-sel.svg","width":453,"height":135,"caption":"Suomen Elintarvikety\u00f6l\u00e4isten Liitto SEL"},"image":{"@id":"https:\/\/www.selry.fi\/#\/schema\/logo\/image\/"},"sameAs":["https:\/\/www.facebook.com\/selry","https:\/\/x.com\/selryfi"]},{"@type":"Person","@id":"https:\/\/www.selry.fi\/#\/schema\/person\/4fb0b52ed84c524f0beea95625a21678","name":"Karoliina \u00d6ystil\u00e4","image":{"@type":"ImageObject","inLanguage":"sv-SE","@id":"https:\/\/secure.gravatar.com\/avatar\/8dcb857776c4317075ba571fdc81a06a1f240302e468800d69bf316ef82ac4cd?s=96&d=mm&r=g","url":"https:\/\/secure.gravatar.com\/avatar\/8dcb857776c4317075ba571fdc81a06a1f240302e468800d69bf316ef82ac4cd?s=96&d=mm&r=g","contentUrl":"https:\/\/secure.gravatar.com\/avatar\/8dcb857776c4317075ba571fdc81a06a1f240302e468800d69bf316ef82ac4cd?s=96&d=mm&r=g","caption":"Karoliina \u00d6ystil\u00e4"}}]}},"_links":{"self":[{"href":"https:\/\/www.selry.fi\/sv\/wp-json\/wp\/v2\/posts\/8455","targetHints":{"allow":["GET"]}}],"collection":[{"href":"https:\/\/www.selry.fi\/sv\/wp-json\/wp\/v2\/posts"}],"about":[{"href":"https:\/\/www.selry.fi\/sv\/wp-json\/wp\/v2\/types\/post"}],"author":[{"embeddable":true,"href":"https:\/\/www.selry.fi\/sv\/wp-json\/wp\/v2\/users\/4"}],"replies":[{"embeddable":true,"href":"https:\/\/www.selry.fi\/sv\/wp-json\/wp\/v2\/comments?post=8455"}],"version-history":[{"count":0,"href":"https:\/\/www.selry.fi\/sv\/wp-json\/wp\/v2\/posts\/8455\/revisions"}],"wp:featuredmedia":[{"embeddable":true,"href":"https:\/\/www.selry.fi\/sv\/wp-json\/wp\/v2\/media\/8456"}],"wp:attachment":[{"href":"https:\/\/www.selry.fi\/sv\/wp-json\/wp\/v2\/media?parent=8455"}],"wp:term":[{"taxonomy":"category","embeddable":true,"href":"https:\/\/www.selry.fi\/sv\/wp-json\/wp\/v2\/categories?post=8455"},{"taxonomy":"post_tag","embeddable":true,"href":"https:\/\/www.selry.fi\/sv\/wp-json\/wp\/v2\/tags?post=8455"}],"curies":[{"name":"wp","href":"https:\/\/api.w.org\/{rel}","templated":true}]}}