{"id":8293,"date":"2022-04-14T22:19:57","date_gmt":"2022-04-14T19:19:57","guid":{"rendered":"https:\/\/www.selry.fi\/?p=8293"},"modified":"2022-06-10T00:25:33","modified_gmt":"2022-06-09T21:25:33","slug":"fackforbundet-ar-dess-medlemmar","status":"publish","type":"post","link":"https:\/\/www.selry.fi\/sv\/blogg\/fackforbundet-ar-dess-medlemmar\/","title":{"rendered":"Fackf\u00f6rbundet \u00e4r dess medlemmar"},"content":{"rendered":"\n<p>SEL:s fem\u00e5riga kongressperiod g\u00e5r mot sitt slut. De representanter f\u00f6r medlemmarna som valts till kongressen m\u00f6ts i maj i Villmanstrand f\u00f6r att bed\u00f6ma det f\u00f6rflutna, men vad viktigare \u00e4r, f\u00f6r att rikta blicken i f\u00f6rbundet mot det kommande och kommande pr\u00f6vningar.<\/p>\n\n\n\n<p>Kongressperioden inleddes under utmanande omst\u00e4ndigheter. Landet leddes av Juha Sipil\u00e4s trepartiregering som hade tagit som sin uppgift att f\u00f6rsvaga arbetsvillkoren och arbetstagarnas intressen. Fackf\u00f6reningsr\u00f6relsen tvingades att p\u00e5 sina riksomfattande verksamhetsdagar mots\u00e4tta sig upps\u00e4gninglagen, arbetsl\u00f6shetsskyddets aktiveringsmodell och kiky-timmarna.<\/p>\n\n\n\n<p>N\u00e5gon ny lag om upps\u00e4gningar genomdrevs inte, efter Sipil\u00e4-regeringen slapp vi aktiveringsmodellen och \u00e4ven kiky-timmarna \u00e4r endast ett dystert minne ocks\u00e5 i de branscher d\u00e4r de togs i bruk. I SEL:s kollektivavtal godk\u00e4ndes aldrig n\u00e5gra kiky-timmar.<\/p>\n\n\n\n<p>Efter regeringen Sipil\u00e4s period har kongressperioden, vid sidan om coronapandemin pr\u00e4glats av Skogsindustrin rf:s beslut att \u00f6verge kollektivavtalsverksamheten samt Teknologiindustrin rf:s organisationstricks trots vilka man \u00e4nd\u00e5 fick ett allm\u00e4ngiltigt kollektivavtal till st\u00e5nd i branschen. Vardera arbetsgivarorganisationen hade som m\u00e5ls\u00e4ttning att f\u00f6rsvaga arbetstagarnas f\u00f6rhandlingsstyrka och som en f\u00f6ljd av det f\u00e5 en f\u00f6rsvagning av arbetsvillkoren.<\/p>\n\n\n\n<p>Som helhet betraktat har Pappersf\u00f6rbundet och Industrif\u00f6rbundet v\u00e4l kunnat f\u00f6rsvara sina medlemmars arbetsvillkor i de f\u00f6retagsvisa kollektivavtalsf\u00f6rhandlingarna p\u00e5 skogsindustrin f\u00e4lt. I den stora bilden har arbetsgivarnas entusiasm att driva sina ideologiska m\u00e5l vid f\u00f6rhandlingsbordet avmattats, d\u00e5 m\u00e5ls\u00e4ttningarna har f\u00e5tt en prislapp.<\/p>\n\n\n\n<p>Det finns ett undantag. Det absurda f\u00f6rh\u00e5llningss\u00e4tt som UPM:s ledning visat gentemot organiserat avtalande med ett fackf\u00f6rbund har resulterat i en rekordl\u00e5ng strejk i pappersindustrin. Det \u00e4r en bra fr\u00e5ga hur en arbetsgivare har r\u00e5d och behov av en ideologisk kamp av det h\u00e4r slaget gentemot sina egna arbetstagare.<\/p>\n\n\n\n<p>Fr\u00e5gan \u00e4r s\u00e5 god, att till och med den uppskattade f\u00f6re detta arbetsmarknadsledaren p\u00e5 arbetsgivarsidan, <a href=\"https:\/\/proliitto.fi\/sv\/hard-kritik-av-laatunen-mot-arbetsgivarnas-forsok-att-forsvaga-avtalskulturen-ideologiska\" target=\"_blank\" rel=\"noreferrer noopener\">Lasse Laatunen har varnat<\/a> arbetsgivarsidan f\u00f6r att skapa oreda p\u00e5 arbetsmarknaden: \u201dEn s\u00e5dan utveckling p\u00e5 arbetsmarknaden kan leda till oroligheter i Finland, s\u00e5som det skett i flera l\u00e4nder i Europa, d\u00e4r arbetsmarknaderna i l\u00e4gre grad baserar sig p\u00e5 nationella avtal\u201d.<\/p>\n\n\n\n<p>Vi ska komma ih\u00e5g att fackf\u00f6rbundet, nu, liksom \u00e4ven i framtiden, best\u00e5r av dess medlemmar. Genom att organisera sig i fackf\u00f6rbund har arbetstagarna skapat en kraft med vars hj\u00e4lp vi har f\u00e5tt rimliga arbetsvillkor till st\u00e5nd. Med just denna kraft bibeh\u00e5ller vi arbetsvillkoren p\u00e5 en rimlig niv\u00e5 och f\u00f6rb\u00e4ttrar dem. Organiseringen, allts\u00e5 att man p\u00e5 alla arbetsplatser tillh\u00f6r facket blir den st\u00f6rsta fr\u00e5gan under v\u00e5r kommande kongressperiod.<\/p>\n\n\n\n<p>Organiserade arbetstagare klarar sig alltid i kampen om arbetsvillkoren.<br><br><em>Veli-Matti Kuntonen<\/em><br><em>SEL:s f\u00f6rbundsordf\u00f6rande<\/em><\/p>\n","protected":false},"excerpt":{"rendered":"<p>SEL:s fem\u00e5riga kongressperiod g\u00e5r mot sitt slut. De representanter f\u00f6r medlemmarna som valts till kongressen m\u00f6ts i maj i Villmanstrand [\u2026] <a href=\"https:\/\/www.selry.fi\/sv\/blogg\/fackforbundet-ar-dess-medlemmar\/\">Lue lis\u00e4\u00e4 &raquo;<\/a><\/p>\n","protected":false},"author":4,"featured_media":1915,"comment_status":"closed","ping_status":"closed","sticky":false,"template":"","format":"standard","meta":{"_acf_changed":false,"footnotes":""},"categories":[64],"tags":[],"class_list":["post-8293","post","type-post","status-publish","format-standard","has-post-thumbnail","hentry","category-blogg"],"acf":[],"yoast_head":"<!-- This site is optimized with the Yoast SEO plugin v27.2 - https:\/\/yoast.com\/product\/yoast-seo-wordpress\/ -->\n<title>Fackf\u00f6rbundet \u00e4r dess medlemmar<\/title>\n<meta name=\"robots\" content=\"index, follow, max-snippet:-1, max-image-preview:large, max-video-preview:-1\" \/>\n<link rel=\"canonical\" href=\"https:\/\/www.selry.fi\/sv\/blogg\/fackforbundet-ar-dess-medlemmar\/\" \/>\n<meta property=\"og:locale\" content=\"sv_SE\" \/>\n<meta property=\"og:type\" content=\"article\" \/>\n<meta property=\"og:title\" content=\"Fackf\u00f6rbundet \u00e4r dess medlemmar\" \/>\n<meta property=\"og:description\" content=\"SEL:s fem\u00e5riga kongressperiod g\u00e5r mot sitt slut. De representanter f\u00f6r medlemmarna som valts till kongressen m\u00f6ts i maj i Villmanstrand [\u2026] Lue lis\u00e4\u00e4 &raquo;\" \/>\n<meta property=\"og:url\" content=\"https:\/\/www.selry.fi\/sv\/blogg\/fackforbundet-ar-dess-medlemmar\/\" \/>\n<meta property=\"og:site_name\" content=\"Suomen Elintarvikety\u00f6l\u00e4isten Liitto SEL\" \/>\n<meta property=\"article:publisher\" content=\"https:\/\/www.facebook.com\/selry\" \/>\n<meta property=\"article:published_time\" content=\"2022-04-14T19:19:57+00:00\" \/>\n<meta property=\"article:modified_time\" content=\"2022-06-09T21:25:33+00:00\" \/>\n<meta property=\"og:image\" content=\"https:\/\/www.selry.fi\/wp-content\/uploads\/2021\/05\/kuntonen-syva-artikkelikuva.jpg\" \/>\n\t<meta property=\"og:image:width\" content=\"1385\" \/>\n\t<meta property=\"og:image:height\" content=\"1063\" \/>\n\t<meta property=\"og:image:type\" content=\"image\/jpeg\" \/>\n<meta name=\"author\" content=\"Karoliina \u00d6ystil\u00e4\" \/>\n<meta name=\"twitter:card\" content=\"summary_large_image\" \/>\n<meta name=\"twitter:creator\" content=\"@selryfi\" \/>\n<meta name=\"twitter:site\" content=\"@selryfi\" \/>\n<script type=\"application\/ld+json\" class=\"yoast-schema-graph\">{\"@context\":\"https:\/\/schema.org\",\"@graph\":[{\"@type\":\"Article\",\"@id\":\"https:\/\/www.selry.fi\/sv\/blogg\/fackforbundet-ar-dess-medlemmar\/#article\",\"isPartOf\":{\"@id\":\"https:\/\/www.selry.fi\/sv\/blogg\/fackforbundet-ar-dess-medlemmar\/\"},\"author\":{\"name\":\"Karoliina \u00d6ystil\u00e4\",\"@id\":\"https:\/\/www.selry.fi\/#\/schema\/person\/4fb0b52ed84c524f0beea95625a21678\"},\"headline\":\"Fackf\u00f6rbundet \u00e4r dess medlemmar\",\"datePublished\":\"2022-04-14T19:19:57+00:00\",\"dateModified\":\"2022-06-09T21:25:33+00:00\",\"mainEntityOfPage\":{\"@id\":\"https:\/\/www.selry.fi\/sv\/blogg\/fackforbundet-ar-dess-medlemmar\/\"},\"wordCount\":482,\"publisher\":{\"@id\":\"https:\/\/www.selry.fi\/#organization\"},\"image\":{\"@id\":\"https:\/\/www.selry.fi\/sv\/blogg\/fackforbundet-ar-dess-medlemmar\/#primaryimage\"},\"thumbnailUrl\":\"https:\/\/www.selry.fi\/wp-content\/uploads\/2021\/05\/kuntonen-syva-artikkelikuva.jpg\",\"articleSection\":[\"Blogg\"],\"inLanguage\":\"sv-SE\"},{\"@type\":\"WebPage\",\"@id\":\"https:\/\/www.selry.fi\/sv\/blogg\/fackforbundet-ar-dess-medlemmar\/\",\"url\":\"https:\/\/www.selry.fi\/sv\/blogg\/fackforbundet-ar-dess-medlemmar\/\",\"name\":\"Fackf\u00f6rbundet \u00e4r dess medlemmar\",\"isPartOf\":{\"@id\":\"https:\/\/www.selry.fi\/#website\"},\"primaryImageOfPage\":{\"@id\":\"https:\/\/www.selry.fi\/sv\/blogg\/fackforbundet-ar-dess-medlemmar\/#primaryimage\"},\"image\":{\"@id\":\"https:\/\/www.selry.fi\/sv\/blogg\/fackforbundet-ar-dess-medlemmar\/#primaryimage\"},\"thumbnailUrl\":\"https:\/\/www.selry.fi\/wp-content\/uploads\/2021\/05\/kuntonen-syva-artikkelikuva.jpg\",\"datePublished\":\"2022-04-14T19:19:57+00:00\",\"dateModified\":\"2022-06-09T21:25:33+00:00\",\"breadcrumb\":{\"@id\":\"https:\/\/www.selry.fi\/sv\/blogg\/fackforbundet-ar-dess-medlemmar\/#breadcrumb\"},\"inLanguage\":\"sv-SE\",\"potentialAction\":[{\"@type\":\"ReadAction\",\"target\":[\"https:\/\/www.selry.fi\/sv\/blogg\/fackforbundet-ar-dess-medlemmar\/\"]}]},{\"@type\":\"ImageObject\",\"inLanguage\":\"sv-SE\",\"@id\":\"https:\/\/www.selry.fi\/sv\/blogg\/fackforbundet-ar-dess-medlemmar\/#primaryimage\",\"url\":\"https:\/\/www.selry.fi\/wp-content\/uploads\/2021\/05\/kuntonen-syva-artikkelikuva.jpg\",\"contentUrl\":\"https:\/\/www.selry.fi\/wp-content\/uploads\/2021\/05\/kuntonen-syva-artikkelikuva.jpg\",\"width\":1385,\"height\":1063},{\"@type\":\"BreadcrumbList\",\"@id\":\"https:\/\/www.selry.fi\/sv\/blogg\/fackforbundet-ar-dess-medlemmar\/#breadcrumb\",\"itemListElement\":[{\"@type\":\"ListItem\",\"position\":1,\"name\":\"Home\",\"item\":\"https:\/\/www.selry.fi\/sv\/\"},{\"@type\":\"ListItem\",\"position\":2,\"name\":\"Fackf\u00f6rbundet \u00e4r dess medlemmar\"}]},{\"@type\":\"WebSite\",\"@id\":\"https:\/\/www.selry.fi\/#website\",\"url\":\"https:\/\/www.selry.fi\/\",\"name\":\"Suomen Elintarvikety\u00f6l\u00e4isten Liitto SEL\",\"description\":\"\",\"publisher\":{\"@id\":\"https:\/\/www.selry.fi\/#organization\"},\"inLanguage\":\"sv-SE\"},{\"@type\":\"Organization\",\"@id\":\"https:\/\/www.selry.fi\/#organization\",\"name\":\"Suomen Elintarvikety\u00f6l\u00e4isten Liitto SEL\",\"url\":\"https:\/\/www.selry.fi\/\",\"logo\":{\"@type\":\"ImageObject\",\"inLanguage\":\"sv-SE\",\"@id\":\"https:\/\/www.selry.fi\/#\/schema\/logo\/image\/\",\"url\":\"https:\/\/www.selry.fi\/wp-content\/uploads\/2021\/05\/logo-sel.svg\",\"contentUrl\":\"https:\/\/www.selry.fi\/wp-content\/uploads\/2021\/05\/logo-sel.svg\",\"width\":453,\"height\":135,\"caption\":\"Suomen Elintarvikety\u00f6l\u00e4isten Liitto SEL\"},\"image\":{\"@id\":\"https:\/\/www.selry.fi\/#\/schema\/logo\/image\/\"},\"sameAs\":[\"https:\/\/www.facebook.com\/selry\",\"https:\/\/x.com\/selryfi\"]},{\"@type\":\"Person\",\"@id\":\"https:\/\/www.selry.fi\/#\/schema\/person\/4fb0b52ed84c524f0beea95625a21678\",\"name\":\"Karoliina \u00d6ystil\u00e4\",\"image\":{\"@type\":\"ImageObject\",\"inLanguage\":\"sv-SE\",\"@id\":\"https:\/\/secure.gravatar.com\/avatar\/8dcb857776c4317075ba571fdc81a06a1f240302e468800d69bf316ef82ac4cd?s=96&d=mm&r=g\",\"url\":\"https:\/\/secure.gravatar.com\/avatar\/8dcb857776c4317075ba571fdc81a06a1f240302e468800d69bf316ef82ac4cd?s=96&d=mm&r=g\",\"contentUrl\":\"https:\/\/secure.gravatar.com\/avatar\/8dcb857776c4317075ba571fdc81a06a1f240302e468800d69bf316ef82ac4cd?s=96&d=mm&r=g\",\"caption\":\"Karoliina \u00d6ystil\u00e4\"}}]}<\/script>\n<!-- \/ Yoast SEO plugin. -->","yoast_head_json":{"title":"Fackf\u00f6rbundet \u00e4r dess medlemmar","robots":{"index":"index","follow":"follow","max-snippet":"max-snippet:-1","max-image-preview":"max-image-preview:large","max-video-preview":"max-video-preview:-1"},"canonical":"https:\/\/www.selry.fi\/sv\/blogg\/fackforbundet-ar-dess-medlemmar\/","og_locale":"sv_SE","og_type":"article","og_title":"Fackf\u00f6rbundet \u00e4r dess medlemmar","og_description":"SEL:s fem\u00e5riga kongressperiod g\u00e5r mot sitt slut. De representanter f\u00f6r medlemmarna som valts till kongressen m\u00f6ts i maj i Villmanstrand [\u2026] Lue lis\u00e4\u00e4 &raquo;","og_url":"https:\/\/www.selry.fi\/sv\/blogg\/fackforbundet-ar-dess-medlemmar\/","og_site_name":"Suomen Elintarvikety\u00f6l\u00e4isten Liitto SEL","article_publisher":"https:\/\/www.facebook.com\/selry","article_published_time":"2022-04-14T19:19:57+00:00","article_modified_time":"2022-06-09T21:25:33+00:00","og_image":[{"width":1385,"height":1063,"url":"https:\/\/www.selry.fi\/wp-content\/uploads\/2021\/05\/kuntonen-syva-artikkelikuva.jpg","type":"image\/jpeg"}],"author":"Karoliina \u00d6ystil\u00e4","twitter_card":"summary_large_image","twitter_creator":"@selryfi","twitter_site":"@selryfi","schema":{"@context":"https:\/\/schema.org","@graph":[{"@type":"Article","@id":"https:\/\/www.selry.fi\/sv\/blogg\/fackforbundet-ar-dess-medlemmar\/#article","isPartOf":{"@id":"https:\/\/www.selry.fi\/sv\/blogg\/fackforbundet-ar-dess-medlemmar\/"},"author":{"name":"Karoliina \u00d6ystil\u00e4","@id":"https:\/\/www.selry.fi\/#\/schema\/person\/4fb0b52ed84c524f0beea95625a21678"},"headline":"Fackf\u00f6rbundet \u00e4r dess medlemmar","datePublished":"2022-04-14T19:19:57+00:00","dateModified":"2022-06-09T21:25:33+00:00","mainEntityOfPage":{"@id":"https:\/\/www.selry.fi\/sv\/blogg\/fackforbundet-ar-dess-medlemmar\/"},"wordCount":482,"publisher":{"@id":"https:\/\/www.selry.fi\/#organization"},"image":{"@id":"https:\/\/www.selry.fi\/sv\/blogg\/fackforbundet-ar-dess-medlemmar\/#primaryimage"},"thumbnailUrl":"https:\/\/www.selry.fi\/wp-content\/uploads\/2021\/05\/kuntonen-syva-artikkelikuva.jpg","articleSection":["Blogg"],"inLanguage":"sv-SE"},{"@type":"WebPage","@id":"https:\/\/www.selry.fi\/sv\/blogg\/fackforbundet-ar-dess-medlemmar\/","url":"https:\/\/www.selry.fi\/sv\/blogg\/fackforbundet-ar-dess-medlemmar\/","name":"Fackf\u00f6rbundet \u00e4r dess medlemmar","isPartOf":{"@id":"https:\/\/www.selry.fi\/#website"},"primaryImageOfPage":{"@id":"https:\/\/www.selry.fi\/sv\/blogg\/fackforbundet-ar-dess-medlemmar\/#primaryimage"},"image":{"@id":"https:\/\/www.selry.fi\/sv\/blogg\/fackforbundet-ar-dess-medlemmar\/#primaryimage"},"thumbnailUrl":"https:\/\/www.selry.fi\/wp-content\/uploads\/2021\/05\/kuntonen-syva-artikkelikuva.jpg","datePublished":"2022-04-14T19:19:57+00:00","dateModified":"2022-06-09T21:25:33+00:00","breadcrumb":{"@id":"https:\/\/www.selry.fi\/sv\/blogg\/fackforbundet-ar-dess-medlemmar\/#breadcrumb"},"inLanguage":"sv-SE","potentialAction":[{"@type":"ReadAction","target":["https:\/\/www.selry.fi\/sv\/blogg\/fackforbundet-ar-dess-medlemmar\/"]}]},{"@type":"ImageObject","inLanguage":"sv-SE","@id":"https:\/\/www.selry.fi\/sv\/blogg\/fackforbundet-ar-dess-medlemmar\/#primaryimage","url":"https:\/\/www.selry.fi\/wp-content\/uploads\/2021\/05\/kuntonen-syva-artikkelikuva.jpg","contentUrl":"https:\/\/www.selry.fi\/wp-content\/uploads\/2021\/05\/kuntonen-syva-artikkelikuva.jpg","width":1385,"height":1063},{"@type":"BreadcrumbList","@id":"https:\/\/www.selry.fi\/sv\/blogg\/fackforbundet-ar-dess-medlemmar\/#breadcrumb","itemListElement":[{"@type":"ListItem","position":1,"name":"Home","item":"https:\/\/www.selry.fi\/sv\/"},{"@type":"ListItem","position":2,"name":"Fackf\u00f6rbundet \u00e4r dess medlemmar"}]},{"@type":"WebSite","@id":"https:\/\/www.selry.fi\/#website","url":"https:\/\/www.selry.fi\/","name":"Suomen Elintarvikety\u00f6l\u00e4isten Liitto SEL","description":"","publisher":{"@id":"https:\/\/www.selry.fi\/#organization"},"inLanguage":"sv-SE"},{"@type":"Organization","@id":"https:\/\/www.selry.fi\/#organization","name":"Suomen Elintarvikety\u00f6l\u00e4isten Liitto SEL","url":"https:\/\/www.selry.fi\/","logo":{"@type":"ImageObject","inLanguage":"sv-SE","@id":"https:\/\/www.selry.fi\/#\/schema\/logo\/image\/","url":"https:\/\/www.selry.fi\/wp-content\/uploads\/2021\/05\/logo-sel.svg","contentUrl":"https:\/\/www.selry.fi\/wp-content\/uploads\/2021\/05\/logo-sel.svg","width":453,"height":135,"caption":"Suomen Elintarvikety\u00f6l\u00e4isten Liitto SEL"},"image":{"@id":"https:\/\/www.selry.fi\/#\/schema\/logo\/image\/"},"sameAs":["https:\/\/www.facebook.com\/selry","https:\/\/x.com\/selryfi"]},{"@type":"Person","@id":"https:\/\/www.selry.fi\/#\/schema\/person\/4fb0b52ed84c524f0beea95625a21678","name":"Karoliina \u00d6ystil\u00e4","image":{"@type":"ImageObject","inLanguage":"sv-SE","@id":"https:\/\/secure.gravatar.com\/avatar\/8dcb857776c4317075ba571fdc81a06a1f240302e468800d69bf316ef82ac4cd?s=96&d=mm&r=g","url":"https:\/\/secure.gravatar.com\/avatar\/8dcb857776c4317075ba571fdc81a06a1f240302e468800d69bf316ef82ac4cd?s=96&d=mm&r=g","contentUrl":"https:\/\/secure.gravatar.com\/avatar\/8dcb857776c4317075ba571fdc81a06a1f240302e468800d69bf316ef82ac4cd?s=96&d=mm&r=g","caption":"Karoliina \u00d6ystil\u00e4"}}]}},"_links":{"self":[{"href":"https:\/\/www.selry.fi\/sv\/wp-json\/wp\/v2\/posts\/8293","targetHints":{"allow":["GET"]}}],"collection":[{"href":"https:\/\/www.selry.fi\/sv\/wp-json\/wp\/v2\/posts"}],"about":[{"href":"https:\/\/www.selry.fi\/sv\/wp-json\/wp\/v2\/types\/post"}],"author":[{"embeddable":true,"href":"https:\/\/www.selry.fi\/sv\/wp-json\/wp\/v2\/users\/4"}],"replies":[{"embeddable":true,"href":"https:\/\/www.selry.fi\/sv\/wp-json\/wp\/v2\/comments?post=8293"}],"version-history":[{"count":0,"href":"https:\/\/www.selry.fi\/sv\/wp-json\/wp\/v2\/posts\/8293\/revisions"}],"wp:featuredmedia":[{"embeddable":true,"href":"https:\/\/www.selry.fi\/sv\/wp-json\/wp\/v2\/media\/1915"}],"wp:attachment":[{"href":"https:\/\/www.selry.fi\/sv\/wp-json\/wp\/v2\/media?parent=8293"}],"wp:term":[{"taxonomy":"category","embeddable":true,"href":"https:\/\/www.selry.fi\/sv\/wp-json\/wp\/v2\/categories?post=8293"},{"taxonomy":"post_tag","embeddable":true,"href":"https:\/\/www.selry.fi\/sv\/wp-json\/wp\/v2\/tags?post=8293"}],"curies":[{"name":"wp","href":"https:\/\/api.w.org\/{rel}","templated":true}]}}