{"id":8119,"date":"2022-03-25T17:54:48","date_gmt":"2022-03-25T15:54:48","guid":{"rendered":"https:\/\/www.selry.fi\/?p=8119"},"modified":"2022-03-25T18:03:38","modified_gmt":"2022-03-25T16:03:38","slug":"hur-skulle-du-forandra-forbundets-verksamhet","status":"publish","type":"post","link":"https:\/\/www.selry.fi\/sv\/blogg\/hur-skulle-du-forandra-forbundets-verksamhet\/","title":{"rendered":"Hur skulle du f\u00f6r\u00e4ndra f\u00f6rbundets verksamhet?"},"content":{"rendered":"\n<p>V\u00e4rlden, det finl\u00e4ndska samh\u00e4llet och arbetslivet st\u00e5r inf\u00f6r st\u00e4ndiga f\u00f6r\u00e4ndringar, vare sig vi vill det eller inte. En del av f\u00f6r\u00e4ndringarna \u00e4r med tanke p\u00e5 arbetstagarnas intressebevakning positiva, men f\u00f6r\u00e4ndringar sker ocks\u00e5 till det s\u00e4mre. De arbetstagare som \u00e4r organiserade som medlemmar i ett fackf\u00f6rbund kan p\u00e5verka i m\u00e5nga fr\u00e5gor, men endast ett f\u00e5tal fr\u00e5gor kan vi fatta beslut om alldeles sj\u00e4lva.<\/p>\n\n\n\n<p>Under de senaste \u00e5ren har fackf\u00f6rbunden och kollektivavtalen ocks\u00e5 i Finland blivit s\u00e5 starkt attackerade att det \u00e4r sv\u00e5rt att tro att vi lever p\u00e5 2020-talet. Kritikerna h\u00e4vdar att fackf\u00f6rbunden sl\u00e4par efter sin tid och blivit on\u00f6diga.<\/p>\n\n\n\n<p>Fackf\u00f6rbunden fungerar inte isolerade fr\u00e5n det \u00f6vriga samh\u00e4llet och det \u00e4r klart att ocks\u00e5 f\u00f6rbunden st\u00e4ndigt m\u00e5ste omv\u00e4rdera sin verksamhet och vid behov f\u00f6r\u00e4ndra den. D\u00e4remot finns det inget behov av att f\u00f6r\u00e4ndra fackf\u00f6rbundens grunduppgifter. Fackf\u00f6rbundet existerar f\u00f6r att driva arbetstagarnas intressen och f\u00f6rsvara deras r\u00e4ttigheter. F\u00f6rbundet beh\u00f6vs forts\u00e4ttningsvis idag lika mycket som i b\u00f6rjan av f\u00f6rra \u00e5rhundradet, trots att m\u00e5nga saker tack vare de organiserade arbetstagarna nu \u00e4r b\u00e4ttre \u00e4n f\u00f6r hundra \u00e5r sedan.<\/p>\n\n\n\n<p>Trots de sv\u00e5ra tiderna har SEL i sin intressebevakning lyckats \u00e5tminstone n\u00e5gorlunda. F\u00f6rbundets ekonomi och strejkberedskap \u00e4r i skick. Trots det finns det saker som kan f\u00f6rb\u00e4ttras. F\u00f6ljande viktiga tillf\u00e4lle att bed\u00f6ma och utveckla f\u00f6rbundets verksamhet \u00e4r SEL:s f\u00f6rbundskongress i maj i Villmanstrand.<\/p>\n\n\n\n<p>Fackf\u00f6rbundet m\u00e5ste f\u00f6lja med sin tid och k\u00e4nna till vad som sker p\u00e5 arbetsplatserna och vilka fr\u00e5gor som diskuteras bland medlemmarna. Att utveckla verksamheten ska vara ett p\u00e5g\u00e5ende arbete d\u00e4r man str\u00e4var efter att svara p\u00e5 medlemmarnas behov och \u00f6nskem\u00e5l. Diskussionerna och besluten p\u00e5 SEL:s f\u00f6rbundskongress kommer f\u00f6rhoppningsvis att ge en god v\u00e4gkost i det arbetet.<\/p>\n\n\n\n<p><em>Karoliina \u00d6ystil\u00e4<br>SEL:s kommunikationschef, chefredakt\u00f6r<\/em><\/p>\n\n\n\n<p><em>Texten publiceras f\u00f6rst som ledare i Elintae 2\/2022, 25.3.2022.<\/em><\/p>\n","protected":false},"excerpt":{"rendered":"<p>V\u00e4rlden, det finl\u00e4ndska samh\u00e4llet och arbetslivet st\u00e5r inf\u00f6r st\u00e4ndiga f\u00f6r\u00e4ndringar, vare sig vi vill det eller inte. En del av [\u2026] <a href=\"https:\/\/www.selry.fi\/sv\/blogg\/hur-skulle-du-forandra-forbundets-verksamhet\/\">Lue lis\u00e4\u00e4 &raquo;<\/a><\/p>\n","protected":false},"author":4,"featured_media":4353,"comment_status":"closed","ping_status":"closed","sticky":false,"template":"","format":"standard","meta":{"_acf_changed":false,"footnotes":""},"categories":[64],"tags":[],"class_list":["post-8119","post","type-post","status-publish","format-standard","has-post-thumbnail","hentry","category-blogg"],"acf":[],"yoast_head":"<!-- This site is optimized with the Yoast SEO plugin v27.2 - https:\/\/yoast.com\/product\/yoast-seo-wordpress\/ -->\n<title>Hur skulle du f\u00f6r\u00e4ndra f\u00f6rbundets verksamhet?<\/title>\n<meta name=\"robots\" content=\"index, follow, max-snippet:-1, max-image-preview:large, max-video-preview:-1\" \/>\n<link rel=\"canonical\" href=\"https:\/\/www.selry.fi\/sv\/blogg\/hur-skulle-du-forandra-forbundets-verksamhet\/\" \/>\n<meta property=\"og:locale\" content=\"sv_SE\" \/>\n<meta property=\"og:type\" content=\"article\" \/>\n<meta property=\"og:title\" content=\"Hur skulle du f\u00f6r\u00e4ndra f\u00f6rbundets verksamhet?\" \/>\n<meta property=\"og:description\" content=\"V\u00e4rlden, det finl\u00e4ndska samh\u00e4llet och arbetslivet st\u00e5r inf\u00f6r st\u00e4ndiga f\u00f6r\u00e4ndringar, vare sig vi vill det eller inte. En del av [\u2026] Lue lis\u00e4\u00e4 &raquo;\" \/>\n<meta property=\"og:url\" content=\"https:\/\/www.selry.fi\/sv\/blogg\/hur-skulle-du-forandra-forbundets-verksamhet\/\" \/>\n<meta property=\"og:site_name\" content=\"Suomen Elintarvikety\u00f6l\u00e4isten Liitto SEL\" \/>\n<meta property=\"article:publisher\" content=\"https:\/\/www.facebook.com\/selry\" \/>\n<meta property=\"article:published_time\" content=\"2022-03-25T15:54:48+00:00\" \/>\n<meta property=\"article:modified_time\" content=\"2022-03-25T16:03:38+00:00\" \/>\n<meta property=\"og:image\" content=\"https:\/\/www.selry.fi\/wp-content\/uploads\/2021\/05\/oystila-karoliina-kuva-blogiin.jpg\" \/>\n\t<meta property=\"og:image:width\" content=\"1385\" \/>\n\t<meta property=\"og:image:height\" content=\"1252\" \/>\n\t<meta property=\"og:image:type\" content=\"image\/jpeg\" \/>\n<meta name=\"author\" content=\"Karoliina \u00d6ystil\u00e4\" \/>\n<meta name=\"twitter:card\" content=\"summary_large_image\" \/>\n<meta name=\"twitter:creator\" content=\"@selryfi\" \/>\n<meta name=\"twitter:site\" content=\"@selryfi\" \/>\n<script type=\"application\/ld+json\" class=\"yoast-schema-graph\">{\"@context\":\"https:\/\/schema.org\",\"@graph\":[{\"@type\":\"Article\",\"@id\":\"https:\/\/www.selry.fi\/sv\/blogg\/hur-skulle-du-forandra-forbundets-verksamhet\/#article\",\"isPartOf\":{\"@id\":\"https:\/\/www.selry.fi\/sv\/blogg\/hur-skulle-du-forandra-forbundets-verksamhet\/\"},\"author\":{\"name\":\"Karoliina \u00d6ystil\u00e4\",\"@id\":\"https:\/\/www.selry.fi\/#\/schema\/person\/4fb0b52ed84c524f0beea95625a21678\"},\"headline\":\"Hur skulle du f\u00f6r\u00e4ndra f\u00f6rbundets verksamhet?\",\"datePublished\":\"2022-03-25T15:54:48+00:00\",\"dateModified\":\"2022-03-25T16:03:38+00:00\",\"mainEntityOfPage\":{\"@id\":\"https:\/\/www.selry.fi\/sv\/blogg\/hur-skulle-du-forandra-forbundets-verksamhet\/\"},\"wordCount\":373,\"publisher\":{\"@id\":\"https:\/\/www.selry.fi\/#organization\"},\"image\":{\"@id\":\"https:\/\/www.selry.fi\/sv\/blogg\/hur-skulle-du-forandra-forbundets-verksamhet\/#primaryimage\"},\"thumbnailUrl\":\"https:\/\/www.selry.fi\/wp-content\/uploads\/2021\/05\/oystila-karoliina-kuva-blogiin.jpg\",\"articleSection\":[\"Blogg\"],\"inLanguage\":\"sv-SE\"},{\"@type\":\"WebPage\",\"@id\":\"https:\/\/www.selry.fi\/sv\/blogg\/hur-skulle-du-forandra-forbundets-verksamhet\/\",\"url\":\"https:\/\/www.selry.fi\/sv\/blogg\/hur-skulle-du-forandra-forbundets-verksamhet\/\",\"name\":\"Hur skulle du f\u00f6r\u00e4ndra f\u00f6rbundets verksamhet?\",\"isPartOf\":{\"@id\":\"https:\/\/www.selry.fi\/#website\"},\"primaryImageOfPage\":{\"@id\":\"https:\/\/www.selry.fi\/sv\/blogg\/hur-skulle-du-forandra-forbundets-verksamhet\/#primaryimage\"},\"image\":{\"@id\":\"https:\/\/www.selry.fi\/sv\/blogg\/hur-skulle-du-forandra-forbundets-verksamhet\/#primaryimage\"},\"thumbnailUrl\":\"https:\/\/www.selry.fi\/wp-content\/uploads\/2021\/05\/oystila-karoliina-kuva-blogiin.jpg\",\"datePublished\":\"2022-03-25T15:54:48+00:00\",\"dateModified\":\"2022-03-25T16:03:38+00:00\",\"breadcrumb\":{\"@id\":\"https:\/\/www.selry.fi\/sv\/blogg\/hur-skulle-du-forandra-forbundets-verksamhet\/#breadcrumb\"},\"inLanguage\":\"sv-SE\",\"potentialAction\":[{\"@type\":\"ReadAction\",\"target\":[\"https:\/\/www.selry.fi\/sv\/blogg\/hur-skulle-du-forandra-forbundets-verksamhet\/\"]}]},{\"@type\":\"ImageObject\",\"inLanguage\":\"sv-SE\",\"@id\":\"https:\/\/www.selry.fi\/sv\/blogg\/hur-skulle-du-forandra-forbundets-verksamhet\/#primaryimage\",\"url\":\"https:\/\/www.selry.fi\/wp-content\/uploads\/2021\/05\/oystila-karoliina-kuva-blogiin.jpg\",\"contentUrl\":\"https:\/\/www.selry.fi\/wp-content\/uploads\/2021\/05\/oystila-karoliina-kuva-blogiin.jpg\",\"width\":1385,\"height\":1252},{\"@type\":\"BreadcrumbList\",\"@id\":\"https:\/\/www.selry.fi\/sv\/blogg\/hur-skulle-du-forandra-forbundets-verksamhet\/#breadcrumb\",\"itemListElement\":[{\"@type\":\"ListItem\",\"position\":1,\"name\":\"Home\",\"item\":\"https:\/\/www.selry.fi\/sv\/\"},{\"@type\":\"ListItem\",\"position\":2,\"name\":\"Hur skulle du f\u00f6r\u00e4ndra f\u00f6rbundets verksamhet?\"}]},{\"@type\":\"WebSite\",\"@id\":\"https:\/\/www.selry.fi\/#website\",\"url\":\"https:\/\/www.selry.fi\/\",\"name\":\"Suomen Elintarvikety\u00f6l\u00e4isten Liitto SEL\",\"description\":\"\",\"publisher\":{\"@id\":\"https:\/\/www.selry.fi\/#organization\"},\"inLanguage\":\"sv-SE\"},{\"@type\":\"Organization\",\"@id\":\"https:\/\/www.selry.fi\/#organization\",\"name\":\"Suomen Elintarvikety\u00f6l\u00e4isten Liitto SEL\",\"url\":\"https:\/\/www.selry.fi\/\",\"logo\":{\"@type\":\"ImageObject\",\"inLanguage\":\"sv-SE\",\"@id\":\"https:\/\/www.selry.fi\/#\/schema\/logo\/image\/\",\"url\":\"https:\/\/www.selry.fi\/wp-content\/uploads\/2021\/05\/logo-sel.svg\",\"contentUrl\":\"https:\/\/www.selry.fi\/wp-content\/uploads\/2021\/05\/logo-sel.svg\",\"width\":453,\"height\":135,\"caption\":\"Suomen Elintarvikety\u00f6l\u00e4isten Liitto SEL\"},\"image\":{\"@id\":\"https:\/\/www.selry.fi\/#\/schema\/logo\/image\/\"},\"sameAs\":[\"https:\/\/www.facebook.com\/selry\",\"https:\/\/x.com\/selryfi\"]},{\"@type\":\"Person\",\"@id\":\"https:\/\/www.selry.fi\/#\/schema\/person\/4fb0b52ed84c524f0beea95625a21678\",\"name\":\"Karoliina \u00d6ystil\u00e4\",\"image\":{\"@type\":\"ImageObject\",\"inLanguage\":\"sv-SE\",\"@id\":\"https:\/\/secure.gravatar.com\/avatar\/8dcb857776c4317075ba571fdc81a06a1f240302e468800d69bf316ef82ac4cd?s=96&d=mm&r=g\",\"url\":\"https:\/\/secure.gravatar.com\/avatar\/8dcb857776c4317075ba571fdc81a06a1f240302e468800d69bf316ef82ac4cd?s=96&d=mm&r=g\",\"contentUrl\":\"https:\/\/secure.gravatar.com\/avatar\/8dcb857776c4317075ba571fdc81a06a1f240302e468800d69bf316ef82ac4cd?s=96&d=mm&r=g\",\"caption\":\"Karoliina \u00d6ystil\u00e4\"}}]}<\/script>\n<!-- \/ Yoast SEO plugin. -->","yoast_head_json":{"title":"Hur skulle du f\u00f6r\u00e4ndra f\u00f6rbundets verksamhet?","robots":{"index":"index","follow":"follow","max-snippet":"max-snippet:-1","max-image-preview":"max-image-preview:large","max-video-preview":"max-video-preview:-1"},"canonical":"https:\/\/www.selry.fi\/sv\/blogg\/hur-skulle-du-forandra-forbundets-verksamhet\/","og_locale":"sv_SE","og_type":"article","og_title":"Hur skulle du f\u00f6r\u00e4ndra f\u00f6rbundets verksamhet?","og_description":"V\u00e4rlden, det finl\u00e4ndska samh\u00e4llet och arbetslivet st\u00e5r inf\u00f6r st\u00e4ndiga f\u00f6r\u00e4ndringar, vare sig vi vill det eller inte. En del av [\u2026] Lue lis\u00e4\u00e4 &raquo;","og_url":"https:\/\/www.selry.fi\/sv\/blogg\/hur-skulle-du-forandra-forbundets-verksamhet\/","og_site_name":"Suomen Elintarvikety\u00f6l\u00e4isten Liitto SEL","article_publisher":"https:\/\/www.facebook.com\/selry","article_published_time":"2022-03-25T15:54:48+00:00","article_modified_time":"2022-03-25T16:03:38+00:00","og_image":[{"width":1385,"height":1252,"url":"https:\/\/www.selry.fi\/wp-content\/uploads\/2021\/05\/oystila-karoliina-kuva-blogiin.jpg","type":"image\/jpeg"}],"author":"Karoliina \u00d6ystil\u00e4","twitter_card":"summary_large_image","twitter_creator":"@selryfi","twitter_site":"@selryfi","schema":{"@context":"https:\/\/schema.org","@graph":[{"@type":"Article","@id":"https:\/\/www.selry.fi\/sv\/blogg\/hur-skulle-du-forandra-forbundets-verksamhet\/#article","isPartOf":{"@id":"https:\/\/www.selry.fi\/sv\/blogg\/hur-skulle-du-forandra-forbundets-verksamhet\/"},"author":{"name":"Karoliina \u00d6ystil\u00e4","@id":"https:\/\/www.selry.fi\/#\/schema\/person\/4fb0b52ed84c524f0beea95625a21678"},"headline":"Hur skulle du f\u00f6r\u00e4ndra f\u00f6rbundets verksamhet?","datePublished":"2022-03-25T15:54:48+00:00","dateModified":"2022-03-25T16:03:38+00:00","mainEntityOfPage":{"@id":"https:\/\/www.selry.fi\/sv\/blogg\/hur-skulle-du-forandra-forbundets-verksamhet\/"},"wordCount":373,"publisher":{"@id":"https:\/\/www.selry.fi\/#organization"},"image":{"@id":"https:\/\/www.selry.fi\/sv\/blogg\/hur-skulle-du-forandra-forbundets-verksamhet\/#primaryimage"},"thumbnailUrl":"https:\/\/www.selry.fi\/wp-content\/uploads\/2021\/05\/oystila-karoliina-kuva-blogiin.jpg","articleSection":["Blogg"],"inLanguage":"sv-SE"},{"@type":"WebPage","@id":"https:\/\/www.selry.fi\/sv\/blogg\/hur-skulle-du-forandra-forbundets-verksamhet\/","url":"https:\/\/www.selry.fi\/sv\/blogg\/hur-skulle-du-forandra-forbundets-verksamhet\/","name":"Hur skulle du f\u00f6r\u00e4ndra f\u00f6rbundets verksamhet?","isPartOf":{"@id":"https:\/\/www.selry.fi\/#website"},"primaryImageOfPage":{"@id":"https:\/\/www.selry.fi\/sv\/blogg\/hur-skulle-du-forandra-forbundets-verksamhet\/#primaryimage"},"image":{"@id":"https:\/\/www.selry.fi\/sv\/blogg\/hur-skulle-du-forandra-forbundets-verksamhet\/#primaryimage"},"thumbnailUrl":"https:\/\/www.selry.fi\/wp-content\/uploads\/2021\/05\/oystila-karoliina-kuva-blogiin.jpg","datePublished":"2022-03-25T15:54:48+00:00","dateModified":"2022-03-25T16:03:38+00:00","breadcrumb":{"@id":"https:\/\/www.selry.fi\/sv\/blogg\/hur-skulle-du-forandra-forbundets-verksamhet\/#breadcrumb"},"inLanguage":"sv-SE","potentialAction":[{"@type":"ReadAction","target":["https:\/\/www.selry.fi\/sv\/blogg\/hur-skulle-du-forandra-forbundets-verksamhet\/"]}]},{"@type":"ImageObject","inLanguage":"sv-SE","@id":"https:\/\/www.selry.fi\/sv\/blogg\/hur-skulle-du-forandra-forbundets-verksamhet\/#primaryimage","url":"https:\/\/www.selry.fi\/wp-content\/uploads\/2021\/05\/oystila-karoliina-kuva-blogiin.jpg","contentUrl":"https:\/\/www.selry.fi\/wp-content\/uploads\/2021\/05\/oystila-karoliina-kuva-blogiin.jpg","width":1385,"height":1252},{"@type":"BreadcrumbList","@id":"https:\/\/www.selry.fi\/sv\/blogg\/hur-skulle-du-forandra-forbundets-verksamhet\/#breadcrumb","itemListElement":[{"@type":"ListItem","position":1,"name":"Home","item":"https:\/\/www.selry.fi\/sv\/"},{"@type":"ListItem","position":2,"name":"Hur skulle du f\u00f6r\u00e4ndra f\u00f6rbundets verksamhet?"}]},{"@type":"WebSite","@id":"https:\/\/www.selry.fi\/#website","url":"https:\/\/www.selry.fi\/","name":"Suomen Elintarvikety\u00f6l\u00e4isten Liitto SEL","description":"","publisher":{"@id":"https:\/\/www.selry.fi\/#organization"},"inLanguage":"sv-SE"},{"@type":"Organization","@id":"https:\/\/www.selry.fi\/#organization","name":"Suomen Elintarvikety\u00f6l\u00e4isten Liitto SEL","url":"https:\/\/www.selry.fi\/","logo":{"@type":"ImageObject","inLanguage":"sv-SE","@id":"https:\/\/www.selry.fi\/#\/schema\/logo\/image\/","url":"https:\/\/www.selry.fi\/wp-content\/uploads\/2021\/05\/logo-sel.svg","contentUrl":"https:\/\/www.selry.fi\/wp-content\/uploads\/2021\/05\/logo-sel.svg","width":453,"height":135,"caption":"Suomen Elintarvikety\u00f6l\u00e4isten Liitto SEL"},"image":{"@id":"https:\/\/www.selry.fi\/#\/schema\/logo\/image\/"},"sameAs":["https:\/\/www.facebook.com\/selry","https:\/\/x.com\/selryfi"]},{"@type":"Person","@id":"https:\/\/www.selry.fi\/#\/schema\/person\/4fb0b52ed84c524f0beea95625a21678","name":"Karoliina \u00d6ystil\u00e4","image":{"@type":"ImageObject","inLanguage":"sv-SE","@id":"https:\/\/secure.gravatar.com\/avatar\/8dcb857776c4317075ba571fdc81a06a1f240302e468800d69bf316ef82ac4cd?s=96&d=mm&r=g","url":"https:\/\/secure.gravatar.com\/avatar\/8dcb857776c4317075ba571fdc81a06a1f240302e468800d69bf316ef82ac4cd?s=96&d=mm&r=g","contentUrl":"https:\/\/secure.gravatar.com\/avatar\/8dcb857776c4317075ba571fdc81a06a1f240302e468800d69bf316ef82ac4cd?s=96&d=mm&r=g","caption":"Karoliina \u00d6ystil\u00e4"}}]}},"_links":{"self":[{"href":"https:\/\/www.selry.fi\/sv\/wp-json\/wp\/v2\/posts\/8119","targetHints":{"allow":["GET"]}}],"collection":[{"href":"https:\/\/www.selry.fi\/sv\/wp-json\/wp\/v2\/posts"}],"about":[{"href":"https:\/\/www.selry.fi\/sv\/wp-json\/wp\/v2\/types\/post"}],"author":[{"embeddable":true,"href":"https:\/\/www.selry.fi\/sv\/wp-json\/wp\/v2\/users\/4"}],"replies":[{"embeddable":true,"href":"https:\/\/www.selry.fi\/sv\/wp-json\/wp\/v2\/comments?post=8119"}],"version-history":[{"count":0,"href":"https:\/\/www.selry.fi\/sv\/wp-json\/wp\/v2\/posts\/8119\/revisions"}],"wp:featuredmedia":[{"embeddable":true,"href":"https:\/\/www.selry.fi\/sv\/wp-json\/wp\/v2\/media\/4353"}],"wp:attachment":[{"href":"https:\/\/www.selry.fi\/sv\/wp-json\/wp\/v2\/media?parent=8119"}],"wp:term":[{"taxonomy":"category","embeddable":true,"href":"https:\/\/www.selry.fi\/sv\/wp-json\/wp\/v2\/categories?post=8119"},{"taxonomy":"post_tag","embeddable":true,"href":"https:\/\/www.selry.fi\/sv\/wp-json\/wp\/v2\/tags?post=8119"}],"curies":[{"name":"wp","href":"https:\/\/api.w.org\/{rel}","templated":true}]}}