{"id":7993,"date":"2022-03-10T15:13:02","date_gmt":"2022-03-10T13:13:02","guid":{"rendered":"https:\/\/www.selry.fi\/?p=7993"},"modified":"2022-06-10T00:26:18","modified_gmt":"2022-06-09T21:26:18","slug":"effekterna-kriget-i-ukraina-marks-ocksa-i-finland","status":"publish","type":"post","link":"https:\/\/www.selry.fi\/sv\/blogg\/effekterna-kriget-i-ukraina-marks-ocksa-i-finland\/","title":{"rendered":"Effekterna kriget i Ukraina m\u00e4rks ocks\u00e5 i Finland"},"content":{"rendered":"\n<p>Knappast hade n\u00e5gon f\u00f6r \u00e4nnu bara en tid sedan kunnat f\u00f6rutsp\u00e5 att det f\u00f6r tillf\u00e4llet p\u00e5g\u00e5r ett fullskaligt krig i Europa. Rysslands krigf\u00f6ring i Ukraina \u00e4r totalt f\u00f6rkastlig.<\/p>\n\n\n\n<p>I krig \u00e4r civilbefolkningens \u00f6de alltid h\u00e5rt. Det faktum s\u00e4ger mycket om situationen att 1,5 miljoner ukrainare under de tio f\u00f6rsta dagarna har tvingats l\u00e4mna sitt hemland. Katastrofhj\u00e4lp och st\u00f6d till civilbefolkningen \u00e4r nu viktigt. Av den anledningen har f\u00f6rbundet beslutat om <a href=\"https:\/\/www.selry.fi\/sv\/nyheter\/sel-donerar-5-000-euro-till-krigsoffren-i-ukraina\/\">ekonomiskt st\u00f6d till ukrainarna<\/a> via Unicef och Finlands R\u00f6da kors.<\/p>\n\n\n\n<p>F\u00f6r att tvinga Ryssland att dra sig ut ur Ukraina har en internationell front av ekonomiska sanktioner uppst\u00e5tt. Ekonomiska sanktioner \u00e4r dessv\u00e4rre ingen snabb metod, men det \u00e4r klart att man \u00e4r tvingad att vidta s\u00e5dana \u00e5tg\u00e4rder i detta skede.<\/p>\n\n\n\n<p>Skuggorna av sanktionerna \u00e4r l\u00e5nga. Det \u00e4r sv\u00e5rt att f\u00f6rest\u00e4lla sig vad som har r\u00f6rt sig i huvudet p\u00e5 den ryska ledningen d\u00e5 den fattat beslut om detta f\u00e4ltt\u00e5g. Det \u00e4r emellertid klart, att det ocks\u00e5 f\u00f6r Ryssland kommer att ta \u00e5r eller \u00e5rtionden att h\u00e4mta sig efter kriget. Och de som kommer att lida \u00e4r den vanliga ryska befolkningen.<\/p>\n\n\n\n<p>De ekonomiska sanktionerna kommer s\u00e4kert ocks\u00e5 att p\u00e5verka Europas och Finlands ekonomi. Bland de tjugo st\u00f6rsta finl\u00e4ndska f\u00f6retagen med verksamhet i Ryssland finns tre f\u00f6retag inom livsmedelsindustrin. Dessutom \u00e4r ett finl\u00e4ndskt f\u00f6retag i livsmedelsbranschen en betydande akt\u00f6r i Vitryssland.<\/p>\n\n\n\n<p>Rysslands invasion av Krim och d\u00e4rmed f\u00f6ljande exportf\u00f6rbud p\u00e5 livsmedel p\u00e5verkar f\u00f6r sin del finl\u00e4ndska livsmedelsf\u00f6retag, och exporten till Ryssland sj\u00f6nk som en f\u00f6ljd av det i betydande grad. Nu st\u00e5r det helt klart, att f\u00f6retagens verksamhet i den h\u00e4r situationen i Ryssland och Vitryssland har blivit om\u00f6jlig. Besluten att avsluta aff\u00e4rsverksamheten i de h\u00e4r l\u00e4nderna \u00e4r fullst\u00e4ndigt riktiga l\u00f6sningar.<\/p>\n\n\n\n<p>Den fr\u00e5ga som kriget oundvikligen v\u00e4cker ocks\u00e5 hos oss g\u00e4ller Finlands f\u00f6rs\u00f6rjningsberedskap. D\u00e4r har den inhemska livsmedelsproduktionen en mycket viktig roll. Man kan inte heller denna g\u00e5ng nog po\u00e4ngtera vikten av v\u00e5r inhemska livsmedelsproduktion. Vid sidan om att den ger arbete, kan den ocks\u00e5 skapa trygghet i internationella kriser.<\/p>\n\n\n\n<p>\u00c4nnu en viktig fr\u00e5ga: p\u00e5 m\u00e5nga av v\u00e5ra arbetsplatser i livsmedelsbranschen har vi ryska arbetskamrater eller arbetskamrater med ryskt ursprung och \u00e4ven en stor grupp av dem \u00e4r medlemmar i v\u00e5rt f\u00f6rbund. Vi m\u00e5ste komma ih\u00e5g att ocks\u00e5 de lider av den h\u00e4r situationen och att de inte p\u00e5 n\u00e5got s\u00e4tt \u00e4r skyldiga till kriget.<br><br><em>Veli-Matti Kuntonen<\/em><br><em>SEL:s f\u00f6rbundsordf\u00f6rande<\/em><\/p>\n","protected":false},"excerpt":{"rendered":"<p>Knappast hade n\u00e5gon f\u00f6r \u00e4nnu bara en tid sedan kunnat f\u00f6rutsp\u00e5 att det f\u00f6r tillf\u00e4llet p\u00e5g\u00e5r ett fullskaligt krig i [\u2026] <a href=\"https:\/\/www.selry.fi\/sv\/blogg\/effekterna-kriget-i-ukraina-marks-ocksa-i-finland\/\">Lue lis\u00e4\u00e4 &raquo;<\/a><\/p>\n","protected":false},"author":4,"featured_media":1915,"comment_status":"closed","ping_status":"closed","sticky":false,"template":"","format":"standard","meta":{"_acf_changed":false,"footnotes":""},"categories":[64],"tags":[],"class_list":["post-7993","post","type-post","status-publish","format-standard","has-post-thumbnail","hentry","category-blogg"],"acf":[],"yoast_head":"<!-- This site is optimized with the Yoast SEO plugin v27.2 - https:\/\/yoast.com\/product\/yoast-seo-wordpress\/ -->\n<title>Effekterna kriget i Ukraina m\u00e4rks ocks\u00e5 i Finland<\/title>\n<meta name=\"robots\" content=\"index, follow, max-snippet:-1, max-image-preview:large, max-video-preview:-1\" \/>\n<link rel=\"canonical\" href=\"https:\/\/www.selry.fi\/sv\/blogg\/effekterna-kriget-i-ukraina-marks-ocksa-i-finland\/\" \/>\n<meta property=\"og:locale\" content=\"sv_SE\" \/>\n<meta property=\"og:type\" content=\"article\" \/>\n<meta property=\"og:title\" content=\"Effekterna kriget i Ukraina m\u00e4rks ocks\u00e5 i Finland\" \/>\n<meta property=\"og:description\" content=\"Knappast hade n\u00e5gon f\u00f6r \u00e4nnu bara en tid sedan kunnat f\u00f6rutsp\u00e5 att det f\u00f6r tillf\u00e4llet p\u00e5g\u00e5r ett fullskaligt krig i [\u2026] Lue lis\u00e4\u00e4 &raquo;\" \/>\n<meta property=\"og:url\" content=\"https:\/\/www.selry.fi\/sv\/blogg\/effekterna-kriget-i-ukraina-marks-ocksa-i-finland\/\" \/>\n<meta property=\"og:site_name\" content=\"Suomen Elintarvikety\u00f6l\u00e4isten Liitto SEL\" \/>\n<meta property=\"article:publisher\" content=\"https:\/\/www.facebook.com\/selry\" \/>\n<meta property=\"article:published_time\" content=\"2022-03-10T13:13:02+00:00\" \/>\n<meta property=\"article:modified_time\" content=\"2022-06-09T21:26:18+00:00\" \/>\n<meta property=\"og:image\" content=\"https:\/\/www.selry.fi\/wp-content\/uploads\/2021\/05\/kuntonen-syva-artikkelikuva.jpg\" \/>\n\t<meta property=\"og:image:width\" content=\"1385\" \/>\n\t<meta property=\"og:image:height\" content=\"1063\" \/>\n\t<meta property=\"og:image:type\" content=\"image\/jpeg\" \/>\n<meta name=\"author\" content=\"Karoliina \u00d6ystil\u00e4\" \/>\n<meta name=\"twitter:card\" content=\"summary_large_image\" \/>\n<meta name=\"twitter:creator\" content=\"@selryfi\" \/>\n<meta name=\"twitter:site\" content=\"@selryfi\" \/>\n<script type=\"application\/ld+json\" class=\"yoast-schema-graph\">{\"@context\":\"https:\/\/schema.org\",\"@graph\":[{\"@type\":\"Article\",\"@id\":\"https:\/\/www.selry.fi\/sv\/blogg\/effekterna-kriget-i-ukraina-marks-ocksa-i-finland\/#article\",\"isPartOf\":{\"@id\":\"https:\/\/www.selry.fi\/sv\/blogg\/effekterna-kriget-i-ukraina-marks-ocksa-i-finland\/\"},\"author\":{\"name\":\"Karoliina \u00d6ystil\u00e4\",\"@id\":\"https:\/\/www.selry.fi\/#\/schema\/person\/4fb0b52ed84c524f0beea95625a21678\"},\"headline\":\"Effekterna kriget i Ukraina m\u00e4rks ocks\u00e5 i Finland\",\"datePublished\":\"2022-03-10T13:13:02+00:00\",\"dateModified\":\"2022-06-09T21:26:18+00:00\",\"mainEntityOfPage\":{\"@id\":\"https:\/\/www.selry.fi\/sv\/blogg\/effekterna-kriget-i-ukraina-marks-ocksa-i-finland\/\"},\"wordCount\":476,\"publisher\":{\"@id\":\"https:\/\/www.selry.fi\/#organization\"},\"image\":{\"@id\":\"https:\/\/www.selry.fi\/sv\/blogg\/effekterna-kriget-i-ukraina-marks-ocksa-i-finland\/#primaryimage\"},\"thumbnailUrl\":\"https:\/\/www.selry.fi\/wp-content\/uploads\/2021\/05\/kuntonen-syva-artikkelikuva.jpg\",\"articleSection\":[\"Blogg\"],\"inLanguage\":\"sv-SE\"},{\"@type\":\"WebPage\",\"@id\":\"https:\/\/www.selry.fi\/sv\/blogg\/effekterna-kriget-i-ukraina-marks-ocksa-i-finland\/\",\"url\":\"https:\/\/www.selry.fi\/sv\/blogg\/effekterna-kriget-i-ukraina-marks-ocksa-i-finland\/\",\"name\":\"Effekterna kriget i Ukraina m\u00e4rks ocks\u00e5 i Finland\",\"isPartOf\":{\"@id\":\"https:\/\/www.selry.fi\/#website\"},\"primaryImageOfPage\":{\"@id\":\"https:\/\/www.selry.fi\/sv\/blogg\/effekterna-kriget-i-ukraina-marks-ocksa-i-finland\/#primaryimage\"},\"image\":{\"@id\":\"https:\/\/www.selry.fi\/sv\/blogg\/effekterna-kriget-i-ukraina-marks-ocksa-i-finland\/#primaryimage\"},\"thumbnailUrl\":\"https:\/\/www.selry.fi\/wp-content\/uploads\/2021\/05\/kuntonen-syva-artikkelikuva.jpg\",\"datePublished\":\"2022-03-10T13:13:02+00:00\",\"dateModified\":\"2022-06-09T21:26:18+00:00\",\"breadcrumb\":{\"@id\":\"https:\/\/www.selry.fi\/sv\/blogg\/effekterna-kriget-i-ukraina-marks-ocksa-i-finland\/#breadcrumb\"},\"inLanguage\":\"sv-SE\",\"potentialAction\":[{\"@type\":\"ReadAction\",\"target\":[\"https:\/\/www.selry.fi\/sv\/blogg\/effekterna-kriget-i-ukraina-marks-ocksa-i-finland\/\"]}]},{\"@type\":\"ImageObject\",\"inLanguage\":\"sv-SE\",\"@id\":\"https:\/\/www.selry.fi\/sv\/blogg\/effekterna-kriget-i-ukraina-marks-ocksa-i-finland\/#primaryimage\",\"url\":\"https:\/\/www.selry.fi\/wp-content\/uploads\/2021\/05\/kuntonen-syva-artikkelikuva.jpg\",\"contentUrl\":\"https:\/\/www.selry.fi\/wp-content\/uploads\/2021\/05\/kuntonen-syva-artikkelikuva.jpg\",\"width\":1385,\"height\":1063},{\"@type\":\"BreadcrumbList\",\"@id\":\"https:\/\/www.selry.fi\/sv\/blogg\/effekterna-kriget-i-ukraina-marks-ocksa-i-finland\/#breadcrumb\",\"itemListElement\":[{\"@type\":\"ListItem\",\"position\":1,\"name\":\"Home\",\"item\":\"https:\/\/www.selry.fi\/sv\/\"},{\"@type\":\"ListItem\",\"position\":2,\"name\":\"Effekterna kriget i Ukraina m\u00e4rks ocks\u00e5 i Finland\"}]},{\"@type\":\"WebSite\",\"@id\":\"https:\/\/www.selry.fi\/#website\",\"url\":\"https:\/\/www.selry.fi\/\",\"name\":\"Suomen Elintarvikety\u00f6l\u00e4isten Liitto SEL\",\"description\":\"\",\"publisher\":{\"@id\":\"https:\/\/www.selry.fi\/#organization\"},\"inLanguage\":\"sv-SE\"},{\"@type\":\"Organization\",\"@id\":\"https:\/\/www.selry.fi\/#organization\",\"name\":\"Suomen Elintarvikety\u00f6l\u00e4isten Liitto SEL\",\"url\":\"https:\/\/www.selry.fi\/\",\"logo\":{\"@type\":\"ImageObject\",\"inLanguage\":\"sv-SE\",\"@id\":\"https:\/\/www.selry.fi\/#\/schema\/logo\/image\/\",\"url\":\"https:\/\/www.selry.fi\/wp-content\/uploads\/2021\/05\/logo-sel.svg\",\"contentUrl\":\"https:\/\/www.selry.fi\/wp-content\/uploads\/2021\/05\/logo-sel.svg\",\"width\":453,\"height\":135,\"caption\":\"Suomen Elintarvikety\u00f6l\u00e4isten Liitto SEL\"},\"image\":{\"@id\":\"https:\/\/www.selry.fi\/#\/schema\/logo\/image\/\"},\"sameAs\":[\"https:\/\/www.facebook.com\/selry\",\"https:\/\/x.com\/selryfi\"]},{\"@type\":\"Person\",\"@id\":\"https:\/\/www.selry.fi\/#\/schema\/person\/4fb0b52ed84c524f0beea95625a21678\",\"name\":\"Karoliina \u00d6ystil\u00e4\",\"image\":{\"@type\":\"ImageObject\",\"inLanguage\":\"sv-SE\",\"@id\":\"https:\/\/secure.gravatar.com\/avatar\/8dcb857776c4317075ba571fdc81a06a1f240302e468800d69bf316ef82ac4cd?s=96&d=mm&r=g\",\"url\":\"https:\/\/secure.gravatar.com\/avatar\/8dcb857776c4317075ba571fdc81a06a1f240302e468800d69bf316ef82ac4cd?s=96&d=mm&r=g\",\"contentUrl\":\"https:\/\/secure.gravatar.com\/avatar\/8dcb857776c4317075ba571fdc81a06a1f240302e468800d69bf316ef82ac4cd?s=96&d=mm&r=g\",\"caption\":\"Karoliina \u00d6ystil\u00e4\"}}]}<\/script>\n<!-- \/ Yoast SEO plugin. -->","yoast_head_json":{"title":"Effekterna kriget i Ukraina m\u00e4rks ocks\u00e5 i Finland","robots":{"index":"index","follow":"follow","max-snippet":"max-snippet:-1","max-image-preview":"max-image-preview:large","max-video-preview":"max-video-preview:-1"},"canonical":"https:\/\/www.selry.fi\/sv\/blogg\/effekterna-kriget-i-ukraina-marks-ocksa-i-finland\/","og_locale":"sv_SE","og_type":"article","og_title":"Effekterna kriget i Ukraina m\u00e4rks ocks\u00e5 i Finland","og_description":"Knappast hade n\u00e5gon f\u00f6r \u00e4nnu bara en tid sedan kunnat f\u00f6rutsp\u00e5 att det f\u00f6r tillf\u00e4llet p\u00e5g\u00e5r ett fullskaligt krig i [\u2026] Lue lis\u00e4\u00e4 &raquo;","og_url":"https:\/\/www.selry.fi\/sv\/blogg\/effekterna-kriget-i-ukraina-marks-ocksa-i-finland\/","og_site_name":"Suomen Elintarvikety\u00f6l\u00e4isten Liitto SEL","article_publisher":"https:\/\/www.facebook.com\/selry","article_published_time":"2022-03-10T13:13:02+00:00","article_modified_time":"2022-06-09T21:26:18+00:00","og_image":[{"width":1385,"height":1063,"url":"https:\/\/www.selry.fi\/wp-content\/uploads\/2021\/05\/kuntonen-syva-artikkelikuva.jpg","type":"image\/jpeg"}],"author":"Karoliina \u00d6ystil\u00e4","twitter_card":"summary_large_image","twitter_creator":"@selryfi","twitter_site":"@selryfi","schema":{"@context":"https:\/\/schema.org","@graph":[{"@type":"Article","@id":"https:\/\/www.selry.fi\/sv\/blogg\/effekterna-kriget-i-ukraina-marks-ocksa-i-finland\/#article","isPartOf":{"@id":"https:\/\/www.selry.fi\/sv\/blogg\/effekterna-kriget-i-ukraina-marks-ocksa-i-finland\/"},"author":{"name":"Karoliina \u00d6ystil\u00e4","@id":"https:\/\/www.selry.fi\/#\/schema\/person\/4fb0b52ed84c524f0beea95625a21678"},"headline":"Effekterna kriget i Ukraina m\u00e4rks ocks\u00e5 i Finland","datePublished":"2022-03-10T13:13:02+00:00","dateModified":"2022-06-09T21:26:18+00:00","mainEntityOfPage":{"@id":"https:\/\/www.selry.fi\/sv\/blogg\/effekterna-kriget-i-ukraina-marks-ocksa-i-finland\/"},"wordCount":476,"publisher":{"@id":"https:\/\/www.selry.fi\/#organization"},"image":{"@id":"https:\/\/www.selry.fi\/sv\/blogg\/effekterna-kriget-i-ukraina-marks-ocksa-i-finland\/#primaryimage"},"thumbnailUrl":"https:\/\/www.selry.fi\/wp-content\/uploads\/2021\/05\/kuntonen-syva-artikkelikuva.jpg","articleSection":["Blogg"],"inLanguage":"sv-SE"},{"@type":"WebPage","@id":"https:\/\/www.selry.fi\/sv\/blogg\/effekterna-kriget-i-ukraina-marks-ocksa-i-finland\/","url":"https:\/\/www.selry.fi\/sv\/blogg\/effekterna-kriget-i-ukraina-marks-ocksa-i-finland\/","name":"Effekterna kriget i Ukraina m\u00e4rks ocks\u00e5 i Finland","isPartOf":{"@id":"https:\/\/www.selry.fi\/#website"},"primaryImageOfPage":{"@id":"https:\/\/www.selry.fi\/sv\/blogg\/effekterna-kriget-i-ukraina-marks-ocksa-i-finland\/#primaryimage"},"image":{"@id":"https:\/\/www.selry.fi\/sv\/blogg\/effekterna-kriget-i-ukraina-marks-ocksa-i-finland\/#primaryimage"},"thumbnailUrl":"https:\/\/www.selry.fi\/wp-content\/uploads\/2021\/05\/kuntonen-syva-artikkelikuva.jpg","datePublished":"2022-03-10T13:13:02+00:00","dateModified":"2022-06-09T21:26:18+00:00","breadcrumb":{"@id":"https:\/\/www.selry.fi\/sv\/blogg\/effekterna-kriget-i-ukraina-marks-ocksa-i-finland\/#breadcrumb"},"inLanguage":"sv-SE","potentialAction":[{"@type":"ReadAction","target":["https:\/\/www.selry.fi\/sv\/blogg\/effekterna-kriget-i-ukraina-marks-ocksa-i-finland\/"]}]},{"@type":"ImageObject","inLanguage":"sv-SE","@id":"https:\/\/www.selry.fi\/sv\/blogg\/effekterna-kriget-i-ukraina-marks-ocksa-i-finland\/#primaryimage","url":"https:\/\/www.selry.fi\/wp-content\/uploads\/2021\/05\/kuntonen-syva-artikkelikuva.jpg","contentUrl":"https:\/\/www.selry.fi\/wp-content\/uploads\/2021\/05\/kuntonen-syva-artikkelikuva.jpg","width":1385,"height":1063},{"@type":"BreadcrumbList","@id":"https:\/\/www.selry.fi\/sv\/blogg\/effekterna-kriget-i-ukraina-marks-ocksa-i-finland\/#breadcrumb","itemListElement":[{"@type":"ListItem","position":1,"name":"Home","item":"https:\/\/www.selry.fi\/sv\/"},{"@type":"ListItem","position":2,"name":"Effekterna kriget i Ukraina m\u00e4rks ocks\u00e5 i Finland"}]},{"@type":"WebSite","@id":"https:\/\/www.selry.fi\/#website","url":"https:\/\/www.selry.fi\/","name":"Suomen Elintarvikety\u00f6l\u00e4isten Liitto SEL","description":"","publisher":{"@id":"https:\/\/www.selry.fi\/#organization"},"inLanguage":"sv-SE"},{"@type":"Organization","@id":"https:\/\/www.selry.fi\/#organization","name":"Suomen Elintarvikety\u00f6l\u00e4isten Liitto SEL","url":"https:\/\/www.selry.fi\/","logo":{"@type":"ImageObject","inLanguage":"sv-SE","@id":"https:\/\/www.selry.fi\/#\/schema\/logo\/image\/","url":"https:\/\/www.selry.fi\/wp-content\/uploads\/2021\/05\/logo-sel.svg","contentUrl":"https:\/\/www.selry.fi\/wp-content\/uploads\/2021\/05\/logo-sel.svg","width":453,"height":135,"caption":"Suomen Elintarvikety\u00f6l\u00e4isten Liitto SEL"},"image":{"@id":"https:\/\/www.selry.fi\/#\/schema\/logo\/image\/"},"sameAs":["https:\/\/www.facebook.com\/selry","https:\/\/x.com\/selryfi"]},{"@type":"Person","@id":"https:\/\/www.selry.fi\/#\/schema\/person\/4fb0b52ed84c524f0beea95625a21678","name":"Karoliina \u00d6ystil\u00e4","image":{"@type":"ImageObject","inLanguage":"sv-SE","@id":"https:\/\/secure.gravatar.com\/avatar\/8dcb857776c4317075ba571fdc81a06a1f240302e468800d69bf316ef82ac4cd?s=96&d=mm&r=g","url":"https:\/\/secure.gravatar.com\/avatar\/8dcb857776c4317075ba571fdc81a06a1f240302e468800d69bf316ef82ac4cd?s=96&d=mm&r=g","contentUrl":"https:\/\/secure.gravatar.com\/avatar\/8dcb857776c4317075ba571fdc81a06a1f240302e468800d69bf316ef82ac4cd?s=96&d=mm&r=g","caption":"Karoliina \u00d6ystil\u00e4"}}]}},"_links":{"self":[{"href":"https:\/\/www.selry.fi\/sv\/wp-json\/wp\/v2\/posts\/7993","targetHints":{"allow":["GET"]}}],"collection":[{"href":"https:\/\/www.selry.fi\/sv\/wp-json\/wp\/v2\/posts"}],"about":[{"href":"https:\/\/www.selry.fi\/sv\/wp-json\/wp\/v2\/types\/post"}],"author":[{"embeddable":true,"href":"https:\/\/www.selry.fi\/sv\/wp-json\/wp\/v2\/users\/4"}],"replies":[{"embeddable":true,"href":"https:\/\/www.selry.fi\/sv\/wp-json\/wp\/v2\/comments?post=7993"}],"version-history":[{"count":0,"href":"https:\/\/www.selry.fi\/sv\/wp-json\/wp\/v2\/posts\/7993\/revisions"}],"wp:featuredmedia":[{"embeddable":true,"href":"https:\/\/www.selry.fi\/sv\/wp-json\/wp\/v2\/media\/1915"}],"wp:attachment":[{"href":"https:\/\/www.selry.fi\/sv\/wp-json\/wp\/v2\/media?parent=7993"}],"wp:term":[{"taxonomy":"category","embeddable":true,"href":"https:\/\/www.selry.fi\/sv\/wp-json\/wp\/v2\/categories?post=7993"},{"taxonomy":"post_tag","embeddable":true,"href":"https:\/\/www.selry.fi\/sv\/wp-json\/wp\/v2\/tags?post=7993"}],"curies":[{"name":"wp","href":"https:\/\/api.w.org\/{rel}","templated":true}]}}