{"id":7502,"date":"2022-02-11T00:01:00","date_gmt":"2022-02-10T22:01:00","guid":{"rendered":"https:\/\/www.selry.fi\/?p=7502"},"modified":"2022-02-10T17:35:50","modified_gmt":"2022-02-10T15:35:50","slug":"forbundets-uppgift-ar-att-forsvara-sina-medlemmar","status":"publish","type":"post","link":"https:\/\/www.selry.fi\/sv\/blogg\/forbundets-uppgift-ar-att-forsvara-sina-medlemmar\/","title":{"rendered":"F\u00f6rbundets uppgift \u00e4r att f\u00f6rsvara sina medlemmar"},"content":{"rendered":"\n<p>Den stora majoriteten finl\u00e4ndare vill att fackf\u00f6rbunden tillsammans med branschens arbetsgivare ska f\u00f6rhandla om kollektivavtalen, d\u00e4r \u00f6verenskommelser finns om minimivillkoren f\u00f6r arbetstagarna. En klar majoritet f\u00f6rst\u00e5r ocks\u00e5 att utan strejkr\u00e4tten har fackf\u00f6rbunden ingen f\u00f6rhandlingsstyrka, och att vi ibland befinner oss i en situation d\u00e4r det enda alternativet \u00e4r att anv\u00e4nda sig av den r\u00e4tten.<\/p>\n\n\n\n<p>Pappersj\u00e4tten UPM har gjort sig sj\u00e4lv till ett sorgligt exempel p\u00e5 vad som h\u00e4nder d\u00e5 ideologin g\u00e5r framom allt annat. UPM har redan under flera m\u00e5naders tid v\u00e4grat att f\u00f6rhandla med Pappersf\u00f6rbundet om arbetstagarnas arbetsvillkor. P\u00e5 grund av UPM:s motstridiga verksamhet har arbetstagarna tvingats strejka redan i flera veckor. UPM har inte g\u00e5tt med p\u00e5 att f\u00f6rhandla, trots att de ekonomiska f\u00f6rlusterna uppg\u00e5r till miljontals euro.<\/p>\n\n\n\n<p>En del har f\u00f6rd\u00f6mt Pappersf\u00f6rbundets strejk och anklagat fackf\u00f6rbunden f\u00f6r ansvarsl\u00f6shet. Den kritiken har ingenting med sanningen att g\u00f6ra. Fackf\u00f6rbunden sk\u00f6ter sina uppgifter, det vill s\u00e4ga de f\u00f6rsvarar sina medlemmar. En strejk \u00e4r inget m\u00e5l utan en sista p\u00e5verkningsmetod, om det inte g\u00e5r att komma \u00f6verens f\u00f6rhandlingsv\u00e4gen.<\/p>\n\n\n\n<p>Goda arbetsvillkor f\u00f6ruts\u00e4tter en god organiseringsgrad eller med andra ord att man p\u00e5 arbetsplatserna tillh\u00f6r facket. D\u00e5 vi p\u00e5 arbetsplatserna erbjuder medlemskap i f\u00f6rbundet till alla, ocks\u00e5 sommarjobbarna och arbetstagarna med invandrarbakgrund, f\u00f6rs\u00e4krar vi oss om att allas arbetsvillkor \u00e4r i sin ordning.<br><br><em>Karoliina \u00d6ystil\u00e4<br>SEL:s kommunikationschef, chefredakt\u00f6r<\/em><\/p>\n\n\n\n<p><em>Texten publiceras f\u00f6rst som ledare i Elintae 1\/2022, 11.2.2022.<\/em><\/p>\n","protected":false},"excerpt":{"rendered":"<p>Den stora majoriteten finl\u00e4ndare vill att fackf\u00f6rbunden tillsammans med branschens arbetsgivare ska f\u00f6rhandla om kollektivavtalen, d\u00e4r \u00f6verenskommelser finns om minimivillkoren [\u2026] <a href=\"https:\/\/www.selry.fi\/sv\/blogg\/forbundets-uppgift-ar-att-forsvara-sina-medlemmar\/\">Lue lis\u00e4\u00e4 &raquo;<\/a><\/p>\n","protected":false},"author":4,"featured_media":4353,"comment_status":"closed","ping_status":"closed","sticky":false,"template":"","format":"standard","meta":{"_acf_changed":false,"footnotes":""},"categories":[64],"tags":[],"class_list":["post-7502","post","type-post","status-publish","format-standard","has-post-thumbnail","hentry","category-blogg"],"acf":[],"yoast_head":"<!-- This site is optimized with the Yoast SEO plugin v27.2 - https:\/\/yoast.com\/product\/yoast-seo-wordpress\/ -->\n<title>F\u00f6rbundets uppgift \u00e4r att f\u00f6rsvara sina medlemmar<\/title>\n<meta name=\"robots\" content=\"index, follow, max-snippet:-1, max-image-preview:large, max-video-preview:-1\" \/>\n<link rel=\"canonical\" href=\"https:\/\/www.selry.fi\/sv\/blogg\/forbundets-uppgift-ar-att-forsvara-sina-medlemmar\/\" \/>\n<meta property=\"og:locale\" content=\"sv_SE\" \/>\n<meta property=\"og:type\" content=\"article\" \/>\n<meta property=\"og:title\" content=\"F\u00f6rbundets uppgift \u00e4r att f\u00f6rsvara sina medlemmar\" \/>\n<meta property=\"og:description\" content=\"Den stora majoriteten finl\u00e4ndare vill att fackf\u00f6rbunden tillsammans med branschens arbetsgivare ska f\u00f6rhandla om kollektivavtalen, d\u00e4r \u00f6verenskommelser finns om minimivillkoren [\u2026] Lue lis\u00e4\u00e4 &raquo;\" \/>\n<meta property=\"og:url\" content=\"https:\/\/www.selry.fi\/sv\/blogg\/forbundets-uppgift-ar-att-forsvara-sina-medlemmar\/\" \/>\n<meta property=\"og:site_name\" content=\"Suomen Elintarvikety\u00f6l\u00e4isten Liitto SEL\" \/>\n<meta property=\"article:publisher\" content=\"https:\/\/www.facebook.com\/selry\" \/>\n<meta property=\"article:published_time\" content=\"2022-02-10T22:01:00+00:00\" \/>\n<meta property=\"og:image\" content=\"https:\/\/www.selry.fi\/wp-content\/uploads\/2021\/05\/oystila-karoliina-kuva-blogiin.jpg\" \/>\n\t<meta property=\"og:image:width\" content=\"1385\" \/>\n\t<meta property=\"og:image:height\" content=\"1252\" \/>\n\t<meta property=\"og:image:type\" content=\"image\/jpeg\" \/>\n<meta name=\"author\" content=\"Karoliina \u00d6ystil\u00e4\" \/>\n<meta name=\"twitter:card\" content=\"summary_large_image\" \/>\n<meta name=\"twitter:creator\" content=\"@selryfi\" \/>\n<meta name=\"twitter:site\" content=\"@selryfi\" \/>\n<script type=\"application\/ld+json\" class=\"yoast-schema-graph\">{\"@context\":\"https:\/\/schema.org\",\"@graph\":[{\"@type\":\"Article\",\"@id\":\"https:\/\/www.selry.fi\/sv\/blogg\/forbundets-uppgift-ar-att-forsvara-sina-medlemmar\/#article\",\"isPartOf\":{\"@id\":\"https:\/\/www.selry.fi\/sv\/blogg\/forbundets-uppgift-ar-att-forsvara-sina-medlemmar\/\"},\"author\":{\"name\":\"Karoliina \u00d6ystil\u00e4\",\"@id\":\"https:\/\/www.selry.fi\/#\/schema\/person\/4fb0b52ed84c524f0beea95625a21678\"},\"headline\":\"F\u00f6rbundets uppgift \u00e4r att f\u00f6rsvara sina medlemmar\",\"datePublished\":\"2022-02-10T22:01:00+00:00\",\"mainEntityOfPage\":{\"@id\":\"https:\/\/www.selry.fi\/sv\/blogg\/forbundets-uppgift-ar-att-forsvara-sina-medlemmar\/\"},\"wordCount\":282,\"publisher\":{\"@id\":\"https:\/\/www.selry.fi\/#organization\"},\"image\":{\"@id\":\"https:\/\/www.selry.fi\/sv\/blogg\/forbundets-uppgift-ar-att-forsvara-sina-medlemmar\/#primaryimage\"},\"thumbnailUrl\":\"https:\/\/www.selry.fi\/wp-content\/uploads\/2021\/05\/oystila-karoliina-kuva-blogiin.jpg\",\"articleSection\":[\"Blogg\"],\"inLanguage\":\"sv-SE\"},{\"@type\":\"WebPage\",\"@id\":\"https:\/\/www.selry.fi\/sv\/blogg\/forbundets-uppgift-ar-att-forsvara-sina-medlemmar\/\",\"url\":\"https:\/\/www.selry.fi\/sv\/blogg\/forbundets-uppgift-ar-att-forsvara-sina-medlemmar\/\",\"name\":\"F\u00f6rbundets uppgift \u00e4r att f\u00f6rsvara sina medlemmar\",\"isPartOf\":{\"@id\":\"https:\/\/www.selry.fi\/#website\"},\"primaryImageOfPage\":{\"@id\":\"https:\/\/www.selry.fi\/sv\/blogg\/forbundets-uppgift-ar-att-forsvara-sina-medlemmar\/#primaryimage\"},\"image\":{\"@id\":\"https:\/\/www.selry.fi\/sv\/blogg\/forbundets-uppgift-ar-att-forsvara-sina-medlemmar\/#primaryimage\"},\"thumbnailUrl\":\"https:\/\/www.selry.fi\/wp-content\/uploads\/2021\/05\/oystila-karoliina-kuva-blogiin.jpg\",\"datePublished\":\"2022-02-10T22:01:00+00:00\",\"breadcrumb\":{\"@id\":\"https:\/\/www.selry.fi\/sv\/blogg\/forbundets-uppgift-ar-att-forsvara-sina-medlemmar\/#breadcrumb\"},\"inLanguage\":\"sv-SE\",\"potentialAction\":[{\"@type\":\"ReadAction\",\"target\":[\"https:\/\/www.selry.fi\/sv\/blogg\/forbundets-uppgift-ar-att-forsvara-sina-medlemmar\/\"]}]},{\"@type\":\"ImageObject\",\"inLanguage\":\"sv-SE\",\"@id\":\"https:\/\/www.selry.fi\/sv\/blogg\/forbundets-uppgift-ar-att-forsvara-sina-medlemmar\/#primaryimage\",\"url\":\"https:\/\/www.selry.fi\/wp-content\/uploads\/2021\/05\/oystila-karoliina-kuva-blogiin.jpg\",\"contentUrl\":\"https:\/\/www.selry.fi\/wp-content\/uploads\/2021\/05\/oystila-karoliina-kuva-blogiin.jpg\",\"width\":1385,\"height\":1252},{\"@type\":\"BreadcrumbList\",\"@id\":\"https:\/\/www.selry.fi\/sv\/blogg\/forbundets-uppgift-ar-att-forsvara-sina-medlemmar\/#breadcrumb\",\"itemListElement\":[{\"@type\":\"ListItem\",\"position\":1,\"name\":\"Home\",\"item\":\"https:\/\/www.selry.fi\/sv\/\"},{\"@type\":\"ListItem\",\"position\":2,\"name\":\"F\u00f6rbundets uppgift \u00e4r att f\u00f6rsvara sina medlemmar\"}]},{\"@type\":\"WebSite\",\"@id\":\"https:\/\/www.selry.fi\/#website\",\"url\":\"https:\/\/www.selry.fi\/\",\"name\":\"Suomen Elintarvikety\u00f6l\u00e4isten Liitto SEL\",\"description\":\"\",\"publisher\":{\"@id\":\"https:\/\/www.selry.fi\/#organization\"},\"inLanguage\":\"sv-SE\"},{\"@type\":\"Organization\",\"@id\":\"https:\/\/www.selry.fi\/#organization\",\"name\":\"Suomen Elintarvikety\u00f6l\u00e4isten Liitto SEL\",\"url\":\"https:\/\/www.selry.fi\/\",\"logo\":{\"@type\":\"ImageObject\",\"inLanguage\":\"sv-SE\",\"@id\":\"https:\/\/www.selry.fi\/#\/schema\/logo\/image\/\",\"url\":\"https:\/\/www.selry.fi\/wp-content\/uploads\/2021\/05\/logo-sel.svg\",\"contentUrl\":\"https:\/\/www.selry.fi\/wp-content\/uploads\/2021\/05\/logo-sel.svg\",\"width\":453,\"height\":135,\"caption\":\"Suomen Elintarvikety\u00f6l\u00e4isten Liitto SEL\"},\"image\":{\"@id\":\"https:\/\/www.selry.fi\/#\/schema\/logo\/image\/\"},\"sameAs\":[\"https:\/\/www.facebook.com\/selry\",\"https:\/\/x.com\/selryfi\"]},{\"@type\":\"Person\",\"@id\":\"https:\/\/www.selry.fi\/#\/schema\/person\/4fb0b52ed84c524f0beea95625a21678\",\"name\":\"Karoliina \u00d6ystil\u00e4\",\"image\":{\"@type\":\"ImageObject\",\"inLanguage\":\"sv-SE\",\"@id\":\"https:\/\/secure.gravatar.com\/avatar\/8dcb857776c4317075ba571fdc81a06a1f240302e468800d69bf316ef82ac4cd?s=96&d=mm&r=g\",\"url\":\"https:\/\/secure.gravatar.com\/avatar\/8dcb857776c4317075ba571fdc81a06a1f240302e468800d69bf316ef82ac4cd?s=96&d=mm&r=g\",\"contentUrl\":\"https:\/\/secure.gravatar.com\/avatar\/8dcb857776c4317075ba571fdc81a06a1f240302e468800d69bf316ef82ac4cd?s=96&d=mm&r=g\",\"caption\":\"Karoliina \u00d6ystil\u00e4\"}}]}<\/script>\n<!-- \/ Yoast SEO plugin. -->","yoast_head_json":{"title":"F\u00f6rbundets uppgift \u00e4r att f\u00f6rsvara sina medlemmar","robots":{"index":"index","follow":"follow","max-snippet":"max-snippet:-1","max-image-preview":"max-image-preview:large","max-video-preview":"max-video-preview:-1"},"canonical":"https:\/\/www.selry.fi\/sv\/blogg\/forbundets-uppgift-ar-att-forsvara-sina-medlemmar\/","og_locale":"sv_SE","og_type":"article","og_title":"F\u00f6rbundets uppgift \u00e4r att f\u00f6rsvara sina medlemmar","og_description":"Den stora majoriteten finl\u00e4ndare vill att fackf\u00f6rbunden tillsammans med branschens arbetsgivare ska f\u00f6rhandla om kollektivavtalen, d\u00e4r \u00f6verenskommelser finns om minimivillkoren [\u2026] Lue lis\u00e4\u00e4 &raquo;","og_url":"https:\/\/www.selry.fi\/sv\/blogg\/forbundets-uppgift-ar-att-forsvara-sina-medlemmar\/","og_site_name":"Suomen Elintarvikety\u00f6l\u00e4isten Liitto SEL","article_publisher":"https:\/\/www.facebook.com\/selry","article_published_time":"2022-02-10T22:01:00+00:00","og_image":[{"width":1385,"height":1252,"url":"https:\/\/www.selry.fi\/wp-content\/uploads\/2021\/05\/oystila-karoliina-kuva-blogiin.jpg","type":"image\/jpeg"}],"author":"Karoliina \u00d6ystil\u00e4","twitter_card":"summary_large_image","twitter_creator":"@selryfi","twitter_site":"@selryfi","schema":{"@context":"https:\/\/schema.org","@graph":[{"@type":"Article","@id":"https:\/\/www.selry.fi\/sv\/blogg\/forbundets-uppgift-ar-att-forsvara-sina-medlemmar\/#article","isPartOf":{"@id":"https:\/\/www.selry.fi\/sv\/blogg\/forbundets-uppgift-ar-att-forsvara-sina-medlemmar\/"},"author":{"name":"Karoliina \u00d6ystil\u00e4","@id":"https:\/\/www.selry.fi\/#\/schema\/person\/4fb0b52ed84c524f0beea95625a21678"},"headline":"F\u00f6rbundets uppgift \u00e4r att f\u00f6rsvara sina medlemmar","datePublished":"2022-02-10T22:01:00+00:00","mainEntityOfPage":{"@id":"https:\/\/www.selry.fi\/sv\/blogg\/forbundets-uppgift-ar-att-forsvara-sina-medlemmar\/"},"wordCount":282,"publisher":{"@id":"https:\/\/www.selry.fi\/#organization"},"image":{"@id":"https:\/\/www.selry.fi\/sv\/blogg\/forbundets-uppgift-ar-att-forsvara-sina-medlemmar\/#primaryimage"},"thumbnailUrl":"https:\/\/www.selry.fi\/wp-content\/uploads\/2021\/05\/oystila-karoliina-kuva-blogiin.jpg","articleSection":["Blogg"],"inLanguage":"sv-SE"},{"@type":"WebPage","@id":"https:\/\/www.selry.fi\/sv\/blogg\/forbundets-uppgift-ar-att-forsvara-sina-medlemmar\/","url":"https:\/\/www.selry.fi\/sv\/blogg\/forbundets-uppgift-ar-att-forsvara-sina-medlemmar\/","name":"F\u00f6rbundets uppgift \u00e4r att f\u00f6rsvara sina medlemmar","isPartOf":{"@id":"https:\/\/www.selry.fi\/#website"},"primaryImageOfPage":{"@id":"https:\/\/www.selry.fi\/sv\/blogg\/forbundets-uppgift-ar-att-forsvara-sina-medlemmar\/#primaryimage"},"image":{"@id":"https:\/\/www.selry.fi\/sv\/blogg\/forbundets-uppgift-ar-att-forsvara-sina-medlemmar\/#primaryimage"},"thumbnailUrl":"https:\/\/www.selry.fi\/wp-content\/uploads\/2021\/05\/oystila-karoliina-kuva-blogiin.jpg","datePublished":"2022-02-10T22:01:00+00:00","breadcrumb":{"@id":"https:\/\/www.selry.fi\/sv\/blogg\/forbundets-uppgift-ar-att-forsvara-sina-medlemmar\/#breadcrumb"},"inLanguage":"sv-SE","potentialAction":[{"@type":"ReadAction","target":["https:\/\/www.selry.fi\/sv\/blogg\/forbundets-uppgift-ar-att-forsvara-sina-medlemmar\/"]}]},{"@type":"ImageObject","inLanguage":"sv-SE","@id":"https:\/\/www.selry.fi\/sv\/blogg\/forbundets-uppgift-ar-att-forsvara-sina-medlemmar\/#primaryimage","url":"https:\/\/www.selry.fi\/wp-content\/uploads\/2021\/05\/oystila-karoliina-kuva-blogiin.jpg","contentUrl":"https:\/\/www.selry.fi\/wp-content\/uploads\/2021\/05\/oystila-karoliina-kuva-blogiin.jpg","width":1385,"height":1252},{"@type":"BreadcrumbList","@id":"https:\/\/www.selry.fi\/sv\/blogg\/forbundets-uppgift-ar-att-forsvara-sina-medlemmar\/#breadcrumb","itemListElement":[{"@type":"ListItem","position":1,"name":"Home","item":"https:\/\/www.selry.fi\/sv\/"},{"@type":"ListItem","position":2,"name":"F\u00f6rbundets uppgift \u00e4r att f\u00f6rsvara sina medlemmar"}]},{"@type":"WebSite","@id":"https:\/\/www.selry.fi\/#website","url":"https:\/\/www.selry.fi\/","name":"Suomen Elintarvikety\u00f6l\u00e4isten Liitto SEL","description":"","publisher":{"@id":"https:\/\/www.selry.fi\/#organization"},"inLanguage":"sv-SE"},{"@type":"Organization","@id":"https:\/\/www.selry.fi\/#organization","name":"Suomen Elintarvikety\u00f6l\u00e4isten Liitto SEL","url":"https:\/\/www.selry.fi\/","logo":{"@type":"ImageObject","inLanguage":"sv-SE","@id":"https:\/\/www.selry.fi\/#\/schema\/logo\/image\/","url":"https:\/\/www.selry.fi\/wp-content\/uploads\/2021\/05\/logo-sel.svg","contentUrl":"https:\/\/www.selry.fi\/wp-content\/uploads\/2021\/05\/logo-sel.svg","width":453,"height":135,"caption":"Suomen Elintarvikety\u00f6l\u00e4isten Liitto SEL"},"image":{"@id":"https:\/\/www.selry.fi\/#\/schema\/logo\/image\/"},"sameAs":["https:\/\/www.facebook.com\/selry","https:\/\/x.com\/selryfi"]},{"@type":"Person","@id":"https:\/\/www.selry.fi\/#\/schema\/person\/4fb0b52ed84c524f0beea95625a21678","name":"Karoliina \u00d6ystil\u00e4","image":{"@type":"ImageObject","inLanguage":"sv-SE","@id":"https:\/\/secure.gravatar.com\/avatar\/8dcb857776c4317075ba571fdc81a06a1f240302e468800d69bf316ef82ac4cd?s=96&d=mm&r=g","url":"https:\/\/secure.gravatar.com\/avatar\/8dcb857776c4317075ba571fdc81a06a1f240302e468800d69bf316ef82ac4cd?s=96&d=mm&r=g","contentUrl":"https:\/\/secure.gravatar.com\/avatar\/8dcb857776c4317075ba571fdc81a06a1f240302e468800d69bf316ef82ac4cd?s=96&d=mm&r=g","caption":"Karoliina \u00d6ystil\u00e4"}}]}},"_links":{"self":[{"href":"https:\/\/www.selry.fi\/sv\/wp-json\/wp\/v2\/posts\/7502","targetHints":{"allow":["GET"]}}],"collection":[{"href":"https:\/\/www.selry.fi\/sv\/wp-json\/wp\/v2\/posts"}],"about":[{"href":"https:\/\/www.selry.fi\/sv\/wp-json\/wp\/v2\/types\/post"}],"author":[{"embeddable":true,"href":"https:\/\/www.selry.fi\/sv\/wp-json\/wp\/v2\/users\/4"}],"replies":[{"embeddable":true,"href":"https:\/\/www.selry.fi\/sv\/wp-json\/wp\/v2\/comments?post=7502"}],"version-history":[{"count":0,"href":"https:\/\/www.selry.fi\/sv\/wp-json\/wp\/v2\/posts\/7502\/revisions"}],"wp:featuredmedia":[{"embeddable":true,"href":"https:\/\/www.selry.fi\/sv\/wp-json\/wp\/v2\/media\/4353"}],"wp:attachment":[{"href":"https:\/\/www.selry.fi\/sv\/wp-json\/wp\/v2\/media?parent=7502"}],"wp:term":[{"taxonomy":"category","embeddable":true,"href":"https:\/\/www.selry.fi\/sv\/wp-json\/wp\/v2\/categories?post=7502"},{"taxonomy":"post_tag","embeddable":true,"href":"https:\/\/www.selry.fi\/sv\/wp-json\/wp\/v2\/tags?post=7502"}],"curies":[{"name":"wp","href":"https:\/\/api.w.org\/{rel}","templated":true}]}}