{"id":7499,"date":"2022-01-27T16:55:00","date_gmt":"2022-01-27T14:55:00","guid":{"rendered":"https:\/\/www.selry.fi\/?p=7499"},"modified":"2022-02-10T17:36:13","modified_gmt":"2022-02-10T15:36:13","slug":"framtidstro-trots-osakerheten","status":"publish","type":"post","link":"https:\/\/www.selry.fi\/sv\/blogg\/framtidstro-trots-osakerheten\/","title":{"rendered":"Framtidstro trots os\u00e4kerheten"},"content":{"rendered":"\n<p>Livsmedelsindustrin ska i \u00e5r investera f\u00f6r upp till 800 miljoner euro. Det \u00e4r trevliga nyheter. Trots att investeringarna inte skulle f\u00f6rverkligas i den omfattningen, \u00e4r det \u00e4nd\u00e5 fr\u00e5ga om ett mycket starkt budskap om att det i Finland l\u00f6nar sig att producera och tillverka mat ocks\u00e5 i forts\u00e4ttningen.<\/p>\n\n\n\n<p>De investeringar som livsmedelsindustrin f\u00f6rverkligar i Finland \u00e4r mycket viktiga och de st\u00e4rker hela tiden framtidstron. Men som \u00e4r fallet med mycket annat har ocks\u00e5 investeringarna en baksida. Investeringarna skapar inte n\u00f6dv\u00e4ndigtvis nya arbetsplatser utan kan ocks\u00e5 inneb\u00e4ra en minskning.<\/p>\n\n\n\n<p>Det h\u00e4r skapar f\u00f6r m\u00e5nga av branschens arbetstagare en os\u00e4kerhet inf\u00f6r framtiden och \u00f6ver den egna arbetsplatsen. Att minimera os\u00e4kerheten p\u00e5 arbetsplatserna \u00e4r oerh\u00f6rt viktigt. \u00d6ppenhet om f\u00f6retagets framtidsplaner och en m\u00f6jlighet f\u00f6r arbetstagarna att p\u00e5verka dem \u00e4r den b\u00e4sta metoden att minska os\u00e4kerheten. Det l\u00f6nar sig att dra nytta av de h\u00e4r metoderna p\u00e5 arbetsplatsen b\u00e5de d\u00e5 investeringar planeras och i \u00f6vrigt.<\/p>\n\n\n\n<p>Os\u00e4kerhet har vi haft alldeles tillr\u00e4ckligt av under de senaste tv\u00e5 corona\u00e5ren. Oron \u00f6ver den egna eller de n\u00e4rst\u00e5endes h\u00e4lsa samt os\u00e4kerheten \u00f6ver arbetet och utkomsten har inneburit att detta har varit en sv\u00e5r tid f\u00f6r ocks\u00e5 m\u00e5nga av v\u00e5ra medlemmar.<\/p>\n\n\n\n<p>Coronasmittans spridningstakt som under den senaste tiden f\u00e5tt otroliga proportioner har medf\u00f6rt att tidigare praxis i coronasituationen inte l\u00e4ngre har fungerat p\u00e5 samma s\u00e4tt. Helt naturligt \u00e4r man tvungen att i en f\u00f6r\u00e4ndrad situation s\u00f6ka nya till\u00e4mpliga metoder, som i sig ocks\u00e5 inneb\u00e4r utmaningar. S\u00e5 l\u00e4mpar sig exempelvis talet om frivillig karant\u00e4n d\u00e5ligt p\u00e5 v\u00e5ra arbetsplatser, s\u00e5vida man inte samtidigt tar i bruk r\u00e4tten till sjukledighet med egen anm\u00e4lan.<\/p>\n\n\n\n<p>Vi delar arbetsgivarsidans inst\u00e4llning att b\u00e5de arbetsgivaren och arbetstagaren vid sjukdom eller exponering genast borde ha klart f\u00f6r sig hur man ska f\u00f6rfara med testning och karant\u00e4n. Den h\u00e4r coronadj\u00e4vulen verkar nu vara s\u00e5 snabb i r\u00f6relserna att myndigheternas direktiv inte verkar h\u00e4nga med i den hela tiden f\u00f6r\u00e4nderliga situationen, och inte heller motstridiga direktiv har kunnat undvikas.<\/p>\n\n\n\n<p>Hoppas att den h\u00e4r coronatoppen \u00e4r den sista och att vi snart kan \u00e5terg\u00e5 mot det normala. Vad de h\u00e4r tv\u00e5 \u00e5ren \u00e4nd\u00e5 l\u00e4rt oss \u00e4r att det inte l\u00f6nar sig att b\u00f6rja upptr\u00e4da som sp\u00e5man.<br><br><em>Veli-Matti Kuntonen<\/em><br><em>SEL:s f\u00f6rbundsordf\u00f6rande<\/em><br><\/p>\n","protected":false},"excerpt":{"rendered":"<p>Livsmedelsindustrin ska i \u00e5r investera f\u00f6r upp till 800 miljoner euro. Det \u00e4r trevliga nyheter. Trots att investeringarna inte skulle [\u2026] <a href=\"https:\/\/www.selry.fi\/sv\/blogg\/framtidstro-trots-osakerheten\/\">Lue lis\u00e4\u00e4 &raquo;<\/a><\/p>\n","protected":false},"author":4,"featured_media":1915,"comment_status":"closed","ping_status":"closed","sticky":false,"template":"","format":"standard","meta":{"_acf_changed":false,"footnotes":""},"categories":[64],"tags":[],"class_list":["post-7499","post","type-post","status-publish","format-standard","has-post-thumbnail","hentry","category-blogg"],"acf":[],"yoast_head":"<!-- This site is optimized with the Yoast SEO plugin v27.2 - https:\/\/yoast.com\/product\/yoast-seo-wordpress\/ -->\n<title>Framtidstro trots os\u00e4kerheten<\/title>\n<meta name=\"robots\" content=\"index, follow, max-snippet:-1, max-image-preview:large, max-video-preview:-1\" \/>\n<link rel=\"canonical\" href=\"https:\/\/www.selry.fi\/sv\/blogg\/framtidstro-trots-osakerheten\/\" \/>\n<meta property=\"og:locale\" content=\"sv_SE\" \/>\n<meta property=\"og:type\" content=\"article\" \/>\n<meta property=\"og:title\" content=\"Framtidstro trots os\u00e4kerheten\" \/>\n<meta property=\"og:description\" content=\"Livsmedelsindustrin ska i \u00e5r investera f\u00f6r upp till 800 miljoner euro. Det \u00e4r trevliga nyheter. Trots att investeringarna inte skulle [\u2026] Lue lis\u00e4\u00e4 &raquo;\" \/>\n<meta property=\"og:url\" content=\"https:\/\/www.selry.fi\/sv\/blogg\/framtidstro-trots-osakerheten\/\" \/>\n<meta property=\"og:site_name\" content=\"Suomen Elintarvikety\u00f6l\u00e4isten Liitto SEL\" \/>\n<meta property=\"article:publisher\" content=\"https:\/\/www.facebook.com\/selry\" \/>\n<meta property=\"article:published_time\" content=\"2022-01-27T14:55:00+00:00\" \/>\n<meta property=\"article:modified_time\" content=\"2022-02-10T15:36:13+00:00\" \/>\n<meta property=\"og:image\" content=\"https:\/\/www.selry.fi\/wp-content\/uploads\/2021\/05\/kuntonen-syva-artikkelikuva.jpg\" \/>\n\t<meta property=\"og:image:width\" content=\"1385\" \/>\n\t<meta property=\"og:image:height\" content=\"1063\" \/>\n\t<meta property=\"og:image:type\" content=\"image\/jpeg\" \/>\n<meta name=\"author\" content=\"Karoliina \u00d6ystil\u00e4\" \/>\n<meta name=\"twitter:card\" content=\"summary_large_image\" \/>\n<meta name=\"twitter:creator\" content=\"@selryfi\" \/>\n<meta name=\"twitter:site\" content=\"@selryfi\" \/>\n<script type=\"application\/ld+json\" class=\"yoast-schema-graph\">{\"@context\":\"https:\/\/schema.org\",\"@graph\":[{\"@type\":\"Article\",\"@id\":\"https:\/\/www.selry.fi\/sv\/blogg\/framtidstro-trots-osakerheten\/#article\",\"isPartOf\":{\"@id\":\"https:\/\/www.selry.fi\/sv\/blogg\/framtidstro-trots-osakerheten\/\"},\"author\":{\"name\":\"Karoliina \u00d6ystil\u00e4\",\"@id\":\"https:\/\/www.selry.fi\/#\/schema\/person\/4fb0b52ed84c524f0beea95625a21678\"},\"headline\":\"Framtidstro trots os\u00e4kerheten\",\"datePublished\":\"2022-01-27T14:55:00+00:00\",\"dateModified\":\"2022-02-10T15:36:13+00:00\",\"mainEntityOfPage\":{\"@id\":\"https:\/\/www.selry.fi\/sv\/blogg\/framtidstro-trots-osakerheten\/\"},\"wordCount\":436,\"publisher\":{\"@id\":\"https:\/\/www.selry.fi\/#organization\"},\"image\":{\"@id\":\"https:\/\/www.selry.fi\/sv\/blogg\/framtidstro-trots-osakerheten\/#primaryimage\"},\"thumbnailUrl\":\"https:\/\/www.selry.fi\/wp-content\/uploads\/2021\/05\/kuntonen-syva-artikkelikuva.jpg\",\"articleSection\":[\"Blogg\"],\"inLanguage\":\"sv-SE\"},{\"@type\":\"WebPage\",\"@id\":\"https:\/\/www.selry.fi\/sv\/blogg\/framtidstro-trots-osakerheten\/\",\"url\":\"https:\/\/www.selry.fi\/sv\/blogg\/framtidstro-trots-osakerheten\/\",\"name\":\"Framtidstro trots os\u00e4kerheten\",\"isPartOf\":{\"@id\":\"https:\/\/www.selry.fi\/#website\"},\"primaryImageOfPage\":{\"@id\":\"https:\/\/www.selry.fi\/sv\/blogg\/framtidstro-trots-osakerheten\/#primaryimage\"},\"image\":{\"@id\":\"https:\/\/www.selry.fi\/sv\/blogg\/framtidstro-trots-osakerheten\/#primaryimage\"},\"thumbnailUrl\":\"https:\/\/www.selry.fi\/wp-content\/uploads\/2021\/05\/kuntonen-syva-artikkelikuva.jpg\",\"datePublished\":\"2022-01-27T14:55:00+00:00\",\"dateModified\":\"2022-02-10T15:36:13+00:00\",\"breadcrumb\":{\"@id\":\"https:\/\/www.selry.fi\/sv\/blogg\/framtidstro-trots-osakerheten\/#breadcrumb\"},\"inLanguage\":\"sv-SE\",\"potentialAction\":[{\"@type\":\"ReadAction\",\"target\":[\"https:\/\/www.selry.fi\/sv\/blogg\/framtidstro-trots-osakerheten\/\"]}]},{\"@type\":\"ImageObject\",\"inLanguage\":\"sv-SE\",\"@id\":\"https:\/\/www.selry.fi\/sv\/blogg\/framtidstro-trots-osakerheten\/#primaryimage\",\"url\":\"https:\/\/www.selry.fi\/wp-content\/uploads\/2021\/05\/kuntonen-syva-artikkelikuva.jpg\",\"contentUrl\":\"https:\/\/www.selry.fi\/wp-content\/uploads\/2021\/05\/kuntonen-syva-artikkelikuva.jpg\",\"width\":1385,\"height\":1063},{\"@type\":\"BreadcrumbList\",\"@id\":\"https:\/\/www.selry.fi\/sv\/blogg\/framtidstro-trots-osakerheten\/#breadcrumb\",\"itemListElement\":[{\"@type\":\"ListItem\",\"position\":1,\"name\":\"Home\",\"item\":\"https:\/\/www.selry.fi\/sv\/\"},{\"@type\":\"ListItem\",\"position\":2,\"name\":\"Framtidstro trots os\u00e4kerheten\"}]},{\"@type\":\"WebSite\",\"@id\":\"https:\/\/www.selry.fi\/#website\",\"url\":\"https:\/\/www.selry.fi\/\",\"name\":\"Suomen Elintarvikety\u00f6l\u00e4isten Liitto SEL\",\"description\":\"\",\"publisher\":{\"@id\":\"https:\/\/www.selry.fi\/#organization\"},\"inLanguage\":\"sv-SE\"},{\"@type\":\"Organization\",\"@id\":\"https:\/\/www.selry.fi\/#organization\",\"name\":\"Suomen Elintarvikety\u00f6l\u00e4isten Liitto SEL\",\"url\":\"https:\/\/www.selry.fi\/\",\"logo\":{\"@type\":\"ImageObject\",\"inLanguage\":\"sv-SE\",\"@id\":\"https:\/\/www.selry.fi\/#\/schema\/logo\/image\/\",\"url\":\"https:\/\/www.selry.fi\/wp-content\/uploads\/2021\/05\/logo-sel.svg\",\"contentUrl\":\"https:\/\/www.selry.fi\/wp-content\/uploads\/2021\/05\/logo-sel.svg\",\"width\":453,\"height\":135,\"caption\":\"Suomen Elintarvikety\u00f6l\u00e4isten Liitto SEL\"},\"image\":{\"@id\":\"https:\/\/www.selry.fi\/#\/schema\/logo\/image\/\"},\"sameAs\":[\"https:\/\/www.facebook.com\/selry\",\"https:\/\/x.com\/selryfi\"]},{\"@type\":\"Person\",\"@id\":\"https:\/\/www.selry.fi\/#\/schema\/person\/4fb0b52ed84c524f0beea95625a21678\",\"name\":\"Karoliina \u00d6ystil\u00e4\",\"image\":{\"@type\":\"ImageObject\",\"inLanguage\":\"sv-SE\",\"@id\":\"https:\/\/secure.gravatar.com\/avatar\/8dcb857776c4317075ba571fdc81a06a1f240302e468800d69bf316ef82ac4cd?s=96&d=mm&r=g\",\"url\":\"https:\/\/secure.gravatar.com\/avatar\/8dcb857776c4317075ba571fdc81a06a1f240302e468800d69bf316ef82ac4cd?s=96&d=mm&r=g\",\"contentUrl\":\"https:\/\/secure.gravatar.com\/avatar\/8dcb857776c4317075ba571fdc81a06a1f240302e468800d69bf316ef82ac4cd?s=96&d=mm&r=g\",\"caption\":\"Karoliina \u00d6ystil\u00e4\"}}]}<\/script>\n<!-- \/ Yoast SEO plugin. -->","yoast_head_json":{"title":"Framtidstro trots os\u00e4kerheten","robots":{"index":"index","follow":"follow","max-snippet":"max-snippet:-1","max-image-preview":"max-image-preview:large","max-video-preview":"max-video-preview:-1"},"canonical":"https:\/\/www.selry.fi\/sv\/blogg\/framtidstro-trots-osakerheten\/","og_locale":"sv_SE","og_type":"article","og_title":"Framtidstro trots os\u00e4kerheten","og_description":"Livsmedelsindustrin ska i \u00e5r investera f\u00f6r upp till 800 miljoner euro. Det \u00e4r trevliga nyheter. Trots att investeringarna inte skulle [\u2026] Lue lis\u00e4\u00e4 &raquo;","og_url":"https:\/\/www.selry.fi\/sv\/blogg\/framtidstro-trots-osakerheten\/","og_site_name":"Suomen Elintarvikety\u00f6l\u00e4isten Liitto SEL","article_publisher":"https:\/\/www.facebook.com\/selry","article_published_time":"2022-01-27T14:55:00+00:00","article_modified_time":"2022-02-10T15:36:13+00:00","og_image":[{"width":1385,"height":1063,"url":"https:\/\/www.selry.fi\/wp-content\/uploads\/2021\/05\/kuntonen-syva-artikkelikuva.jpg","type":"image\/jpeg"}],"author":"Karoliina \u00d6ystil\u00e4","twitter_card":"summary_large_image","twitter_creator":"@selryfi","twitter_site":"@selryfi","schema":{"@context":"https:\/\/schema.org","@graph":[{"@type":"Article","@id":"https:\/\/www.selry.fi\/sv\/blogg\/framtidstro-trots-osakerheten\/#article","isPartOf":{"@id":"https:\/\/www.selry.fi\/sv\/blogg\/framtidstro-trots-osakerheten\/"},"author":{"name":"Karoliina \u00d6ystil\u00e4","@id":"https:\/\/www.selry.fi\/#\/schema\/person\/4fb0b52ed84c524f0beea95625a21678"},"headline":"Framtidstro trots os\u00e4kerheten","datePublished":"2022-01-27T14:55:00+00:00","dateModified":"2022-02-10T15:36:13+00:00","mainEntityOfPage":{"@id":"https:\/\/www.selry.fi\/sv\/blogg\/framtidstro-trots-osakerheten\/"},"wordCount":436,"publisher":{"@id":"https:\/\/www.selry.fi\/#organization"},"image":{"@id":"https:\/\/www.selry.fi\/sv\/blogg\/framtidstro-trots-osakerheten\/#primaryimage"},"thumbnailUrl":"https:\/\/www.selry.fi\/wp-content\/uploads\/2021\/05\/kuntonen-syva-artikkelikuva.jpg","articleSection":["Blogg"],"inLanguage":"sv-SE"},{"@type":"WebPage","@id":"https:\/\/www.selry.fi\/sv\/blogg\/framtidstro-trots-osakerheten\/","url":"https:\/\/www.selry.fi\/sv\/blogg\/framtidstro-trots-osakerheten\/","name":"Framtidstro trots os\u00e4kerheten","isPartOf":{"@id":"https:\/\/www.selry.fi\/#website"},"primaryImageOfPage":{"@id":"https:\/\/www.selry.fi\/sv\/blogg\/framtidstro-trots-osakerheten\/#primaryimage"},"image":{"@id":"https:\/\/www.selry.fi\/sv\/blogg\/framtidstro-trots-osakerheten\/#primaryimage"},"thumbnailUrl":"https:\/\/www.selry.fi\/wp-content\/uploads\/2021\/05\/kuntonen-syva-artikkelikuva.jpg","datePublished":"2022-01-27T14:55:00+00:00","dateModified":"2022-02-10T15:36:13+00:00","breadcrumb":{"@id":"https:\/\/www.selry.fi\/sv\/blogg\/framtidstro-trots-osakerheten\/#breadcrumb"},"inLanguage":"sv-SE","potentialAction":[{"@type":"ReadAction","target":["https:\/\/www.selry.fi\/sv\/blogg\/framtidstro-trots-osakerheten\/"]}]},{"@type":"ImageObject","inLanguage":"sv-SE","@id":"https:\/\/www.selry.fi\/sv\/blogg\/framtidstro-trots-osakerheten\/#primaryimage","url":"https:\/\/www.selry.fi\/wp-content\/uploads\/2021\/05\/kuntonen-syva-artikkelikuva.jpg","contentUrl":"https:\/\/www.selry.fi\/wp-content\/uploads\/2021\/05\/kuntonen-syva-artikkelikuva.jpg","width":1385,"height":1063},{"@type":"BreadcrumbList","@id":"https:\/\/www.selry.fi\/sv\/blogg\/framtidstro-trots-osakerheten\/#breadcrumb","itemListElement":[{"@type":"ListItem","position":1,"name":"Home","item":"https:\/\/www.selry.fi\/sv\/"},{"@type":"ListItem","position":2,"name":"Framtidstro trots os\u00e4kerheten"}]},{"@type":"WebSite","@id":"https:\/\/www.selry.fi\/#website","url":"https:\/\/www.selry.fi\/","name":"Suomen Elintarvikety\u00f6l\u00e4isten Liitto SEL","description":"","publisher":{"@id":"https:\/\/www.selry.fi\/#organization"},"inLanguage":"sv-SE"},{"@type":"Organization","@id":"https:\/\/www.selry.fi\/#organization","name":"Suomen Elintarvikety\u00f6l\u00e4isten Liitto SEL","url":"https:\/\/www.selry.fi\/","logo":{"@type":"ImageObject","inLanguage":"sv-SE","@id":"https:\/\/www.selry.fi\/#\/schema\/logo\/image\/","url":"https:\/\/www.selry.fi\/wp-content\/uploads\/2021\/05\/logo-sel.svg","contentUrl":"https:\/\/www.selry.fi\/wp-content\/uploads\/2021\/05\/logo-sel.svg","width":453,"height":135,"caption":"Suomen Elintarvikety\u00f6l\u00e4isten Liitto SEL"},"image":{"@id":"https:\/\/www.selry.fi\/#\/schema\/logo\/image\/"},"sameAs":["https:\/\/www.facebook.com\/selry","https:\/\/x.com\/selryfi"]},{"@type":"Person","@id":"https:\/\/www.selry.fi\/#\/schema\/person\/4fb0b52ed84c524f0beea95625a21678","name":"Karoliina \u00d6ystil\u00e4","image":{"@type":"ImageObject","inLanguage":"sv-SE","@id":"https:\/\/secure.gravatar.com\/avatar\/8dcb857776c4317075ba571fdc81a06a1f240302e468800d69bf316ef82ac4cd?s=96&d=mm&r=g","url":"https:\/\/secure.gravatar.com\/avatar\/8dcb857776c4317075ba571fdc81a06a1f240302e468800d69bf316ef82ac4cd?s=96&d=mm&r=g","contentUrl":"https:\/\/secure.gravatar.com\/avatar\/8dcb857776c4317075ba571fdc81a06a1f240302e468800d69bf316ef82ac4cd?s=96&d=mm&r=g","caption":"Karoliina \u00d6ystil\u00e4"}}]}},"_links":{"self":[{"href":"https:\/\/www.selry.fi\/sv\/wp-json\/wp\/v2\/posts\/7499","targetHints":{"allow":["GET"]}}],"collection":[{"href":"https:\/\/www.selry.fi\/sv\/wp-json\/wp\/v2\/posts"}],"about":[{"href":"https:\/\/www.selry.fi\/sv\/wp-json\/wp\/v2\/types\/post"}],"author":[{"embeddable":true,"href":"https:\/\/www.selry.fi\/sv\/wp-json\/wp\/v2\/users\/4"}],"replies":[{"embeddable":true,"href":"https:\/\/www.selry.fi\/sv\/wp-json\/wp\/v2\/comments?post=7499"}],"version-history":[{"count":0,"href":"https:\/\/www.selry.fi\/sv\/wp-json\/wp\/v2\/posts\/7499\/revisions"}],"wp:featuredmedia":[{"embeddable":true,"href":"https:\/\/www.selry.fi\/sv\/wp-json\/wp\/v2\/media\/1915"}],"wp:attachment":[{"href":"https:\/\/www.selry.fi\/sv\/wp-json\/wp\/v2\/media?parent=7499"}],"wp:term":[{"taxonomy":"category","embeddable":true,"href":"https:\/\/www.selry.fi\/sv\/wp-json\/wp\/v2\/categories?post=7499"},{"taxonomy":"post_tag","embeddable":true,"href":"https:\/\/www.selry.fi\/sv\/wp-json\/wp\/v2\/tags?post=7499"}],"curies":[{"name":"wp","href":"https:\/\/api.w.org\/{rel}","templated":true}]}}