{"id":7415,"date":"2021-10-18T09:42:00","date_gmt":"2021-10-18T06:42:00","guid":{"rendered":"https:\/\/www.selry.fi\/?p=7415"},"modified":"2022-02-10T14:25:08","modified_gmt":"2022-02-10T12:25:08","slug":"arbetarskyddsrepresentanterna-valjs-pa-arbetsplatserna","status":"publish","type":"post","link":"https:\/\/www.selry.fi\/sv\/nyheter\/arbetarskyddsrepresentanterna-valjs-pa-arbetsplatserna\/","title":{"rendered":"Arbetarskyddsrepresentanterna v\u00e4ljs p\u00e5 arbetsplatserna"},"content":{"rendered":"\n<p>P\u00e5 livsmedelsbranschens arbetsplatser v\u00e4ljs arbetarskyddsrepresentanter f\u00f6r arbetstagarna i november och december 2021. De representanter som nu v\u00e4ljs har en mandatperiod p\u00e5 tv\u00e5 \u00e5r 1.1.2022-31.12.2023. Lokalt kan man avtala ocks\u00e5 om en l\u00e4ngre, h\u00f6gst fyra \u00e5r l\u00e5ng mandatperiod.<\/p>\n\n\n\n<p>Enligt lagen skall varje arbetsplats med minst 10 arbetstagare i regelbundet arbete v\u00e4lja en arbetarskyddsfullm\u00e4ktige och tv\u00e5 vice fullm\u00e4ktige. Arbetsplatsens tj\u00e4nstem\u00e4n har r\u00e4tt att vid behov v\u00e4lja en egen arbetarskyddsfullm\u00e4ktige och tv\u00e5 vice fullm\u00e4ktige. Det \u00e4r bra om man ocks\u00e5 p\u00e5 mindre arbetsplatser g\u00e5r till val \u00e4ven om det inte f\u00f6ruts\u00e4tts i lagen.<br><br><a href=\"https:\/\/ttk.fi\/files\/4188\/Arbetarskyddsvalanvisning_for_arbetsplatser_inom_industrin_och_servicebranschen_2021.pdf\" target=\"_blank\" rel=\"noreferrer noopener\">Arbetarskyddsval p\u00e5 arbetsplatser inom industrin och servicebranschen (PDF)<\/a><br><a href=\"https:\/\/www.selry.fi\/wp-content\/uploads\/2021\/05\/luottamusmiesvaalit-juliste-a4-ruotsi.pdf\" target=\"_blank\" rel=\"noreferrer noopener\">Valen p\u00e5 denna arbetsplats \u00e4r (PDF)<\/a><br><br><a href=\"https:\/\/www.selry.fi\/wp-content\/uploads\/2021\/09\/valintailmoitus-tyosuojeluvaltuutettu-lomake-svenska-anmalan-om-val-av-arbetarskyddsfullmaktige.pdf\" target=\"_blank\" rel=\"noreferrer noopener\">Anm\u00e4lan om val av arbetarskyddsfullm\u00e4ktige (PDF)<\/a><br><a href=\"https:\/\/www.selry.fi\/wp-content\/uploads\/2021\/09\/valintailmoitus-tyosuojeluasiamies-lomake-svenska-anmalan-om-val-av-arbetarskyddsombudsman.pdf\" target=\"_blank\" rel=\"noreferrer noopener\">Anm\u00e4lan om val av arbetarskyddsombudsman (PDF)<\/a><\/p>\n\n\n\n<p><em>L\u00e4s mera om valen p\u00e5 finska: <a href=\"http:\/\/www.selry.fi\/tyosuojeluvaalit\">www.selry.fi\/tyosuojeluvaalit<\/a><\/em><\/p>\n","protected":false},"excerpt":{"rendered":"<p>P\u00e5 livsmedelsbranschens arbetsplatser v\u00e4ljs arbetarskyddsrepresentanter f\u00f6r arbetstagarna i november och december 2021. De representanter som nu v\u00e4ljs har en mandatperiod [\u2026] <a href=\"https:\/\/www.selry.fi\/sv\/nyheter\/arbetarskyddsrepresentanterna-valjs-pa-arbetsplatserna\/\">Lue lis\u00e4\u00e4 &raquo;<\/a><\/p>\n","protected":false},"author":4,"featured_media":7160,"comment_status":"closed","ping_status":"closed","sticky":false,"template":"","format":"standard","meta":{"_acf_changed":false,"footnotes":""},"categories":[26],"tags":[],"class_list":["post-7415","post","type-post","status-publish","format-standard","has-post-thumbnail","hentry","category-nyheter"],"acf":[],"yoast_head":"<!-- This site is optimized with the Yoast SEO plugin v27.2 - https:\/\/yoast.com\/product\/yoast-seo-wordpress\/ -->\n<title>Arbetarskyddsrepresentanterna v\u00e4ljs p\u00e5 arbetsplatserna<\/title>\n<meta name=\"robots\" content=\"index, follow, max-snippet:-1, max-image-preview:large, max-video-preview:-1\" \/>\n<link rel=\"canonical\" href=\"https:\/\/www.selry.fi\/sv\/nyheter\/arbetarskyddsrepresentanterna-valjs-pa-arbetsplatserna\/\" \/>\n<meta property=\"og:locale\" content=\"sv_SE\" \/>\n<meta property=\"og:type\" content=\"article\" \/>\n<meta property=\"og:title\" content=\"Arbetarskyddsrepresentanterna v\u00e4ljs p\u00e5 arbetsplatserna\" \/>\n<meta property=\"og:description\" content=\"P\u00e5 livsmedelsbranschens arbetsplatser v\u00e4ljs arbetarskyddsrepresentanter f\u00f6r arbetstagarna i november och december 2021. De representanter som nu v\u00e4ljs har en mandatperiod [\u2026] Lue lis\u00e4\u00e4 &raquo;\" \/>\n<meta property=\"og:url\" content=\"https:\/\/www.selry.fi\/sv\/nyheter\/arbetarskyddsrepresentanterna-valjs-pa-arbetsplatserna\/\" \/>\n<meta property=\"og:site_name\" content=\"Suomen Elintarvikety\u00f6l\u00e4isten Liitto SEL\" \/>\n<meta property=\"article:publisher\" content=\"https:\/\/www.facebook.com\/selry\" \/>\n<meta property=\"article:published_time\" content=\"2021-10-18T06:42:00+00:00\" \/>\n<meta property=\"article:modified_time\" content=\"2022-02-10T12:25:08+00:00\" \/>\n<meta property=\"og:image\" content=\"https:\/\/www.selry.fi\/wp-content\/uploads\/2022\/01\/20100914-6205-2.jpg\" \/>\n\t<meta property=\"og:image:width\" content=\"1920\" \/>\n\t<meta property=\"og:image:height\" content=\"1236\" \/>\n\t<meta property=\"og:image:type\" content=\"image\/jpeg\" \/>\n<meta name=\"author\" content=\"Karoliina \u00d6ystil\u00e4\" \/>\n<meta name=\"twitter:card\" content=\"summary_large_image\" \/>\n<meta name=\"twitter:creator\" content=\"@selryfi\" \/>\n<meta name=\"twitter:site\" content=\"@selryfi\" \/>\n<script type=\"application\/ld+json\" class=\"yoast-schema-graph\">{\"@context\":\"https:\/\/schema.org\",\"@graph\":[{\"@type\":\"Article\",\"@id\":\"https:\/\/www.selry.fi\/sv\/nyheter\/arbetarskyddsrepresentanterna-valjs-pa-arbetsplatserna\/#article\",\"isPartOf\":{\"@id\":\"https:\/\/www.selry.fi\/sv\/nyheter\/arbetarskyddsrepresentanterna-valjs-pa-arbetsplatserna\/\"},\"author\":{\"name\":\"Karoliina \u00d6ystil\u00e4\",\"@id\":\"https:\/\/www.selry.fi\/#\/schema\/person\/4fb0b52ed84c524f0beea95625a21678\"},\"headline\":\"Arbetarskyddsrepresentanterna v\u00e4ljs p\u00e5 arbetsplatserna\",\"datePublished\":\"2021-10-18T06:42:00+00:00\",\"dateModified\":\"2022-02-10T12:25:08+00:00\",\"mainEntityOfPage\":{\"@id\":\"https:\/\/www.selry.fi\/sv\/nyheter\/arbetarskyddsrepresentanterna-valjs-pa-arbetsplatserna\/\"},\"wordCount\":151,\"publisher\":{\"@id\":\"https:\/\/www.selry.fi\/#organization\"},\"image\":{\"@id\":\"https:\/\/www.selry.fi\/sv\/nyheter\/arbetarskyddsrepresentanterna-valjs-pa-arbetsplatserna\/#primaryimage\"},\"thumbnailUrl\":\"https:\/\/www.selry.fi\/wp-content\/uploads\/2022\/01\/20100914-6205-2.jpg\",\"articleSection\":[\"Nyheter\"],\"inLanguage\":\"sv-SE\"},{\"@type\":\"WebPage\",\"@id\":\"https:\/\/www.selry.fi\/sv\/nyheter\/arbetarskyddsrepresentanterna-valjs-pa-arbetsplatserna\/\",\"url\":\"https:\/\/www.selry.fi\/sv\/nyheter\/arbetarskyddsrepresentanterna-valjs-pa-arbetsplatserna\/\",\"name\":\"Arbetarskyddsrepresentanterna v\u00e4ljs p\u00e5 arbetsplatserna\",\"isPartOf\":{\"@id\":\"https:\/\/www.selry.fi\/#website\"},\"primaryImageOfPage\":{\"@id\":\"https:\/\/www.selry.fi\/sv\/nyheter\/arbetarskyddsrepresentanterna-valjs-pa-arbetsplatserna\/#primaryimage\"},\"image\":{\"@id\":\"https:\/\/www.selry.fi\/sv\/nyheter\/arbetarskyddsrepresentanterna-valjs-pa-arbetsplatserna\/#primaryimage\"},\"thumbnailUrl\":\"https:\/\/www.selry.fi\/wp-content\/uploads\/2022\/01\/20100914-6205-2.jpg\",\"datePublished\":\"2021-10-18T06:42:00+00:00\",\"dateModified\":\"2022-02-10T12:25:08+00:00\",\"breadcrumb\":{\"@id\":\"https:\/\/www.selry.fi\/sv\/nyheter\/arbetarskyddsrepresentanterna-valjs-pa-arbetsplatserna\/#breadcrumb\"},\"inLanguage\":\"sv-SE\",\"potentialAction\":[{\"@type\":\"ReadAction\",\"target\":[\"https:\/\/www.selry.fi\/sv\/nyheter\/arbetarskyddsrepresentanterna-valjs-pa-arbetsplatserna\/\"]}]},{\"@type\":\"ImageObject\",\"inLanguage\":\"sv-SE\",\"@id\":\"https:\/\/www.selry.fi\/sv\/nyheter\/arbetarskyddsrepresentanterna-valjs-pa-arbetsplatserna\/#primaryimage\",\"url\":\"https:\/\/www.selry.fi\/wp-content\/uploads\/2022\/01\/20100914-6205-2.jpg\",\"contentUrl\":\"https:\/\/www.selry.fi\/wp-content\/uploads\/2022\/01\/20100914-6205-2.jpg\",\"width\":1920,\"height\":1236,\"caption\":\"Kuva Sipoon j\u00e4\u00e4tel\u00f6tehtaalta vuodelta 2010 ennen kuin Unilever osti j\u00e4\u00e4tel\u00f6tuotannon Ingmanilta.\"},{\"@type\":\"BreadcrumbList\",\"@id\":\"https:\/\/www.selry.fi\/sv\/nyheter\/arbetarskyddsrepresentanterna-valjs-pa-arbetsplatserna\/#breadcrumb\",\"itemListElement\":[{\"@type\":\"ListItem\",\"position\":1,\"name\":\"Home\",\"item\":\"https:\/\/www.selry.fi\/sv\/\"},{\"@type\":\"ListItem\",\"position\":2,\"name\":\"Arbetarskyddsrepresentanterna v\u00e4ljs p\u00e5 arbetsplatserna\"}]},{\"@type\":\"WebSite\",\"@id\":\"https:\/\/www.selry.fi\/#website\",\"url\":\"https:\/\/www.selry.fi\/\",\"name\":\"Suomen Elintarvikety\u00f6l\u00e4isten Liitto SEL\",\"description\":\"\",\"publisher\":{\"@id\":\"https:\/\/www.selry.fi\/#organization\"},\"inLanguage\":\"sv-SE\"},{\"@type\":\"Organization\",\"@id\":\"https:\/\/www.selry.fi\/#organization\",\"name\":\"Suomen Elintarvikety\u00f6l\u00e4isten Liitto SEL\",\"url\":\"https:\/\/www.selry.fi\/\",\"logo\":{\"@type\":\"ImageObject\",\"inLanguage\":\"sv-SE\",\"@id\":\"https:\/\/www.selry.fi\/#\/schema\/logo\/image\/\",\"url\":\"https:\/\/www.selry.fi\/wp-content\/uploads\/2021\/05\/logo-sel.svg\",\"contentUrl\":\"https:\/\/www.selry.fi\/wp-content\/uploads\/2021\/05\/logo-sel.svg\",\"width\":453,\"height\":135,\"caption\":\"Suomen Elintarvikety\u00f6l\u00e4isten Liitto SEL\"},\"image\":{\"@id\":\"https:\/\/www.selry.fi\/#\/schema\/logo\/image\/\"},\"sameAs\":[\"https:\/\/www.facebook.com\/selry\",\"https:\/\/x.com\/selryfi\"]},{\"@type\":\"Person\",\"@id\":\"https:\/\/www.selry.fi\/#\/schema\/person\/4fb0b52ed84c524f0beea95625a21678\",\"name\":\"Karoliina \u00d6ystil\u00e4\",\"image\":{\"@type\":\"ImageObject\",\"inLanguage\":\"sv-SE\",\"@id\":\"https:\/\/secure.gravatar.com\/avatar\/8dcb857776c4317075ba571fdc81a06a1f240302e468800d69bf316ef82ac4cd?s=96&d=mm&r=g\",\"url\":\"https:\/\/secure.gravatar.com\/avatar\/8dcb857776c4317075ba571fdc81a06a1f240302e468800d69bf316ef82ac4cd?s=96&d=mm&r=g\",\"contentUrl\":\"https:\/\/secure.gravatar.com\/avatar\/8dcb857776c4317075ba571fdc81a06a1f240302e468800d69bf316ef82ac4cd?s=96&d=mm&r=g\",\"caption\":\"Karoliina \u00d6ystil\u00e4\"}}]}<\/script>\n<!-- \/ Yoast SEO plugin. -->","yoast_head_json":{"title":"Arbetarskyddsrepresentanterna v\u00e4ljs p\u00e5 arbetsplatserna","robots":{"index":"index","follow":"follow","max-snippet":"max-snippet:-1","max-image-preview":"max-image-preview:large","max-video-preview":"max-video-preview:-1"},"canonical":"https:\/\/www.selry.fi\/sv\/nyheter\/arbetarskyddsrepresentanterna-valjs-pa-arbetsplatserna\/","og_locale":"sv_SE","og_type":"article","og_title":"Arbetarskyddsrepresentanterna v\u00e4ljs p\u00e5 arbetsplatserna","og_description":"P\u00e5 livsmedelsbranschens arbetsplatser v\u00e4ljs arbetarskyddsrepresentanter f\u00f6r arbetstagarna i november och december 2021. De representanter som nu v\u00e4ljs har en mandatperiod [\u2026] Lue lis\u00e4\u00e4 &raquo;","og_url":"https:\/\/www.selry.fi\/sv\/nyheter\/arbetarskyddsrepresentanterna-valjs-pa-arbetsplatserna\/","og_site_name":"Suomen Elintarvikety\u00f6l\u00e4isten Liitto SEL","article_publisher":"https:\/\/www.facebook.com\/selry","article_published_time":"2021-10-18T06:42:00+00:00","article_modified_time":"2022-02-10T12:25:08+00:00","og_image":[{"width":1920,"height":1236,"url":"https:\/\/www.selry.fi\/wp-content\/uploads\/2022\/01\/20100914-6205-2.jpg","type":"image\/jpeg"}],"author":"Karoliina \u00d6ystil\u00e4","twitter_card":"summary_large_image","twitter_creator":"@selryfi","twitter_site":"@selryfi","schema":{"@context":"https:\/\/schema.org","@graph":[{"@type":"Article","@id":"https:\/\/www.selry.fi\/sv\/nyheter\/arbetarskyddsrepresentanterna-valjs-pa-arbetsplatserna\/#article","isPartOf":{"@id":"https:\/\/www.selry.fi\/sv\/nyheter\/arbetarskyddsrepresentanterna-valjs-pa-arbetsplatserna\/"},"author":{"name":"Karoliina \u00d6ystil\u00e4","@id":"https:\/\/www.selry.fi\/#\/schema\/person\/4fb0b52ed84c524f0beea95625a21678"},"headline":"Arbetarskyddsrepresentanterna v\u00e4ljs p\u00e5 arbetsplatserna","datePublished":"2021-10-18T06:42:00+00:00","dateModified":"2022-02-10T12:25:08+00:00","mainEntityOfPage":{"@id":"https:\/\/www.selry.fi\/sv\/nyheter\/arbetarskyddsrepresentanterna-valjs-pa-arbetsplatserna\/"},"wordCount":151,"publisher":{"@id":"https:\/\/www.selry.fi\/#organization"},"image":{"@id":"https:\/\/www.selry.fi\/sv\/nyheter\/arbetarskyddsrepresentanterna-valjs-pa-arbetsplatserna\/#primaryimage"},"thumbnailUrl":"https:\/\/www.selry.fi\/wp-content\/uploads\/2022\/01\/20100914-6205-2.jpg","articleSection":["Nyheter"],"inLanguage":"sv-SE"},{"@type":"WebPage","@id":"https:\/\/www.selry.fi\/sv\/nyheter\/arbetarskyddsrepresentanterna-valjs-pa-arbetsplatserna\/","url":"https:\/\/www.selry.fi\/sv\/nyheter\/arbetarskyddsrepresentanterna-valjs-pa-arbetsplatserna\/","name":"Arbetarskyddsrepresentanterna v\u00e4ljs p\u00e5 arbetsplatserna","isPartOf":{"@id":"https:\/\/www.selry.fi\/#website"},"primaryImageOfPage":{"@id":"https:\/\/www.selry.fi\/sv\/nyheter\/arbetarskyddsrepresentanterna-valjs-pa-arbetsplatserna\/#primaryimage"},"image":{"@id":"https:\/\/www.selry.fi\/sv\/nyheter\/arbetarskyddsrepresentanterna-valjs-pa-arbetsplatserna\/#primaryimage"},"thumbnailUrl":"https:\/\/www.selry.fi\/wp-content\/uploads\/2022\/01\/20100914-6205-2.jpg","datePublished":"2021-10-18T06:42:00+00:00","dateModified":"2022-02-10T12:25:08+00:00","breadcrumb":{"@id":"https:\/\/www.selry.fi\/sv\/nyheter\/arbetarskyddsrepresentanterna-valjs-pa-arbetsplatserna\/#breadcrumb"},"inLanguage":"sv-SE","potentialAction":[{"@type":"ReadAction","target":["https:\/\/www.selry.fi\/sv\/nyheter\/arbetarskyddsrepresentanterna-valjs-pa-arbetsplatserna\/"]}]},{"@type":"ImageObject","inLanguage":"sv-SE","@id":"https:\/\/www.selry.fi\/sv\/nyheter\/arbetarskyddsrepresentanterna-valjs-pa-arbetsplatserna\/#primaryimage","url":"https:\/\/www.selry.fi\/wp-content\/uploads\/2022\/01\/20100914-6205-2.jpg","contentUrl":"https:\/\/www.selry.fi\/wp-content\/uploads\/2022\/01\/20100914-6205-2.jpg","width":1920,"height":1236,"caption":"Kuva Sipoon j\u00e4\u00e4tel\u00f6tehtaalta vuodelta 2010 ennen kuin Unilever osti j\u00e4\u00e4tel\u00f6tuotannon Ingmanilta."},{"@type":"BreadcrumbList","@id":"https:\/\/www.selry.fi\/sv\/nyheter\/arbetarskyddsrepresentanterna-valjs-pa-arbetsplatserna\/#breadcrumb","itemListElement":[{"@type":"ListItem","position":1,"name":"Home","item":"https:\/\/www.selry.fi\/sv\/"},{"@type":"ListItem","position":2,"name":"Arbetarskyddsrepresentanterna v\u00e4ljs p\u00e5 arbetsplatserna"}]},{"@type":"WebSite","@id":"https:\/\/www.selry.fi\/#website","url":"https:\/\/www.selry.fi\/","name":"Suomen Elintarvikety\u00f6l\u00e4isten Liitto SEL","description":"","publisher":{"@id":"https:\/\/www.selry.fi\/#organization"},"inLanguage":"sv-SE"},{"@type":"Organization","@id":"https:\/\/www.selry.fi\/#organization","name":"Suomen Elintarvikety\u00f6l\u00e4isten Liitto SEL","url":"https:\/\/www.selry.fi\/","logo":{"@type":"ImageObject","inLanguage":"sv-SE","@id":"https:\/\/www.selry.fi\/#\/schema\/logo\/image\/","url":"https:\/\/www.selry.fi\/wp-content\/uploads\/2021\/05\/logo-sel.svg","contentUrl":"https:\/\/www.selry.fi\/wp-content\/uploads\/2021\/05\/logo-sel.svg","width":453,"height":135,"caption":"Suomen Elintarvikety\u00f6l\u00e4isten Liitto SEL"},"image":{"@id":"https:\/\/www.selry.fi\/#\/schema\/logo\/image\/"},"sameAs":["https:\/\/www.facebook.com\/selry","https:\/\/x.com\/selryfi"]},{"@type":"Person","@id":"https:\/\/www.selry.fi\/#\/schema\/person\/4fb0b52ed84c524f0beea95625a21678","name":"Karoliina \u00d6ystil\u00e4","image":{"@type":"ImageObject","inLanguage":"sv-SE","@id":"https:\/\/secure.gravatar.com\/avatar\/8dcb857776c4317075ba571fdc81a06a1f240302e468800d69bf316ef82ac4cd?s=96&d=mm&r=g","url":"https:\/\/secure.gravatar.com\/avatar\/8dcb857776c4317075ba571fdc81a06a1f240302e468800d69bf316ef82ac4cd?s=96&d=mm&r=g","contentUrl":"https:\/\/secure.gravatar.com\/avatar\/8dcb857776c4317075ba571fdc81a06a1f240302e468800d69bf316ef82ac4cd?s=96&d=mm&r=g","caption":"Karoliina \u00d6ystil\u00e4"}}]}},"_links":{"self":[{"href":"https:\/\/www.selry.fi\/sv\/wp-json\/wp\/v2\/posts\/7415","targetHints":{"allow":["GET"]}}],"collection":[{"href":"https:\/\/www.selry.fi\/sv\/wp-json\/wp\/v2\/posts"}],"about":[{"href":"https:\/\/www.selry.fi\/sv\/wp-json\/wp\/v2\/types\/post"}],"author":[{"embeddable":true,"href":"https:\/\/www.selry.fi\/sv\/wp-json\/wp\/v2\/users\/4"}],"replies":[{"embeddable":true,"href":"https:\/\/www.selry.fi\/sv\/wp-json\/wp\/v2\/comments?post=7415"}],"version-history":[{"count":0,"href":"https:\/\/www.selry.fi\/sv\/wp-json\/wp\/v2\/posts\/7415\/revisions"}],"wp:featuredmedia":[{"embeddable":true,"href":"https:\/\/www.selry.fi\/sv\/wp-json\/wp\/v2\/media\/7160"}],"wp:attachment":[{"href":"https:\/\/www.selry.fi\/sv\/wp-json\/wp\/v2\/media?parent=7415"}],"wp:term":[{"taxonomy":"category","embeddable":true,"href":"https:\/\/www.selry.fi\/sv\/wp-json\/wp\/v2\/categories?post=7415"},{"taxonomy":"post_tag","embeddable":true,"href":"https:\/\/www.selry.fi\/sv\/wp-json\/wp\/v2\/tags?post=7415"}],"curies":[{"name":"wp","href":"https:\/\/api.w.org\/{rel}","templated":true}]}}