{"id":7407,"date":"2021-11-26T16:02:00","date_gmt":"2021-11-26T14:02:00","guid":{"rendered":"https:\/\/www.selry.fi\/?p=7407"},"modified":"2022-02-10T13:59:37","modified_gmt":"2022-02-10T11:59:37","slug":"sels-medlemsavgift-sjunker-till-14-procent","status":"publish","type":"post","link":"https:\/\/www.selry.fi\/sv\/nyheter\/sels-medlemsavgift-sjunker-till-14-procent\/","title":{"rendered":"SEL:s medlemsavgift sjunker till 1,4 procent"},"content":{"rendered":"\n<p class=\"has-ingressi-font-size\">SEL:s medlemsavgift i \u00e5r 2022 \u00e4r 1,4 procent och d\u00e4ri ing\u00e5r ocks\u00e5 medlemsavgiften till arbetsl\u00f6shetskassa.<\/p>\n\n\n\n<p>SEL:s f\u00f6rbundsfullm\u00e4ktige besl\u00f6t i dag p\u00e5 sitt h\u00f6stm\u00f6te att s\u00e4nka SEL:s medlemsavgift med 0,2 procentenheter eller med 12,5 procent. \u00c5r 2022 \u00e4r SEL:s medlemsavgift 1,4 procent och d\u00e4ri ing\u00e5r ocks\u00e5 medlemsavgiften till Finlands livsmedelsarbetaref\u00f6rbunds <a href=\"https:\/\/www.selry.fi\/sv\/finlands-livsmedelsarbetares-arbetsloshetskassa\/\">arbetsl\u00f6shetskassa<\/a>.<\/p>\n\n\n\n<p>SEL:s medlemsavgift betalas av l\u00f6neinkomsterna under f\u00f6rskottsinneh\u00e5llning och f\u00f6rm\u00e5nerna utbetalade av arbetsl\u00f6shetskassan.<\/p>\n\n\n\n<p>Medlemsavgiften \u00e4r i sin helhet skatteavdragsgill. I den slutgiltiga beskattningen av \u00e5rets inkomster kan olika slag av avdrag g\u00f6ras, s\u00e5som den fackliga medlemsavgiften. D\u00e5 de medlemsavgifter du betalat drama av dina inkomster id\u00e9n slutliga beskattning, betalar du i realiteten mindre f\u00f6r ditt medlemskap i f\u00f6rbundet \u00e4n vad som framg\u00e5r av din l\u00f6neutr\u00e4kning.<br><br><a href=\"https:\/\/www.selry.fi\/sv\/bli-medlem\/\">Anslut dig nu till f\u00f6rbundet<\/a> om du inte redan \u00e4r medlem i SEL!<br><\/p>\n","protected":false},"excerpt":{"rendered":"<p>SEL:s medlemsavgift i \u00e5r 2022 \u00e4r 1,4 procent och d\u00e4ri ing\u00e5r ocks\u00e5 medlemsavgiften till arbetsl\u00f6shetskassa. SEL:s f\u00f6rbundsfullm\u00e4ktige besl\u00f6t i dag [\u2026] <a href=\"https:\/\/www.selry.fi\/sv\/nyheter\/sels-medlemsavgift-sjunker-till-14-procent\/\">Lue lis\u00e4\u00e4 &raquo;<\/a><\/p>\n","protected":false},"author":4,"featured_media":6045,"comment_status":"closed","ping_status":"closed","sticky":false,"template":"","format":"standard","meta":{"_acf_changed":false,"footnotes":""},"categories":[26],"tags":[],"class_list":["post-7407","post","type-post","status-publish","format-standard","has-post-thumbnail","hentry","category-nyheter"],"acf":[],"yoast_head":"<!-- This site is optimized with the Yoast SEO plugin v27.2 - https:\/\/yoast.com\/product\/yoast-seo-wordpress\/ -->\n<title>SEL:s medlemsavgift sjunker till 1,4 procent<\/title>\n<meta name=\"robots\" content=\"index, follow, max-snippet:-1, max-image-preview:large, max-video-preview:-1\" \/>\n<link rel=\"canonical\" href=\"https:\/\/www.selry.fi\/sv\/nyheter\/sels-medlemsavgift-sjunker-till-14-procent\/\" \/>\n<meta property=\"og:locale\" content=\"sv_SE\" \/>\n<meta property=\"og:type\" content=\"article\" \/>\n<meta property=\"og:title\" content=\"SEL:s medlemsavgift sjunker till 1,4 procent\" \/>\n<meta property=\"og:description\" content=\"SEL:s medlemsavgift i \u00e5r 2022 \u00e4r 1,4 procent och d\u00e4ri ing\u00e5r ocks\u00e5 medlemsavgiften till arbetsl\u00f6shetskassa. SEL:s f\u00f6rbundsfullm\u00e4ktige besl\u00f6t i dag [\u2026] Lue lis\u00e4\u00e4 &raquo;\" \/>\n<meta property=\"og:url\" content=\"https:\/\/www.selry.fi\/sv\/nyheter\/sels-medlemsavgift-sjunker-till-14-procent\/\" \/>\n<meta property=\"og:site_name\" content=\"Suomen Elintarvikety\u00f6l\u00e4isten Liitto SEL\" \/>\n<meta property=\"article:publisher\" content=\"https:\/\/www.facebook.com\/selry\" \/>\n<meta property=\"article:published_time\" content=\"2021-11-26T14:02:00+00:00\" \/>\n<meta property=\"article:modified_time\" content=\"2022-02-10T11:59:37+00:00\" \/>\n<meta property=\"og:image\" content=\"https:\/\/www.selry.fi\/wp-content\/uploads\/2021\/11\/adler-markku-kuva-minna-rasanen.jpg\" \/>\n\t<meta property=\"og:image:width\" content=\"1920\" \/>\n\t<meta property=\"og:image:height\" content=\"1280\" \/>\n\t<meta property=\"og:image:type\" content=\"image\/jpeg\" \/>\n<meta name=\"author\" content=\"Karoliina \u00d6ystil\u00e4\" \/>\n<meta name=\"twitter:card\" content=\"summary_large_image\" \/>\n<meta name=\"twitter:creator\" content=\"@selryfi\" \/>\n<meta name=\"twitter:site\" content=\"@selryfi\" \/>\n<script type=\"application\/ld+json\" class=\"yoast-schema-graph\">{\"@context\":\"https:\/\/schema.org\",\"@graph\":[{\"@type\":\"Article\",\"@id\":\"https:\/\/www.selry.fi\/sv\/nyheter\/sels-medlemsavgift-sjunker-till-14-procent\/#article\",\"isPartOf\":{\"@id\":\"https:\/\/www.selry.fi\/sv\/nyheter\/sels-medlemsavgift-sjunker-till-14-procent\/\"},\"author\":{\"name\":\"Karoliina \u00d6ystil\u00e4\",\"@id\":\"https:\/\/www.selry.fi\/#\/schema\/person\/4fb0b52ed84c524f0beea95625a21678\"},\"headline\":\"SEL:s medlemsavgift sjunker till 1,4 procent\",\"datePublished\":\"2021-11-26T14:02:00+00:00\",\"dateModified\":\"2022-02-10T11:59:37+00:00\",\"mainEntityOfPage\":{\"@id\":\"https:\/\/www.selry.fi\/sv\/nyheter\/sels-medlemsavgift-sjunker-till-14-procent\/\"},\"wordCount\":160,\"publisher\":{\"@id\":\"https:\/\/www.selry.fi\/#organization\"},\"image\":{\"@id\":\"https:\/\/www.selry.fi\/sv\/nyheter\/sels-medlemsavgift-sjunker-till-14-procent\/#primaryimage\"},\"thumbnailUrl\":\"https:\/\/www.selry.fi\/wp-content\/uploads\/2021\/11\/adler-markku-kuva-minna-rasanen.jpg\",\"articleSection\":[\"Nyheter\"],\"inLanguage\":\"sv-SE\"},{\"@type\":\"WebPage\",\"@id\":\"https:\/\/www.selry.fi\/sv\/nyheter\/sels-medlemsavgift-sjunker-till-14-procent\/\",\"url\":\"https:\/\/www.selry.fi\/sv\/nyheter\/sels-medlemsavgift-sjunker-till-14-procent\/\",\"name\":\"SEL:s medlemsavgift sjunker till 1,4 procent\",\"isPartOf\":{\"@id\":\"https:\/\/www.selry.fi\/#website\"},\"primaryImageOfPage\":{\"@id\":\"https:\/\/www.selry.fi\/sv\/nyheter\/sels-medlemsavgift-sjunker-till-14-procent\/#primaryimage\"},\"image\":{\"@id\":\"https:\/\/www.selry.fi\/sv\/nyheter\/sels-medlemsavgift-sjunker-till-14-procent\/#primaryimage\"},\"thumbnailUrl\":\"https:\/\/www.selry.fi\/wp-content\/uploads\/2021\/11\/adler-markku-kuva-minna-rasanen.jpg\",\"datePublished\":\"2021-11-26T14:02:00+00:00\",\"dateModified\":\"2022-02-10T11:59:37+00:00\",\"breadcrumb\":{\"@id\":\"https:\/\/www.selry.fi\/sv\/nyheter\/sels-medlemsavgift-sjunker-till-14-procent\/#breadcrumb\"},\"inLanguage\":\"sv-SE\",\"potentialAction\":[{\"@type\":\"ReadAction\",\"target\":[\"https:\/\/www.selry.fi\/sv\/nyheter\/sels-medlemsavgift-sjunker-till-14-procent\/\"]}]},{\"@type\":\"ImageObject\",\"inLanguage\":\"sv-SE\",\"@id\":\"https:\/\/www.selry.fi\/sv\/nyheter\/sels-medlemsavgift-sjunker-till-14-procent\/#primaryimage\",\"url\":\"https:\/\/www.selry.fi\/wp-content\/uploads\/2021\/11\/adler-markku-kuva-minna-rasanen.jpg\",\"contentUrl\":\"https:\/\/www.selry.fi\/wp-content\/uploads\/2021\/11\/adler-markku-kuva-minna-rasanen.jpg\",\"width\":1920,\"height\":1280},{\"@type\":\"BreadcrumbList\",\"@id\":\"https:\/\/www.selry.fi\/sv\/nyheter\/sels-medlemsavgift-sjunker-till-14-procent\/#breadcrumb\",\"itemListElement\":[{\"@type\":\"ListItem\",\"position\":1,\"name\":\"Home\",\"item\":\"https:\/\/www.selry.fi\/sv\/\"},{\"@type\":\"ListItem\",\"position\":2,\"name\":\"SEL:s medlemsavgift sjunker till 1,4 procent\"}]},{\"@type\":\"WebSite\",\"@id\":\"https:\/\/www.selry.fi\/#website\",\"url\":\"https:\/\/www.selry.fi\/\",\"name\":\"Suomen Elintarvikety\u00f6l\u00e4isten Liitto SEL\",\"description\":\"\",\"publisher\":{\"@id\":\"https:\/\/www.selry.fi\/#organization\"},\"inLanguage\":\"sv-SE\"},{\"@type\":\"Organization\",\"@id\":\"https:\/\/www.selry.fi\/#organization\",\"name\":\"Suomen Elintarvikety\u00f6l\u00e4isten Liitto SEL\",\"url\":\"https:\/\/www.selry.fi\/\",\"logo\":{\"@type\":\"ImageObject\",\"inLanguage\":\"sv-SE\",\"@id\":\"https:\/\/www.selry.fi\/#\/schema\/logo\/image\/\",\"url\":\"https:\/\/www.selry.fi\/wp-content\/uploads\/2021\/05\/logo-sel.svg\",\"contentUrl\":\"https:\/\/www.selry.fi\/wp-content\/uploads\/2021\/05\/logo-sel.svg\",\"width\":453,\"height\":135,\"caption\":\"Suomen Elintarvikety\u00f6l\u00e4isten Liitto SEL\"},\"image\":{\"@id\":\"https:\/\/www.selry.fi\/#\/schema\/logo\/image\/\"},\"sameAs\":[\"https:\/\/www.facebook.com\/selry\",\"https:\/\/x.com\/selryfi\"]},{\"@type\":\"Person\",\"@id\":\"https:\/\/www.selry.fi\/#\/schema\/person\/4fb0b52ed84c524f0beea95625a21678\",\"name\":\"Karoliina \u00d6ystil\u00e4\",\"image\":{\"@type\":\"ImageObject\",\"inLanguage\":\"sv-SE\",\"@id\":\"https:\/\/secure.gravatar.com\/avatar\/8dcb857776c4317075ba571fdc81a06a1f240302e468800d69bf316ef82ac4cd?s=96&d=mm&r=g\",\"url\":\"https:\/\/secure.gravatar.com\/avatar\/8dcb857776c4317075ba571fdc81a06a1f240302e468800d69bf316ef82ac4cd?s=96&d=mm&r=g\",\"contentUrl\":\"https:\/\/secure.gravatar.com\/avatar\/8dcb857776c4317075ba571fdc81a06a1f240302e468800d69bf316ef82ac4cd?s=96&d=mm&r=g\",\"caption\":\"Karoliina \u00d6ystil\u00e4\"}}]}<\/script>\n<!-- \/ Yoast SEO plugin. -->","yoast_head_json":{"title":"SEL:s medlemsavgift sjunker till 1,4 procent","robots":{"index":"index","follow":"follow","max-snippet":"max-snippet:-1","max-image-preview":"max-image-preview:large","max-video-preview":"max-video-preview:-1"},"canonical":"https:\/\/www.selry.fi\/sv\/nyheter\/sels-medlemsavgift-sjunker-till-14-procent\/","og_locale":"sv_SE","og_type":"article","og_title":"SEL:s medlemsavgift sjunker till 1,4 procent","og_description":"SEL:s medlemsavgift i \u00e5r 2022 \u00e4r 1,4 procent och d\u00e4ri ing\u00e5r ocks\u00e5 medlemsavgiften till arbetsl\u00f6shetskassa. SEL:s f\u00f6rbundsfullm\u00e4ktige besl\u00f6t i dag [\u2026] Lue lis\u00e4\u00e4 &raquo;","og_url":"https:\/\/www.selry.fi\/sv\/nyheter\/sels-medlemsavgift-sjunker-till-14-procent\/","og_site_name":"Suomen Elintarvikety\u00f6l\u00e4isten Liitto SEL","article_publisher":"https:\/\/www.facebook.com\/selry","article_published_time":"2021-11-26T14:02:00+00:00","article_modified_time":"2022-02-10T11:59:37+00:00","og_image":[{"width":1920,"height":1280,"url":"https:\/\/www.selry.fi\/wp-content\/uploads\/2021\/11\/adler-markku-kuva-minna-rasanen.jpg","type":"image\/jpeg"}],"author":"Karoliina \u00d6ystil\u00e4","twitter_card":"summary_large_image","twitter_creator":"@selryfi","twitter_site":"@selryfi","schema":{"@context":"https:\/\/schema.org","@graph":[{"@type":"Article","@id":"https:\/\/www.selry.fi\/sv\/nyheter\/sels-medlemsavgift-sjunker-till-14-procent\/#article","isPartOf":{"@id":"https:\/\/www.selry.fi\/sv\/nyheter\/sels-medlemsavgift-sjunker-till-14-procent\/"},"author":{"name":"Karoliina \u00d6ystil\u00e4","@id":"https:\/\/www.selry.fi\/#\/schema\/person\/4fb0b52ed84c524f0beea95625a21678"},"headline":"SEL:s medlemsavgift sjunker till 1,4 procent","datePublished":"2021-11-26T14:02:00+00:00","dateModified":"2022-02-10T11:59:37+00:00","mainEntityOfPage":{"@id":"https:\/\/www.selry.fi\/sv\/nyheter\/sels-medlemsavgift-sjunker-till-14-procent\/"},"wordCount":160,"publisher":{"@id":"https:\/\/www.selry.fi\/#organization"},"image":{"@id":"https:\/\/www.selry.fi\/sv\/nyheter\/sels-medlemsavgift-sjunker-till-14-procent\/#primaryimage"},"thumbnailUrl":"https:\/\/www.selry.fi\/wp-content\/uploads\/2021\/11\/adler-markku-kuva-minna-rasanen.jpg","articleSection":["Nyheter"],"inLanguage":"sv-SE"},{"@type":"WebPage","@id":"https:\/\/www.selry.fi\/sv\/nyheter\/sels-medlemsavgift-sjunker-till-14-procent\/","url":"https:\/\/www.selry.fi\/sv\/nyheter\/sels-medlemsavgift-sjunker-till-14-procent\/","name":"SEL:s medlemsavgift sjunker till 1,4 procent","isPartOf":{"@id":"https:\/\/www.selry.fi\/#website"},"primaryImageOfPage":{"@id":"https:\/\/www.selry.fi\/sv\/nyheter\/sels-medlemsavgift-sjunker-till-14-procent\/#primaryimage"},"image":{"@id":"https:\/\/www.selry.fi\/sv\/nyheter\/sels-medlemsavgift-sjunker-till-14-procent\/#primaryimage"},"thumbnailUrl":"https:\/\/www.selry.fi\/wp-content\/uploads\/2021\/11\/adler-markku-kuva-minna-rasanen.jpg","datePublished":"2021-11-26T14:02:00+00:00","dateModified":"2022-02-10T11:59:37+00:00","breadcrumb":{"@id":"https:\/\/www.selry.fi\/sv\/nyheter\/sels-medlemsavgift-sjunker-till-14-procent\/#breadcrumb"},"inLanguage":"sv-SE","potentialAction":[{"@type":"ReadAction","target":["https:\/\/www.selry.fi\/sv\/nyheter\/sels-medlemsavgift-sjunker-till-14-procent\/"]}]},{"@type":"ImageObject","inLanguage":"sv-SE","@id":"https:\/\/www.selry.fi\/sv\/nyheter\/sels-medlemsavgift-sjunker-till-14-procent\/#primaryimage","url":"https:\/\/www.selry.fi\/wp-content\/uploads\/2021\/11\/adler-markku-kuva-minna-rasanen.jpg","contentUrl":"https:\/\/www.selry.fi\/wp-content\/uploads\/2021\/11\/adler-markku-kuva-minna-rasanen.jpg","width":1920,"height":1280},{"@type":"BreadcrumbList","@id":"https:\/\/www.selry.fi\/sv\/nyheter\/sels-medlemsavgift-sjunker-till-14-procent\/#breadcrumb","itemListElement":[{"@type":"ListItem","position":1,"name":"Home","item":"https:\/\/www.selry.fi\/sv\/"},{"@type":"ListItem","position":2,"name":"SEL:s medlemsavgift sjunker till 1,4 procent"}]},{"@type":"WebSite","@id":"https:\/\/www.selry.fi\/#website","url":"https:\/\/www.selry.fi\/","name":"Suomen Elintarvikety\u00f6l\u00e4isten Liitto SEL","description":"","publisher":{"@id":"https:\/\/www.selry.fi\/#organization"},"inLanguage":"sv-SE"},{"@type":"Organization","@id":"https:\/\/www.selry.fi\/#organization","name":"Suomen Elintarvikety\u00f6l\u00e4isten Liitto SEL","url":"https:\/\/www.selry.fi\/","logo":{"@type":"ImageObject","inLanguage":"sv-SE","@id":"https:\/\/www.selry.fi\/#\/schema\/logo\/image\/","url":"https:\/\/www.selry.fi\/wp-content\/uploads\/2021\/05\/logo-sel.svg","contentUrl":"https:\/\/www.selry.fi\/wp-content\/uploads\/2021\/05\/logo-sel.svg","width":453,"height":135,"caption":"Suomen Elintarvikety\u00f6l\u00e4isten Liitto SEL"},"image":{"@id":"https:\/\/www.selry.fi\/#\/schema\/logo\/image\/"},"sameAs":["https:\/\/www.facebook.com\/selry","https:\/\/x.com\/selryfi"]},{"@type":"Person","@id":"https:\/\/www.selry.fi\/#\/schema\/person\/4fb0b52ed84c524f0beea95625a21678","name":"Karoliina \u00d6ystil\u00e4","image":{"@type":"ImageObject","inLanguage":"sv-SE","@id":"https:\/\/secure.gravatar.com\/avatar\/8dcb857776c4317075ba571fdc81a06a1f240302e468800d69bf316ef82ac4cd?s=96&d=mm&r=g","url":"https:\/\/secure.gravatar.com\/avatar\/8dcb857776c4317075ba571fdc81a06a1f240302e468800d69bf316ef82ac4cd?s=96&d=mm&r=g","contentUrl":"https:\/\/secure.gravatar.com\/avatar\/8dcb857776c4317075ba571fdc81a06a1f240302e468800d69bf316ef82ac4cd?s=96&d=mm&r=g","caption":"Karoliina \u00d6ystil\u00e4"}}]}},"_links":{"self":[{"href":"https:\/\/www.selry.fi\/sv\/wp-json\/wp\/v2\/posts\/7407","targetHints":{"allow":["GET"]}}],"collection":[{"href":"https:\/\/www.selry.fi\/sv\/wp-json\/wp\/v2\/posts"}],"about":[{"href":"https:\/\/www.selry.fi\/sv\/wp-json\/wp\/v2\/types\/post"}],"author":[{"embeddable":true,"href":"https:\/\/www.selry.fi\/sv\/wp-json\/wp\/v2\/users\/4"}],"replies":[{"embeddable":true,"href":"https:\/\/www.selry.fi\/sv\/wp-json\/wp\/v2\/comments?post=7407"}],"version-history":[{"count":0,"href":"https:\/\/www.selry.fi\/sv\/wp-json\/wp\/v2\/posts\/7407\/revisions"}],"wp:featuredmedia":[{"embeddable":true,"href":"https:\/\/www.selry.fi\/sv\/wp-json\/wp\/v2\/media\/6045"}],"wp:attachment":[{"href":"https:\/\/www.selry.fi\/sv\/wp-json\/wp\/v2\/media?parent=7407"}],"wp:term":[{"taxonomy":"category","embeddable":true,"href":"https:\/\/www.selry.fi\/sv\/wp-json\/wp\/v2\/categories?post=7407"},{"taxonomy":"post_tag","embeddable":true,"href":"https:\/\/www.selry.fi\/sv\/wp-json\/wp\/v2\/tags?post=7407"}],"curies":[{"name":"wp","href":"https:\/\/api.w.org\/{rel}","templated":true}]}}