{"id":5869,"date":"2021-10-27T22:27:04","date_gmt":"2021-10-27T19:27:04","guid":{"rendered":"https:\/\/www.selry.fi\/?p=5869"},"modified":"2021-10-27T22:27:06","modified_gmt":"2021-10-27T19:27:06","slug":"studerande-som-ar-pa-arbetsplatsen-for-inlarning-i-arbetet-ersatter-ofta-fast-personal","status":"publish","type":"post","link":"https:\/\/www.selry.fi\/sv\/nyheter\/studerande-som-ar-pa-arbetsplatsen-for-inlarning-i-arbetet-ersatter-ofta-fast-personal\/","title":{"rendered":"Studerande som \u00e4r p\u00e5 arbetsplatsen f\u00f6r inl\u00e4rning i arbetet ers\u00e4tter ofta fast personal"},"content":{"rendered":"\n<p class=\"has-ingressi-font-size\"><strong>M\u00e5nga arbetsgivare utnyttjar studerande som deltar i inl\u00e4rning i arbetet till att ers\u00e4tta fast arbetskraft.<\/strong><\/p>\n\n\n\n<p>P\u00e5 mer \u00e4n h\u00e4lften (54 %) av de arbetsplatser som tar emot studerande ber\u00e4ttar de f\u00f6rtroendevalda personalrepresentanterna att det h\u00e4r \u00e4r n\u00e5got som sker regelbundet eller ibland, visar en enk\u00e4t som fackcentralen FFC har gjort.<\/p>\n\n\n\n<p>Under de senaste \u00e5ren har det blivit allt vanligare att arbetsgivare l\u00e5ter studerande som deltar i inl\u00e4rning i arbetet ers\u00e4tta annan arbetskraft. \u00c5r 2017 svarade endast en knapp tredjedel (30 %) av f\u00f6rtroendem\u00e4nnen och arbetarskyddsfullm\u00e4ktige att det h\u00e4r sker p\u00e5 deras arbetsplats.<\/p>\n\n\n\n<p><strong>Kirsi Rasinaho<\/strong>, som \u00e4r expert p\u00e5 utbildnings- och arbetskraftspolitik p\u00e5 FFC, p\u00e5pekar att inl\u00e4rningen i arbetet \u00e4r en del av de studerandes yrkesexamen och att arbetsgivarna inte f\u00e5r utnyttja inl\u00e4rning i arbetet f\u00f6r att ers\u00e4tta ordinarie arbetstagare.<\/p>\n\n\n\n<p>\u2013 Det skulle vara bra att i samarbetsf\u00f6rfarande komma \u00f6verens om hur arbetsplatsen tar emot studerande som ska delta i inl\u00e4rning i arbetet. D\u00e5 kan man bland annat utreda vem som ansvarar f\u00f6r handledningen av de studerande, f\u00f6r att p\u00e5 det s\u00e4ttet f\u00f6rebygga oegentligheter. FFC:s enk\u00e4t visar dock att mindre \u00e4n en tredjedel av arbetsgivarna har avtalat med personalen, antingen i samarbetsf\u00f6rfarande eller p\u00e5 n\u00e5got annat s\u00e4tt, om hur arbetsplatsen ska ta emot studerande.<\/p>\n\n\n\n<p><a href=\"https:\/\/www.sak.fi\/aineistot\/tutkimukset\/tyossaoppiminen-saklaisilla-tyopaikoilla-2021\" target=\"_blank\" rel=\"noreferrer noopener\">Enk\u00e4ten som FFC har gjort (p\u00e5 finska)<\/a>\u00a0visar att det finns eller har funnits studerande som deltar i inl\u00e4rning i arbetet p\u00e5 ungef\u00e4r tv\u00e5 tredjedelar av arbetsplatserna.<\/p>\n\n\n\n<p>\u2013 Andelen har minskat j\u00e4mf\u00f6rt med f\u00f6reg\u00e5ende enk\u00e4t. En orsak till det \u00e4r utan tvekan den situation som coronapandemin har orsakat, s\u00e4ger Rasinaho.<\/p>\n\n\n\n<h4 class=\"wp-block-heading\">Under h\u00e4lften av arbetsplatshandledarna f\u00e5r utbildning<\/h4>\n\n\n\n<p>Enligt FFC:s enk\u00e4t verkar samarbetet mellan arbetsplatserna och yrkesl\u00e4roanstalterna ha \u00f6kat n\u00e5got eller s\u00e5 identifieras samarbetet b\u00e4ttre \u00e4n tidigare. L\u00e4roanstalten och den ansvariga l\u00e4raren har huvudansvaret f\u00f6r den utbildning som ordnas p\u00e5 arbetsplatsen. Dessutom utser arbetsgivaren en ansvarig arbetsplatshandledare f\u00f6r den studerande.<\/p>\n\n\n\n<p>Av de f\u00f6rtroendem\u00e4n och arbetarskyddsfullm\u00e4ktige som svarade p\u00e5 enk\u00e4ten ber\u00e4ttar 62 procent att en eller flera arbetsplatshandledare har utsetts p\u00e5 den egna arbetsplatsen. Under h\u00e4lften (44 %) av dem som svarade p\u00e5 enk\u00e4ten anser att arbetsplatshandledarna f\u00e5r utbildning och handledning i \u00e5tminstone viss m\u00e5n. Endast en knapp fj\u00e4rdedel (23 %) av handledarna f\u00e5r ers\u00e4ttning f\u00f6r den tid de har anv\u00e4nt f\u00f6r arbetshandledningen.<\/p>\n\n\n\n<p>\u2013 Arbetsplatshandledarna handleder ofta studerande vid sidan av sitt eget arbete och tre fj\u00e4rdedelar av dem upplever att uppdraget \u00e4r belastande. Arbetsgivarna borde se till att arbetsplatshandledarna kan avs\u00e4tta tillr\u00e4ckligt med arbetstid f\u00f6r uppgiften, samt se till att arbetsplatshandledarna f\u00e5r utbildning och tillr\u00e4cklig ekonomisk ers\u00e4ttning, konstaterar Rasinaho.<\/p>\n\n\n\n<p>I FFC:s enk\u00e4t syns ocks\u00e5 en positiv utveckling. \u00c4ven om coronaepidemin gjorde det sv\u00e5rare f\u00f6r m\u00e5nga yrkesstuderande att genomf\u00f6ra perioder med inl\u00e4rning i arbetet, s\u00e5 ser arbetsplatsernas m\u00f6jligheter att ta emot studerande relativt goda ut. H\u00e4lften av f\u00f6rtroendem\u00e4nnen och arbetarskyddsfullm\u00e4ktige bed\u00f6mer att det \u00e4r m\u00f6jligt att ta emot fler studerande f\u00f6r inl\u00e4rning i arbetet \u00e4n vad arbetsplatsen tar emot just nu.<\/p>\n\n\n\n<p>Sedan reformen av yrkesutbildningen \u00e5r 2018 har det l\u00e4rande som sker p\u00e5 arbetsplatsen f\u00e5tt en st\u00f6rre roll i utbildningen. Inl\u00e4rningen i arbetet ers\u00e4tter en del av den undervisning som l\u00e4roanstalterna erbjuder. P\u00e5 arbetsplatserna ordnas utbildning genom utbildningsavtal och l\u00e4roavtal.<\/p>\n\n\n\n<p>Enk\u00e4ten besvarades av 673 f\u00f6rtroendem\u00e4n och arbetarskyddsfullm\u00e4ktige inom FFC:s branscher i oktober 2021. De som svarade &#8221;nej&#8221; eller &#8221;vet ej&#8221; p\u00e5 den f\u00f6rsta fr\u00e5gan fick inga fler fr\u00e5gor.<br><br><br><em>Bild: Kai Widell<\/em><\/p>\n","protected":false},"excerpt":{"rendered":"<p>M\u00e5nga arbetsgivare utnyttjar studerande som deltar i inl\u00e4rning i arbetet till att ers\u00e4tta fast arbetskraft. P\u00e5 mer \u00e4n h\u00e4lften (54 [\u2026] <a href=\"https:\/\/www.selry.fi\/sv\/nyheter\/studerande-som-ar-pa-arbetsplatsen-for-inlarning-i-arbetet-ersatter-ofta-fast-personal\/\">Lue lis\u00e4\u00e4 &raquo;<\/a><\/p>\n","protected":false},"author":4,"featured_media":5622,"comment_status":"closed","ping_status":"closed","sticky":false,"template":"","format":"standard","meta":{"_acf_changed":false,"footnotes":""},"categories":[26],"tags":[],"class_list":["post-5869","post","type-post","status-publish","format-standard","has-post-thumbnail","hentry","category-nyheter"],"acf":[],"yoast_head":"<!-- This site is optimized with the Yoast SEO plugin v27.2 - https:\/\/yoast.com\/product\/yoast-seo-wordpress\/ -->\n<title>Studerande som \u00e4r p\u00e5 arbetsplatsen f\u00f6r inl\u00e4rning i arbetet ers\u00e4tter ofta fast personal<\/title>\n<meta name=\"robots\" content=\"index, follow, max-snippet:-1, max-image-preview:large, max-video-preview:-1\" \/>\n<link rel=\"canonical\" href=\"https:\/\/www.selry.fi\/sv\/nyheter\/studerande-som-ar-pa-arbetsplatsen-for-inlarning-i-arbetet-ersatter-ofta-fast-personal\/\" \/>\n<meta property=\"og:locale\" content=\"sv_SE\" \/>\n<meta property=\"og:type\" content=\"article\" \/>\n<meta property=\"og:title\" content=\"Studerande som \u00e4r p\u00e5 arbetsplatsen f\u00f6r inl\u00e4rning i arbetet ers\u00e4tter ofta fast personal\" \/>\n<meta property=\"og:description\" content=\"M\u00e5nga arbetsgivare utnyttjar studerande som deltar i inl\u00e4rning i arbetet till att ers\u00e4tta fast arbetskraft. P\u00e5 mer \u00e4n h\u00e4lften (54 [\u2026] Lue lis\u00e4\u00e4 &raquo;\" \/>\n<meta property=\"og:url\" content=\"https:\/\/www.selry.fi\/sv\/nyheter\/studerande-som-ar-pa-arbetsplatsen-for-inlarning-i-arbetet-ersatter-ofta-fast-personal\/\" \/>\n<meta property=\"og:site_name\" content=\"Suomen Elintarvikety\u00f6l\u00e4isten Liitto SEL\" \/>\n<meta property=\"article:publisher\" content=\"https:\/\/www.facebook.com\/selry\" \/>\n<meta property=\"article:published_time\" content=\"2021-10-27T19:27:04+00:00\" \/>\n<meta property=\"article:modified_time\" content=\"2021-10-27T19:27:06+00:00\" \/>\n<meta property=\"og:image\" content=\"https:\/\/www.selry.fi\/wp-content\/uploads\/2021\/09\/20100920-6609.jpg\" \/>\n\t<meta property=\"og:image:width\" content=\"1920\" \/>\n\t<meta property=\"og:image:height\" content=\"1280\" \/>\n\t<meta property=\"og:image:type\" content=\"image\/jpeg\" \/>\n<meta name=\"author\" content=\"Karoliina \u00d6ystil\u00e4\" \/>\n<meta name=\"twitter:card\" content=\"summary_large_image\" \/>\n<meta name=\"twitter:creator\" content=\"@selryfi\" \/>\n<meta name=\"twitter:site\" content=\"@selryfi\" \/>\n<script type=\"application\/ld+json\" class=\"yoast-schema-graph\">{\"@context\":\"https:\/\/schema.org\",\"@graph\":[{\"@type\":\"Article\",\"@id\":\"https:\/\/www.selry.fi\/sv\/nyheter\/studerande-som-ar-pa-arbetsplatsen-for-inlarning-i-arbetet-ersatter-ofta-fast-personal\/#article\",\"isPartOf\":{\"@id\":\"https:\/\/www.selry.fi\/sv\/nyheter\/studerande-som-ar-pa-arbetsplatsen-for-inlarning-i-arbetet-ersatter-ofta-fast-personal\/\"},\"author\":{\"name\":\"Karoliina \u00d6ystil\u00e4\",\"@id\":\"https:\/\/www.selry.fi\/#\/schema\/person\/4fb0b52ed84c524f0beea95625a21678\"},\"headline\":\"Studerande som \u00e4r p\u00e5 arbetsplatsen f\u00f6r inl\u00e4rning i arbetet ers\u00e4tter ofta fast personal\",\"datePublished\":\"2021-10-27T19:27:04+00:00\",\"dateModified\":\"2021-10-27T19:27:06+00:00\",\"mainEntityOfPage\":{\"@id\":\"https:\/\/www.selry.fi\/sv\/nyheter\/studerande-som-ar-pa-arbetsplatsen-for-inlarning-i-arbetet-ersatter-ofta-fast-personal\/\"},\"wordCount\":647,\"publisher\":{\"@id\":\"https:\/\/www.selry.fi\/#organization\"},\"image\":{\"@id\":\"https:\/\/www.selry.fi\/sv\/nyheter\/studerande-som-ar-pa-arbetsplatsen-for-inlarning-i-arbetet-ersatter-ofta-fast-personal\/#primaryimage\"},\"thumbnailUrl\":\"https:\/\/www.selry.fi\/wp-content\/uploads\/2021\/09\/20100920-6609.jpg\",\"articleSection\":[\"Nyheter\"],\"inLanguage\":\"sv-SE\"},{\"@type\":\"WebPage\",\"@id\":\"https:\/\/www.selry.fi\/sv\/nyheter\/studerande-som-ar-pa-arbetsplatsen-for-inlarning-i-arbetet-ersatter-ofta-fast-personal\/\",\"url\":\"https:\/\/www.selry.fi\/sv\/nyheter\/studerande-som-ar-pa-arbetsplatsen-for-inlarning-i-arbetet-ersatter-ofta-fast-personal\/\",\"name\":\"Studerande som \u00e4r p\u00e5 arbetsplatsen f\u00f6r inl\u00e4rning i arbetet ers\u00e4tter ofta fast personal\",\"isPartOf\":{\"@id\":\"https:\/\/www.selry.fi\/#website\"},\"primaryImageOfPage\":{\"@id\":\"https:\/\/www.selry.fi\/sv\/nyheter\/studerande-som-ar-pa-arbetsplatsen-for-inlarning-i-arbetet-ersatter-ofta-fast-personal\/#primaryimage\"},\"image\":{\"@id\":\"https:\/\/www.selry.fi\/sv\/nyheter\/studerande-som-ar-pa-arbetsplatsen-for-inlarning-i-arbetet-ersatter-ofta-fast-personal\/#primaryimage\"},\"thumbnailUrl\":\"https:\/\/www.selry.fi\/wp-content\/uploads\/2021\/09\/20100920-6609.jpg\",\"datePublished\":\"2021-10-27T19:27:04+00:00\",\"dateModified\":\"2021-10-27T19:27:06+00:00\",\"breadcrumb\":{\"@id\":\"https:\/\/www.selry.fi\/sv\/nyheter\/studerande-som-ar-pa-arbetsplatsen-for-inlarning-i-arbetet-ersatter-ofta-fast-personal\/#breadcrumb\"},\"inLanguage\":\"sv-SE\",\"potentialAction\":[{\"@type\":\"ReadAction\",\"target\":[\"https:\/\/www.selry.fi\/sv\/nyheter\/studerande-som-ar-pa-arbetsplatsen-for-inlarning-i-arbetet-ersatter-ofta-fast-personal\/\"]}]},{\"@type\":\"ImageObject\",\"inLanguage\":\"sv-SE\",\"@id\":\"https:\/\/www.selry.fi\/sv\/nyheter\/studerande-som-ar-pa-arbetsplatsen-for-inlarning-i-arbetet-ersatter-ofta-fast-personal\/#primaryimage\",\"url\":\"https:\/\/www.selry.fi\/wp-content\/uploads\/2021\/09\/20100920-6609.jpg\",\"contentUrl\":\"https:\/\/www.selry.fi\/wp-content\/uploads\/2021\/09\/20100920-6609.jpg\",\"width\":1920,\"height\":1280},{\"@type\":\"BreadcrumbList\",\"@id\":\"https:\/\/www.selry.fi\/sv\/nyheter\/studerande-som-ar-pa-arbetsplatsen-for-inlarning-i-arbetet-ersatter-ofta-fast-personal\/#breadcrumb\",\"itemListElement\":[{\"@type\":\"ListItem\",\"position\":1,\"name\":\"Home\",\"item\":\"https:\/\/www.selry.fi\/sv\/\"},{\"@type\":\"ListItem\",\"position\":2,\"name\":\"Studerande som \u00e4r p\u00e5 arbetsplatsen f\u00f6r inl\u00e4rning i arbetet ers\u00e4tter ofta fast personal\"}]},{\"@type\":\"WebSite\",\"@id\":\"https:\/\/www.selry.fi\/#website\",\"url\":\"https:\/\/www.selry.fi\/\",\"name\":\"Suomen Elintarvikety\u00f6l\u00e4isten Liitto SEL\",\"description\":\"\",\"publisher\":{\"@id\":\"https:\/\/www.selry.fi\/#organization\"},\"inLanguage\":\"sv-SE\"},{\"@type\":\"Organization\",\"@id\":\"https:\/\/www.selry.fi\/#organization\",\"name\":\"Suomen Elintarvikety\u00f6l\u00e4isten Liitto SEL\",\"url\":\"https:\/\/www.selry.fi\/\",\"logo\":{\"@type\":\"ImageObject\",\"inLanguage\":\"sv-SE\",\"@id\":\"https:\/\/www.selry.fi\/#\/schema\/logo\/image\/\",\"url\":\"https:\/\/www.selry.fi\/wp-content\/uploads\/2021\/05\/logo-sel.svg\",\"contentUrl\":\"https:\/\/www.selry.fi\/wp-content\/uploads\/2021\/05\/logo-sel.svg\",\"width\":453,\"height\":135,\"caption\":\"Suomen Elintarvikety\u00f6l\u00e4isten Liitto SEL\"},\"image\":{\"@id\":\"https:\/\/www.selry.fi\/#\/schema\/logo\/image\/\"},\"sameAs\":[\"https:\/\/www.facebook.com\/selry\",\"https:\/\/x.com\/selryfi\"]},{\"@type\":\"Person\",\"@id\":\"https:\/\/www.selry.fi\/#\/schema\/person\/4fb0b52ed84c524f0beea95625a21678\",\"name\":\"Karoliina \u00d6ystil\u00e4\",\"image\":{\"@type\":\"ImageObject\",\"inLanguage\":\"sv-SE\",\"@id\":\"https:\/\/secure.gravatar.com\/avatar\/8dcb857776c4317075ba571fdc81a06a1f240302e468800d69bf316ef82ac4cd?s=96&d=mm&r=g\",\"url\":\"https:\/\/secure.gravatar.com\/avatar\/8dcb857776c4317075ba571fdc81a06a1f240302e468800d69bf316ef82ac4cd?s=96&d=mm&r=g\",\"contentUrl\":\"https:\/\/secure.gravatar.com\/avatar\/8dcb857776c4317075ba571fdc81a06a1f240302e468800d69bf316ef82ac4cd?s=96&d=mm&r=g\",\"caption\":\"Karoliina \u00d6ystil\u00e4\"}}]}<\/script>\n<!-- \/ Yoast SEO plugin. -->","yoast_head_json":{"title":"Studerande som \u00e4r p\u00e5 arbetsplatsen f\u00f6r inl\u00e4rning i arbetet ers\u00e4tter ofta fast personal","robots":{"index":"index","follow":"follow","max-snippet":"max-snippet:-1","max-image-preview":"max-image-preview:large","max-video-preview":"max-video-preview:-1"},"canonical":"https:\/\/www.selry.fi\/sv\/nyheter\/studerande-som-ar-pa-arbetsplatsen-for-inlarning-i-arbetet-ersatter-ofta-fast-personal\/","og_locale":"sv_SE","og_type":"article","og_title":"Studerande som \u00e4r p\u00e5 arbetsplatsen f\u00f6r inl\u00e4rning i arbetet ers\u00e4tter ofta fast personal","og_description":"M\u00e5nga arbetsgivare utnyttjar studerande som deltar i inl\u00e4rning i arbetet till att ers\u00e4tta fast arbetskraft. P\u00e5 mer \u00e4n h\u00e4lften (54 [\u2026] Lue lis\u00e4\u00e4 &raquo;","og_url":"https:\/\/www.selry.fi\/sv\/nyheter\/studerande-som-ar-pa-arbetsplatsen-for-inlarning-i-arbetet-ersatter-ofta-fast-personal\/","og_site_name":"Suomen Elintarvikety\u00f6l\u00e4isten Liitto SEL","article_publisher":"https:\/\/www.facebook.com\/selry","article_published_time":"2021-10-27T19:27:04+00:00","article_modified_time":"2021-10-27T19:27:06+00:00","og_image":[{"width":1920,"height":1280,"url":"https:\/\/www.selry.fi\/wp-content\/uploads\/2021\/09\/20100920-6609.jpg","type":"image\/jpeg"}],"author":"Karoliina \u00d6ystil\u00e4","twitter_card":"summary_large_image","twitter_creator":"@selryfi","twitter_site":"@selryfi","schema":{"@context":"https:\/\/schema.org","@graph":[{"@type":"Article","@id":"https:\/\/www.selry.fi\/sv\/nyheter\/studerande-som-ar-pa-arbetsplatsen-for-inlarning-i-arbetet-ersatter-ofta-fast-personal\/#article","isPartOf":{"@id":"https:\/\/www.selry.fi\/sv\/nyheter\/studerande-som-ar-pa-arbetsplatsen-for-inlarning-i-arbetet-ersatter-ofta-fast-personal\/"},"author":{"name":"Karoliina \u00d6ystil\u00e4","@id":"https:\/\/www.selry.fi\/#\/schema\/person\/4fb0b52ed84c524f0beea95625a21678"},"headline":"Studerande som \u00e4r p\u00e5 arbetsplatsen f\u00f6r inl\u00e4rning i arbetet ers\u00e4tter ofta fast personal","datePublished":"2021-10-27T19:27:04+00:00","dateModified":"2021-10-27T19:27:06+00:00","mainEntityOfPage":{"@id":"https:\/\/www.selry.fi\/sv\/nyheter\/studerande-som-ar-pa-arbetsplatsen-for-inlarning-i-arbetet-ersatter-ofta-fast-personal\/"},"wordCount":647,"publisher":{"@id":"https:\/\/www.selry.fi\/#organization"},"image":{"@id":"https:\/\/www.selry.fi\/sv\/nyheter\/studerande-som-ar-pa-arbetsplatsen-for-inlarning-i-arbetet-ersatter-ofta-fast-personal\/#primaryimage"},"thumbnailUrl":"https:\/\/www.selry.fi\/wp-content\/uploads\/2021\/09\/20100920-6609.jpg","articleSection":["Nyheter"],"inLanguage":"sv-SE"},{"@type":"WebPage","@id":"https:\/\/www.selry.fi\/sv\/nyheter\/studerande-som-ar-pa-arbetsplatsen-for-inlarning-i-arbetet-ersatter-ofta-fast-personal\/","url":"https:\/\/www.selry.fi\/sv\/nyheter\/studerande-som-ar-pa-arbetsplatsen-for-inlarning-i-arbetet-ersatter-ofta-fast-personal\/","name":"Studerande som \u00e4r p\u00e5 arbetsplatsen f\u00f6r inl\u00e4rning i arbetet ers\u00e4tter ofta fast personal","isPartOf":{"@id":"https:\/\/www.selry.fi\/#website"},"primaryImageOfPage":{"@id":"https:\/\/www.selry.fi\/sv\/nyheter\/studerande-som-ar-pa-arbetsplatsen-for-inlarning-i-arbetet-ersatter-ofta-fast-personal\/#primaryimage"},"image":{"@id":"https:\/\/www.selry.fi\/sv\/nyheter\/studerande-som-ar-pa-arbetsplatsen-for-inlarning-i-arbetet-ersatter-ofta-fast-personal\/#primaryimage"},"thumbnailUrl":"https:\/\/www.selry.fi\/wp-content\/uploads\/2021\/09\/20100920-6609.jpg","datePublished":"2021-10-27T19:27:04+00:00","dateModified":"2021-10-27T19:27:06+00:00","breadcrumb":{"@id":"https:\/\/www.selry.fi\/sv\/nyheter\/studerande-som-ar-pa-arbetsplatsen-for-inlarning-i-arbetet-ersatter-ofta-fast-personal\/#breadcrumb"},"inLanguage":"sv-SE","potentialAction":[{"@type":"ReadAction","target":["https:\/\/www.selry.fi\/sv\/nyheter\/studerande-som-ar-pa-arbetsplatsen-for-inlarning-i-arbetet-ersatter-ofta-fast-personal\/"]}]},{"@type":"ImageObject","inLanguage":"sv-SE","@id":"https:\/\/www.selry.fi\/sv\/nyheter\/studerande-som-ar-pa-arbetsplatsen-for-inlarning-i-arbetet-ersatter-ofta-fast-personal\/#primaryimage","url":"https:\/\/www.selry.fi\/wp-content\/uploads\/2021\/09\/20100920-6609.jpg","contentUrl":"https:\/\/www.selry.fi\/wp-content\/uploads\/2021\/09\/20100920-6609.jpg","width":1920,"height":1280},{"@type":"BreadcrumbList","@id":"https:\/\/www.selry.fi\/sv\/nyheter\/studerande-som-ar-pa-arbetsplatsen-for-inlarning-i-arbetet-ersatter-ofta-fast-personal\/#breadcrumb","itemListElement":[{"@type":"ListItem","position":1,"name":"Home","item":"https:\/\/www.selry.fi\/sv\/"},{"@type":"ListItem","position":2,"name":"Studerande som \u00e4r p\u00e5 arbetsplatsen f\u00f6r inl\u00e4rning i arbetet ers\u00e4tter ofta fast personal"}]},{"@type":"WebSite","@id":"https:\/\/www.selry.fi\/#website","url":"https:\/\/www.selry.fi\/","name":"Suomen Elintarvikety\u00f6l\u00e4isten Liitto SEL","description":"","publisher":{"@id":"https:\/\/www.selry.fi\/#organization"},"inLanguage":"sv-SE"},{"@type":"Organization","@id":"https:\/\/www.selry.fi\/#organization","name":"Suomen Elintarvikety\u00f6l\u00e4isten Liitto SEL","url":"https:\/\/www.selry.fi\/","logo":{"@type":"ImageObject","inLanguage":"sv-SE","@id":"https:\/\/www.selry.fi\/#\/schema\/logo\/image\/","url":"https:\/\/www.selry.fi\/wp-content\/uploads\/2021\/05\/logo-sel.svg","contentUrl":"https:\/\/www.selry.fi\/wp-content\/uploads\/2021\/05\/logo-sel.svg","width":453,"height":135,"caption":"Suomen Elintarvikety\u00f6l\u00e4isten Liitto SEL"},"image":{"@id":"https:\/\/www.selry.fi\/#\/schema\/logo\/image\/"},"sameAs":["https:\/\/www.facebook.com\/selry","https:\/\/x.com\/selryfi"]},{"@type":"Person","@id":"https:\/\/www.selry.fi\/#\/schema\/person\/4fb0b52ed84c524f0beea95625a21678","name":"Karoliina \u00d6ystil\u00e4","image":{"@type":"ImageObject","inLanguage":"sv-SE","@id":"https:\/\/secure.gravatar.com\/avatar\/8dcb857776c4317075ba571fdc81a06a1f240302e468800d69bf316ef82ac4cd?s=96&d=mm&r=g","url":"https:\/\/secure.gravatar.com\/avatar\/8dcb857776c4317075ba571fdc81a06a1f240302e468800d69bf316ef82ac4cd?s=96&d=mm&r=g","contentUrl":"https:\/\/secure.gravatar.com\/avatar\/8dcb857776c4317075ba571fdc81a06a1f240302e468800d69bf316ef82ac4cd?s=96&d=mm&r=g","caption":"Karoliina \u00d6ystil\u00e4"}}]}},"_links":{"self":[{"href":"https:\/\/www.selry.fi\/sv\/wp-json\/wp\/v2\/posts\/5869","targetHints":{"allow":["GET"]}}],"collection":[{"href":"https:\/\/www.selry.fi\/sv\/wp-json\/wp\/v2\/posts"}],"about":[{"href":"https:\/\/www.selry.fi\/sv\/wp-json\/wp\/v2\/types\/post"}],"author":[{"embeddable":true,"href":"https:\/\/www.selry.fi\/sv\/wp-json\/wp\/v2\/users\/4"}],"replies":[{"embeddable":true,"href":"https:\/\/www.selry.fi\/sv\/wp-json\/wp\/v2\/comments?post=5869"}],"version-history":[{"count":0,"href":"https:\/\/www.selry.fi\/sv\/wp-json\/wp\/v2\/posts\/5869\/revisions"}],"wp:featuredmedia":[{"embeddable":true,"href":"https:\/\/www.selry.fi\/sv\/wp-json\/wp\/v2\/media\/5622"}],"wp:attachment":[{"href":"https:\/\/www.selry.fi\/sv\/wp-json\/wp\/v2\/media?parent=5869"}],"wp:term":[{"taxonomy":"category","embeddable":true,"href":"https:\/\/www.selry.fi\/sv\/wp-json\/wp\/v2\/categories?post=5869"},{"taxonomy":"post_tag","embeddable":true,"href":"https:\/\/www.selry.fi\/sv\/wp-json\/wp\/v2\/tags?post=5869"}],"curies":[{"name":"wp","href":"https:\/\/api.w.org\/{rel}","templated":true}]}}