{"id":24311,"date":"2026-09-04T16:05:50","date_gmt":"2026-09-04T13:05:50","guid":{"rendered":"https:\/\/www.selry.fi\/?p=24311"},"modified":"2026-09-04T16:10:14","modified_gmt":"2026-09-04T13:10:14","slug":"alla-drar-nytta-av-en-lang-avtalsperiod","status":"publish","type":"post","link":"https:\/\/www.selry.fi\/sv\/blogg\/alla-drar-nytta-av-en-lang-avtalsperiod\/","title":{"rendered":"Alla drar nytta av en l\u00e5ng avtalsperiod"},"content":{"rendered":"\n<p>Vi kom i g\u00e5r \u00f6verens med arbetsgivarf\u00f6rbundet ETL om att det tredje avtals\u00e5ret i de nuvarande <a href=\"https:\/\/www.selry.fi\/sv\/kollektivavtalen\/\" type=\"page\" id=\"3609\">kollektivavtalen<\/a> f\u00f6r arbetstagarna inom livsmedelsbranschen genomf\u00f6rs. Kollektivavtalen mellan SEL och ETL f\u00f6rblir allts\u00e5 i kraft till 31.1.2028.<\/p>\n\n\n\n<p>Det \u00e4r bra ur b\u00e5da avtalsparternas perspektiv. Det finns klara f\u00f6rdelar med l\u00e5nga avtalsperioder, \u00e4ven om m\u00e5nga verkar ha gl\u00f6mt v\u00e4rdet av l\u00e5nga avtal p\u00e5 2020-talets arbetsmarknad. Framf\u00f6r allt ger l\u00e5nga kollektivavtal b\u00e5de arbetstagarna och arbetsgivarna stabilitet, f\u00f6ruts\u00e4gbarhet och s\u00e4kerhet inf\u00f6r framtiden.<\/p>\n\n\n\n<p>I v\u00e5r verksamhetsmilj\u00f6 har det funnits och finns det fortfarande m\u00e5nga faktorer som skapar os\u00e4kerhet p\u00e5 marknaden, b\u00e5de ute i v\u00e4rlden och i Finland. Instabilitet orsakas bland annat av krig och konflikter samt extrema v\u00e4derfenomen som beror p\u00e5 klimatf\u00f6r\u00e4ndringen. I Finland har os\u00e4kerheten \u00f6kat speciellt p\u00e5 grund av regeringen Orpos \u00e5tg\u00e4rder, som har f\u00f6rs\u00e4mrat arbetstagarnas r\u00e4ttigheter och lett till den h\u00f6gsta arbetsl\u00f6shetsgraden i EU.<\/p>\n\n\n\n<p>I en s\u00e5dan v\u00e4rld \u00e4r det bara bra att vi vet vilka anst\u00e4llningsvillkor som kommer att g\u00e4lla inom livsmedelsbranschen under de n\u00e4rmaste 1,5 \u00e5ren.<\/p>\n\n\n\n<p>L\u00e5nga kollektivavtal ger ocks\u00e5 parterna en m\u00f6jlighet att under avtalsperioden f\u00f6ra en dialog om behoven av att utveckla avtalen. En \u00f6ppen dialog kan hj\u00e4lpa parterna att f\u00f6rst\u00e5 varandras synpunkter och utreda om det \u00e4r m\u00f6jligt att hitta l\u00f6sningar som gynnar b\u00e5da parterna.<\/p>\n\n\n\n<p>Arbetsgivaren ska dock inte f\u00f6rs\u00f6ka g\u00f6ra n\u00e5gra n\u00e4rmanden som g\u00e5r ut p\u00e5 att de lovar att jobben blir kvar i utbyte mot att anst\u00e4llningsvillkoren f\u00f6rs\u00e4mras. S\u00e5dana l\u00f6ften har ingen trov\u00e4rdighet p\u00e5 l\u00f6ntagarsidan. Vi har ocks\u00e5 i livsmedelsbranschen sett flera exempel p\u00e5 att arbetstagare s\u00e4gs upp och fabriker st\u00e4ngs, \u00e4ven om f\u00f6retaget g\u00f6r ett mycket bra resultat.<\/p>\n\n\n\n<p>Vi kommer att forts\u00e4tta arbeta f\u00f6r den inhemska maten och de inhemska jobben, men vi kommer inte att g\u00f6ra det p\u00e5 bekostnad av v\u00e5ra anst\u00e4llningsvillkor. Vi vill att jobben inom livsmedelsbranschen ska vara attraktiva ocks\u00e5 i framtiden, och det lyckas bara om anst\u00e4llningsvillkoren \u00e4r i ordning. Det \u00e4r ingen raketvetenskap.<\/p>\n\n\n\n<p><em>Veli-Matti Kuntonen<\/em><br><em>SEL:s f\u00f6rbundsordf\u00f6rande<\/em><\/p>\n","protected":false},"excerpt":{"rendered":"<p>Vi kom i g\u00e5r \u00f6verens med arbetsgivarf\u00f6rbundet ETL om att det tredje avtals\u00e5ret i de nuvarande kollektivavtalen f\u00f6r arbetstagarna inom [\u2026] <a href=\"https:\/\/www.selry.fi\/sv\/blogg\/alla-drar-nytta-av-en-lang-avtalsperiod\/\">Lue lis\u00e4\u00e4 &raquo;<\/a><\/p>\n","protected":false},"author":4,"featured_media":10997,"comment_status":"closed","ping_status":"closed","sticky":false,"template":"","format":"standard","meta":{"_acf_changed":false,"footnotes":""},"categories":[64],"tags":[],"class_list":["post-24311","post","type-post","status-publish","format-standard","has-post-thumbnail","hentry","category-blogg"],"acf":[],"yoast_head":"<!-- This site is optimized with the Yoast SEO plugin v27.7 - https:\/\/yoast.com\/product\/yoast-seo-wordpress\/ -->\n<title>Alla drar nytta av en l\u00e5ng avtalsperiod<\/title>\n<meta name=\"robots\" content=\"index, follow, max-snippet:-1, max-image-preview:large, max-video-preview:-1\" \/>\n<link rel=\"canonical\" href=\"https:\/\/www.selry.fi\/sv\/blogg\/alla-drar-nytta-av-en-lang-avtalsperiod\/\" \/>\n<meta property=\"og:locale\" content=\"sv_SE\" \/>\n<meta property=\"og:type\" content=\"article\" \/>\n<meta property=\"og:title\" content=\"Alla drar nytta av en l\u00e5ng avtalsperiod\" \/>\n<meta property=\"og:description\" content=\"Vi kom i g\u00e5r \u00f6verens med arbetsgivarf\u00f6rbundet ETL om att det tredje avtals\u00e5ret i de nuvarande kollektivavtalen f\u00f6r arbetstagarna inom [\u2026] Lue lis\u00e4\u00e4 &raquo;\" \/>\n<meta property=\"og:url\" content=\"https:\/\/www.selry.fi\/sv\/blogg\/alla-drar-nytta-av-en-lang-avtalsperiod\/\" \/>\n<meta property=\"og:site_name\" content=\"Suomen Elintarvikety\u00f6l\u00e4isten Liitto SEL\" \/>\n<meta property=\"article:publisher\" content=\"https:\/\/www.facebook.com\/selry\" \/>\n<meta property=\"article:published_time\" content=\"2026-09-04T13:05:50+00:00\" \/>\n<meta property=\"article:modified_time\" content=\"2026-09-04T13:10:14+00:00\" \/>\n<meta property=\"og:image\" content=\"https:\/\/www.selry.fi\/wp-content\/uploads\/2023\/02\/veli-matti-kuntonen-blogi.jpg\" \/>\n\t<meta property=\"og:image:width\" content=\"1536\" \/>\n\t<meta property=\"og:image:height\" content=\"1148\" \/>\n\t<meta property=\"og:image:type\" content=\"image\/jpeg\" \/>\n<meta name=\"author\" content=\"Karoliina \u00d6ystil\u00e4\" \/>\n<meta name=\"twitter:card\" content=\"summary_large_image\" \/>\n<meta name=\"twitter:creator\" content=\"@selryfi\" \/>\n<meta name=\"twitter:site\" content=\"@selryfi\" \/>\n<script type=\"application\/ld+json\" class=\"yoast-schema-graph\">{\"@context\":\"https:\\\/\\\/schema.org\",\"@graph\":[{\"@type\":\"Article\",\"@id\":\"https:\\\/\\\/www.selry.fi\\\/sv\\\/blogg\\\/alla-drar-nytta-av-en-lang-avtalsperiod\\\/#article\",\"isPartOf\":{\"@id\":\"https:\\\/\\\/www.selry.fi\\\/sv\\\/blogg\\\/alla-drar-nytta-av-en-lang-avtalsperiod\\\/\"},\"author\":{\"name\":\"Karoliina \u00d6ystil\u00e4\",\"@id\":\"https:\\\/\\\/www.selry.fi\\\/#\\\/schema\\\/person\\\/4fb0b52ed84c524f0beea95625a21678\"},\"headline\":\"Alla drar nytta av en l\u00e5ng avtalsperiod\",\"datePublished\":\"2026-09-04T13:05:50+00:00\",\"dateModified\":\"2026-09-04T13:10:14+00:00\",\"mainEntityOfPage\":{\"@id\":\"https:\\\/\\\/www.selry.fi\\\/sv\\\/blogg\\\/alla-drar-nytta-av-en-lang-avtalsperiod\\\/\"},\"wordCount\":395,\"publisher\":{\"@id\":\"https:\\\/\\\/www.selry.fi\\\/#organization\"},\"image\":{\"@id\":\"https:\\\/\\\/www.selry.fi\\\/sv\\\/blogg\\\/alla-drar-nytta-av-en-lang-avtalsperiod\\\/#primaryimage\"},\"thumbnailUrl\":\"https:\\\/\\\/www.selry.fi\\\/wp-content\\\/uploads\\\/2023\\\/02\\\/veli-matti-kuntonen-blogi.jpg\",\"articleSection\":[\"Blogg\"],\"inLanguage\":\"sv-SE\"},{\"@type\":\"WebPage\",\"@id\":\"https:\\\/\\\/www.selry.fi\\\/sv\\\/blogg\\\/alla-drar-nytta-av-en-lang-avtalsperiod\\\/\",\"url\":\"https:\\\/\\\/www.selry.fi\\\/sv\\\/blogg\\\/alla-drar-nytta-av-en-lang-avtalsperiod\\\/\",\"name\":\"Alla drar nytta av en l\u00e5ng avtalsperiod\",\"isPartOf\":{\"@id\":\"https:\\\/\\\/www.selry.fi\\\/#website\"},\"primaryImageOfPage\":{\"@id\":\"https:\\\/\\\/www.selry.fi\\\/sv\\\/blogg\\\/alla-drar-nytta-av-en-lang-avtalsperiod\\\/#primaryimage\"},\"image\":{\"@id\":\"https:\\\/\\\/www.selry.fi\\\/sv\\\/blogg\\\/alla-drar-nytta-av-en-lang-avtalsperiod\\\/#primaryimage\"},\"thumbnailUrl\":\"https:\\\/\\\/www.selry.fi\\\/wp-content\\\/uploads\\\/2023\\\/02\\\/veli-matti-kuntonen-blogi.jpg\",\"datePublished\":\"2026-09-04T13:05:50+00:00\",\"dateModified\":\"2026-09-04T13:10:14+00:00\",\"breadcrumb\":{\"@id\":\"https:\\\/\\\/www.selry.fi\\\/sv\\\/blogg\\\/alla-drar-nytta-av-en-lang-avtalsperiod\\\/#breadcrumb\"},\"inLanguage\":\"sv-SE\",\"potentialAction\":[{\"@type\":\"ReadAction\",\"target\":[\"https:\\\/\\\/www.selry.fi\\\/sv\\\/blogg\\\/alla-drar-nytta-av-en-lang-avtalsperiod\\\/\"]}]},{\"@type\":\"ImageObject\",\"inLanguage\":\"sv-SE\",\"@id\":\"https:\\\/\\\/www.selry.fi\\\/sv\\\/blogg\\\/alla-drar-nytta-av-en-lang-avtalsperiod\\\/#primaryimage\",\"url\":\"https:\\\/\\\/www.selry.fi\\\/wp-content\\\/uploads\\\/2023\\\/02\\\/veli-matti-kuntonen-blogi.jpg\",\"contentUrl\":\"https:\\\/\\\/www.selry.fi\\\/wp-content\\\/uploads\\\/2023\\\/02\\\/veli-matti-kuntonen-blogi.jpg\",\"width\":1536,\"height\":1148},{\"@type\":\"BreadcrumbList\",\"@id\":\"https:\\\/\\\/www.selry.fi\\\/sv\\\/blogg\\\/alla-drar-nytta-av-en-lang-avtalsperiod\\\/#breadcrumb\",\"itemListElement\":[{\"@type\":\"ListItem\",\"position\":1,\"name\":\"Home\",\"item\":\"https:\\\/\\\/www.selry.fi\\\/sv\\\/\"},{\"@type\":\"ListItem\",\"position\":2,\"name\":\"Alla drar nytta av en l\u00e5ng avtalsperiod\"}]},{\"@type\":\"WebSite\",\"@id\":\"https:\\\/\\\/www.selry.fi\\\/#website\",\"url\":\"https:\\\/\\\/www.selry.fi\\\/\",\"name\":\"Suomen Elintarvikety\u00f6l\u00e4isten Liitto SEL\",\"description\":\"\",\"publisher\":{\"@id\":\"https:\\\/\\\/www.selry.fi\\\/#organization\"},\"inLanguage\":\"sv-SE\"},{\"@type\":\"Organization\",\"@id\":\"https:\\\/\\\/www.selry.fi\\\/#organization\",\"name\":\"Suomen Elintarvikety\u00f6l\u00e4isten Liitto SEL\",\"url\":\"https:\\\/\\\/www.selry.fi\\\/\",\"logo\":{\"@type\":\"ImageObject\",\"inLanguage\":\"sv-SE\",\"@id\":\"https:\\\/\\\/www.selry.fi\\\/#\\\/schema\\\/logo\\\/image\\\/\",\"url\":\"https:\\\/\\\/www.selry.fi\\\/wp-content\\\/uploads\\\/2021\\\/05\\\/logo-sel.svg\",\"contentUrl\":\"https:\\\/\\\/www.selry.fi\\\/wp-content\\\/uploads\\\/2021\\\/05\\\/logo-sel.svg\",\"width\":453,\"height\":135,\"caption\":\"Suomen Elintarvikety\u00f6l\u00e4isten Liitto SEL\"},\"image\":{\"@id\":\"https:\\\/\\\/www.selry.fi\\\/#\\\/schema\\\/logo\\\/image\\\/\"},\"sameAs\":[\"https:\\\/\\\/www.facebook.com\\\/selry\",\"https:\\\/\\\/x.com\\\/selryfi\"]},{\"@type\":\"Person\",\"@id\":\"https:\\\/\\\/www.selry.fi\\\/#\\\/schema\\\/person\\\/4fb0b52ed84c524f0beea95625a21678\",\"name\":\"Karoliina \u00d6ystil\u00e4\",\"image\":{\"@type\":\"ImageObject\",\"inLanguage\":\"sv-SE\",\"@id\":\"https:\\\/\\\/secure.gravatar.com\\\/avatar\\\/8dcb857776c4317075ba571fdc81a06a1f240302e468800d69bf316ef82ac4cd?s=96&d=mm&r=g\",\"url\":\"https:\\\/\\\/secure.gravatar.com\\\/avatar\\\/8dcb857776c4317075ba571fdc81a06a1f240302e468800d69bf316ef82ac4cd?s=96&d=mm&r=g\",\"contentUrl\":\"https:\\\/\\\/secure.gravatar.com\\\/avatar\\\/8dcb857776c4317075ba571fdc81a06a1f240302e468800d69bf316ef82ac4cd?s=96&d=mm&r=g\",\"caption\":\"Karoliina \u00d6ystil\u00e4\"}}]}<\/script>\n<!-- \/ Yoast SEO plugin. -->","yoast_head_json":{"title":"Alla drar nytta av en l\u00e5ng avtalsperiod","robots":{"index":"index","follow":"follow","max-snippet":"max-snippet:-1","max-image-preview":"max-image-preview:large","max-video-preview":"max-video-preview:-1"},"canonical":"https:\/\/www.selry.fi\/sv\/blogg\/alla-drar-nytta-av-en-lang-avtalsperiod\/","og_locale":"sv_SE","og_type":"article","og_title":"Alla drar nytta av en l\u00e5ng avtalsperiod","og_description":"Vi kom i g\u00e5r \u00f6verens med arbetsgivarf\u00f6rbundet ETL om att det tredje avtals\u00e5ret i de nuvarande kollektivavtalen f\u00f6r arbetstagarna inom [\u2026] Lue lis\u00e4\u00e4 &raquo;","og_url":"https:\/\/www.selry.fi\/sv\/blogg\/alla-drar-nytta-av-en-lang-avtalsperiod\/","og_site_name":"Suomen Elintarvikety\u00f6l\u00e4isten Liitto SEL","article_publisher":"https:\/\/www.facebook.com\/selry","article_published_time":"2026-09-04T13:05:50+00:00","article_modified_time":"2026-09-04T13:10:14+00:00","og_image":[{"width":1536,"height":1148,"url":"https:\/\/www.selry.fi\/wp-content\/uploads\/2023\/02\/veli-matti-kuntonen-blogi.jpg","type":"image\/jpeg"}],"author":"Karoliina \u00d6ystil\u00e4","twitter_card":"summary_large_image","twitter_creator":"@selryfi","twitter_site":"@selryfi","schema":{"@context":"https:\/\/schema.org","@graph":[{"@type":"Article","@id":"https:\/\/www.selry.fi\/sv\/blogg\/alla-drar-nytta-av-en-lang-avtalsperiod\/#article","isPartOf":{"@id":"https:\/\/www.selry.fi\/sv\/blogg\/alla-drar-nytta-av-en-lang-avtalsperiod\/"},"author":{"name":"Karoliina \u00d6ystil\u00e4","@id":"https:\/\/www.selry.fi\/#\/schema\/person\/4fb0b52ed84c524f0beea95625a21678"},"headline":"Alla drar nytta av en l\u00e5ng avtalsperiod","datePublished":"2026-09-04T13:05:50+00:00","dateModified":"2026-09-04T13:10:14+00:00","mainEntityOfPage":{"@id":"https:\/\/www.selry.fi\/sv\/blogg\/alla-drar-nytta-av-en-lang-avtalsperiod\/"},"wordCount":395,"publisher":{"@id":"https:\/\/www.selry.fi\/#organization"},"image":{"@id":"https:\/\/www.selry.fi\/sv\/blogg\/alla-drar-nytta-av-en-lang-avtalsperiod\/#primaryimage"},"thumbnailUrl":"https:\/\/www.selry.fi\/wp-content\/uploads\/2023\/02\/veli-matti-kuntonen-blogi.jpg","articleSection":["Blogg"],"inLanguage":"sv-SE"},{"@type":"WebPage","@id":"https:\/\/www.selry.fi\/sv\/blogg\/alla-drar-nytta-av-en-lang-avtalsperiod\/","url":"https:\/\/www.selry.fi\/sv\/blogg\/alla-drar-nytta-av-en-lang-avtalsperiod\/","name":"Alla drar nytta av en l\u00e5ng avtalsperiod","isPartOf":{"@id":"https:\/\/www.selry.fi\/#website"},"primaryImageOfPage":{"@id":"https:\/\/www.selry.fi\/sv\/blogg\/alla-drar-nytta-av-en-lang-avtalsperiod\/#primaryimage"},"image":{"@id":"https:\/\/www.selry.fi\/sv\/blogg\/alla-drar-nytta-av-en-lang-avtalsperiod\/#primaryimage"},"thumbnailUrl":"https:\/\/www.selry.fi\/wp-content\/uploads\/2023\/02\/veli-matti-kuntonen-blogi.jpg","datePublished":"2026-09-04T13:05:50+00:00","dateModified":"2026-09-04T13:10:14+00:00","breadcrumb":{"@id":"https:\/\/www.selry.fi\/sv\/blogg\/alla-drar-nytta-av-en-lang-avtalsperiod\/#breadcrumb"},"inLanguage":"sv-SE","potentialAction":[{"@type":"ReadAction","target":["https:\/\/www.selry.fi\/sv\/blogg\/alla-drar-nytta-av-en-lang-avtalsperiod\/"]}]},{"@type":"ImageObject","inLanguage":"sv-SE","@id":"https:\/\/www.selry.fi\/sv\/blogg\/alla-drar-nytta-av-en-lang-avtalsperiod\/#primaryimage","url":"https:\/\/www.selry.fi\/wp-content\/uploads\/2023\/02\/veli-matti-kuntonen-blogi.jpg","contentUrl":"https:\/\/www.selry.fi\/wp-content\/uploads\/2023\/02\/veli-matti-kuntonen-blogi.jpg","width":1536,"height":1148},{"@type":"BreadcrumbList","@id":"https:\/\/www.selry.fi\/sv\/blogg\/alla-drar-nytta-av-en-lang-avtalsperiod\/#breadcrumb","itemListElement":[{"@type":"ListItem","position":1,"name":"Home","item":"https:\/\/www.selry.fi\/sv\/"},{"@type":"ListItem","position":2,"name":"Alla drar nytta av en l\u00e5ng avtalsperiod"}]},{"@type":"WebSite","@id":"https:\/\/www.selry.fi\/#website","url":"https:\/\/www.selry.fi\/","name":"Suomen Elintarvikety\u00f6l\u00e4isten Liitto SEL","description":"","publisher":{"@id":"https:\/\/www.selry.fi\/#organization"},"inLanguage":"sv-SE"},{"@type":"Organization","@id":"https:\/\/www.selry.fi\/#organization","name":"Suomen Elintarvikety\u00f6l\u00e4isten Liitto SEL","url":"https:\/\/www.selry.fi\/","logo":{"@type":"ImageObject","inLanguage":"sv-SE","@id":"https:\/\/www.selry.fi\/#\/schema\/logo\/image\/","url":"https:\/\/www.selry.fi\/wp-content\/uploads\/2021\/05\/logo-sel.svg","contentUrl":"https:\/\/www.selry.fi\/wp-content\/uploads\/2021\/05\/logo-sel.svg","width":453,"height":135,"caption":"Suomen Elintarvikety\u00f6l\u00e4isten Liitto SEL"},"image":{"@id":"https:\/\/www.selry.fi\/#\/schema\/logo\/image\/"},"sameAs":["https:\/\/www.facebook.com\/selry","https:\/\/x.com\/selryfi"]},{"@type":"Person","@id":"https:\/\/www.selry.fi\/#\/schema\/person\/4fb0b52ed84c524f0beea95625a21678","name":"Karoliina \u00d6ystil\u00e4","image":{"@type":"ImageObject","inLanguage":"sv-SE","@id":"https:\/\/secure.gravatar.com\/avatar\/8dcb857776c4317075ba571fdc81a06a1f240302e468800d69bf316ef82ac4cd?s=96&d=mm&r=g","url":"https:\/\/secure.gravatar.com\/avatar\/8dcb857776c4317075ba571fdc81a06a1f240302e468800d69bf316ef82ac4cd?s=96&d=mm&r=g","contentUrl":"https:\/\/secure.gravatar.com\/avatar\/8dcb857776c4317075ba571fdc81a06a1f240302e468800d69bf316ef82ac4cd?s=96&d=mm&r=g","caption":"Karoliina \u00d6ystil\u00e4"}}]}},"_links":{"self":[{"href":"https:\/\/www.selry.fi\/sv\/wp-json\/wp\/v2\/posts\/24311","targetHints":{"allow":["GET"]}}],"collection":[{"href":"https:\/\/www.selry.fi\/sv\/wp-json\/wp\/v2\/posts"}],"about":[{"href":"https:\/\/www.selry.fi\/sv\/wp-json\/wp\/v2\/types\/post"}],"author":[{"embeddable":true,"href":"https:\/\/www.selry.fi\/sv\/wp-json\/wp\/v2\/users\/4"}],"replies":[{"embeddable":true,"href":"https:\/\/www.selry.fi\/sv\/wp-json\/wp\/v2\/comments?post=24311"}],"version-history":[{"count":2,"href":"https:\/\/www.selry.fi\/sv\/wp-json\/wp\/v2\/posts\/24311\/revisions"}],"predecessor-version":[{"id":24314,"href":"https:\/\/www.selry.fi\/sv\/wp-json\/wp\/v2\/posts\/24311\/revisions\/24314"}],"wp:featuredmedia":[{"embeddable":true,"href":"https:\/\/www.selry.fi\/sv\/wp-json\/wp\/v2\/media\/10997"}],"wp:attachment":[{"href":"https:\/\/www.selry.fi\/sv\/wp-json\/wp\/v2\/media?parent=24311"}],"wp:term":[{"taxonomy":"category","embeddable":true,"href":"https:\/\/www.selry.fi\/sv\/wp-json\/wp\/v2\/categories?post=24311"},{"taxonomy":"post_tag","embeddable":true,"href":"https:\/\/www.selry.fi\/sv\/wp-json\/wp\/v2\/tags?post=24311"}],"curies":[{"name":"wp","href":"https:\/\/api.w.org\/{rel}","templated":true}]}}