{"id":24305,"date":"2026-09-04T13:30:00","date_gmt":"2026-09-04T10:30:00","guid":{"rendered":"https:\/\/www.selry.fi\/?p=24305"},"modified":"2026-09-04T13:42:11","modified_gmt":"2026-09-04T10:42:11","slug":"livsmedelsbranschens-kollektivavtal-fortsatter-for-tredje-aret","status":"publish","type":"post","link":"https:\/\/www.selry.fi\/sv\/nyheter\/livsmedelsbranschens-kollektivavtal-fortsatter-for-tredje-aret\/","title":{"rendered":"Livsmedelsbranschens kollektivavtal forts\u00e4tter f\u00f6r tredje \u00e5ret"},"content":{"rendered":"\n<p class=\"has-ingressi-font-size\">Parterna besl\u00f6t att de inte kommer att utnyttja m\u00f6jligheten att s\u00e4ga upp kollektivavtalen. D\u00e4rmed g\u00e4ller kollektivavtalen f\u00f6r tredje \u00e5ret i rad och de l\u00f6nef\u00f6rh\u00f6jningar som \u00f6verenskommits om f\u00f6r \u00e5r 2027 f\u00f6rverkligas enligt avtalet.<\/p>\n\n\n\n<p>Livsmedelsindustrin ETL, Finlands Livsmedelsarbetaref\u00f6rbund SEL, Fackf\u00f6rbundet Pro och F\u00f6rbundet f\u00f6r Mejeritekniska Funktion\u00e4rer MVL har \u00f6verenskommit om att kollektivavtalen forts\u00e4tter att g\u00e4lla ett tredje avtals\u00e5r. L\u00f6sningen inneb\u00e4r stabilitet och f\u00f6ruts\u00e4gbarhet i en av Finlands st\u00f6rsta industribranscher, f\u00f6r dess f\u00f6retag och tio tusentals arbetstagare.<\/p>\n\n\n\n<p>I de kollektivavtal som avtalades om i livsmedelsbranschen v\u00e5ren 2025 ingick en m\u00f6jlighet att under avtalsperioden bed\u00f6ma utsikterna f\u00f6r ekonomin och syssels\u00e4ttningen, och hur de m\u00e5ls\u00e4ttningar som skrevs in i avtalet har f\u00f6rverkligas. P\u00e5 grund av bed\u00f6mningarna har parterna haft m\u00f6jlighet att fatta beslut om en forts\u00e4ttning av kollektivavtalet f\u00f6r ett tredje \u00e5r.<\/p>\n\n\n\n<p>Parterna besl\u00f6t i b\u00f6rjan av september att de inte kommer att utnyttja m\u00f6jligheten att s\u00e4ga upp kollektivavtalen. D\u00e4rmed g\u00e4ller kollektivavtalen f\u00f6r tredje \u00e5ret i rad och de l\u00f6nef\u00f6rh\u00f6jningar som \u00f6verenskommits om f\u00f6r \u00e5r 2027 f\u00f6rverkligas enligt avtalet.<\/p>\n\n\n\n<p><a href=\"https:\/\/www.selry.fi\/sv\/kollektivavtalen\/\" type=\"page\" id=\"3609\">Kollektivavtalen mellan SEL och ETL f\u00f6r livsmedelsbranschens arbetstagare<\/a> g\u00e4ller fram till 31.1.2028. I kollektivavtalen har vi \u00f6verenskommit om att under det sista avtals\u00e5ret h\u00f6js l\u00f6nerna och tabell\u00f6nerna f\u00f6r alla arbetstagare i livsmedelsbranschen med en allm\u00e4n f\u00f6rh\u00f6jning p\u00e5 2,4 procent den 1.5.2027 eller i b\u00f6rjan av den n\u00e4rmaste l\u00f6neutbetalningsperioden efter det.<\/p>\n\n\n\n<p>\u2013 En forts\u00e4ttning av kollektivavtalen ger f\u00f6retagen och personalen f\u00f6ruts\u00e4gbarhet inf\u00f6r framtiden. En l\u00e5ng avtalsperiod skapar i sig stabilitet ocks\u00e5 med tanke p\u00e5 branschens utveckling, syssels\u00e4ttning och investeringar, konstateras i en gemensam kommentar fr\u00e5n ETL, SEL, Pro och MVL.<\/p>\n\n\n\n<p>En l\u00e5ng avtalsperiod ger parterna en god grund f\u00f6r fortsatt samarbete och utveckling av arbetslivet p\u00e5 branschens arbetsplatser. Vi har m\u00e5nga gemensamma fr\u00e5gor: tillg\u00e4ngligheten p\u00e5 kunnig arbetskraft, branschens drag- och kvarh\u00e5llningskraft, yrkesutveckling och en f\u00f6rm\u00e5ga att svara p\u00e5 de utmaningar som ett f\u00f6r\u00e4ndrande arbetsliv inneb\u00e4r \u00e4r centrala f\u00f6r hela branschens framtid.<\/p>\n\n\n\n<p>ETL, SEL, Pro och MVL ser ett l\u00e5ngsiktigt arbetsmarknadssamarbete som bygger p\u00e5 f\u00f6rtroende som viktigt.<\/p>\n\n\n\n<p>\u2013 Att avtalsperioden forts\u00e4tter ger f\u00f6retagen och personalen en m\u00f6jlighet att tillsammans se framtiden an och bygga den finl\u00e4ndska livsmedelsbranschens framtid p\u00e5 en stabil grund. Maten skapas av m\u00e4nniskor, arbete och samarbete, konstaterar f\u00f6rbunden.<\/p>\n","protected":false},"excerpt":{"rendered":"<p>Parterna besl\u00f6t att de inte kommer att utnyttja m\u00f6jligheten att s\u00e4ga upp kollektivavtalen. D\u00e4rmed g\u00e4ller kollektivavtalen f\u00f6r tredje \u00e5ret i [\u2026] <a href=\"https:\/\/www.selry.fi\/sv\/nyheter\/livsmedelsbranschens-kollektivavtal-fortsatter-for-tredje-aret\/\">Lue lis\u00e4\u00e4 &raquo;<\/a><\/p>\n","protected":false},"author":4,"featured_media":21443,"comment_status":"closed","ping_status":"closed","sticky":false,"template":"","format":"standard","meta":{"_acf_changed":false,"footnotes":""},"categories":[26],"tags":[],"class_list":["post-24305","post","type-post","status-publish","format-standard","has-post-thumbnail","hentry","category-nyheter"],"acf":[],"yoast_head":"<!-- This site is optimized with the Yoast SEO plugin v27.7 - https:\/\/yoast.com\/product\/yoast-seo-wordpress\/ -->\n<title>Livsmedelsbranschens kollektivavtal forts\u00e4tter f\u00f6r tredje \u00e5ret<\/title>\n<meta name=\"robots\" content=\"index, follow, max-snippet:-1, max-image-preview:large, max-video-preview:-1\" \/>\n<link rel=\"canonical\" href=\"https:\/\/www.selry.fi\/sv\/nyheter\/livsmedelsbranschens-kollektivavtal-fortsatter-for-tredje-aret\/\" \/>\n<meta property=\"og:locale\" content=\"sv_SE\" \/>\n<meta property=\"og:type\" content=\"article\" \/>\n<meta property=\"og:title\" content=\"Livsmedelsbranschens kollektivavtal forts\u00e4tter f\u00f6r tredje \u00e5ret\" \/>\n<meta property=\"og:description\" content=\"Parterna besl\u00f6t att de inte kommer att utnyttja m\u00f6jligheten att s\u00e4ga upp kollektivavtalen. D\u00e4rmed g\u00e4ller kollektivavtalen f\u00f6r tredje \u00e5ret i [\u2026] Lue lis\u00e4\u00e4 &raquo;\" \/>\n<meta property=\"og:url\" content=\"https:\/\/www.selry.fi\/sv\/nyheter\/livsmedelsbranschens-kollektivavtal-fortsatter-for-tredje-aret\/\" \/>\n<meta property=\"og:site_name\" content=\"Suomen Elintarvikety\u00f6l\u00e4isten Liitto SEL\" \/>\n<meta property=\"article:publisher\" content=\"https:\/\/www.facebook.com\/selry\" \/>\n<meta property=\"article:published_time\" content=\"2026-09-04T10:30:00+00:00\" \/>\n<meta property=\"article:modified_time\" content=\"2026-09-04T10:42:11+00:00\" \/>\n<meta property=\"og:image\" content=\"https:\/\/www.selry.fi\/wp-content\/uploads\/2025\/10\/tyoehtosopimus-tes-kirja-tessit-2025-2028-img20250807143623-rajattu.jpg\" \/>\n\t<meta property=\"og:image:width\" content=\"1920\" \/>\n\t<meta property=\"og:image:height\" content=\"1245\" \/>\n\t<meta property=\"og:image:type\" content=\"image\/jpeg\" \/>\n<meta name=\"author\" content=\"Karoliina \u00d6ystil\u00e4\" \/>\n<meta name=\"twitter:card\" content=\"summary_large_image\" \/>\n<meta name=\"twitter:creator\" content=\"@selryfi\" \/>\n<meta name=\"twitter:site\" content=\"@selryfi\" \/>\n<script type=\"application\/ld+json\" class=\"yoast-schema-graph\">{\"@context\":\"https:\\\/\\\/schema.org\",\"@graph\":[{\"@type\":\"Article\",\"@id\":\"https:\\\/\\\/www.selry.fi\\\/sv\\\/nyheter\\\/livsmedelsbranschens-kollektivavtal-fortsatter-for-tredje-aret\\\/#article\",\"isPartOf\":{\"@id\":\"https:\\\/\\\/www.selry.fi\\\/sv\\\/nyheter\\\/livsmedelsbranschens-kollektivavtal-fortsatter-for-tredje-aret\\\/\"},\"author\":{\"name\":\"Karoliina \u00d6ystil\u00e4\",\"@id\":\"https:\\\/\\\/www.selry.fi\\\/#\\\/schema\\\/person\\\/4fb0b52ed84c524f0beea95625a21678\"},\"headline\":\"Livsmedelsbranschens kollektivavtal forts\u00e4tter f\u00f6r tredje \u00e5ret\",\"datePublished\":\"2026-09-04T10:30:00+00:00\",\"dateModified\":\"2026-09-04T10:42:11+00:00\",\"mainEntityOfPage\":{\"@id\":\"https:\\\/\\\/www.selry.fi\\\/sv\\\/nyheter\\\/livsmedelsbranschens-kollektivavtal-fortsatter-for-tredje-aret\\\/\"},\"wordCount\":445,\"publisher\":{\"@id\":\"https:\\\/\\\/www.selry.fi\\\/#organization\"},\"image\":{\"@id\":\"https:\\\/\\\/www.selry.fi\\\/sv\\\/nyheter\\\/livsmedelsbranschens-kollektivavtal-fortsatter-for-tredje-aret\\\/#primaryimage\"},\"thumbnailUrl\":\"https:\\\/\\\/www.selry.fi\\\/wp-content\\\/uploads\\\/2025\\\/10\\\/tyoehtosopimus-tes-kirja-tessit-2025-2028-img20250807143623-rajattu.jpg\",\"articleSection\":[\"Nyheter\"],\"inLanguage\":\"sv-SE\"},{\"@type\":\"WebPage\",\"@id\":\"https:\\\/\\\/www.selry.fi\\\/sv\\\/nyheter\\\/livsmedelsbranschens-kollektivavtal-fortsatter-for-tredje-aret\\\/\",\"url\":\"https:\\\/\\\/www.selry.fi\\\/sv\\\/nyheter\\\/livsmedelsbranschens-kollektivavtal-fortsatter-for-tredje-aret\\\/\",\"name\":\"Livsmedelsbranschens kollektivavtal forts\u00e4tter f\u00f6r tredje \u00e5ret\",\"isPartOf\":{\"@id\":\"https:\\\/\\\/www.selry.fi\\\/#website\"},\"primaryImageOfPage\":{\"@id\":\"https:\\\/\\\/www.selry.fi\\\/sv\\\/nyheter\\\/livsmedelsbranschens-kollektivavtal-fortsatter-for-tredje-aret\\\/#primaryimage\"},\"image\":{\"@id\":\"https:\\\/\\\/www.selry.fi\\\/sv\\\/nyheter\\\/livsmedelsbranschens-kollektivavtal-fortsatter-for-tredje-aret\\\/#primaryimage\"},\"thumbnailUrl\":\"https:\\\/\\\/www.selry.fi\\\/wp-content\\\/uploads\\\/2025\\\/10\\\/tyoehtosopimus-tes-kirja-tessit-2025-2028-img20250807143623-rajattu.jpg\",\"datePublished\":\"2026-09-04T10:30:00+00:00\",\"dateModified\":\"2026-09-04T10:42:11+00:00\",\"breadcrumb\":{\"@id\":\"https:\\\/\\\/www.selry.fi\\\/sv\\\/nyheter\\\/livsmedelsbranschens-kollektivavtal-fortsatter-for-tredje-aret\\\/#breadcrumb\"},\"inLanguage\":\"sv-SE\",\"potentialAction\":[{\"@type\":\"ReadAction\",\"target\":[\"https:\\\/\\\/www.selry.fi\\\/sv\\\/nyheter\\\/livsmedelsbranschens-kollektivavtal-fortsatter-for-tredje-aret\\\/\"]}]},{\"@type\":\"ImageObject\",\"inLanguage\":\"sv-SE\",\"@id\":\"https:\\\/\\\/www.selry.fi\\\/sv\\\/nyheter\\\/livsmedelsbranschens-kollektivavtal-fortsatter-for-tredje-aret\\\/#primaryimage\",\"url\":\"https:\\\/\\\/www.selry.fi\\\/wp-content\\\/uploads\\\/2025\\\/10\\\/tyoehtosopimus-tes-kirja-tessit-2025-2028-img20250807143623-rajattu.jpg\",\"contentUrl\":\"https:\\\/\\\/www.selry.fi\\\/wp-content\\\/uploads\\\/2025\\\/10\\\/tyoehtosopimus-tes-kirja-tessit-2025-2028-img20250807143623-rajattu.jpg\",\"width\":1920,\"height\":1245},{\"@type\":\"BreadcrumbList\",\"@id\":\"https:\\\/\\\/www.selry.fi\\\/sv\\\/nyheter\\\/livsmedelsbranschens-kollektivavtal-fortsatter-for-tredje-aret\\\/#breadcrumb\",\"itemListElement\":[{\"@type\":\"ListItem\",\"position\":1,\"name\":\"Home\",\"item\":\"https:\\\/\\\/www.selry.fi\\\/sv\\\/\"},{\"@type\":\"ListItem\",\"position\":2,\"name\":\"Livsmedelsbranschens kollektivavtal forts\u00e4tter f\u00f6r tredje \u00e5ret\"}]},{\"@type\":\"WebSite\",\"@id\":\"https:\\\/\\\/www.selry.fi\\\/#website\",\"url\":\"https:\\\/\\\/www.selry.fi\\\/\",\"name\":\"Suomen Elintarvikety\u00f6l\u00e4isten Liitto SEL\",\"description\":\"\",\"publisher\":{\"@id\":\"https:\\\/\\\/www.selry.fi\\\/#organization\"},\"inLanguage\":\"sv-SE\"},{\"@type\":\"Organization\",\"@id\":\"https:\\\/\\\/www.selry.fi\\\/#organization\",\"name\":\"Suomen Elintarvikety\u00f6l\u00e4isten Liitto SEL\",\"url\":\"https:\\\/\\\/www.selry.fi\\\/\",\"logo\":{\"@type\":\"ImageObject\",\"inLanguage\":\"sv-SE\",\"@id\":\"https:\\\/\\\/www.selry.fi\\\/#\\\/schema\\\/logo\\\/image\\\/\",\"url\":\"https:\\\/\\\/www.selry.fi\\\/wp-content\\\/uploads\\\/2021\\\/05\\\/logo-sel.svg\",\"contentUrl\":\"https:\\\/\\\/www.selry.fi\\\/wp-content\\\/uploads\\\/2021\\\/05\\\/logo-sel.svg\",\"width\":453,\"height\":135,\"caption\":\"Suomen Elintarvikety\u00f6l\u00e4isten Liitto SEL\"},\"image\":{\"@id\":\"https:\\\/\\\/www.selry.fi\\\/#\\\/schema\\\/logo\\\/image\\\/\"},\"sameAs\":[\"https:\\\/\\\/www.facebook.com\\\/selry\",\"https:\\\/\\\/x.com\\\/selryfi\"]},{\"@type\":\"Person\",\"@id\":\"https:\\\/\\\/www.selry.fi\\\/#\\\/schema\\\/person\\\/4fb0b52ed84c524f0beea95625a21678\",\"name\":\"Karoliina \u00d6ystil\u00e4\",\"image\":{\"@type\":\"ImageObject\",\"inLanguage\":\"sv-SE\",\"@id\":\"https:\\\/\\\/secure.gravatar.com\\\/avatar\\\/8dcb857776c4317075ba571fdc81a06a1f240302e468800d69bf316ef82ac4cd?s=96&d=mm&r=g\",\"url\":\"https:\\\/\\\/secure.gravatar.com\\\/avatar\\\/8dcb857776c4317075ba571fdc81a06a1f240302e468800d69bf316ef82ac4cd?s=96&d=mm&r=g\",\"contentUrl\":\"https:\\\/\\\/secure.gravatar.com\\\/avatar\\\/8dcb857776c4317075ba571fdc81a06a1f240302e468800d69bf316ef82ac4cd?s=96&d=mm&r=g\",\"caption\":\"Karoliina \u00d6ystil\u00e4\"}}]}<\/script>\n<!-- \/ Yoast SEO plugin. -->","yoast_head_json":{"title":"Livsmedelsbranschens kollektivavtal forts\u00e4tter f\u00f6r tredje \u00e5ret","robots":{"index":"index","follow":"follow","max-snippet":"max-snippet:-1","max-image-preview":"max-image-preview:large","max-video-preview":"max-video-preview:-1"},"canonical":"https:\/\/www.selry.fi\/sv\/nyheter\/livsmedelsbranschens-kollektivavtal-fortsatter-for-tredje-aret\/","og_locale":"sv_SE","og_type":"article","og_title":"Livsmedelsbranschens kollektivavtal forts\u00e4tter f\u00f6r tredje \u00e5ret","og_description":"Parterna besl\u00f6t att de inte kommer att utnyttja m\u00f6jligheten att s\u00e4ga upp kollektivavtalen. D\u00e4rmed g\u00e4ller kollektivavtalen f\u00f6r tredje \u00e5ret i [\u2026] Lue lis\u00e4\u00e4 &raquo;","og_url":"https:\/\/www.selry.fi\/sv\/nyheter\/livsmedelsbranschens-kollektivavtal-fortsatter-for-tredje-aret\/","og_site_name":"Suomen Elintarvikety\u00f6l\u00e4isten Liitto SEL","article_publisher":"https:\/\/www.facebook.com\/selry","article_published_time":"2026-09-04T10:30:00+00:00","article_modified_time":"2026-09-04T10:42:11+00:00","og_image":[{"width":1920,"height":1245,"url":"https:\/\/www.selry.fi\/wp-content\/uploads\/2025\/10\/tyoehtosopimus-tes-kirja-tessit-2025-2028-img20250807143623-rajattu.jpg","type":"image\/jpeg"}],"author":"Karoliina \u00d6ystil\u00e4","twitter_card":"summary_large_image","twitter_creator":"@selryfi","twitter_site":"@selryfi","schema":{"@context":"https:\/\/schema.org","@graph":[{"@type":"Article","@id":"https:\/\/www.selry.fi\/sv\/nyheter\/livsmedelsbranschens-kollektivavtal-fortsatter-for-tredje-aret\/#article","isPartOf":{"@id":"https:\/\/www.selry.fi\/sv\/nyheter\/livsmedelsbranschens-kollektivavtal-fortsatter-for-tredje-aret\/"},"author":{"name":"Karoliina \u00d6ystil\u00e4","@id":"https:\/\/www.selry.fi\/#\/schema\/person\/4fb0b52ed84c524f0beea95625a21678"},"headline":"Livsmedelsbranschens kollektivavtal forts\u00e4tter f\u00f6r tredje \u00e5ret","datePublished":"2026-09-04T10:30:00+00:00","dateModified":"2026-09-04T10:42:11+00:00","mainEntityOfPage":{"@id":"https:\/\/www.selry.fi\/sv\/nyheter\/livsmedelsbranschens-kollektivavtal-fortsatter-for-tredje-aret\/"},"wordCount":445,"publisher":{"@id":"https:\/\/www.selry.fi\/#organization"},"image":{"@id":"https:\/\/www.selry.fi\/sv\/nyheter\/livsmedelsbranschens-kollektivavtal-fortsatter-for-tredje-aret\/#primaryimage"},"thumbnailUrl":"https:\/\/www.selry.fi\/wp-content\/uploads\/2025\/10\/tyoehtosopimus-tes-kirja-tessit-2025-2028-img20250807143623-rajattu.jpg","articleSection":["Nyheter"],"inLanguage":"sv-SE"},{"@type":"WebPage","@id":"https:\/\/www.selry.fi\/sv\/nyheter\/livsmedelsbranschens-kollektivavtal-fortsatter-for-tredje-aret\/","url":"https:\/\/www.selry.fi\/sv\/nyheter\/livsmedelsbranschens-kollektivavtal-fortsatter-for-tredje-aret\/","name":"Livsmedelsbranschens kollektivavtal forts\u00e4tter f\u00f6r tredje \u00e5ret","isPartOf":{"@id":"https:\/\/www.selry.fi\/#website"},"primaryImageOfPage":{"@id":"https:\/\/www.selry.fi\/sv\/nyheter\/livsmedelsbranschens-kollektivavtal-fortsatter-for-tredje-aret\/#primaryimage"},"image":{"@id":"https:\/\/www.selry.fi\/sv\/nyheter\/livsmedelsbranschens-kollektivavtal-fortsatter-for-tredje-aret\/#primaryimage"},"thumbnailUrl":"https:\/\/www.selry.fi\/wp-content\/uploads\/2025\/10\/tyoehtosopimus-tes-kirja-tessit-2025-2028-img20250807143623-rajattu.jpg","datePublished":"2026-09-04T10:30:00+00:00","dateModified":"2026-09-04T10:42:11+00:00","breadcrumb":{"@id":"https:\/\/www.selry.fi\/sv\/nyheter\/livsmedelsbranschens-kollektivavtal-fortsatter-for-tredje-aret\/#breadcrumb"},"inLanguage":"sv-SE","potentialAction":[{"@type":"ReadAction","target":["https:\/\/www.selry.fi\/sv\/nyheter\/livsmedelsbranschens-kollektivavtal-fortsatter-for-tredje-aret\/"]}]},{"@type":"ImageObject","inLanguage":"sv-SE","@id":"https:\/\/www.selry.fi\/sv\/nyheter\/livsmedelsbranschens-kollektivavtal-fortsatter-for-tredje-aret\/#primaryimage","url":"https:\/\/www.selry.fi\/wp-content\/uploads\/2025\/10\/tyoehtosopimus-tes-kirja-tessit-2025-2028-img20250807143623-rajattu.jpg","contentUrl":"https:\/\/www.selry.fi\/wp-content\/uploads\/2025\/10\/tyoehtosopimus-tes-kirja-tessit-2025-2028-img20250807143623-rajattu.jpg","width":1920,"height":1245},{"@type":"BreadcrumbList","@id":"https:\/\/www.selry.fi\/sv\/nyheter\/livsmedelsbranschens-kollektivavtal-fortsatter-for-tredje-aret\/#breadcrumb","itemListElement":[{"@type":"ListItem","position":1,"name":"Home","item":"https:\/\/www.selry.fi\/sv\/"},{"@type":"ListItem","position":2,"name":"Livsmedelsbranschens kollektivavtal forts\u00e4tter f\u00f6r tredje \u00e5ret"}]},{"@type":"WebSite","@id":"https:\/\/www.selry.fi\/#website","url":"https:\/\/www.selry.fi\/","name":"Suomen Elintarvikety\u00f6l\u00e4isten Liitto SEL","description":"","publisher":{"@id":"https:\/\/www.selry.fi\/#organization"},"inLanguage":"sv-SE"},{"@type":"Organization","@id":"https:\/\/www.selry.fi\/#organization","name":"Suomen Elintarvikety\u00f6l\u00e4isten Liitto SEL","url":"https:\/\/www.selry.fi\/","logo":{"@type":"ImageObject","inLanguage":"sv-SE","@id":"https:\/\/www.selry.fi\/#\/schema\/logo\/image\/","url":"https:\/\/www.selry.fi\/wp-content\/uploads\/2021\/05\/logo-sel.svg","contentUrl":"https:\/\/www.selry.fi\/wp-content\/uploads\/2021\/05\/logo-sel.svg","width":453,"height":135,"caption":"Suomen Elintarvikety\u00f6l\u00e4isten Liitto SEL"},"image":{"@id":"https:\/\/www.selry.fi\/#\/schema\/logo\/image\/"},"sameAs":["https:\/\/www.facebook.com\/selry","https:\/\/x.com\/selryfi"]},{"@type":"Person","@id":"https:\/\/www.selry.fi\/#\/schema\/person\/4fb0b52ed84c524f0beea95625a21678","name":"Karoliina \u00d6ystil\u00e4","image":{"@type":"ImageObject","inLanguage":"sv-SE","@id":"https:\/\/secure.gravatar.com\/avatar\/8dcb857776c4317075ba571fdc81a06a1f240302e468800d69bf316ef82ac4cd?s=96&d=mm&r=g","url":"https:\/\/secure.gravatar.com\/avatar\/8dcb857776c4317075ba571fdc81a06a1f240302e468800d69bf316ef82ac4cd?s=96&d=mm&r=g","contentUrl":"https:\/\/secure.gravatar.com\/avatar\/8dcb857776c4317075ba571fdc81a06a1f240302e468800d69bf316ef82ac4cd?s=96&d=mm&r=g","caption":"Karoliina \u00d6ystil\u00e4"}}]}},"_links":{"self":[{"href":"https:\/\/www.selry.fi\/sv\/wp-json\/wp\/v2\/posts\/24305","targetHints":{"allow":["GET"]}}],"collection":[{"href":"https:\/\/www.selry.fi\/sv\/wp-json\/wp\/v2\/posts"}],"about":[{"href":"https:\/\/www.selry.fi\/sv\/wp-json\/wp\/v2\/types\/post"}],"author":[{"embeddable":true,"href":"https:\/\/www.selry.fi\/sv\/wp-json\/wp\/v2\/users\/4"}],"replies":[{"embeddable":true,"href":"https:\/\/www.selry.fi\/sv\/wp-json\/wp\/v2\/comments?post=24305"}],"version-history":[{"count":1,"href":"https:\/\/www.selry.fi\/sv\/wp-json\/wp\/v2\/posts\/24305\/revisions"}],"predecessor-version":[{"id":24306,"href":"https:\/\/www.selry.fi\/sv\/wp-json\/wp\/v2\/posts\/24305\/revisions\/24306"}],"wp:featuredmedia":[{"embeddable":true,"href":"https:\/\/www.selry.fi\/sv\/wp-json\/wp\/v2\/media\/21443"}],"wp:attachment":[{"href":"https:\/\/www.selry.fi\/sv\/wp-json\/wp\/v2\/media?parent=24305"}],"wp:term":[{"taxonomy":"category","embeddable":true,"href":"https:\/\/www.selry.fi\/sv\/wp-json\/wp\/v2\/categories?post=24305"},{"taxonomy":"post_tag","embeddable":true,"href":"https:\/\/www.selry.fi\/sv\/wp-json\/wp\/v2\/tags?post=24305"}],"curies":[{"name":"wp","href":"https:\/\/api.w.org\/{rel}","templated":true}]}}