{"id":2403,"date":"2020-11-27T20:26:00","date_gmt":"2020-11-27T18:26:00","guid":{"rendered":"https:\/\/www.selry.fi\/?p=2403"},"modified":"2022-02-10T13:55:53","modified_gmt":"2022-02-10T11:55:53","slug":"tvaariga-kollektivavtal-for-livsmedelsbranschens-arbetstagare-lonerna-hojs-med-19-1-5-2021","status":"publish","type":"post","link":"https:\/\/www.selry.fi\/sv\/nyheter\/tvaariga-kollektivavtal-for-livsmedelsbranschens-arbetstagare-lonerna-hojs-med-19-1-5-2021\/","title":{"rendered":"Tv\u00e5\u00e5riga kollektivavtal f\u00f6r livsmedelsbranschens arbetstagare, l\u00f6nerna h\u00f6js med 1,9 % 1.5.2021"},"content":{"rendered":"\n<p>Finlands livsmedelsarbetarf\u00f6rbund SEL och Livsmedelsindustrif\u00f6rbundet ETL har idag godk\u00e4nt nya kollektivavtal f\u00f6r livsmedelsbranschens arbetstagare f\u00f6r en tv\u00e5\u00e5rig avtalsperiod 1.2.2021 \u2013 31.1.2023. SEL:s och ETL:s nuvarande kollektivavtal \u00e4r i kraft fram till 31.1.2021.<\/p>\n\n\n\n<p>SEL:s f\u00f6rbundsfullm\u00e4ktige godk\u00e4nde f\u00f6rhandlingsresultatet enh\u00e4lligt. De nya kollektivavtalen inneh\u00e5ller vid sidan om l\u00f6nef\u00f6rh\u00f6jningarna inga andra f\u00f6r\u00e4ndringar i nuvarande avtal.<\/p>\n\n\n\n<p>\u2013 Det h\u00e4r var en ren l\u00f6nel\u00f6sning. Vi \u00f6verenskom om l\u00f6nef\u00f6rh\u00f6jningar som ska leda oss \u00f6ver coronatiden. I \u00f6vrigt g\u00e4ller nuvarande minimiarbetsvillkor f\u00f6r livsmedelsbranschens arbetstagare, konstaterar SEL:s ordf\u00f6rande Veli-Matti Kuntonen.<\/p>\n\n\n\n<p>L\u00f6nerna och tabell\u00f6nerna f\u00f6r livsmedelsbranschens arbetstagare h\u00f6js med en allm\u00e4n f\u00f6rh\u00f6jning p\u00e5 1,9 % 1.5.2021 eller n\u00e4rmast efter, i b\u00f6rjan av den l\u00f6neutbetalningsperiod som f\u00f6ljer.<\/p>\n\n\n\n<p>Under avtalsperioden kan vardera parten s\u00e4ga upp avtalet att f\u00f6r det andra \u00e5rets del upph\u00f6ra senast en m\u00e5nad f\u00f6re utg\u00e5ngen av det f\u00f6rsta avtals\u00e5ret.<\/p>\n\n\n\n<p>SEL och ETL enas om l\u00f6nef\u00f6rh\u00f6jningens f\u00f6r \u00e5r 2022 i enlighet med den allm\u00e4nna linjen&nbsp; f\u00f6re 15.12.2021, s\u00e5vida man inte kommer \u00f6verens om att f\u00f6rl\u00e4nga f\u00f6rhandlingstiden.<\/p>\n\n\n\n<p>Om man inte n\u00e5r enighet om l\u00f6nef\u00f6rh\u00f6jningarna inom \u00f6verenskommen tidsfrist, kan parterna enas om att \u00f6verf\u00f6ra fr\u00e5gan till en skiljen\u00e4mnd f\u00f6r avg\u00f6rande. D\u00e5 kan kollektivavtalet inte l\u00e4ngre s\u00e4gas upp vad g\u00e4ller det andra avtals\u00e5ret. Skiljen\u00e4mnden best\u00e5r av fem medlemmar s\u00e5, att SEL och ETL vardera utser tv\u00e5 medlemmar till n\u00e4mnden och att riksf\u00f6rlikningsmannen fungerar som n\u00e4mndens ordf\u00f6rande. Skiljen\u00e4mnden ger en bindande l\u00f6sning i \u00e4rendet.<\/p>\n\n\n\n<p>SEL och ETL \u00f6verenskommer om fem allm\u00e4nbindande kollektivavtal: kollektivavtalet f\u00f6r bageribranschens arbetstagare, kollektivavtalet f\u00f6r k\u00f6ttbranschens arbetstagare, kollektivavtalet f\u00f6r mejeribranschens arbetstagare, kollektivavtalet f\u00f6r livsmedelsbranschernas arbetstagare samt kollektivavtalet f\u00f6r bryggeri- och l\u00e4skedrycksbranschens arbetstagare.<br>&nbsp;<\/p>\n\n\n\n<p><em>L\u00e4s mera p\u00e5 finska: <a href=\"http:\/\/www.selry.fi\/tes\">www.selry.fi\/tes<\/a><\/em><\/p>\n","protected":false},"excerpt":{"rendered":"<p>Finlands livsmedelsarbetarf\u00f6rbund SEL och Livsmedelsindustrif\u00f6rbundet ETL har idag godk\u00e4nt nya kollektivavtal f\u00f6r livsmedelsbranschens arbetstagare f\u00f6r en tv\u00e5\u00e5rig avtalsperiod 1.2.2021 \u2013 [\u2026] <a href=\"https:\/\/www.selry.fi\/sv\/nyheter\/tvaariga-kollektivavtal-for-livsmedelsbranschens-arbetstagare-lonerna-hojs-med-19-1-5-2021\/\">Lue lis\u00e4\u00e4 &raquo;<\/a><\/p>\n","protected":false},"author":7,"featured_media":5597,"comment_status":"closed","ping_status":"closed","sticky":false,"template":"","format":"standard","meta":{"_acf_changed":false,"footnotes":""},"categories":[26],"tags":[],"class_list":["post-2403","post","type-post","status-publish","format-standard","has-post-thumbnail","hentry","category-nyheter"],"acf":[],"yoast_head":"<!-- This site is optimized with the Yoast SEO plugin v27.2 - https:\/\/yoast.com\/product\/yoast-seo-wordpress\/ -->\n<title>Tv\u00e5\u00e5riga kollektivavtal f\u00f6r livsmedelsbranschens arbetstagare, l\u00f6nerna h\u00f6js med 1,9 % 1.5.2021<\/title>\n<meta name=\"robots\" content=\"index, follow, max-snippet:-1, max-image-preview:large, max-video-preview:-1\" \/>\n<link rel=\"canonical\" href=\"https:\/\/www.selry.fi\/sv\/nyheter\/tvaariga-kollektivavtal-for-livsmedelsbranschens-arbetstagare-lonerna-hojs-med-19-1-5-2021\/\" \/>\n<meta property=\"og:locale\" content=\"sv_SE\" \/>\n<meta property=\"og:type\" content=\"article\" \/>\n<meta property=\"og:title\" content=\"Tv\u00e5\u00e5riga kollektivavtal f\u00f6r livsmedelsbranschens arbetstagare, l\u00f6nerna h\u00f6js med 1,9 % 1.5.2021\" \/>\n<meta property=\"og:description\" content=\"Finlands livsmedelsarbetarf\u00f6rbund SEL och Livsmedelsindustrif\u00f6rbundet ETL har idag godk\u00e4nt nya kollektivavtal f\u00f6r livsmedelsbranschens arbetstagare f\u00f6r en tv\u00e5\u00e5rig avtalsperiod 1.2.2021 \u2013 [\u2026] Lue lis\u00e4\u00e4 &raquo;\" \/>\n<meta property=\"og:url\" content=\"https:\/\/www.selry.fi\/sv\/nyheter\/tvaariga-kollektivavtal-for-livsmedelsbranschens-arbetstagare-lonerna-hojs-med-19-1-5-2021\/\" \/>\n<meta property=\"og:site_name\" content=\"Suomen Elintarvikety\u00f6l\u00e4isten Liitto SEL\" \/>\n<meta property=\"article:publisher\" content=\"https:\/\/www.facebook.com\/selry\" \/>\n<meta property=\"article:published_time\" content=\"2020-11-27T18:26:00+00:00\" \/>\n<meta property=\"article:modified_time\" content=\"2022-02-10T11:55:53+00:00\" \/>\n<meta property=\"og:image\" content=\"https:\/\/www.selry.fi\/wp-content\/uploads\/2021\/09\/20120327-6271sel-hartwall.jpg\" \/>\n\t<meta property=\"og:image:width\" content=\"1920\" \/>\n\t<meta property=\"og:image:height\" content=\"1280\" \/>\n\t<meta property=\"og:image:type\" content=\"image\/jpeg\" \/>\n<meta name=\"author\" content=\"Liisa Suonsivu\" \/>\n<meta name=\"twitter:card\" content=\"summary_large_image\" \/>\n<meta name=\"twitter:creator\" content=\"@selryfi\" \/>\n<meta name=\"twitter:site\" content=\"@selryfi\" \/>\n<script type=\"application\/ld+json\" class=\"yoast-schema-graph\">{\"@context\":\"https:\/\/schema.org\",\"@graph\":[{\"@type\":\"Article\",\"@id\":\"https:\/\/www.selry.fi\/sv\/nyheter\/tvaariga-kollektivavtal-for-livsmedelsbranschens-arbetstagare-lonerna-hojs-med-19-1-5-2021\/#article\",\"isPartOf\":{\"@id\":\"https:\/\/www.selry.fi\/sv\/nyheter\/tvaariga-kollektivavtal-for-livsmedelsbranschens-arbetstagare-lonerna-hojs-med-19-1-5-2021\/\"},\"author\":{\"name\":\"Liisa Suonsivu\",\"@id\":\"https:\/\/www.selry.fi\/#\/schema\/person\/efa23a82d897b720e4b24c9d56a89e6d\"},\"headline\":\"Tv\u00e5\u00e5riga kollektivavtal f\u00f6r livsmedelsbranschens arbetstagare, l\u00f6nerna h\u00f6js med 1,9 % 1.5.2021\",\"datePublished\":\"2020-11-27T18:26:00+00:00\",\"dateModified\":\"2022-02-10T11:55:53+00:00\",\"mainEntityOfPage\":{\"@id\":\"https:\/\/www.selry.fi\/sv\/nyheter\/tvaariga-kollektivavtal-for-livsmedelsbranschens-arbetstagare-lonerna-hojs-med-19-1-5-2021\/\"},\"wordCount\":352,\"publisher\":{\"@id\":\"https:\/\/www.selry.fi\/#organization\"},\"image\":{\"@id\":\"https:\/\/www.selry.fi\/sv\/nyheter\/tvaariga-kollektivavtal-for-livsmedelsbranschens-arbetstagare-lonerna-hojs-med-19-1-5-2021\/#primaryimage\"},\"thumbnailUrl\":\"https:\/\/www.selry.fi\/wp-content\/uploads\/2021\/09\/20120327-6271sel-hartwall.jpg\",\"articleSection\":[\"Nyheter\"],\"inLanguage\":\"sv-SE\"},{\"@type\":\"WebPage\",\"@id\":\"https:\/\/www.selry.fi\/sv\/nyheter\/tvaariga-kollektivavtal-for-livsmedelsbranschens-arbetstagare-lonerna-hojs-med-19-1-5-2021\/\",\"url\":\"https:\/\/www.selry.fi\/sv\/nyheter\/tvaariga-kollektivavtal-for-livsmedelsbranschens-arbetstagare-lonerna-hojs-med-19-1-5-2021\/\",\"name\":\"Tv\u00e5\u00e5riga kollektivavtal f\u00f6r livsmedelsbranschens arbetstagare, l\u00f6nerna h\u00f6js med 1,9 % 1.5.2021\",\"isPartOf\":{\"@id\":\"https:\/\/www.selry.fi\/#website\"},\"primaryImageOfPage\":{\"@id\":\"https:\/\/www.selry.fi\/sv\/nyheter\/tvaariga-kollektivavtal-for-livsmedelsbranschens-arbetstagare-lonerna-hojs-med-19-1-5-2021\/#primaryimage\"},\"image\":{\"@id\":\"https:\/\/www.selry.fi\/sv\/nyheter\/tvaariga-kollektivavtal-for-livsmedelsbranschens-arbetstagare-lonerna-hojs-med-19-1-5-2021\/#primaryimage\"},\"thumbnailUrl\":\"https:\/\/www.selry.fi\/wp-content\/uploads\/2021\/09\/20120327-6271sel-hartwall.jpg\",\"datePublished\":\"2020-11-27T18:26:00+00:00\",\"dateModified\":\"2022-02-10T11:55:53+00:00\",\"breadcrumb\":{\"@id\":\"https:\/\/www.selry.fi\/sv\/nyheter\/tvaariga-kollektivavtal-for-livsmedelsbranschens-arbetstagare-lonerna-hojs-med-19-1-5-2021\/#breadcrumb\"},\"inLanguage\":\"sv-SE\",\"potentialAction\":[{\"@type\":\"ReadAction\",\"target\":[\"https:\/\/www.selry.fi\/sv\/nyheter\/tvaariga-kollektivavtal-for-livsmedelsbranschens-arbetstagare-lonerna-hojs-med-19-1-5-2021\/\"]}]},{\"@type\":\"ImageObject\",\"inLanguage\":\"sv-SE\",\"@id\":\"https:\/\/www.selry.fi\/sv\/nyheter\/tvaariga-kollektivavtal-for-livsmedelsbranschens-arbetstagare-lonerna-hojs-med-19-1-5-2021\/#primaryimage\",\"url\":\"https:\/\/www.selry.fi\/wp-content\/uploads\/2021\/09\/20120327-6271sel-hartwall.jpg\",\"contentUrl\":\"https:\/\/www.selry.fi\/wp-content\/uploads\/2021\/09\/20120327-6271sel-hartwall.jpg\",\"width\":1920,\"height\":1280},{\"@type\":\"BreadcrumbList\",\"@id\":\"https:\/\/www.selry.fi\/sv\/nyheter\/tvaariga-kollektivavtal-for-livsmedelsbranschens-arbetstagare-lonerna-hojs-med-19-1-5-2021\/#breadcrumb\",\"itemListElement\":[{\"@type\":\"ListItem\",\"position\":1,\"name\":\"Home\",\"item\":\"https:\/\/www.selry.fi\/sv\/\"},{\"@type\":\"ListItem\",\"position\":2,\"name\":\"Tv\u00e5\u00e5riga kollektivavtal f\u00f6r livsmedelsbranschens arbetstagare, l\u00f6nerna h\u00f6js med 1,9 % 1.5.2021\"}]},{\"@type\":\"WebSite\",\"@id\":\"https:\/\/www.selry.fi\/#website\",\"url\":\"https:\/\/www.selry.fi\/\",\"name\":\"Suomen Elintarvikety\u00f6l\u00e4isten Liitto SEL\",\"description\":\"\",\"publisher\":{\"@id\":\"https:\/\/www.selry.fi\/#organization\"},\"inLanguage\":\"sv-SE\"},{\"@type\":\"Organization\",\"@id\":\"https:\/\/www.selry.fi\/#organization\",\"name\":\"Suomen Elintarvikety\u00f6l\u00e4isten Liitto SEL\",\"url\":\"https:\/\/www.selry.fi\/\",\"logo\":{\"@type\":\"ImageObject\",\"inLanguage\":\"sv-SE\",\"@id\":\"https:\/\/www.selry.fi\/#\/schema\/logo\/image\/\",\"url\":\"https:\/\/www.selry.fi\/wp-content\/uploads\/2021\/05\/logo-sel.svg\",\"contentUrl\":\"https:\/\/www.selry.fi\/wp-content\/uploads\/2021\/05\/logo-sel.svg\",\"width\":453,\"height\":135,\"caption\":\"Suomen Elintarvikety\u00f6l\u00e4isten Liitto SEL\"},\"image\":{\"@id\":\"https:\/\/www.selry.fi\/#\/schema\/logo\/image\/\"},\"sameAs\":[\"https:\/\/www.facebook.com\/selry\",\"https:\/\/x.com\/selryfi\"]},{\"@type\":\"Person\",\"@id\":\"https:\/\/www.selry.fi\/#\/schema\/person\/efa23a82d897b720e4b24c9d56a89e6d\",\"name\":\"Liisa Suonsivu\",\"image\":{\"@type\":\"ImageObject\",\"inLanguage\":\"sv-SE\",\"@id\":\"https:\/\/secure.gravatar.com\/avatar\/db21b3a75c0e85060245eace8bfa53a2974b1745f694228722faad33d4d28f94?s=96&d=mm&r=g\",\"url\":\"https:\/\/secure.gravatar.com\/avatar\/db21b3a75c0e85060245eace8bfa53a2974b1745f694228722faad33d4d28f94?s=96&d=mm&r=g\",\"contentUrl\":\"https:\/\/secure.gravatar.com\/avatar\/db21b3a75c0e85060245eace8bfa53a2974b1745f694228722faad33d4d28f94?s=96&d=mm&r=g\",\"caption\":\"Liisa Suonsivu\"}}]}<\/script>\n<!-- \/ Yoast SEO plugin. -->","yoast_head_json":{"title":"Tv\u00e5\u00e5riga kollektivavtal f\u00f6r livsmedelsbranschens arbetstagare, l\u00f6nerna h\u00f6js med 1,9 % 1.5.2021","robots":{"index":"index","follow":"follow","max-snippet":"max-snippet:-1","max-image-preview":"max-image-preview:large","max-video-preview":"max-video-preview:-1"},"canonical":"https:\/\/www.selry.fi\/sv\/nyheter\/tvaariga-kollektivavtal-for-livsmedelsbranschens-arbetstagare-lonerna-hojs-med-19-1-5-2021\/","og_locale":"sv_SE","og_type":"article","og_title":"Tv\u00e5\u00e5riga kollektivavtal f\u00f6r livsmedelsbranschens arbetstagare, l\u00f6nerna h\u00f6js med 1,9 % 1.5.2021","og_description":"Finlands livsmedelsarbetarf\u00f6rbund SEL och Livsmedelsindustrif\u00f6rbundet ETL har idag godk\u00e4nt nya kollektivavtal f\u00f6r livsmedelsbranschens arbetstagare f\u00f6r en tv\u00e5\u00e5rig avtalsperiod 1.2.2021 \u2013 [\u2026] Lue lis\u00e4\u00e4 &raquo;","og_url":"https:\/\/www.selry.fi\/sv\/nyheter\/tvaariga-kollektivavtal-for-livsmedelsbranschens-arbetstagare-lonerna-hojs-med-19-1-5-2021\/","og_site_name":"Suomen Elintarvikety\u00f6l\u00e4isten Liitto SEL","article_publisher":"https:\/\/www.facebook.com\/selry","article_published_time":"2020-11-27T18:26:00+00:00","article_modified_time":"2022-02-10T11:55:53+00:00","og_image":[{"width":1920,"height":1280,"url":"https:\/\/www.selry.fi\/wp-content\/uploads\/2021\/09\/20120327-6271sel-hartwall.jpg","type":"image\/jpeg"}],"author":"Liisa Suonsivu","twitter_card":"summary_large_image","twitter_creator":"@selryfi","twitter_site":"@selryfi","schema":{"@context":"https:\/\/schema.org","@graph":[{"@type":"Article","@id":"https:\/\/www.selry.fi\/sv\/nyheter\/tvaariga-kollektivavtal-for-livsmedelsbranschens-arbetstagare-lonerna-hojs-med-19-1-5-2021\/#article","isPartOf":{"@id":"https:\/\/www.selry.fi\/sv\/nyheter\/tvaariga-kollektivavtal-for-livsmedelsbranschens-arbetstagare-lonerna-hojs-med-19-1-5-2021\/"},"author":{"name":"Liisa Suonsivu","@id":"https:\/\/www.selry.fi\/#\/schema\/person\/efa23a82d897b720e4b24c9d56a89e6d"},"headline":"Tv\u00e5\u00e5riga kollektivavtal f\u00f6r livsmedelsbranschens arbetstagare, l\u00f6nerna h\u00f6js med 1,9 % 1.5.2021","datePublished":"2020-11-27T18:26:00+00:00","dateModified":"2022-02-10T11:55:53+00:00","mainEntityOfPage":{"@id":"https:\/\/www.selry.fi\/sv\/nyheter\/tvaariga-kollektivavtal-for-livsmedelsbranschens-arbetstagare-lonerna-hojs-med-19-1-5-2021\/"},"wordCount":352,"publisher":{"@id":"https:\/\/www.selry.fi\/#organization"},"image":{"@id":"https:\/\/www.selry.fi\/sv\/nyheter\/tvaariga-kollektivavtal-for-livsmedelsbranschens-arbetstagare-lonerna-hojs-med-19-1-5-2021\/#primaryimage"},"thumbnailUrl":"https:\/\/www.selry.fi\/wp-content\/uploads\/2021\/09\/20120327-6271sel-hartwall.jpg","articleSection":["Nyheter"],"inLanguage":"sv-SE"},{"@type":"WebPage","@id":"https:\/\/www.selry.fi\/sv\/nyheter\/tvaariga-kollektivavtal-for-livsmedelsbranschens-arbetstagare-lonerna-hojs-med-19-1-5-2021\/","url":"https:\/\/www.selry.fi\/sv\/nyheter\/tvaariga-kollektivavtal-for-livsmedelsbranschens-arbetstagare-lonerna-hojs-med-19-1-5-2021\/","name":"Tv\u00e5\u00e5riga kollektivavtal f\u00f6r livsmedelsbranschens arbetstagare, l\u00f6nerna h\u00f6js med 1,9 % 1.5.2021","isPartOf":{"@id":"https:\/\/www.selry.fi\/#website"},"primaryImageOfPage":{"@id":"https:\/\/www.selry.fi\/sv\/nyheter\/tvaariga-kollektivavtal-for-livsmedelsbranschens-arbetstagare-lonerna-hojs-med-19-1-5-2021\/#primaryimage"},"image":{"@id":"https:\/\/www.selry.fi\/sv\/nyheter\/tvaariga-kollektivavtal-for-livsmedelsbranschens-arbetstagare-lonerna-hojs-med-19-1-5-2021\/#primaryimage"},"thumbnailUrl":"https:\/\/www.selry.fi\/wp-content\/uploads\/2021\/09\/20120327-6271sel-hartwall.jpg","datePublished":"2020-11-27T18:26:00+00:00","dateModified":"2022-02-10T11:55:53+00:00","breadcrumb":{"@id":"https:\/\/www.selry.fi\/sv\/nyheter\/tvaariga-kollektivavtal-for-livsmedelsbranschens-arbetstagare-lonerna-hojs-med-19-1-5-2021\/#breadcrumb"},"inLanguage":"sv-SE","potentialAction":[{"@type":"ReadAction","target":["https:\/\/www.selry.fi\/sv\/nyheter\/tvaariga-kollektivavtal-for-livsmedelsbranschens-arbetstagare-lonerna-hojs-med-19-1-5-2021\/"]}]},{"@type":"ImageObject","inLanguage":"sv-SE","@id":"https:\/\/www.selry.fi\/sv\/nyheter\/tvaariga-kollektivavtal-for-livsmedelsbranschens-arbetstagare-lonerna-hojs-med-19-1-5-2021\/#primaryimage","url":"https:\/\/www.selry.fi\/wp-content\/uploads\/2021\/09\/20120327-6271sel-hartwall.jpg","contentUrl":"https:\/\/www.selry.fi\/wp-content\/uploads\/2021\/09\/20120327-6271sel-hartwall.jpg","width":1920,"height":1280},{"@type":"BreadcrumbList","@id":"https:\/\/www.selry.fi\/sv\/nyheter\/tvaariga-kollektivavtal-for-livsmedelsbranschens-arbetstagare-lonerna-hojs-med-19-1-5-2021\/#breadcrumb","itemListElement":[{"@type":"ListItem","position":1,"name":"Home","item":"https:\/\/www.selry.fi\/sv\/"},{"@type":"ListItem","position":2,"name":"Tv\u00e5\u00e5riga kollektivavtal f\u00f6r livsmedelsbranschens arbetstagare, l\u00f6nerna h\u00f6js med 1,9 % 1.5.2021"}]},{"@type":"WebSite","@id":"https:\/\/www.selry.fi\/#website","url":"https:\/\/www.selry.fi\/","name":"Suomen Elintarvikety\u00f6l\u00e4isten Liitto SEL","description":"","publisher":{"@id":"https:\/\/www.selry.fi\/#organization"},"inLanguage":"sv-SE"},{"@type":"Organization","@id":"https:\/\/www.selry.fi\/#organization","name":"Suomen Elintarvikety\u00f6l\u00e4isten Liitto SEL","url":"https:\/\/www.selry.fi\/","logo":{"@type":"ImageObject","inLanguage":"sv-SE","@id":"https:\/\/www.selry.fi\/#\/schema\/logo\/image\/","url":"https:\/\/www.selry.fi\/wp-content\/uploads\/2021\/05\/logo-sel.svg","contentUrl":"https:\/\/www.selry.fi\/wp-content\/uploads\/2021\/05\/logo-sel.svg","width":453,"height":135,"caption":"Suomen Elintarvikety\u00f6l\u00e4isten Liitto SEL"},"image":{"@id":"https:\/\/www.selry.fi\/#\/schema\/logo\/image\/"},"sameAs":["https:\/\/www.facebook.com\/selry","https:\/\/x.com\/selryfi"]},{"@type":"Person","@id":"https:\/\/www.selry.fi\/#\/schema\/person\/efa23a82d897b720e4b24c9d56a89e6d","name":"Liisa Suonsivu","image":{"@type":"ImageObject","inLanguage":"sv-SE","@id":"https:\/\/secure.gravatar.com\/avatar\/db21b3a75c0e85060245eace8bfa53a2974b1745f694228722faad33d4d28f94?s=96&d=mm&r=g","url":"https:\/\/secure.gravatar.com\/avatar\/db21b3a75c0e85060245eace8bfa53a2974b1745f694228722faad33d4d28f94?s=96&d=mm&r=g","contentUrl":"https:\/\/secure.gravatar.com\/avatar\/db21b3a75c0e85060245eace8bfa53a2974b1745f694228722faad33d4d28f94?s=96&d=mm&r=g","caption":"Liisa Suonsivu"}}]}},"_links":{"self":[{"href":"https:\/\/www.selry.fi\/sv\/wp-json\/wp\/v2\/posts\/2403","targetHints":{"allow":["GET"]}}],"collection":[{"href":"https:\/\/www.selry.fi\/sv\/wp-json\/wp\/v2\/posts"}],"about":[{"href":"https:\/\/www.selry.fi\/sv\/wp-json\/wp\/v2\/types\/post"}],"author":[{"embeddable":true,"href":"https:\/\/www.selry.fi\/sv\/wp-json\/wp\/v2\/users\/7"}],"replies":[{"embeddable":true,"href":"https:\/\/www.selry.fi\/sv\/wp-json\/wp\/v2\/comments?post=2403"}],"version-history":[{"count":0,"href":"https:\/\/www.selry.fi\/sv\/wp-json\/wp\/v2\/posts\/2403\/revisions"}],"wp:featuredmedia":[{"embeddable":true,"href":"https:\/\/www.selry.fi\/sv\/wp-json\/wp\/v2\/media\/5597"}],"wp:attachment":[{"href":"https:\/\/www.selry.fi\/sv\/wp-json\/wp\/v2\/media?parent=2403"}],"wp:term":[{"taxonomy":"category","embeddable":true,"href":"https:\/\/www.selry.fi\/sv\/wp-json\/wp\/v2\/categories?post=2403"},{"taxonomy":"post_tag","embeddable":true,"href":"https:\/\/www.selry.fi\/sv\/wp-json\/wp\/v2\/tags?post=2403"}],"curies":[{"name":"wp","href":"https:\/\/api.w.org\/{rel}","templated":true}]}}