{"id":2397,"date":"2020-10-05T20:25:00","date_gmt":"2020-10-05T17:25:00","guid":{"rendered":"https:\/\/www.selry.fi\/?p=2397"},"modified":"2021-05-27T20:25:38","modified_gmt":"2021-05-27T17:25:38","slug":"aven-om-arbetsgivarforbunden-slutar-inga-avtal-sa-kommer-fackforbunden-inom-ffc-alltjamt-att-forhandla-om-kollektivavtalen-med-medlemmarnas-arbetsgivare","status":"publish","type":"post","link":"https:\/\/www.selry.fi\/sv\/nyheter\/aven-om-arbetsgivarforbunden-slutar-inga-avtal-sa-kommer-fackforbunden-inom-ffc-alltjamt-att-forhandla-om-kollektivavtalen-med-medlemmarnas-arbetsgivare\/","title":{"rendered":"\u00c4ven om arbetsgivarf\u00f6rbunden slutar ing\u00e5 avtal, s\u00e5 kommer fackf\u00f6rbunden inom FFC alltj\u00e4mt att f\u00f6rhandla om kollektivavtalen med medlemmarnas arbetsgivare"},"content":{"rendered":"\n<p>Fackcentralen FFC:s styrelse bed\u00f6mer att Skogsindustrin inte tillr\u00e4ckligt noggrant har satt sig in i f\u00f6ljderna av de beslut som organisationen presenterade f\u00f6rra veckan. FFC kan inte tro att arbetsgivarsidans m\u00e5l \u00e4r att g\u00f6ra det sv\u00e5rare att avtala, \u00e4ven om Skogsindustrin nu p\u00e5 ett kortsiktigt s\u00e4tt f\u00f6rs\u00f6ker uppn\u00e5 kostnadsinbesparingar och mer arbetsgivarmakt.<br><br>Genom sitt agerande blir Skogsindustrin ett beklagligt exempel som inte ens verkar godk\u00e4nnas av hela den egna branschen, f\u00f6r att inte tala om arbetsgivarf\u00f6rbunden i de andra branscherna.<\/p>\n\n\n\n<p>\u2013 Det har funnits befogade sk\u00e4l att teckna riksomfattande, allm\u00e4nt bindande kollektivavtal. N\u00e4r Skogsindustrin f\u00f6rs\u00f6ker l\u00f6sg\u00f6ra sig fr\u00e5n systemet antar organisationen att man ska lyckas med f\u00f6rhandlingarna om de lokala avtalen \u2013 varje g\u00e5ng. Valet \u00e4r deras, men vi tror inte att beslutet gynnar n\u00e5gon, inte heller arbetsgivarna, f\u00f6rutsp\u00e5r FFC:s ordf\u00f6rande Jarkko Eloranta.<\/p>\n\n\n\n<p>Inom FFC har man sv\u00e5rt att tro att de enskilda arbetsgivarf\u00f6retagen klarar av att g\u00f6ra upp fungerande avtal p\u00e5 f\u00f6retagsniv\u00e5. Att avtala om allt som arbetstagarna och arbetsgivarna ansvarar f\u00f6r, samt att tolka avtalen, \u00e4r breda helheter som kr\u00e4ver kunnande.<\/p>\n\n\n\n<p>\u2013 \u00c4ven om arbetsgivarf\u00f6rbunden slutar ing\u00e5 avtal, s\u00e5 kommer fackf\u00f6rbunden inom FFC alltj\u00e4mt att f\u00f6rhandla om kollektivavtalen med medlemmarnas arbetsgivare. F\u00f6r arbetstagarna blir medlemskapet i ett fackf\u00f6rbund viktigare \u00e4n f\u00f6rut. P\u00e5 arbetsplatserna inom skogsindustrin kommer det i forts\u00e4ttningen vara m\u00f6jligt att bevara f\u00f6rtj\u00e4nstniv\u00e5n och anst\u00e4llningsvillkoren endast genom att h\u00f6ra till det f\u00f6rbund som representerar arbetstagarna i branschen, konstaterar Eloranta.<\/p>\n\n\n\n<p>Skogsindustrin har ocks\u00e5 motiverat sitt beslut med att man bygger framtidens konkurrenskraft. Det h\u00e4r syns\u00e4ttet tar inte h\u00e4nsyn till alla relevanta fakta om industrins produktionsstruktur. Den finl\u00e4ndska industrin \u00e4r konkurrenskraftig i en europeisk j\u00e4mf\u00f6relse, och inom skogsindustrin st\u00e5r arbetskraftskostnaderna endast f\u00f6r ungef\u00e4r tio procent av produktionskostnaderna.<\/p>\n\n\n\n<p>F\u00f6rm\u00e5nerna som kollektivavtalen ger uppfattas som sj\u00e4lvklarheter<\/p>\n\n\n\n<p>Kollektivavtalen tryggar inte bara arbetstagarnas l\u00f6neh\u00f6jningar, utan ocks\u00e5 andra villkor som numera har blivit sj\u00e4lvklarheter. FFC betonar att arbetstagarna, utan kollektivavtal, inte heller har r\u00e4tt till l\u00f6n under f\u00f6r\u00e4ldraledighet, l\u00e4ngre sjukledighet eller v\u00e5rd av sjukt barn. Likas\u00e5 blir arbetstagarna utan grupplivf\u00f6rs\u00e4kring, semesterpenning och semesterpremie samt dagpenning och kilometerers\u00e4ttning f\u00f6r resor i jobbet.<\/p>\n\n\n\n<p>\u2013 Utan de kollektivavtal som f\u00f6rbunden f\u00f6rhandlar fram f\u00f6rpassas de finl\u00e4ndska arbetstagarnas st\u00e4llning tiotals \u00e5r tillbaka i tiden, till en historiskt d\u00e5lig niv\u00e5, konstaterar Eloranta.<\/p>\n\n\n\n<p>F\u00f6r arbetsgivarna har de riksomfattande kollektivavtalen garanterat arbetsfred och en r\u00e4ttvis konkurrensmilj\u00f6. Om de riksomfattande kollektivavtalen s\u00e4gs upp, kommer sannolikheten f\u00f6r st\u00f6rningar p\u00e5 arbetsmarknaden att \u00f6ka.<\/p>\n\n\n\n<p>\u2013 Priset f\u00f6r arbetsfreden fastst\u00e4lls p\u00e5 det plan d\u00e4r man avtalar om fr\u00e5gorna, p\u00e5pekar Eloranta.<\/p>\n\n\n\n<p>Om miniminiv\u00e5n f\u00f6r anst\u00e4llningsvillkoren fastst\u00e4lls genom lag och kollektivavtalen skrotas, blir l\u00f6neniv\u00e5n och anst\u00e4llningsvillkoren en fr\u00e5ga f\u00f6r diskussion i samband med de politiska valen. D\u00e5 varierar priset p\u00e5 arbete enligt de politiska konjunkturerna.<br><br><a href=\"https:\/\/www.sak.fi\/sv\/aktuellt\/kollektivavtalet-tryggar-dina-rattigheter-i-arbetslivet\" target=\"_blank\" rel=\"noreferrer noopener\"><em>L\u00e4s mer: Vad h\u00e4nder med l\u00f6ner och \u00f6vriga anst\u00e4llningsvillkor, om man i forts\u00e4ttningen inte kan ing\u00e5\u00a0riksomfattande kollektivavtal?<\/em><\/a><\/p>\n","protected":false},"excerpt":{"rendered":"<p>Fackcentralen FFC:s styrelse bed\u00f6mer att Skogsindustrin inte tillr\u00e4ckligt noggrant har satt sig in i f\u00f6ljderna av de beslut som organisationen [\u2026] <a href=\"https:\/\/www.selry.fi\/sv\/nyheter\/aven-om-arbetsgivarforbunden-slutar-inga-avtal-sa-kommer-fackforbunden-inom-ffc-alltjamt-att-forhandla-om-kollektivavtalen-med-medlemmarnas-arbetsgivare\/\">Lue lis\u00e4\u00e4 &raquo;<\/a><\/p>\n","protected":false},"author":7,"featured_media":0,"comment_status":"closed","ping_status":"closed","sticky":false,"template":"","format":"standard","meta":{"_acf_changed":false,"footnotes":""},"categories":[26],"tags":[],"class_list":["post-2397","post","type-post","status-publish","format-standard","hentry","category-nyheter"],"acf":[],"yoast_head":"<!-- This site is optimized with the Yoast SEO plugin v27.2 - https:\/\/yoast.com\/product\/yoast-seo-wordpress\/ -->\n<title>\u00c4ven om arbetsgivarf\u00f6rbunden slutar ing\u00e5 avtal, s\u00e5 kommer fackf\u00f6rbunden inom FFC alltj\u00e4mt att f\u00f6rhandla om kollektivavtalen med medlemmarnas arbetsgivare<\/title>\n<meta name=\"robots\" content=\"index, follow, max-snippet:-1, max-image-preview:large, max-video-preview:-1\" \/>\n<link rel=\"canonical\" href=\"https:\/\/www.selry.fi\/sv\/nyheter\/aven-om-arbetsgivarforbunden-slutar-inga-avtal-sa-kommer-fackforbunden-inom-ffc-alltjamt-att-forhandla-om-kollektivavtalen-med-medlemmarnas-arbetsgivare\/\" \/>\n<meta property=\"og:locale\" content=\"sv_SE\" \/>\n<meta property=\"og:type\" content=\"article\" \/>\n<meta property=\"og:title\" content=\"\u00c4ven om arbetsgivarf\u00f6rbunden slutar ing\u00e5 avtal, s\u00e5 kommer fackf\u00f6rbunden inom FFC alltj\u00e4mt att f\u00f6rhandla om kollektivavtalen med medlemmarnas arbetsgivare\" \/>\n<meta property=\"og:description\" content=\"Fackcentralen FFC:s styrelse bed\u00f6mer att Skogsindustrin inte tillr\u00e4ckligt noggrant har satt sig in i f\u00f6ljderna av de beslut som organisationen [\u2026] Lue lis\u00e4\u00e4 &raquo;\" \/>\n<meta property=\"og:url\" content=\"https:\/\/www.selry.fi\/sv\/nyheter\/aven-om-arbetsgivarforbunden-slutar-inga-avtal-sa-kommer-fackforbunden-inom-ffc-alltjamt-att-forhandla-om-kollektivavtalen-med-medlemmarnas-arbetsgivare\/\" \/>\n<meta property=\"og:site_name\" content=\"Suomen Elintarvikety\u00f6l\u00e4isten Liitto SEL\" \/>\n<meta property=\"article:publisher\" content=\"https:\/\/www.facebook.com\/selry\" \/>\n<meta property=\"article:published_time\" content=\"2020-10-05T17:25:00+00:00\" \/>\n<meta property=\"article:modified_time\" content=\"2021-05-27T17:25:38+00:00\" \/>\n<meta property=\"og:image\" content=\"https:\/\/www.selry.fi\/wp-content\/uploads\/2021\/05\/sel-placeholder-image.jpg\" \/>\n\t<meta property=\"og:image:width\" content=\"1920\" \/>\n\t<meta property=\"og:image:height\" content=\"1080\" \/>\n\t<meta property=\"og:image:type\" content=\"image\/jpeg\" \/>\n<meta name=\"author\" content=\"Liisa Suonsivu\" \/>\n<meta name=\"twitter:card\" content=\"summary_large_image\" \/>\n<meta name=\"twitter:creator\" content=\"@selryfi\" \/>\n<meta name=\"twitter:site\" content=\"@selryfi\" \/>\n<script type=\"application\/ld+json\" class=\"yoast-schema-graph\">{\"@context\":\"https:\/\/schema.org\",\"@graph\":[{\"@type\":\"Article\",\"@id\":\"https:\/\/www.selry.fi\/sv\/nyheter\/aven-om-arbetsgivarforbunden-slutar-inga-avtal-sa-kommer-fackforbunden-inom-ffc-alltjamt-att-forhandla-om-kollektivavtalen-med-medlemmarnas-arbetsgivare\/#article\",\"isPartOf\":{\"@id\":\"https:\/\/www.selry.fi\/sv\/nyheter\/aven-om-arbetsgivarforbunden-slutar-inga-avtal-sa-kommer-fackforbunden-inom-ffc-alltjamt-att-forhandla-om-kollektivavtalen-med-medlemmarnas-arbetsgivare\/\"},\"author\":{\"name\":\"Liisa Suonsivu\",\"@id\":\"https:\/\/www.selry.fi\/#\/schema\/person\/efa23a82d897b720e4b24c9d56a89e6d\"},\"headline\":\"\u00c4ven om arbetsgivarf\u00f6rbunden slutar ing\u00e5 avtal, s\u00e5 kommer fackf\u00f6rbunden inom FFC alltj\u00e4mt att f\u00f6rhandla om kollektivavtalen med medlemmarnas arbetsgivare\",\"datePublished\":\"2020-10-05T17:25:00+00:00\",\"dateModified\":\"2021-05-27T17:25:38+00:00\",\"mainEntityOfPage\":{\"@id\":\"https:\/\/www.selry.fi\/sv\/nyheter\/aven-om-arbetsgivarforbunden-slutar-inga-avtal-sa-kommer-fackforbunden-inom-ffc-alltjamt-att-forhandla-om-kollektivavtalen-med-medlemmarnas-arbetsgivare\/\"},\"wordCount\":576,\"publisher\":{\"@id\":\"https:\/\/www.selry.fi\/#organization\"},\"articleSection\":[\"Nyheter\"],\"inLanguage\":\"sv-SE\"},{\"@type\":\"WebPage\",\"@id\":\"https:\/\/www.selry.fi\/sv\/nyheter\/aven-om-arbetsgivarforbunden-slutar-inga-avtal-sa-kommer-fackforbunden-inom-ffc-alltjamt-att-forhandla-om-kollektivavtalen-med-medlemmarnas-arbetsgivare\/\",\"url\":\"https:\/\/www.selry.fi\/sv\/nyheter\/aven-om-arbetsgivarforbunden-slutar-inga-avtal-sa-kommer-fackforbunden-inom-ffc-alltjamt-att-forhandla-om-kollektivavtalen-med-medlemmarnas-arbetsgivare\/\",\"name\":\"\u00c4ven om arbetsgivarf\u00f6rbunden slutar ing\u00e5 avtal, s\u00e5 kommer fackf\u00f6rbunden inom FFC alltj\u00e4mt att f\u00f6rhandla om kollektivavtalen med medlemmarnas arbetsgivare\",\"isPartOf\":{\"@id\":\"https:\/\/www.selry.fi\/#website\"},\"datePublished\":\"2020-10-05T17:25:00+00:00\",\"dateModified\":\"2021-05-27T17:25:38+00:00\",\"breadcrumb\":{\"@id\":\"https:\/\/www.selry.fi\/sv\/nyheter\/aven-om-arbetsgivarforbunden-slutar-inga-avtal-sa-kommer-fackforbunden-inom-ffc-alltjamt-att-forhandla-om-kollektivavtalen-med-medlemmarnas-arbetsgivare\/#breadcrumb\"},\"inLanguage\":\"sv-SE\",\"potentialAction\":[{\"@type\":\"ReadAction\",\"target\":[\"https:\/\/www.selry.fi\/sv\/nyheter\/aven-om-arbetsgivarforbunden-slutar-inga-avtal-sa-kommer-fackforbunden-inom-ffc-alltjamt-att-forhandla-om-kollektivavtalen-med-medlemmarnas-arbetsgivare\/\"]}]},{\"@type\":\"BreadcrumbList\",\"@id\":\"https:\/\/www.selry.fi\/sv\/nyheter\/aven-om-arbetsgivarforbunden-slutar-inga-avtal-sa-kommer-fackforbunden-inom-ffc-alltjamt-att-forhandla-om-kollektivavtalen-med-medlemmarnas-arbetsgivare\/#breadcrumb\",\"itemListElement\":[{\"@type\":\"ListItem\",\"position\":1,\"name\":\"Home\",\"item\":\"https:\/\/www.selry.fi\/sv\/\"},{\"@type\":\"ListItem\",\"position\":2,\"name\":\"\u00c4ven om arbetsgivarf\u00f6rbunden slutar ing\u00e5 avtal, s\u00e5 kommer fackf\u00f6rbunden inom FFC alltj\u00e4mt att f\u00f6rhandla om kollektivavtalen med medlemmarnas arbetsgivare\"}]},{\"@type\":\"WebSite\",\"@id\":\"https:\/\/www.selry.fi\/#website\",\"url\":\"https:\/\/www.selry.fi\/\",\"name\":\"Suomen Elintarvikety\u00f6l\u00e4isten Liitto SEL\",\"description\":\"\",\"publisher\":{\"@id\":\"https:\/\/www.selry.fi\/#organization\"},\"inLanguage\":\"sv-SE\"},{\"@type\":\"Organization\",\"@id\":\"https:\/\/www.selry.fi\/#organization\",\"name\":\"Suomen Elintarvikety\u00f6l\u00e4isten Liitto SEL\",\"url\":\"https:\/\/www.selry.fi\/\",\"logo\":{\"@type\":\"ImageObject\",\"inLanguage\":\"sv-SE\",\"@id\":\"https:\/\/www.selry.fi\/#\/schema\/logo\/image\/\",\"url\":\"https:\/\/www.selry.fi\/wp-content\/uploads\/2021\/05\/logo-sel.svg\",\"contentUrl\":\"https:\/\/www.selry.fi\/wp-content\/uploads\/2021\/05\/logo-sel.svg\",\"width\":453,\"height\":135,\"caption\":\"Suomen Elintarvikety\u00f6l\u00e4isten Liitto SEL\"},\"image\":{\"@id\":\"https:\/\/www.selry.fi\/#\/schema\/logo\/image\/\"},\"sameAs\":[\"https:\/\/www.facebook.com\/selry\",\"https:\/\/x.com\/selryfi\"]},{\"@type\":\"Person\",\"@id\":\"https:\/\/www.selry.fi\/#\/schema\/person\/efa23a82d897b720e4b24c9d56a89e6d\",\"name\":\"Liisa Suonsivu\",\"image\":{\"@type\":\"ImageObject\",\"inLanguage\":\"sv-SE\",\"@id\":\"https:\/\/secure.gravatar.com\/avatar\/db21b3a75c0e85060245eace8bfa53a2974b1745f694228722faad33d4d28f94?s=96&d=mm&r=g\",\"url\":\"https:\/\/secure.gravatar.com\/avatar\/db21b3a75c0e85060245eace8bfa53a2974b1745f694228722faad33d4d28f94?s=96&d=mm&r=g\",\"contentUrl\":\"https:\/\/secure.gravatar.com\/avatar\/db21b3a75c0e85060245eace8bfa53a2974b1745f694228722faad33d4d28f94?s=96&d=mm&r=g\",\"caption\":\"Liisa Suonsivu\"}}]}<\/script>\n<!-- \/ Yoast SEO plugin. -->","yoast_head_json":{"title":"\u00c4ven om arbetsgivarf\u00f6rbunden slutar ing\u00e5 avtal, s\u00e5 kommer fackf\u00f6rbunden inom FFC alltj\u00e4mt att f\u00f6rhandla om kollektivavtalen med medlemmarnas arbetsgivare","robots":{"index":"index","follow":"follow","max-snippet":"max-snippet:-1","max-image-preview":"max-image-preview:large","max-video-preview":"max-video-preview:-1"},"canonical":"https:\/\/www.selry.fi\/sv\/nyheter\/aven-om-arbetsgivarforbunden-slutar-inga-avtal-sa-kommer-fackforbunden-inom-ffc-alltjamt-att-forhandla-om-kollektivavtalen-med-medlemmarnas-arbetsgivare\/","og_locale":"sv_SE","og_type":"article","og_title":"\u00c4ven om arbetsgivarf\u00f6rbunden slutar ing\u00e5 avtal, s\u00e5 kommer fackf\u00f6rbunden inom FFC alltj\u00e4mt att f\u00f6rhandla om kollektivavtalen med medlemmarnas arbetsgivare","og_description":"Fackcentralen FFC:s styrelse bed\u00f6mer att Skogsindustrin inte tillr\u00e4ckligt noggrant har satt sig in i f\u00f6ljderna av de beslut som organisationen [\u2026] Lue lis\u00e4\u00e4 &raquo;","og_url":"https:\/\/www.selry.fi\/sv\/nyheter\/aven-om-arbetsgivarforbunden-slutar-inga-avtal-sa-kommer-fackforbunden-inom-ffc-alltjamt-att-forhandla-om-kollektivavtalen-med-medlemmarnas-arbetsgivare\/","og_site_name":"Suomen Elintarvikety\u00f6l\u00e4isten Liitto SEL","article_publisher":"https:\/\/www.facebook.com\/selry","article_published_time":"2020-10-05T17:25:00+00:00","article_modified_time":"2021-05-27T17:25:38+00:00","og_image":[{"width":1920,"height":1080,"url":"https:\/\/www.selry.fi\/wp-content\/uploads\/2021\/05\/sel-placeholder-image.jpg","type":"image\/jpeg"}],"author":"Liisa Suonsivu","twitter_card":"summary_large_image","twitter_creator":"@selryfi","twitter_site":"@selryfi","schema":{"@context":"https:\/\/schema.org","@graph":[{"@type":"Article","@id":"https:\/\/www.selry.fi\/sv\/nyheter\/aven-om-arbetsgivarforbunden-slutar-inga-avtal-sa-kommer-fackforbunden-inom-ffc-alltjamt-att-forhandla-om-kollektivavtalen-med-medlemmarnas-arbetsgivare\/#article","isPartOf":{"@id":"https:\/\/www.selry.fi\/sv\/nyheter\/aven-om-arbetsgivarforbunden-slutar-inga-avtal-sa-kommer-fackforbunden-inom-ffc-alltjamt-att-forhandla-om-kollektivavtalen-med-medlemmarnas-arbetsgivare\/"},"author":{"name":"Liisa Suonsivu","@id":"https:\/\/www.selry.fi\/#\/schema\/person\/efa23a82d897b720e4b24c9d56a89e6d"},"headline":"\u00c4ven om arbetsgivarf\u00f6rbunden slutar ing\u00e5 avtal, s\u00e5 kommer fackf\u00f6rbunden inom FFC alltj\u00e4mt att f\u00f6rhandla om kollektivavtalen med medlemmarnas arbetsgivare","datePublished":"2020-10-05T17:25:00+00:00","dateModified":"2021-05-27T17:25:38+00:00","mainEntityOfPage":{"@id":"https:\/\/www.selry.fi\/sv\/nyheter\/aven-om-arbetsgivarforbunden-slutar-inga-avtal-sa-kommer-fackforbunden-inom-ffc-alltjamt-att-forhandla-om-kollektivavtalen-med-medlemmarnas-arbetsgivare\/"},"wordCount":576,"publisher":{"@id":"https:\/\/www.selry.fi\/#organization"},"articleSection":["Nyheter"],"inLanguage":"sv-SE"},{"@type":"WebPage","@id":"https:\/\/www.selry.fi\/sv\/nyheter\/aven-om-arbetsgivarforbunden-slutar-inga-avtal-sa-kommer-fackforbunden-inom-ffc-alltjamt-att-forhandla-om-kollektivavtalen-med-medlemmarnas-arbetsgivare\/","url":"https:\/\/www.selry.fi\/sv\/nyheter\/aven-om-arbetsgivarforbunden-slutar-inga-avtal-sa-kommer-fackforbunden-inom-ffc-alltjamt-att-forhandla-om-kollektivavtalen-med-medlemmarnas-arbetsgivare\/","name":"\u00c4ven om arbetsgivarf\u00f6rbunden slutar ing\u00e5 avtal, s\u00e5 kommer fackf\u00f6rbunden inom FFC alltj\u00e4mt att f\u00f6rhandla om kollektivavtalen med medlemmarnas arbetsgivare","isPartOf":{"@id":"https:\/\/www.selry.fi\/#website"},"datePublished":"2020-10-05T17:25:00+00:00","dateModified":"2021-05-27T17:25:38+00:00","breadcrumb":{"@id":"https:\/\/www.selry.fi\/sv\/nyheter\/aven-om-arbetsgivarforbunden-slutar-inga-avtal-sa-kommer-fackforbunden-inom-ffc-alltjamt-att-forhandla-om-kollektivavtalen-med-medlemmarnas-arbetsgivare\/#breadcrumb"},"inLanguage":"sv-SE","potentialAction":[{"@type":"ReadAction","target":["https:\/\/www.selry.fi\/sv\/nyheter\/aven-om-arbetsgivarforbunden-slutar-inga-avtal-sa-kommer-fackforbunden-inom-ffc-alltjamt-att-forhandla-om-kollektivavtalen-med-medlemmarnas-arbetsgivare\/"]}]},{"@type":"BreadcrumbList","@id":"https:\/\/www.selry.fi\/sv\/nyheter\/aven-om-arbetsgivarforbunden-slutar-inga-avtal-sa-kommer-fackforbunden-inom-ffc-alltjamt-att-forhandla-om-kollektivavtalen-med-medlemmarnas-arbetsgivare\/#breadcrumb","itemListElement":[{"@type":"ListItem","position":1,"name":"Home","item":"https:\/\/www.selry.fi\/sv\/"},{"@type":"ListItem","position":2,"name":"\u00c4ven om arbetsgivarf\u00f6rbunden slutar ing\u00e5 avtal, s\u00e5 kommer fackf\u00f6rbunden inom FFC alltj\u00e4mt att f\u00f6rhandla om kollektivavtalen med medlemmarnas arbetsgivare"}]},{"@type":"WebSite","@id":"https:\/\/www.selry.fi\/#website","url":"https:\/\/www.selry.fi\/","name":"Suomen Elintarvikety\u00f6l\u00e4isten Liitto SEL","description":"","publisher":{"@id":"https:\/\/www.selry.fi\/#organization"},"inLanguage":"sv-SE"},{"@type":"Organization","@id":"https:\/\/www.selry.fi\/#organization","name":"Suomen Elintarvikety\u00f6l\u00e4isten Liitto SEL","url":"https:\/\/www.selry.fi\/","logo":{"@type":"ImageObject","inLanguage":"sv-SE","@id":"https:\/\/www.selry.fi\/#\/schema\/logo\/image\/","url":"https:\/\/www.selry.fi\/wp-content\/uploads\/2021\/05\/logo-sel.svg","contentUrl":"https:\/\/www.selry.fi\/wp-content\/uploads\/2021\/05\/logo-sel.svg","width":453,"height":135,"caption":"Suomen Elintarvikety\u00f6l\u00e4isten Liitto SEL"},"image":{"@id":"https:\/\/www.selry.fi\/#\/schema\/logo\/image\/"},"sameAs":["https:\/\/www.facebook.com\/selry","https:\/\/x.com\/selryfi"]},{"@type":"Person","@id":"https:\/\/www.selry.fi\/#\/schema\/person\/efa23a82d897b720e4b24c9d56a89e6d","name":"Liisa Suonsivu","image":{"@type":"ImageObject","inLanguage":"sv-SE","@id":"https:\/\/secure.gravatar.com\/avatar\/db21b3a75c0e85060245eace8bfa53a2974b1745f694228722faad33d4d28f94?s=96&d=mm&r=g","url":"https:\/\/secure.gravatar.com\/avatar\/db21b3a75c0e85060245eace8bfa53a2974b1745f694228722faad33d4d28f94?s=96&d=mm&r=g","contentUrl":"https:\/\/secure.gravatar.com\/avatar\/db21b3a75c0e85060245eace8bfa53a2974b1745f694228722faad33d4d28f94?s=96&d=mm&r=g","caption":"Liisa Suonsivu"}}]}},"_links":{"self":[{"href":"https:\/\/www.selry.fi\/sv\/wp-json\/wp\/v2\/posts\/2397","targetHints":{"allow":["GET"]}}],"collection":[{"href":"https:\/\/www.selry.fi\/sv\/wp-json\/wp\/v2\/posts"}],"about":[{"href":"https:\/\/www.selry.fi\/sv\/wp-json\/wp\/v2\/types\/post"}],"author":[{"embeddable":true,"href":"https:\/\/www.selry.fi\/sv\/wp-json\/wp\/v2\/users\/7"}],"replies":[{"embeddable":true,"href":"https:\/\/www.selry.fi\/sv\/wp-json\/wp\/v2\/comments?post=2397"}],"version-history":[{"count":0,"href":"https:\/\/www.selry.fi\/sv\/wp-json\/wp\/v2\/posts\/2397\/revisions"}],"wp:attachment":[{"href":"https:\/\/www.selry.fi\/sv\/wp-json\/wp\/v2\/media?parent=2397"}],"wp:term":[{"taxonomy":"category","embeddable":true,"href":"https:\/\/www.selry.fi\/sv\/wp-json\/wp\/v2\/categories?post=2397"},{"taxonomy":"post_tag","embeddable":true,"href":"https:\/\/www.selry.fi\/sv\/wp-json\/wp\/v2\/tags?post=2397"}],"curies":[{"name":"wp","href":"https:\/\/api.w.org\/{rel}","templated":true}]}}