{"id":2385,"date":"2020-04-27T20:22:00","date_gmt":"2020-04-27T17:22:00","guid":{"rendered":"https:\/\/www.selry.fi\/?p=2385"},"modified":"2021-05-27T20:23:13","modified_gmt":"2021-05-27T17:23:13","slug":"temporar-forman-for-personer-som-har-ledigt-utan-lon-pa-grund-av-coronaepidemin","status":"publish","type":"post","link":"https:\/\/www.selry.fi\/sv\/nyheter\/temporar-forman-for-personer-som-har-ledigt-utan-lon-pa-grund-av-coronaepidemin\/","title":{"rendered":"Tempor\u00e4r f\u00f6rm\u00e5n f\u00f6r personer som har ledigt utan l\u00f6n p\u00e5 grund av coronaepidemin"},"content":{"rendered":"\n<p>FPA b\u00f6rjar betala ut en ny f\u00f6rm\u00e5n med anledning av de undantagsf\u00f6rh\u00e5llanden som r\u00e5der p\u00e5 grund av coronaepidemin. Tempor\u00e4rt st\u00f6d vid epidemi kan beviljas f\u00f6r\u00e4ldrar som p\u00e5 grund av coronaepidemin sk\u00f6ter sina barn hemma och d\u00e4rf\u00f6r har varit tvungna att ta ledigt fr\u00e5n arbetet utan l\u00f6n. St\u00f6det kan d\u00e4rtill beviljas personer som anl\u00e4nt fr\u00e5n utlandet och h\u00e4nvisats till f\u00f6rh\u00e5llanden som motsvarar karant\u00e4n. Tempor\u00e4rt st\u00f6d vid epidemi kan nu s\u00f6kas hos FPA. St\u00f6det kan s\u00f6kas retroaktivt.<\/p>\n\n\n\n<p>St\u00f6det betalas s\u00e5 l\u00e4nge undantagsf\u00f6rh\u00e5llandena r\u00e5der. Finlands regering fattar beslut om n\u00e4r undantagsf\u00f6rh\u00e5llandena upph\u00f6r. N\u00e4r&nbsp;undantagsf\u00f6rh\u00e5llandena upph\u00f6r, avslutas ocks\u00e5 utbetalningen av st\u00f6det.<\/p>\n\n\n\n<p>Tempor\u00e4rt st\u00f6d vid epidemi kan beviljas ett barns f\u00f6r\u00e4lder eller v\u00e5rdnadshavare eller f\u00f6r\u00e4lderns eller v\u00e5rdnadshavarens partner som bor i samma hush\u00e5ll. Man kan f\u00e5 st\u00f6det om barnet deltar i sm\u00e5barnspedagogik eller f\u00f6rskoleundervisning, g\u00e5r i \u00e5rskurs 1\u20133 i den grundl\u00e4ggande utbildningen, omfattas av f\u00f6rberedande undervisning f\u00f6re den grundl\u00e4ggande utbildningen eller har ett beslut om behov av s\u00e4rskilt st\u00f6d eller f\u00f6rl\u00e4ngd l\u00e4roplikt.<\/p>\n\n\n\n<p>St\u00f6det betalas ocks\u00e5 till personer som har kommit fr\u00e5n utlandet till Finland och h\u00e4nvisats till f\u00f6rh\u00e5llanden som motsvarar karant\u00e4n.<\/p>\n\n\n\n<p>St\u00f6dbeloppet \u00e4r 28,94 euro per vardag eller 723,50 euro i m\u00e5naden. Den s\u00f6kandes inkomster eller antalet barn inverkar inte p\u00e5 st\u00f6dbeloppet. F\u00f6r v\u00e5rd av barn kan tempor\u00e4rt st\u00f6d vid epidemi betalas till bara en person \u00e5t g\u00e5ngen i samma hush\u00e5ll.<\/p>\n\n\n\n<p>Den som \u00e4r permitterad eller arbetsl\u00f6s kan inte f\u00e5 tempor\u00e4rt st\u00f6d vid epidemi. St\u00f6det kan inte heller betalas till den som har moderskaps-, faderskaps-, f\u00f6r\u00e4ldra- eller v\u00e5rdledighet.<\/p>\n\n\n\n<p>Tempor\u00e4rt st\u00f6d vid epidemi kan inte beviljas f\u00f6r samma tid som vissa andra f\u00f6rm\u00e5ner, s\u00e5som arbetsl\u00f6shetsf\u00f6rm\u00e5ner eller sjukdagpenning.<\/p>\n\n\n\n<p>En kund som tidigare har ans\u00f6kt om dagpenning vid smittsam sjukdom och f\u00e5tt avslag p\u00e5 sin ans\u00f6kan kan utreda sin r\u00e4tt till tempor\u00e4rt st\u00f6d vid epidemi. Villkoren f\u00f6r beviljande av tempor\u00e4rt st\u00f6d vid epidemi redovisas p\u00e5 webbplatsen&nbsp;<a href=\"http:\/\/www.fpa.fi\/temporart-stod-vid-epidemi\">fpa.fi<\/a>.<\/p>\n\n\n\n<p>Man kan nu ans\u00f6ka om tempor\u00e4rt st\u00f6d vid epidemi hos FPA. St\u00f6det kan s\u00f6kas retroaktivt f\u00f6r tre kalenderm\u00e5nader och det kan beviljas tidigast fr\u00e5n och med 16.3.2020.<\/p>\n","protected":false},"excerpt":{"rendered":"<p>FPA b\u00f6rjar betala ut en ny f\u00f6rm\u00e5n med anledning av de undantagsf\u00f6rh\u00e5llanden som r\u00e5der p\u00e5 grund av coronaepidemin. Tempor\u00e4rt st\u00f6d [\u2026] <a href=\"https:\/\/www.selry.fi\/sv\/nyheter\/temporar-forman-for-personer-som-har-ledigt-utan-lon-pa-grund-av-coronaepidemin\/\">Lue lis\u00e4\u00e4 &raquo;<\/a><\/p>\n","protected":false},"author":7,"featured_media":0,"comment_status":"closed","ping_status":"closed","sticky":false,"template":"","format":"standard","meta":{"_acf_changed":false,"footnotes":""},"categories":[26],"tags":[],"class_list":["post-2385","post","type-post","status-publish","format-standard","hentry","category-nyheter"],"acf":[],"yoast_head":"<!-- This site is optimized with the Yoast SEO plugin v27.2 - https:\/\/yoast.com\/product\/yoast-seo-wordpress\/ -->\n<title>Tempor\u00e4r f\u00f6rm\u00e5n f\u00f6r personer som har ledigt utan l\u00f6n p\u00e5 grund av coronaepidemin<\/title>\n<meta name=\"robots\" content=\"index, follow, max-snippet:-1, max-image-preview:large, max-video-preview:-1\" \/>\n<link rel=\"canonical\" href=\"https:\/\/www.selry.fi\/sv\/nyheter\/temporar-forman-for-personer-som-har-ledigt-utan-lon-pa-grund-av-coronaepidemin\/\" \/>\n<meta property=\"og:locale\" content=\"sv_SE\" \/>\n<meta property=\"og:type\" content=\"article\" \/>\n<meta property=\"og:title\" content=\"Tempor\u00e4r f\u00f6rm\u00e5n f\u00f6r personer som har ledigt utan l\u00f6n p\u00e5 grund av coronaepidemin\" \/>\n<meta property=\"og:description\" content=\"FPA b\u00f6rjar betala ut en ny f\u00f6rm\u00e5n med anledning av de undantagsf\u00f6rh\u00e5llanden som r\u00e5der p\u00e5 grund av coronaepidemin. Tempor\u00e4rt st\u00f6d [\u2026] Lue lis\u00e4\u00e4 &raquo;\" \/>\n<meta property=\"og:url\" content=\"https:\/\/www.selry.fi\/sv\/nyheter\/temporar-forman-for-personer-som-har-ledigt-utan-lon-pa-grund-av-coronaepidemin\/\" \/>\n<meta property=\"og:site_name\" content=\"Suomen Elintarvikety\u00f6l\u00e4isten Liitto SEL\" \/>\n<meta property=\"article:publisher\" content=\"https:\/\/www.facebook.com\/selry\" \/>\n<meta property=\"article:published_time\" content=\"2020-04-27T17:22:00+00:00\" \/>\n<meta property=\"article:modified_time\" content=\"2021-05-27T17:23:13+00:00\" \/>\n<meta property=\"og:image\" content=\"https:\/\/www.selry.fi\/wp-content\/uploads\/2021\/05\/sel-placeholder-image.jpg\" \/>\n\t<meta property=\"og:image:width\" content=\"1920\" \/>\n\t<meta property=\"og:image:height\" content=\"1080\" \/>\n\t<meta property=\"og:image:type\" content=\"image\/jpeg\" \/>\n<meta name=\"author\" content=\"Liisa Suonsivu\" \/>\n<meta name=\"twitter:card\" content=\"summary_large_image\" \/>\n<meta name=\"twitter:creator\" content=\"@selryfi\" \/>\n<meta name=\"twitter:site\" content=\"@selryfi\" \/>\n<script type=\"application\/ld+json\" class=\"yoast-schema-graph\">{\"@context\":\"https:\/\/schema.org\",\"@graph\":[{\"@type\":\"Article\",\"@id\":\"https:\/\/www.selry.fi\/sv\/nyheter\/temporar-forman-for-personer-som-har-ledigt-utan-lon-pa-grund-av-coronaepidemin\/#article\",\"isPartOf\":{\"@id\":\"https:\/\/www.selry.fi\/sv\/nyheter\/temporar-forman-for-personer-som-har-ledigt-utan-lon-pa-grund-av-coronaepidemin\/\"},\"author\":{\"name\":\"Liisa Suonsivu\",\"@id\":\"https:\/\/www.selry.fi\/#\/schema\/person\/efa23a82d897b720e4b24c9d56a89e6d\"},\"headline\":\"Tempor\u00e4r f\u00f6rm\u00e5n f\u00f6r personer som har ledigt utan l\u00f6n p\u00e5 grund av coronaepidemin\",\"datePublished\":\"2020-04-27T17:22:00+00:00\",\"dateModified\":\"2021-05-27T17:23:13+00:00\",\"mainEntityOfPage\":{\"@id\":\"https:\/\/www.selry.fi\/sv\/nyheter\/temporar-forman-for-personer-som-har-ledigt-utan-lon-pa-grund-av-coronaepidemin\/\"},\"wordCount\":456,\"publisher\":{\"@id\":\"https:\/\/www.selry.fi\/#organization\"},\"articleSection\":[\"Nyheter\"],\"inLanguage\":\"sv-SE\"},{\"@type\":\"WebPage\",\"@id\":\"https:\/\/www.selry.fi\/sv\/nyheter\/temporar-forman-for-personer-som-har-ledigt-utan-lon-pa-grund-av-coronaepidemin\/\",\"url\":\"https:\/\/www.selry.fi\/sv\/nyheter\/temporar-forman-for-personer-som-har-ledigt-utan-lon-pa-grund-av-coronaepidemin\/\",\"name\":\"Tempor\u00e4r f\u00f6rm\u00e5n f\u00f6r personer som har ledigt utan l\u00f6n p\u00e5 grund av coronaepidemin\",\"isPartOf\":{\"@id\":\"https:\/\/www.selry.fi\/#website\"},\"datePublished\":\"2020-04-27T17:22:00+00:00\",\"dateModified\":\"2021-05-27T17:23:13+00:00\",\"breadcrumb\":{\"@id\":\"https:\/\/www.selry.fi\/sv\/nyheter\/temporar-forman-for-personer-som-har-ledigt-utan-lon-pa-grund-av-coronaepidemin\/#breadcrumb\"},\"inLanguage\":\"sv-SE\",\"potentialAction\":[{\"@type\":\"ReadAction\",\"target\":[\"https:\/\/www.selry.fi\/sv\/nyheter\/temporar-forman-for-personer-som-har-ledigt-utan-lon-pa-grund-av-coronaepidemin\/\"]}]},{\"@type\":\"BreadcrumbList\",\"@id\":\"https:\/\/www.selry.fi\/sv\/nyheter\/temporar-forman-for-personer-som-har-ledigt-utan-lon-pa-grund-av-coronaepidemin\/#breadcrumb\",\"itemListElement\":[{\"@type\":\"ListItem\",\"position\":1,\"name\":\"Home\",\"item\":\"https:\/\/www.selry.fi\/sv\/\"},{\"@type\":\"ListItem\",\"position\":2,\"name\":\"Tempor\u00e4r f\u00f6rm\u00e5n f\u00f6r personer som har ledigt utan l\u00f6n p\u00e5 grund av coronaepidemin\"}]},{\"@type\":\"WebSite\",\"@id\":\"https:\/\/www.selry.fi\/#website\",\"url\":\"https:\/\/www.selry.fi\/\",\"name\":\"Suomen Elintarvikety\u00f6l\u00e4isten Liitto SEL\",\"description\":\"\",\"publisher\":{\"@id\":\"https:\/\/www.selry.fi\/#organization\"},\"inLanguage\":\"sv-SE\"},{\"@type\":\"Organization\",\"@id\":\"https:\/\/www.selry.fi\/#organization\",\"name\":\"Suomen Elintarvikety\u00f6l\u00e4isten Liitto SEL\",\"url\":\"https:\/\/www.selry.fi\/\",\"logo\":{\"@type\":\"ImageObject\",\"inLanguage\":\"sv-SE\",\"@id\":\"https:\/\/www.selry.fi\/#\/schema\/logo\/image\/\",\"url\":\"https:\/\/www.selry.fi\/wp-content\/uploads\/2021\/05\/logo-sel.svg\",\"contentUrl\":\"https:\/\/www.selry.fi\/wp-content\/uploads\/2021\/05\/logo-sel.svg\",\"width\":453,\"height\":135,\"caption\":\"Suomen Elintarvikety\u00f6l\u00e4isten Liitto SEL\"},\"image\":{\"@id\":\"https:\/\/www.selry.fi\/#\/schema\/logo\/image\/\"},\"sameAs\":[\"https:\/\/www.facebook.com\/selry\",\"https:\/\/x.com\/selryfi\"]},{\"@type\":\"Person\",\"@id\":\"https:\/\/www.selry.fi\/#\/schema\/person\/efa23a82d897b720e4b24c9d56a89e6d\",\"name\":\"Liisa Suonsivu\",\"image\":{\"@type\":\"ImageObject\",\"inLanguage\":\"sv-SE\",\"@id\":\"https:\/\/secure.gravatar.com\/avatar\/db21b3a75c0e85060245eace8bfa53a2974b1745f694228722faad33d4d28f94?s=96&d=mm&r=g\",\"url\":\"https:\/\/secure.gravatar.com\/avatar\/db21b3a75c0e85060245eace8bfa53a2974b1745f694228722faad33d4d28f94?s=96&d=mm&r=g\",\"contentUrl\":\"https:\/\/secure.gravatar.com\/avatar\/db21b3a75c0e85060245eace8bfa53a2974b1745f694228722faad33d4d28f94?s=96&d=mm&r=g\",\"caption\":\"Liisa Suonsivu\"}}]}<\/script>\n<!-- \/ Yoast SEO plugin. -->","yoast_head_json":{"title":"Tempor\u00e4r f\u00f6rm\u00e5n f\u00f6r personer som har ledigt utan l\u00f6n p\u00e5 grund av coronaepidemin","robots":{"index":"index","follow":"follow","max-snippet":"max-snippet:-1","max-image-preview":"max-image-preview:large","max-video-preview":"max-video-preview:-1"},"canonical":"https:\/\/www.selry.fi\/sv\/nyheter\/temporar-forman-for-personer-som-har-ledigt-utan-lon-pa-grund-av-coronaepidemin\/","og_locale":"sv_SE","og_type":"article","og_title":"Tempor\u00e4r f\u00f6rm\u00e5n f\u00f6r personer som har ledigt utan l\u00f6n p\u00e5 grund av coronaepidemin","og_description":"FPA b\u00f6rjar betala ut en ny f\u00f6rm\u00e5n med anledning av de undantagsf\u00f6rh\u00e5llanden som r\u00e5der p\u00e5 grund av coronaepidemin. Tempor\u00e4rt st\u00f6d [\u2026] Lue lis\u00e4\u00e4 &raquo;","og_url":"https:\/\/www.selry.fi\/sv\/nyheter\/temporar-forman-for-personer-som-har-ledigt-utan-lon-pa-grund-av-coronaepidemin\/","og_site_name":"Suomen Elintarvikety\u00f6l\u00e4isten Liitto SEL","article_publisher":"https:\/\/www.facebook.com\/selry","article_published_time":"2020-04-27T17:22:00+00:00","article_modified_time":"2021-05-27T17:23:13+00:00","og_image":[{"width":1920,"height":1080,"url":"https:\/\/www.selry.fi\/wp-content\/uploads\/2021\/05\/sel-placeholder-image.jpg","type":"image\/jpeg"}],"author":"Liisa Suonsivu","twitter_card":"summary_large_image","twitter_creator":"@selryfi","twitter_site":"@selryfi","schema":{"@context":"https:\/\/schema.org","@graph":[{"@type":"Article","@id":"https:\/\/www.selry.fi\/sv\/nyheter\/temporar-forman-for-personer-som-har-ledigt-utan-lon-pa-grund-av-coronaepidemin\/#article","isPartOf":{"@id":"https:\/\/www.selry.fi\/sv\/nyheter\/temporar-forman-for-personer-som-har-ledigt-utan-lon-pa-grund-av-coronaepidemin\/"},"author":{"name":"Liisa Suonsivu","@id":"https:\/\/www.selry.fi\/#\/schema\/person\/efa23a82d897b720e4b24c9d56a89e6d"},"headline":"Tempor\u00e4r f\u00f6rm\u00e5n f\u00f6r personer som har ledigt utan l\u00f6n p\u00e5 grund av coronaepidemin","datePublished":"2020-04-27T17:22:00+00:00","dateModified":"2021-05-27T17:23:13+00:00","mainEntityOfPage":{"@id":"https:\/\/www.selry.fi\/sv\/nyheter\/temporar-forman-for-personer-som-har-ledigt-utan-lon-pa-grund-av-coronaepidemin\/"},"wordCount":456,"publisher":{"@id":"https:\/\/www.selry.fi\/#organization"},"articleSection":["Nyheter"],"inLanguage":"sv-SE"},{"@type":"WebPage","@id":"https:\/\/www.selry.fi\/sv\/nyheter\/temporar-forman-for-personer-som-har-ledigt-utan-lon-pa-grund-av-coronaepidemin\/","url":"https:\/\/www.selry.fi\/sv\/nyheter\/temporar-forman-for-personer-som-har-ledigt-utan-lon-pa-grund-av-coronaepidemin\/","name":"Tempor\u00e4r f\u00f6rm\u00e5n f\u00f6r personer som har ledigt utan l\u00f6n p\u00e5 grund av coronaepidemin","isPartOf":{"@id":"https:\/\/www.selry.fi\/#website"},"datePublished":"2020-04-27T17:22:00+00:00","dateModified":"2021-05-27T17:23:13+00:00","breadcrumb":{"@id":"https:\/\/www.selry.fi\/sv\/nyheter\/temporar-forman-for-personer-som-har-ledigt-utan-lon-pa-grund-av-coronaepidemin\/#breadcrumb"},"inLanguage":"sv-SE","potentialAction":[{"@type":"ReadAction","target":["https:\/\/www.selry.fi\/sv\/nyheter\/temporar-forman-for-personer-som-har-ledigt-utan-lon-pa-grund-av-coronaepidemin\/"]}]},{"@type":"BreadcrumbList","@id":"https:\/\/www.selry.fi\/sv\/nyheter\/temporar-forman-for-personer-som-har-ledigt-utan-lon-pa-grund-av-coronaepidemin\/#breadcrumb","itemListElement":[{"@type":"ListItem","position":1,"name":"Home","item":"https:\/\/www.selry.fi\/sv\/"},{"@type":"ListItem","position":2,"name":"Tempor\u00e4r f\u00f6rm\u00e5n f\u00f6r personer som har ledigt utan l\u00f6n p\u00e5 grund av coronaepidemin"}]},{"@type":"WebSite","@id":"https:\/\/www.selry.fi\/#website","url":"https:\/\/www.selry.fi\/","name":"Suomen Elintarvikety\u00f6l\u00e4isten Liitto SEL","description":"","publisher":{"@id":"https:\/\/www.selry.fi\/#organization"},"inLanguage":"sv-SE"},{"@type":"Organization","@id":"https:\/\/www.selry.fi\/#organization","name":"Suomen Elintarvikety\u00f6l\u00e4isten Liitto SEL","url":"https:\/\/www.selry.fi\/","logo":{"@type":"ImageObject","inLanguage":"sv-SE","@id":"https:\/\/www.selry.fi\/#\/schema\/logo\/image\/","url":"https:\/\/www.selry.fi\/wp-content\/uploads\/2021\/05\/logo-sel.svg","contentUrl":"https:\/\/www.selry.fi\/wp-content\/uploads\/2021\/05\/logo-sel.svg","width":453,"height":135,"caption":"Suomen Elintarvikety\u00f6l\u00e4isten Liitto SEL"},"image":{"@id":"https:\/\/www.selry.fi\/#\/schema\/logo\/image\/"},"sameAs":["https:\/\/www.facebook.com\/selry","https:\/\/x.com\/selryfi"]},{"@type":"Person","@id":"https:\/\/www.selry.fi\/#\/schema\/person\/efa23a82d897b720e4b24c9d56a89e6d","name":"Liisa Suonsivu","image":{"@type":"ImageObject","inLanguage":"sv-SE","@id":"https:\/\/secure.gravatar.com\/avatar\/db21b3a75c0e85060245eace8bfa53a2974b1745f694228722faad33d4d28f94?s=96&d=mm&r=g","url":"https:\/\/secure.gravatar.com\/avatar\/db21b3a75c0e85060245eace8bfa53a2974b1745f694228722faad33d4d28f94?s=96&d=mm&r=g","contentUrl":"https:\/\/secure.gravatar.com\/avatar\/db21b3a75c0e85060245eace8bfa53a2974b1745f694228722faad33d4d28f94?s=96&d=mm&r=g","caption":"Liisa Suonsivu"}}]}},"_links":{"self":[{"href":"https:\/\/www.selry.fi\/sv\/wp-json\/wp\/v2\/posts\/2385","targetHints":{"allow":["GET"]}}],"collection":[{"href":"https:\/\/www.selry.fi\/sv\/wp-json\/wp\/v2\/posts"}],"about":[{"href":"https:\/\/www.selry.fi\/sv\/wp-json\/wp\/v2\/types\/post"}],"author":[{"embeddable":true,"href":"https:\/\/www.selry.fi\/sv\/wp-json\/wp\/v2\/users\/7"}],"replies":[{"embeddable":true,"href":"https:\/\/www.selry.fi\/sv\/wp-json\/wp\/v2\/comments?post=2385"}],"version-history":[{"count":0,"href":"https:\/\/www.selry.fi\/sv\/wp-json\/wp\/v2\/posts\/2385\/revisions"}],"wp:attachment":[{"href":"https:\/\/www.selry.fi\/sv\/wp-json\/wp\/v2\/media?parent=2385"}],"wp:term":[{"taxonomy":"category","embeddable":true,"href":"https:\/\/www.selry.fi\/sv\/wp-json\/wp\/v2\/categories?post=2385"},{"taxonomy":"post_tag","embeddable":true,"href":"https:\/\/www.selry.fi\/sv\/wp-json\/wp\/v2\/tags?post=2385"}],"curies":[{"name":"wp","href":"https:\/\/api.w.org\/{rel}","templated":true}]}}