{"id":2381,"date":"2020-04-09T20:22:00","date_gmt":"2020-04-09T17:22:00","guid":{"rendered":"https:\/\/www.selry.fi\/?p=2381"},"modified":"2021-05-27T20:22:44","modified_gmt":"2021-05-27T17:22:44","slug":"arbetsloshetsskyddet-forbattrades-temporart-gor-sa-har-om-du-blir-permitterad","status":"publish","type":"post","link":"https:\/\/www.selry.fi\/sv\/nyheter\/arbetsloshetsskyddet-forbattrades-temporart-gor-sa-har-om-du-blir-permitterad\/","title":{"rendered":"Arbetsl\u00f6shetsskyddet f\u00f6rb\u00e4ttrades tempor\u00e4rt &#8211; G\u00f6r s\u00e5 h\u00e4r om du blir permitterad"},"content":{"rendered":"\n<p><strong>De tempor\u00e4ra f\u00f6rb\u00e4ttringarna \u00e4r i kraft 16.3\u20136.7.2020:<\/strong><\/p>\n\n\n\n<ul class=\"wp-block-list\"><li>Den fem dagar l\u00e5nga sj\u00e4lvrisktiden i arbetsl\u00f6shetsskyddet slopas helt, och arbetsl\u00f6shetsers\u00e4ttning erh\u00e5lls genast fr\u00e5n och med den f\u00f6rsta dagen som permitterad eller arbetsl\u00f6s. F\u00f6r\u00e4ndringen g\u00e4ller dem vars sj\u00e4lvrisktid skulle inledas under tiden 16.3\u20136.7.2020. Arbetsl\u00f6shetskassan korrigerar redan fattade beslut automatisk och betalar ut inkomstrelaterad dagpenning ocks\u00e5 f\u00f6r den fem dagar l\u00e5nga sj\u00e4lvrisktiden till medlemmarna.<br>&nbsp;<\/li><li>L\u00f6ntagarnas arbetsvillkor f\u00f6rkortas med h\u00e4lften till 13 kalenderveckor. Att arbetsvillkoren uppfylls \u00e4r en f\u00f6ruts\u00e4ttning f\u00f6r att erh\u00e5lla arbetsl\u00f6shetsdagpenning. Arbetsvillkoret f\u00f6r en icke-\u00e4gande familjemedlem till en f\u00f6retagare f\u00f6rkortas ocks\u00e5 med h\u00e4lften till 26 kalenderveckor. F\u00f6r\u00e4ndringen g\u00e4ller dem vars arbetsvillkor inte annars skulle uppfyllas, f\u00f6r vilka arbetsveckan efter 1.3.2020 r\u00e4knas till arbetsvillkoret och vars f\u00f6rsta betalningsdag f\u00f6r dagpenningen \u00e4r senast 5.7.2020.<br>&nbsp;<\/li><li>Den arbetsl\u00f6shetsers\u00e4ttning som betalas p\u00e5 grundval av permittering minskar inte maximitiden f\u00f6r utbetalning p\u00e5 300-500 dagar. F\u00f6r\u00e4ndringen f\u00f6rb\u00e4ttrar skyddet, om arbetsl\u00f6sheten blir l\u00e5ngvarig. F\u00f6r\u00e4ndringen g\u00e4ller permitteringar som har inletts 16.3.2020 eller efter det. Permitteringsdagarna minskar p\u00e5 detta s\u00e4tt inte maximibetalningstiden f\u00f6r tiden 16.3\u201330.6.2020.<\/li><\/ul>\n\n\n\n<p><strong>Dessa tempor\u00e4ra f\u00f6rb\u00e4ttringar i arbetsl\u00f6shetsskyddet g\u00e4ller mellan 16.3\u201331.7.2020:<\/strong><\/p>\n\n\n\n<ul class=\"wp-block-list\"><li>Den permitterades f\u00f6retagsverksamhet och studier unders\u00f6ks inte av TE-centralerna.<br>&nbsp;<\/li><li>Den permitterade har ingen skyldighet att g\u00f6ra upp en syssels\u00e4ttningsplan eller delta i TE-byr\u00e5ns service, men den permitterade ska sj\u00e4lv elektroniskt anm\u00e4la sig som arbetsl\u00f6s arbetss\u00f6kande till TE-byr\u00e5n senast den f\u00f6rsta permitteringsdagen samt ta emot arbete som erbjuds av arbetsgivaren.<br>&nbsp;<\/li><\/ul>\n\n\n\n<p><br><strong>G\u00f6r s\u00e5 h\u00e4r om du blir permitterad<\/strong><\/p>\n\n\n\n<p>Kom ih\u00e5g att anm\u00e4la dig som arbetss\u00f6kande till TE-byr\u00e5n senast p\u00e5 den f\u00f6rsta permitteringsdagen genom TE-byr\u00e5ns n\u00e4ttj\u00e4nst via E-tj\u00e4nster p\u00e5 adressen&nbsp;<a href=\"http:\/\/www.te-tjanster.fi\/te\/sv\" target=\"_blank\" rel=\"noreferrer noopener\">www.te-tjanster.fi\/te\/sv<\/a>.<\/p>\n\n\n\n<p>F\u00f6lj TE-byr\u00e5ns instruktioner, annars riskerar du att din r\u00e4tt att f\u00e5 arbetsl\u00f6shetsdagpenning upph\u00f6r. Utl\u00e5tandet som TE-byr\u00e5n skriver, binder a-kassan och kassan kan inte utbetala arbetsl\u00f6shetsdagpenning ifall din jobbs\u00f6kning inte \u00e4r i kraft.<\/p>\n\n\n\n<p>Fyll i din f\u00f6rsta ans\u00f6kan f\u00f6r en period p\u00e5 minst tv\u00e5 kalenderveckor. S\u00f6ndag \u00e4r obligatorisk den sista dagen f\u00f6r ans\u00f6kan. S\u00e4nd a-kassan, via eTj\u00e4nsten (eAsiointi) p\u00e5 adressen&nbsp;<a href=\"http:\/\/www.elintarvikekassa.fi\/\" target=\"_blank\" rel=\"noreferrer noopener\">www.elintarvikekassa.fi<\/a>, din ans\u00f6kan samt f\u00f6ljande bilagor:<\/p>\n\n\n\n<ul class=\"wp-block-list\"><li>Permitteringsvarsel<br>&nbsp;<\/li><li>Ett l\u00f6neintyg utskrivet av l\u00f6ner\u00e4knaren f\u00f6r de f\u00f6reg\u00e5ende 26 kalenderveckorna innan permitteringen som uppfyller syssels\u00e4ttningsvillkoret<br>&nbsp;<\/li><li>Ifall du har f\u00f6retagsverksamhet som bisyssla eller \u00f6var jord- eller skogsbruk, skall du s\u00e4nda a-kassan en kopia av ditt senaste beskattningsbeslut med specifikationsdel<br>&nbsp;<\/li><li>Ifall du f\u00e5r pension eller annan socialf\u00f6rm\u00e5n s\u00e4nd a-kassan beslutet d\u00e4r det framg\u00e5r beloppet av f\u00f6rm\u00e5nen f\u00f6r \u00e5r 2020<\/li><\/ul>\n\n\n\n<p>Anm\u00e4l i din ans\u00f6kan om din arbetsgivare under permitteringen betalar dig semesterl\u00f6n, pekkaslediga, l\u00f6n eller ers\u00e4ttning f\u00f6r s\u00f6ckenhelgsdagar och s\u00e4nd till kassan kopia av l\u00f6nespecificationen varav l\u00f6nen framg\u00e5r.<\/p>\n\n\n\n<p><em>Om du har n\u00e5gonting att fr\u00e5ga, ringa nummret 09 4246 1200. Du kan ocks\u00e5 s\u00e4nda dina fr\u00e5gor genom a-kassans eTj\u00e4nsten.<\/em><\/p>\n","protected":false},"excerpt":{"rendered":"<p>De tempor\u00e4ra f\u00f6rb\u00e4ttringarna \u00e4r i kraft 16.3\u20136.7.2020: Den fem dagar l\u00e5nga sj\u00e4lvrisktiden i arbetsl\u00f6shetsskyddet slopas helt, och arbetsl\u00f6shetsers\u00e4ttning erh\u00e5lls genast [\u2026] <a href=\"https:\/\/www.selry.fi\/sv\/nyheter\/arbetsloshetsskyddet-forbattrades-temporart-gor-sa-har-om-du-blir-permitterad\/\">Lue lis\u00e4\u00e4 &raquo;<\/a><\/p>\n","protected":false},"author":7,"featured_media":0,"comment_status":"closed","ping_status":"closed","sticky":false,"template":"","format":"standard","meta":{"_acf_changed":false,"footnotes":""},"categories":[26],"tags":[],"class_list":["post-2381","post","type-post","status-publish","format-standard","hentry","category-nyheter"],"acf":[],"yoast_head":"<!-- This site is optimized with the Yoast SEO plugin v27.2 - https:\/\/yoast.com\/product\/yoast-seo-wordpress\/ -->\n<title>Arbetsl\u00f6shetsskyddet f\u00f6rb\u00e4ttrades tempor\u00e4rt - G\u00f6r s\u00e5 h\u00e4r om du blir permitterad<\/title>\n<meta name=\"robots\" content=\"index, follow, max-snippet:-1, max-image-preview:large, max-video-preview:-1\" \/>\n<link rel=\"canonical\" href=\"https:\/\/www.selry.fi\/sv\/nyheter\/arbetsloshetsskyddet-forbattrades-temporart-gor-sa-har-om-du-blir-permitterad\/\" \/>\n<meta property=\"og:locale\" content=\"sv_SE\" \/>\n<meta property=\"og:type\" content=\"article\" \/>\n<meta property=\"og:title\" content=\"Arbetsl\u00f6shetsskyddet f\u00f6rb\u00e4ttrades tempor\u00e4rt - G\u00f6r s\u00e5 h\u00e4r om du blir permitterad\" \/>\n<meta property=\"og:description\" content=\"De tempor\u00e4ra f\u00f6rb\u00e4ttringarna \u00e4r i kraft 16.3\u20136.7.2020: Den fem dagar l\u00e5nga sj\u00e4lvrisktiden i arbetsl\u00f6shetsskyddet slopas helt, och arbetsl\u00f6shetsers\u00e4ttning erh\u00e5lls genast [\u2026] Lue lis\u00e4\u00e4 &raquo;\" \/>\n<meta property=\"og:url\" content=\"https:\/\/www.selry.fi\/sv\/nyheter\/arbetsloshetsskyddet-forbattrades-temporart-gor-sa-har-om-du-blir-permitterad\/\" \/>\n<meta property=\"og:site_name\" content=\"Suomen Elintarvikety\u00f6l\u00e4isten Liitto SEL\" \/>\n<meta property=\"article:publisher\" content=\"https:\/\/www.facebook.com\/selry\" \/>\n<meta property=\"article:published_time\" content=\"2020-04-09T17:22:00+00:00\" \/>\n<meta property=\"article:modified_time\" content=\"2021-05-27T17:22:44+00:00\" \/>\n<meta property=\"og:image\" content=\"https:\/\/www.selry.fi\/wp-content\/uploads\/2021\/05\/sel-placeholder-image.jpg\" \/>\n\t<meta property=\"og:image:width\" content=\"1920\" \/>\n\t<meta property=\"og:image:height\" content=\"1080\" \/>\n\t<meta property=\"og:image:type\" content=\"image\/jpeg\" \/>\n<meta name=\"author\" content=\"Liisa Suonsivu\" \/>\n<meta name=\"twitter:card\" content=\"summary_large_image\" \/>\n<meta name=\"twitter:creator\" content=\"@selryfi\" \/>\n<meta name=\"twitter:site\" content=\"@selryfi\" \/>\n<script type=\"application\/ld+json\" class=\"yoast-schema-graph\">{\"@context\":\"https:\/\/schema.org\",\"@graph\":[{\"@type\":\"Article\",\"@id\":\"https:\/\/www.selry.fi\/sv\/nyheter\/arbetsloshetsskyddet-forbattrades-temporart-gor-sa-har-om-du-blir-permitterad\/#article\",\"isPartOf\":{\"@id\":\"https:\/\/www.selry.fi\/sv\/nyheter\/arbetsloshetsskyddet-forbattrades-temporart-gor-sa-har-om-du-blir-permitterad\/\"},\"author\":{\"name\":\"Liisa Suonsivu\",\"@id\":\"https:\/\/www.selry.fi\/#\/schema\/person\/efa23a82d897b720e4b24c9d56a89e6d\"},\"headline\":\"Arbetsl\u00f6shetsskyddet f\u00f6rb\u00e4ttrades tempor\u00e4rt &#8211; G\u00f6r s\u00e5 h\u00e4r om du blir permitterad\",\"datePublished\":\"2020-04-09T17:22:00+00:00\",\"dateModified\":\"2021-05-27T17:22:44+00:00\",\"mainEntityOfPage\":{\"@id\":\"https:\/\/www.selry.fi\/sv\/nyheter\/arbetsloshetsskyddet-forbattrades-temporart-gor-sa-har-om-du-blir-permitterad\/\"},\"wordCount\":571,\"publisher\":{\"@id\":\"https:\/\/www.selry.fi\/#organization\"},\"articleSection\":[\"Nyheter\"],\"inLanguage\":\"sv-SE\"},{\"@type\":\"WebPage\",\"@id\":\"https:\/\/www.selry.fi\/sv\/nyheter\/arbetsloshetsskyddet-forbattrades-temporart-gor-sa-har-om-du-blir-permitterad\/\",\"url\":\"https:\/\/www.selry.fi\/sv\/nyheter\/arbetsloshetsskyddet-forbattrades-temporart-gor-sa-har-om-du-blir-permitterad\/\",\"name\":\"Arbetsl\u00f6shetsskyddet f\u00f6rb\u00e4ttrades tempor\u00e4rt - G\u00f6r s\u00e5 h\u00e4r om du blir permitterad\",\"isPartOf\":{\"@id\":\"https:\/\/www.selry.fi\/#website\"},\"datePublished\":\"2020-04-09T17:22:00+00:00\",\"dateModified\":\"2021-05-27T17:22:44+00:00\",\"breadcrumb\":{\"@id\":\"https:\/\/www.selry.fi\/sv\/nyheter\/arbetsloshetsskyddet-forbattrades-temporart-gor-sa-har-om-du-blir-permitterad\/#breadcrumb\"},\"inLanguage\":\"sv-SE\",\"potentialAction\":[{\"@type\":\"ReadAction\",\"target\":[\"https:\/\/www.selry.fi\/sv\/nyheter\/arbetsloshetsskyddet-forbattrades-temporart-gor-sa-har-om-du-blir-permitterad\/\"]}]},{\"@type\":\"BreadcrumbList\",\"@id\":\"https:\/\/www.selry.fi\/sv\/nyheter\/arbetsloshetsskyddet-forbattrades-temporart-gor-sa-har-om-du-blir-permitterad\/#breadcrumb\",\"itemListElement\":[{\"@type\":\"ListItem\",\"position\":1,\"name\":\"Home\",\"item\":\"https:\/\/www.selry.fi\/sv\/\"},{\"@type\":\"ListItem\",\"position\":2,\"name\":\"Arbetsl\u00f6shetsskyddet f\u00f6rb\u00e4ttrades tempor\u00e4rt &#8211; G\u00f6r s\u00e5 h\u00e4r om du blir permitterad\"}]},{\"@type\":\"WebSite\",\"@id\":\"https:\/\/www.selry.fi\/#website\",\"url\":\"https:\/\/www.selry.fi\/\",\"name\":\"Suomen Elintarvikety\u00f6l\u00e4isten Liitto SEL\",\"description\":\"\",\"publisher\":{\"@id\":\"https:\/\/www.selry.fi\/#organization\"},\"inLanguage\":\"sv-SE\"},{\"@type\":\"Organization\",\"@id\":\"https:\/\/www.selry.fi\/#organization\",\"name\":\"Suomen Elintarvikety\u00f6l\u00e4isten Liitto SEL\",\"url\":\"https:\/\/www.selry.fi\/\",\"logo\":{\"@type\":\"ImageObject\",\"inLanguage\":\"sv-SE\",\"@id\":\"https:\/\/www.selry.fi\/#\/schema\/logo\/image\/\",\"url\":\"https:\/\/www.selry.fi\/wp-content\/uploads\/2021\/05\/logo-sel.svg\",\"contentUrl\":\"https:\/\/www.selry.fi\/wp-content\/uploads\/2021\/05\/logo-sel.svg\",\"width\":453,\"height\":135,\"caption\":\"Suomen Elintarvikety\u00f6l\u00e4isten Liitto SEL\"},\"image\":{\"@id\":\"https:\/\/www.selry.fi\/#\/schema\/logo\/image\/\"},\"sameAs\":[\"https:\/\/www.facebook.com\/selry\",\"https:\/\/x.com\/selryfi\"]},{\"@type\":\"Person\",\"@id\":\"https:\/\/www.selry.fi\/#\/schema\/person\/efa23a82d897b720e4b24c9d56a89e6d\",\"name\":\"Liisa Suonsivu\",\"image\":{\"@type\":\"ImageObject\",\"inLanguage\":\"sv-SE\",\"@id\":\"https:\/\/secure.gravatar.com\/avatar\/db21b3a75c0e85060245eace8bfa53a2974b1745f694228722faad33d4d28f94?s=96&d=mm&r=g\",\"url\":\"https:\/\/secure.gravatar.com\/avatar\/db21b3a75c0e85060245eace8bfa53a2974b1745f694228722faad33d4d28f94?s=96&d=mm&r=g\",\"contentUrl\":\"https:\/\/secure.gravatar.com\/avatar\/db21b3a75c0e85060245eace8bfa53a2974b1745f694228722faad33d4d28f94?s=96&d=mm&r=g\",\"caption\":\"Liisa Suonsivu\"}}]}<\/script>\n<!-- \/ Yoast SEO plugin. -->","yoast_head_json":{"title":"Arbetsl\u00f6shetsskyddet f\u00f6rb\u00e4ttrades tempor\u00e4rt - G\u00f6r s\u00e5 h\u00e4r om du blir permitterad","robots":{"index":"index","follow":"follow","max-snippet":"max-snippet:-1","max-image-preview":"max-image-preview:large","max-video-preview":"max-video-preview:-1"},"canonical":"https:\/\/www.selry.fi\/sv\/nyheter\/arbetsloshetsskyddet-forbattrades-temporart-gor-sa-har-om-du-blir-permitterad\/","og_locale":"sv_SE","og_type":"article","og_title":"Arbetsl\u00f6shetsskyddet f\u00f6rb\u00e4ttrades tempor\u00e4rt - G\u00f6r s\u00e5 h\u00e4r om du blir permitterad","og_description":"De tempor\u00e4ra f\u00f6rb\u00e4ttringarna \u00e4r i kraft 16.3\u20136.7.2020: Den fem dagar l\u00e5nga sj\u00e4lvrisktiden i arbetsl\u00f6shetsskyddet slopas helt, och arbetsl\u00f6shetsers\u00e4ttning erh\u00e5lls genast [\u2026] Lue lis\u00e4\u00e4 &raquo;","og_url":"https:\/\/www.selry.fi\/sv\/nyheter\/arbetsloshetsskyddet-forbattrades-temporart-gor-sa-har-om-du-blir-permitterad\/","og_site_name":"Suomen Elintarvikety\u00f6l\u00e4isten Liitto SEL","article_publisher":"https:\/\/www.facebook.com\/selry","article_published_time":"2020-04-09T17:22:00+00:00","article_modified_time":"2021-05-27T17:22:44+00:00","og_image":[{"width":1920,"height":1080,"url":"https:\/\/www.selry.fi\/wp-content\/uploads\/2021\/05\/sel-placeholder-image.jpg","type":"image\/jpeg"}],"author":"Liisa Suonsivu","twitter_card":"summary_large_image","twitter_creator":"@selryfi","twitter_site":"@selryfi","schema":{"@context":"https:\/\/schema.org","@graph":[{"@type":"Article","@id":"https:\/\/www.selry.fi\/sv\/nyheter\/arbetsloshetsskyddet-forbattrades-temporart-gor-sa-har-om-du-blir-permitterad\/#article","isPartOf":{"@id":"https:\/\/www.selry.fi\/sv\/nyheter\/arbetsloshetsskyddet-forbattrades-temporart-gor-sa-har-om-du-blir-permitterad\/"},"author":{"name":"Liisa Suonsivu","@id":"https:\/\/www.selry.fi\/#\/schema\/person\/efa23a82d897b720e4b24c9d56a89e6d"},"headline":"Arbetsl\u00f6shetsskyddet f\u00f6rb\u00e4ttrades tempor\u00e4rt &#8211; G\u00f6r s\u00e5 h\u00e4r om du blir permitterad","datePublished":"2020-04-09T17:22:00+00:00","dateModified":"2021-05-27T17:22:44+00:00","mainEntityOfPage":{"@id":"https:\/\/www.selry.fi\/sv\/nyheter\/arbetsloshetsskyddet-forbattrades-temporart-gor-sa-har-om-du-blir-permitterad\/"},"wordCount":571,"publisher":{"@id":"https:\/\/www.selry.fi\/#organization"},"articleSection":["Nyheter"],"inLanguage":"sv-SE"},{"@type":"WebPage","@id":"https:\/\/www.selry.fi\/sv\/nyheter\/arbetsloshetsskyddet-forbattrades-temporart-gor-sa-har-om-du-blir-permitterad\/","url":"https:\/\/www.selry.fi\/sv\/nyheter\/arbetsloshetsskyddet-forbattrades-temporart-gor-sa-har-om-du-blir-permitterad\/","name":"Arbetsl\u00f6shetsskyddet f\u00f6rb\u00e4ttrades tempor\u00e4rt - G\u00f6r s\u00e5 h\u00e4r om du blir permitterad","isPartOf":{"@id":"https:\/\/www.selry.fi\/#website"},"datePublished":"2020-04-09T17:22:00+00:00","dateModified":"2021-05-27T17:22:44+00:00","breadcrumb":{"@id":"https:\/\/www.selry.fi\/sv\/nyheter\/arbetsloshetsskyddet-forbattrades-temporart-gor-sa-har-om-du-blir-permitterad\/#breadcrumb"},"inLanguage":"sv-SE","potentialAction":[{"@type":"ReadAction","target":["https:\/\/www.selry.fi\/sv\/nyheter\/arbetsloshetsskyddet-forbattrades-temporart-gor-sa-har-om-du-blir-permitterad\/"]}]},{"@type":"BreadcrumbList","@id":"https:\/\/www.selry.fi\/sv\/nyheter\/arbetsloshetsskyddet-forbattrades-temporart-gor-sa-har-om-du-blir-permitterad\/#breadcrumb","itemListElement":[{"@type":"ListItem","position":1,"name":"Home","item":"https:\/\/www.selry.fi\/sv\/"},{"@type":"ListItem","position":2,"name":"Arbetsl\u00f6shetsskyddet f\u00f6rb\u00e4ttrades tempor\u00e4rt &#8211; G\u00f6r s\u00e5 h\u00e4r om du blir permitterad"}]},{"@type":"WebSite","@id":"https:\/\/www.selry.fi\/#website","url":"https:\/\/www.selry.fi\/","name":"Suomen Elintarvikety\u00f6l\u00e4isten Liitto SEL","description":"","publisher":{"@id":"https:\/\/www.selry.fi\/#organization"},"inLanguage":"sv-SE"},{"@type":"Organization","@id":"https:\/\/www.selry.fi\/#organization","name":"Suomen Elintarvikety\u00f6l\u00e4isten Liitto SEL","url":"https:\/\/www.selry.fi\/","logo":{"@type":"ImageObject","inLanguage":"sv-SE","@id":"https:\/\/www.selry.fi\/#\/schema\/logo\/image\/","url":"https:\/\/www.selry.fi\/wp-content\/uploads\/2021\/05\/logo-sel.svg","contentUrl":"https:\/\/www.selry.fi\/wp-content\/uploads\/2021\/05\/logo-sel.svg","width":453,"height":135,"caption":"Suomen Elintarvikety\u00f6l\u00e4isten Liitto SEL"},"image":{"@id":"https:\/\/www.selry.fi\/#\/schema\/logo\/image\/"},"sameAs":["https:\/\/www.facebook.com\/selry","https:\/\/x.com\/selryfi"]},{"@type":"Person","@id":"https:\/\/www.selry.fi\/#\/schema\/person\/efa23a82d897b720e4b24c9d56a89e6d","name":"Liisa Suonsivu","image":{"@type":"ImageObject","inLanguage":"sv-SE","@id":"https:\/\/secure.gravatar.com\/avatar\/db21b3a75c0e85060245eace8bfa53a2974b1745f694228722faad33d4d28f94?s=96&d=mm&r=g","url":"https:\/\/secure.gravatar.com\/avatar\/db21b3a75c0e85060245eace8bfa53a2974b1745f694228722faad33d4d28f94?s=96&d=mm&r=g","contentUrl":"https:\/\/secure.gravatar.com\/avatar\/db21b3a75c0e85060245eace8bfa53a2974b1745f694228722faad33d4d28f94?s=96&d=mm&r=g","caption":"Liisa Suonsivu"}}]}},"_links":{"self":[{"href":"https:\/\/www.selry.fi\/sv\/wp-json\/wp\/v2\/posts\/2381","targetHints":{"allow":["GET"]}}],"collection":[{"href":"https:\/\/www.selry.fi\/sv\/wp-json\/wp\/v2\/posts"}],"about":[{"href":"https:\/\/www.selry.fi\/sv\/wp-json\/wp\/v2\/types\/post"}],"author":[{"embeddable":true,"href":"https:\/\/www.selry.fi\/sv\/wp-json\/wp\/v2\/users\/7"}],"replies":[{"embeddable":true,"href":"https:\/\/www.selry.fi\/sv\/wp-json\/wp\/v2\/comments?post=2381"}],"version-history":[{"count":0,"href":"https:\/\/www.selry.fi\/sv\/wp-json\/wp\/v2\/posts\/2381\/revisions"}],"wp:attachment":[{"href":"https:\/\/www.selry.fi\/sv\/wp-json\/wp\/v2\/media?parent=2381"}],"wp:term":[{"taxonomy":"category","embeddable":true,"href":"https:\/\/www.selry.fi\/sv\/wp-json\/wp\/v2\/categories?post=2381"},{"taxonomy":"post_tag","embeddable":true,"href":"https:\/\/www.selry.fi\/sv\/wp-json\/wp\/v2\/tags?post=2381"}],"curies":[{"name":"wp","href":"https:\/\/api.w.org\/{rel}","templated":true}]}}