{"id":2374,"date":"2020-03-16T20:20:00","date_gmt":"2020-03-16T18:20:00","guid":{"rendered":"https:\/\/www.selry.fi\/?p=2374"},"modified":"2021-05-27T20:21:18","modified_gmt":"2021-05-27T17:21:18","slug":"sels-distriktskontor-stangs-och-evenemang-och-utlandsresor-inhiberas-fram-till-31-5-2020","status":"publish","type":"post","link":"https:\/\/www.selry.fi\/sv\/nyheter\/sels-distriktskontor-stangs-och-evenemang-och-utlandsresor-inhiberas-fram-till-31-5-2020\/","title":{"rendered":"SEL:s distriktskontor st\u00e4ngs och evenemang och utlandsresor inhiberas fram till 31.5.2020"},"content":{"rendered":"\n<p>Finlands Livsmedelsarbetaref\u00f6rbund SEL har beslutat om s\u00e4kerhets\u00e5tg\u00e4rder f\u00f6r att hindra spridningen av coronaviruset:<\/p>\n\n\n\n<p>SEL:s evenemang under tiden 16.3.-31.5.2020 inhiberas.<\/p>\n\n\n\n<p>SEL:s kurser p\u00e5 Murikka-institutet och Kiljava-institutet \u00e4r inhiberade \u00e5tminstone fram till 30.4.2020.<\/p>\n\n\n\n<p>SEL:s fackavdelningar och distriktsorganisationer \u00e4r sj\u00e4lvst\u00e4ndiga f\u00f6reningar, som sj\u00e4lva fattar beslut om &nbsp;&nbsp;inhibering av sina m\u00f6ten och evenemang, men SEL rekommenderar att det inte skulle ordnas andra evenemang \u00e4n alldeles n\u00f6dv\u00e4ndiga m\u00f6ten fram till 31.5.2020.<\/p>\n\n\n\n<p>Den finl\u00e4ndska regeringens rekommendation \u00e4r att alla publikevenemang f\u00f6r mer \u00e4n 500 personer inhiberas fram till 31.5.2020. Dessutom rekommenderas att arrang\u00f6rerna \u00e4ven av andra sammankomster utg\u00e5ende fr\u00e5n riskbed\u00f6mningarna ska \u00f6verv\u00e4ga ordnandet av motsvarande evenemang. &nbsp;<\/p>\n\n\n\n<p>SEL:s distriktskontor st\u00e4ngs f\u00f6r andra \u00e4n f\u00f6rbundets personal fr\u00e5n och med m\u00e5ndagen 16.3.2020 tills vidare. Distriktskontoren st\u00e4ngs som en s\u00e4kerhets\u00e5tg\u00e4rd f\u00f6r att trygga r\u00e5dgivningen om arbetsl\u00f6shetsskydd. Medlemsservice ges tillsvidare inte ansikte mot ansikte p\u00e5 distriktskontoret eller centralbyr\u00e5n, men medlemmarna betj\u00e4nas normalt per telefon och e-post. I distriktskontorens lokaler ordnas det tills vidare inte heller m\u00f6ten f\u00f6r medlemmarna eller andra evenemang.<\/p>\n\n\n\n<p>Vi hoppas att de arbetsl\u00f6sa och permitterade medlemmarna s\u00e4nder sina ans\u00f6kningar om inkomstrelaterad dagpenning elektroniskt via eAsiointi. Via eAsiointi kan man ocks\u00e5 s\u00e4nda meddelanden till arbetsl\u00f6shetskassan.<\/p>\n\n\n\n<p>SEL-medlemmarnas alla representationsresor till utlandet, m\u00f6ten och kurser utomlands inhiberas tills vidare. SEL-personalens alla arbetsresor till utlandet inhiberas tillsvidare. F\u00f6rbudet g\u00e4ller ocks\u00e5 kryssningar till Tallinn och Stockholm.<br><br><a href=\"https:\/\/www.sak.fi\/sv\/aktuellt\/nyheter\/hur-paverkar-coronaviruset-arbetslivet-har-hittar-du-fragor-och-svar-med-den-senaste-informationen\" target=\"_blank\" rel=\"noreferrer noopener\"><em>Hur p\u00e5verkar coronaviruset arbetslivet? H\u00e4r hittar du fr\u00e5gor och svar med den senaste informationen<\/em><\/a><br><br><em>L\u00e4s mer p\u00e5 finska:\u00a0<a href=\"http:\/\/www.selry.fi\/korona\">www.selry.fi\/korona<\/a><\/em><\/p>\n","protected":false},"excerpt":{"rendered":"<p>Finlands Livsmedelsarbetaref\u00f6rbund SEL har beslutat om s\u00e4kerhets\u00e5tg\u00e4rder f\u00f6r att hindra spridningen av coronaviruset: SEL:s evenemang under tiden 16.3.-31.5.2020 inhiberas. SEL:s [\u2026] <a href=\"https:\/\/www.selry.fi\/sv\/nyheter\/sels-distriktskontor-stangs-och-evenemang-och-utlandsresor-inhiberas-fram-till-31-5-2020\/\">Lue lis\u00e4\u00e4 &raquo;<\/a><\/p>\n","protected":false},"author":7,"featured_media":0,"comment_status":"closed","ping_status":"closed","sticky":false,"template":"","format":"standard","meta":{"_acf_changed":false,"footnotes":""},"categories":[26],"tags":[],"class_list":["post-2374","post","type-post","status-publish","format-standard","hentry","category-nyheter"],"acf":[],"yoast_head":"<!-- This site is optimized with the Yoast SEO plugin v27.2 - https:\/\/yoast.com\/product\/yoast-seo-wordpress\/ -->\n<title>SEL:s distriktskontor st\u00e4ngs och evenemang och utlandsresor inhiberas fram till 31.5.2020<\/title>\n<meta name=\"robots\" content=\"index, follow, max-snippet:-1, max-image-preview:large, max-video-preview:-1\" \/>\n<link rel=\"canonical\" href=\"https:\/\/www.selry.fi\/sv\/nyheter\/sels-distriktskontor-stangs-och-evenemang-och-utlandsresor-inhiberas-fram-till-31-5-2020\/\" \/>\n<meta property=\"og:locale\" content=\"sv_SE\" \/>\n<meta property=\"og:type\" content=\"article\" \/>\n<meta property=\"og:title\" content=\"SEL:s distriktskontor st\u00e4ngs och evenemang och utlandsresor inhiberas fram till 31.5.2020\" \/>\n<meta property=\"og:description\" content=\"Finlands Livsmedelsarbetaref\u00f6rbund SEL har beslutat om s\u00e4kerhets\u00e5tg\u00e4rder f\u00f6r att hindra spridningen av coronaviruset: SEL:s evenemang under tiden 16.3.-31.5.2020 inhiberas. SEL:s [\u2026] Lue lis\u00e4\u00e4 &raquo;\" \/>\n<meta property=\"og:url\" content=\"https:\/\/www.selry.fi\/sv\/nyheter\/sels-distriktskontor-stangs-och-evenemang-och-utlandsresor-inhiberas-fram-till-31-5-2020\/\" \/>\n<meta property=\"og:site_name\" content=\"Suomen Elintarvikety\u00f6l\u00e4isten Liitto SEL\" \/>\n<meta property=\"article:publisher\" content=\"https:\/\/www.facebook.com\/selry\" \/>\n<meta property=\"article:published_time\" content=\"2020-03-16T18:20:00+00:00\" \/>\n<meta property=\"article:modified_time\" content=\"2021-05-27T17:21:18+00:00\" \/>\n<meta property=\"og:image\" content=\"https:\/\/www.selry.fi\/wp-content\/uploads\/2021\/05\/sel-placeholder-image.jpg\" \/>\n\t<meta property=\"og:image:width\" content=\"1920\" \/>\n\t<meta property=\"og:image:height\" content=\"1080\" \/>\n\t<meta property=\"og:image:type\" content=\"image\/jpeg\" \/>\n<meta name=\"author\" content=\"Liisa Suonsivu\" \/>\n<meta name=\"twitter:card\" content=\"summary_large_image\" \/>\n<meta name=\"twitter:creator\" content=\"@selryfi\" \/>\n<meta name=\"twitter:site\" content=\"@selryfi\" \/>\n<script type=\"application\/ld+json\" class=\"yoast-schema-graph\">{\"@context\":\"https:\/\/schema.org\",\"@graph\":[{\"@type\":\"Article\",\"@id\":\"https:\/\/www.selry.fi\/sv\/nyheter\/sels-distriktskontor-stangs-och-evenemang-och-utlandsresor-inhiberas-fram-till-31-5-2020\/#article\",\"isPartOf\":{\"@id\":\"https:\/\/www.selry.fi\/sv\/nyheter\/sels-distriktskontor-stangs-och-evenemang-och-utlandsresor-inhiberas-fram-till-31-5-2020\/\"},\"author\":{\"name\":\"Liisa Suonsivu\",\"@id\":\"https:\/\/www.selry.fi\/#\/schema\/person\/efa23a82d897b720e4b24c9d56a89e6d\"},\"headline\":\"SEL:s distriktskontor st\u00e4ngs och evenemang och utlandsresor inhiberas fram till 31.5.2020\",\"datePublished\":\"2020-03-16T18:20:00+00:00\",\"dateModified\":\"2021-05-27T17:21:18+00:00\",\"mainEntityOfPage\":{\"@id\":\"https:\/\/www.selry.fi\/sv\/nyheter\/sels-distriktskontor-stangs-och-evenemang-och-utlandsresor-inhiberas-fram-till-31-5-2020\/\"},\"wordCount\":297,\"publisher\":{\"@id\":\"https:\/\/www.selry.fi\/#organization\"},\"articleSection\":[\"Nyheter\"],\"inLanguage\":\"sv-SE\"},{\"@type\":\"WebPage\",\"@id\":\"https:\/\/www.selry.fi\/sv\/nyheter\/sels-distriktskontor-stangs-och-evenemang-och-utlandsresor-inhiberas-fram-till-31-5-2020\/\",\"url\":\"https:\/\/www.selry.fi\/sv\/nyheter\/sels-distriktskontor-stangs-och-evenemang-och-utlandsresor-inhiberas-fram-till-31-5-2020\/\",\"name\":\"SEL:s distriktskontor st\u00e4ngs och evenemang och utlandsresor inhiberas fram till 31.5.2020\",\"isPartOf\":{\"@id\":\"https:\/\/www.selry.fi\/#website\"},\"datePublished\":\"2020-03-16T18:20:00+00:00\",\"dateModified\":\"2021-05-27T17:21:18+00:00\",\"breadcrumb\":{\"@id\":\"https:\/\/www.selry.fi\/sv\/nyheter\/sels-distriktskontor-stangs-och-evenemang-och-utlandsresor-inhiberas-fram-till-31-5-2020\/#breadcrumb\"},\"inLanguage\":\"sv-SE\",\"potentialAction\":[{\"@type\":\"ReadAction\",\"target\":[\"https:\/\/www.selry.fi\/sv\/nyheter\/sels-distriktskontor-stangs-och-evenemang-och-utlandsresor-inhiberas-fram-till-31-5-2020\/\"]}]},{\"@type\":\"BreadcrumbList\",\"@id\":\"https:\/\/www.selry.fi\/sv\/nyheter\/sels-distriktskontor-stangs-och-evenemang-och-utlandsresor-inhiberas-fram-till-31-5-2020\/#breadcrumb\",\"itemListElement\":[{\"@type\":\"ListItem\",\"position\":1,\"name\":\"Home\",\"item\":\"https:\/\/www.selry.fi\/sv\/\"},{\"@type\":\"ListItem\",\"position\":2,\"name\":\"SEL:s distriktskontor st\u00e4ngs och evenemang och utlandsresor inhiberas fram till 31.5.2020\"}]},{\"@type\":\"WebSite\",\"@id\":\"https:\/\/www.selry.fi\/#website\",\"url\":\"https:\/\/www.selry.fi\/\",\"name\":\"Suomen Elintarvikety\u00f6l\u00e4isten Liitto SEL\",\"description\":\"\",\"publisher\":{\"@id\":\"https:\/\/www.selry.fi\/#organization\"},\"inLanguage\":\"sv-SE\"},{\"@type\":\"Organization\",\"@id\":\"https:\/\/www.selry.fi\/#organization\",\"name\":\"Suomen Elintarvikety\u00f6l\u00e4isten Liitto SEL\",\"url\":\"https:\/\/www.selry.fi\/\",\"logo\":{\"@type\":\"ImageObject\",\"inLanguage\":\"sv-SE\",\"@id\":\"https:\/\/www.selry.fi\/#\/schema\/logo\/image\/\",\"url\":\"https:\/\/www.selry.fi\/wp-content\/uploads\/2021\/05\/logo-sel.svg\",\"contentUrl\":\"https:\/\/www.selry.fi\/wp-content\/uploads\/2021\/05\/logo-sel.svg\",\"width\":453,\"height\":135,\"caption\":\"Suomen Elintarvikety\u00f6l\u00e4isten Liitto SEL\"},\"image\":{\"@id\":\"https:\/\/www.selry.fi\/#\/schema\/logo\/image\/\"},\"sameAs\":[\"https:\/\/www.facebook.com\/selry\",\"https:\/\/x.com\/selryfi\"]},{\"@type\":\"Person\",\"@id\":\"https:\/\/www.selry.fi\/#\/schema\/person\/efa23a82d897b720e4b24c9d56a89e6d\",\"name\":\"Liisa Suonsivu\",\"image\":{\"@type\":\"ImageObject\",\"inLanguage\":\"sv-SE\",\"@id\":\"https:\/\/secure.gravatar.com\/avatar\/db21b3a75c0e85060245eace8bfa53a2974b1745f694228722faad33d4d28f94?s=96&d=mm&r=g\",\"url\":\"https:\/\/secure.gravatar.com\/avatar\/db21b3a75c0e85060245eace8bfa53a2974b1745f694228722faad33d4d28f94?s=96&d=mm&r=g\",\"contentUrl\":\"https:\/\/secure.gravatar.com\/avatar\/db21b3a75c0e85060245eace8bfa53a2974b1745f694228722faad33d4d28f94?s=96&d=mm&r=g\",\"caption\":\"Liisa Suonsivu\"}}]}<\/script>\n<!-- \/ Yoast SEO plugin. -->","yoast_head_json":{"title":"SEL:s distriktskontor st\u00e4ngs och evenemang och utlandsresor inhiberas fram till 31.5.2020","robots":{"index":"index","follow":"follow","max-snippet":"max-snippet:-1","max-image-preview":"max-image-preview:large","max-video-preview":"max-video-preview:-1"},"canonical":"https:\/\/www.selry.fi\/sv\/nyheter\/sels-distriktskontor-stangs-och-evenemang-och-utlandsresor-inhiberas-fram-till-31-5-2020\/","og_locale":"sv_SE","og_type":"article","og_title":"SEL:s distriktskontor st\u00e4ngs och evenemang och utlandsresor inhiberas fram till 31.5.2020","og_description":"Finlands Livsmedelsarbetaref\u00f6rbund SEL har beslutat om s\u00e4kerhets\u00e5tg\u00e4rder f\u00f6r att hindra spridningen av coronaviruset: SEL:s evenemang under tiden 16.3.-31.5.2020 inhiberas. SEL:s [\u2026] Lue lis\u00e4\u00e4 &raquo;","og_url":"https:\/\/www.selry.fi\/sv\/nyheter\/sels-distriktskontor-stangs-och-evenemang-och-utlandsresor-inhiberas-fram-till-31-5-2020\/","og_site_name":"Suomen Elintarvikety\u00f6l\u00e4isten Liitto SEL","article_publisher":"https:\/\/www.facebook.com\/selry","article_published_time":"2020-03-16T18:20:00+00:00","article_modified_time":"2021-05-27T17:21:18+00:00","og_image":[{"width":1920,"height":1080,"url":"https:\/\/www.selry.fi\/wp-content\/uploads\/2021\/05\/sel-placeholder-image.jpg","type":"image\/jpeg"}],"author":"Liisa Suonsivu","twitter_card":"summary_large_image","twitter_creator":"@selryfi","twitter_site":"@selryfi","schema":{"@context":"https:\/\/schema.org","@graph":[{"@type":"Article","@id":"https:\/\/www.selry.fi\/sv\/nyheter\/sels-distriktskontor-stangs-och-evenemang-och-utlandsresor-inhiberas-fram-till-31-5-2020\/#article","isPartOf":{"@id":"https:\/\/www.selry.fi\/sv\/nyheter\/sels-distriktskontor-stangs-och-evenemang-och-utlandsresor-inhiberas-fram-till-31-5-2020\/"},"author":{"name":"Liisa Suonsivu","@id":"https:\/\/www.selry.fi\/#\/schema\/person\/efa23a82d897b720e4b24c9d56a89e6d"},"headline":"SEL:s distriktskontor st\u00e4ngs och evenemang och utlandsresor inhiberas fram till 31.5.2020","datePublished":"2020-03-16T18:20:00+00:00","dateModified":"2021-05-27T17:21:18+00:00","mainEntityOfPage":{"@id":"https:\/\/www.selry.fi\/sv\/nyheter\/sels-distriktskontor-stangs-och-evenemang-och-utlandsresor-inhiberas-fram-till-31-5-2020\/"},"wordCount":297,"publisher":{"@id":"https:\/\/www.selry.fi\/#organization"},"articleSection":["Nyheter"],"inLanguage":"sv-SE"},{"@type":"WebPage","@id":"https:\/\/www.selry.fi\/sv\/nyheter\/sels-distriktskontor-stangs-och-evenemang-och-utlandsresor-inhiberas-fram-till-31-5-2020\/","url":"https:\/\/www.selry.fi\/sv\/nyheter\/sels-distriktskontor-stangs-och-evenemang-och-utlandsresor-inhiberas-fram-till-31-5-2020\/","name":"SEL:s distriktskontor st\u00e4ngs och evenemang och utlandsresor inhiberas fram till 31.5.2020","isPartOf":{"@id":"https:\/\/www.selry.fi\/#website"},"datePublished":"2020-03-16T18:20:00+00:00","dateModified":"2021-05-27T17:21:18+00:00","breadcrumb":{"@id":"https:\/\/www.selry.fi\/sv\/nyheter\/sels-distriktskontor-stangs-och-evenemang-och-utlandsresor-inhiberas-fram-till-31-5-2020\/#breadcrumb"},"inLanguage":"sv-SE","potentialAction":[{"@type":"ReadAction","target":["https:\/\/www.selry.fi\/sv\/nyheter\/sels-distriktskontor-stangs-och-evenemang-och-utlandsresor-inhiberas-fram-till-31-5-2020\/"]}]},{"@type":"BreadcrumbList","@id":"https:\/\/www.selry.fi\/sv\/nyheter\/sels-distriktskontor-stangs-och-evenemang-och-utlandsresor-inhiberas-fram-till-31-5-2020\/#breadcrumb","itemListElement":[{"@type":"ListItem","position":1,"name":"Home","item":"https:\/\/www.selry.fi\/sv\/"},{"@type":"ListItem","position":2,"name":"SEL:s distriktskontor st\u00e4ngs och evenemang och utlandsresor inhiberas fram till 31.5.2020"}]},{"@type":"WebSite","@id":"https:\/\/www.selry.fi\/#website","url":"https:\/\/www.selry.fi\/","name":"Suomen Elintarvikety\u00f6l\u00e4isten Liitto SEL","description":"","publisher":{"@id":"https:\/\/www.selry.fi\/#organization"},"inLanguage":"sv-SE"},{"@type":"Organization","@id":"https:\/\/www.selry.fi\/#organization","name":"Suomen Elintarvikety\u00f6l\u00e4isten Liitto SEL","url":"https:\/\/www.selry.fi\/","logo":{"@type":"ImageObject","inLanguage":"sv-SE","@id":"https:\/\/www.selry.fi\/#\/schema\/logo\/image\/","url":"https:\/\/www.selry.fi\/wp-content\/uploads\/2021\/05\/logo-sel.svg","contentUrl":"https:\/\/www.selry.fi\/wp-content\/uploads\/2021\/05\/logo-sel.svg","width":453,"height":135,"caption":"Suomen Elintarvikety\u00f6l\u00e4isten Liitto SEL"},"image":{"@id":"https:\/\/www.selry.fi\/#\/schema\/logo\/image\/"},"sameAs":["https:\/\/www.facebook.com\/selry","https:\/\/x.com\/selryfi"]},{"@type":"Person","@id":"https:\/\/www.selry.fi\/#\/schema\/person\/efa23a82d897b720e4b24c9d56a89e6d","name":"Liisa Suonsivu","image":{"@type":"ImageObject","inLanguage":"sv-SE","@id":"https:\/\/secure.gravatar.com\/avatar\/db21b3a75c0e85060245eace8bfa53a2974b1745f694228722faad33d4d28f94?s=96&d=mm&r=g","url":"https:\/\/secure.gravatar.com\/avatar\/db21b3a75c0e85060245eace8bfa53a2974b1745f694228722faad33d4d28f94?s=96&d=mm&r=g","contentUrl":"https:\/\/secure.gravatar.com\/avatar\/db21b3a75c0e85060245eace8bfa53a2974b1745f694228722faad33d4d28f94?s=96&d=mm&r=g","caption":"Liisa Suonsivu"}}]}},"_links":{"self":[{"href":"https:\/\/www.selry.fi\/sv\/wp-json\/wp\/v2\/posts\/2374","targetHints":{"allow":["GET"]}}],"collection":[{"href":"https:\/\/www.selry.fi\/sv\/wp-json\/wp\/v2\/posts"}],"about":[{"href":"https:\/\/www.selry.fi\/sv\/wp-json\/wp\/v2\/types\/post"}],"author":[{"embeddable":true,"href":"https:\/\/www.selry.fi\/sv\/wp-json\/wp\/v2\/users\/7"}],"replies":[{"embeddable":true,"href":"https:\/\/www.selry.fi\/sv\/wp-json\/wp\/v2\/comments?post=2374"}],"version-history":[{"count":0,"href":"https:\/\/www.selry.fi\/sv\/wp-json\/wp\/v2\/posts\/2374\/revisions"}],"wp:attachment":[{"href":"https:\/\/www.selry.fi\/sv\/wp-json\/wp\/v2\/media?parent=2374"}],"wp:term":[{"taxonomy":"category","embeddable":true,"href":"https:\/\/www.selry.fi\/sv\/wp-json\/wp\/v2\/categories?post=2374"},{"taxonomy":"post_tag","embeddable":true,"href":"https:\/\/www.selry.fi\/sv\/wp-json\/wp\/v2\/tags?post=2374"}],"curies":[{"name":"wp","href":"https:\/\/api.w.org\/{rel}","templated":true}]}}