{"id":2371,"date":"2020-02-14T20:20:00","date_gmt":"2020-02-14T18:20:00","guid":{"rendered":"https:\/\/www.selry.fi\/?p=2371"},"modified":"2021-05-27T20:20:38","modified_gmt":"2021-05-27T17:20:38","slug":"lonerna-for-arbetstagarna-i-livsmedelsbranschen-stiger-1-3-2020-med-en-allman-forhojning-pa-12","status":"publish","type":"post","link":"https:\/\/www.selry.fi\/sv\/nyheter\/lonerna-for-arbetstagarna-i-livsmedelsbranschen-stiger-1-3-2020-med-en-allman-forhojning-pa-12\/","title":{"rendered":"L\u00f6nerna f\u00f6r arbetstagarna i livsmedelsbranschen stiger 1.3.2020 med en allm\u00e4n f\u00f6rh\u00f6jning p\u00e5 1,2 %"},"content":{"rendered":"\n<p>SEL och Livsmedelsindustrif\u00f6rbundet ETL har avtalat om l\u00f6nef\u00f6rh\u00f6jningarna f\u00f6r \u00e5r 2020 enligt kollektivavtalen f\u00f6r livsmedelsbranschen. L\u00f6nerna och tabell\u00f6nerna f\u00f6r alla arbetstagare i livsmedelsbranschen h\u00f6js med en allm\u00e4n f\u00f6rh\u00f6jning p\u00e5 1,2 % 1.3.2020 eller fr\u00e5n b\u00f6rjan av den l\u00f6nebetalningsperiod som b\u00f6rjar n\u00e4rmast d\u00e4refter.<\/p>\n\n\n\n<p>I samband med mars m\u00e5nads l\u00f6nebetalning betalas dessutom f\u00f6r februari som en separat eng\u00e5ngsers\u00e4ttning 35 euro \u00e5t de arbetstagare som g\u00f6r full arbetstid, som varit p\u00e5 arbete hela m\u00e5naden. \u00c5t deltidsanst\u00e4llda arbetstagare betalas ers\u00e4ttningen i proportion till den fulla arbetstiden. Om anst\u00e4llningsf\u00f6rh\u00e5llandet har varat bara en del av februari, betalas ers\u00e4ttningen i proportion till ett anst\u00e4llningsf\u00f6rh\u00e5llande som varat hela m\u00e5naden.<\/p>\n\n\n\n<p>I SEL:s och ETL:s kollektivavtal har avtalats att l\u00f6nerna f\u00f6r arbetstagarna i livsmedelsbranschen h\u00f6js fr\u00e5n 1.2.2020 eller b\u00f6rjan av den l\u00f6nebetalningsperiod som b\u00f6rjar n\u00e4rmast d\u00e4refter. L\u00f6nef\u00f6rh\u00f6jningens storlek fastst\u00e4lls enligt en gemensamt \u00f6verenskommen kalkyleringsmodell p\u00e5 grundval av l\u00f6nef\u00f6rh\u00f6jningarna i tre referensbranscher. Referenskollektivavtalen \u00e4r kollektivavtalet f\u00f6r arbetstagarna i teknologiindustrin, kollektivavtalet f\u00f6r arbetstagarna i den kemiska basindustrin samt kollektivavtalet f\u00f6r arbetstagarna i den mekaniska skogsindustrin. Eftersom det inom den utsatta tiden, dvs. f\u00f6re 31.12.2019 \u00e4nnu inte hade gjorts n\u00e5gon l\u00f6neuppg\u00f6relse i referensbranscherna, kom SEL och ETL \u00f6verens om att tidsgr\u00e4nsen skjuts fram. F\u00f6re den nya tidsgr\u00e4nsen hann bara kollektivavtalet f\u00f6r arbetstagarna i teknologiindustrin komma till.<\/p>\n\n\n\n<p>Kollektivavtalen f\u00f6r arbetstagarna i livsmedelsbranschen \u00e4r i kraft till 31.1.2021.<\/p>\n\n\n\n<p><em>L\u00e4s mer p\u00e5 finska:&nbsp;<a href=\"http:\/\/www.selry.fi\/edunvalvonta\/tyoehtosopimukset\/\">www.selry.fi\/tes<\/a><\/em><\/p>\n\n\n\n<h3 class=\"wp-block-heading\">Bilagor<\/h3>\n\n\n\n<ul class=\"wp-block-list\"><li><a href=\"http:\/\/www.selry.fi\/@Bin\/76403143\/palkankorotukset_010320320_ilmoitustaululle_A4_ruotsiksi.pdf\" target=\"_blank\" rel=\"noreferrer noopener\">L\u00f6nerna f\u00f6r arbetstagarna i livsmedelsbranschen stiger 1.3.2020 med en allm\u00e4n f\u00f6rh\u00f6jning p\u00e5 1,2 %<\/a>&nbsp;(246 kB)<\/li><\/ul>\n","protected":false},"excerpt":{"rendered":"<p>SEL och Livsmedelsindustrif\u00f6rbundet ETL har avtalat om l\u00f6nef\u00f6rh\u00f6jningarna f\u00f6r \u00e5r 2020 enligt kollektivavtalen f\u00f6r livsmedelsbranschen. L\u00f6nerna och tabell\u00f6nerna f\u00f6r alla [\u2026] <a href=\"https:\/\/www.selry.fi\/sv\/nyheter\/lonerna-for-arbetstagarna-i-livsmedelsbranschen-stiger-1-3-2020-med-en-allman-forhojning-pa-12\/\">Lue lis\u00e4\u00e4 &raquo;<\/a><\/p>\n","protected":false},"author":7,"featured_media":0,"comment_status":"closed","ping_status":"closed","sticky":false,"template":"","format":"standard","meta":{"_acf_changed":false,"footnotes":""},"categories":[26],"tags":[],"class_list":["post-2371","post","type-post","status-publish","format-standard","hentry","category-nyheter"],"acf":[],"yoast_head":"<!-- This site is optimized with the Yoast SEO plugin v27.2 - https:\/\/yoast.com\/product\/yoast-seo-wordpress\/ -->\n<title>L\u00f6nerna f\u00f6r arbetstagarna i livsmedelsbranschen stiger 1.3.2020 med en allm\u00e4n f\u00f6rh\u00f6jning p\u00e5 1,2 %<\/title>\n<meta name=\"robots\" content=\"index, follow, max-snippet:-1, max-image-preview:large, max-video-preview:-1\" \/>\n<link rel=\"canonical\" href=\"https:\/\/www.selry.fi\/sv\/nyheter\/lonerna-for-arbetstagarna-i-livsmedelsbranschen-stiger-1-3-2020-med-en-allman-forhojning-pa-12\/\" \/>\n<meta property=\"og:locale\" content=\"sv_SE\" \/>\n<meta property=\"og:type\" content=\"article\" \/>\n<meta property=\"og:title\" content=\"L\u00f6nerna f\u00f6r arbetstagarna i livsmedelsbranschen stiger 1.3.2020 med en allm\u00e4n f\u00f6rh\u00f6jning p\u00e5 1,2 %\" \/>\n<meta property=\"og:description\" content=\"SEL och Livsmedelsindustrif\u00f6rbundet ETL har avtalat om l\u00f6nef\u00f6rh\u00f6jningarna f\u00f6r \u00e5r 2020 enligt kollektivavtalen f\u00f6r livsmedelsbranschen. L\u00f6nerna och tabell\u00f6nerna f\u00f6r alla [\u2026] Lue lis\u00e4\u00e4 &raquo;\" \/>\n<meta property=\"og:url\" content=\"https:\/\/www.selry.fi\/sv\/nyheter\/lonerna-for-arbetstagarna-i-livsmedelsbranschen-stiger-1-3-2020-med-en-allman-forhojning-pa-12\/\" \/>\n<meta property=\"og:site_name\" content=\"Suomen Elintarvikety\u00f6l\u00e4isten Liitto SEL\" \/>\n<meta property=\"article:publisher\" content=\"https:\/\/www.facebook.com\/selry\" \/>\n<meta property=\"article:published_time\" content=\"2020-02-14T18:20:00+00:00\" \/>\n<meta property=\"article:modified_time\" content=\"2021-05-27T17:20:38+00:00\" \/>\n<meta property=\"og:image\" content=\"https:\/\/www.selry.fi\/wp-content\/uploads\/2021\/05\/sel-placeholder-image.jpg\" \/>\n\t<meta property=\"og:image:width\" content=\"1920\" \/>\n\t<meta property=\"og:image:height\" content=\"1080\" \/>\n\t<meta property=\"og:image:type\" content=\"image\/jpeg\" \/>\n<meta name=\"author\" content=\"Liisa Suonsivu\" \/>\n<meta name=\"twitter:card\" content=\"summary_large_image\" \/>\n<meta name=\"twitter:creator\" content=\"@selryfi\" \/>\n<meta name=\"twitter:site\" content=\"@selryfi\" \/>\n<script type=\"application\/ld+json\" class=\"yoast-schema-graph\">{\"@context\":\"https:\/\/schema.org\",\"@graph\":[{\"@type\":\"Article\",\"@id\":\"https:\/\/www.selry.fi\/sv\/nyheter\/lonerna-for-arbetstagarna-i-livsmedelsbranschen-stiger-1-3-2020-med-en-allman-forhojning-pa-12\/#article\",\"isPartOf\":{\"@id\":\"https:\/\/www.selry.fi\/sv\/nyheter\/lonerna-for-arbetstagarna-i-livsmedelsbranschen-stiger-1-3-2020-med-en-allman-forhojning-pa-12\/\"},\"author\":{\"name\":\"Liisa Suonsivu\",\"@id\":\"https:\/\/www.selry.fi\/#\/schema\/person\/efa23a82d897b720e4b24c9d56a89e6d\"},\"headline\":\"L\u00f6nerna f\u00f6r arbetstagarna i livsmedelsbranschen stiger 1.3.2020 med en allm\u00e4n f\u00f6rh\u00f6jning p\u00e5 1,2 %\",\"datePublished\":\"2020-02-14T18:20:00+00:00\",\"dateModified\":\"2021-05-27T17:20:38+00:00\",\"mainEntityOfPage\":{\"@id\":\"https:\/\/www.selry.fi\/sv\/nyheter\/lonerna-for-arbetstagarna-i-livsmedelsbranschen-stiger-1-3-2020-med-en-allman-forhojning-pa-12\/\"},\"wordCount\":317,\"publisher\":{\"@id\":\"https:\/\/www.selry.fi\/#organization\"},\"articleSection\":[\"Nyheter\"],\"inLanguage\":\"sv-SE\"},{\"@type\":\"WebPage\",\"@id\":\"https:\/\/www.selry.fi\/sv\/nyheter\/lonerna-for-arbetstagarna-i-livsmedelsbranschen-stiger-1-3-2020-med-en-allman-forhojning-pa-12\/\",\"url\":\"https:\/\/www.selry.fi\/sv\/nyheter\/lonerna-for-arbetstagarna-i-livsmedelsbranschen-stiger-1-3-2020-med-en-allman-forhojning-pa-12\/\",\"name\":\"L\u00f6nerna f\u00f6r arbetstagarna i livsmedelsbranschen stiger 1.3.2020 med en allm\u00e4n f\u00f6rh\u00f6jning p\u00e5 1,2 %\",\"isPartOf\":{\"@id\":\"https:\/\/www.selry.fi\/#website\"},\"datePublished\":\"2020-02-14T18:20:00+00:00\",\"dateModified\":\"2021-05-27T17:20:38+00:00\",\"breadcrumb\":{\"@id\":\"https:\/\/www.selry.fi\/sv\/nyheter\/lonerna-for-arbetstagarna-i-livsmedelsbranschen-stiger-1-3-2020-med-en-allman-forhojning-pa-12\/#breadcrumb\"},\"inLanguage\":\"sv-SE\",\"potentialAction\":[{\"@type\":\"ReadAction\",\"target\":[\"https:\/\/www.selry.fi\/sv\/nyheter\/lonerna-for-arbetstagarna-i-livsmedelsbranschen-stiger-1-3-2020-med-en-allman-forhojning-pa-12\/\"]}]},{\"@type\":\"BreadcrumbList\",\"@id\":\"https:\/\/www.selry.fi\/sv\/nyheter\/lonerna-for-arbetstagarna-i-livsmedelsbranschen-stiger-1-3-2020-med-en-allman-forhojning-pa-12\/#breadcrumb\",\"itemListElement\":[{\"@type\":\"ListItem\",\"position\":1,\"name\":\"Home\",\"item\":\"https:\/\/www.selry.fi\/sv\/\"},{\"@type\":\"ListItem\",\"position\":2,\"name\":\"L\u00f6nerna f\u00f6r arbetstagarna i livsmedelsbranschen stiger 1.3.2020 med en allm\u00e4n f\u00f6rh\u00f6jning p\u00e5 1,2 %\"}]},{\"@type\":\"WebSite\",\"@id\":\"https:\/\/www.selry.fi\/#website\",\"url\":\"https:\/\/www.selry.fi\/\",\"name\":\"Suomen Elintarvikety\u00f6l\u00e4isten Liitto SEL\",\"description\":\"\",\"publisher\":{\"@id\":\"https:\/\/www.selry.fi\/#organization\"},\"inLanguage\":\"sv-SE\"},{\"@type\":\"Organization\",\"@id\":\"https:\/\/www.selry.fi\/#organization\",\"name\":\"Suomen Elintarvikety\u00f6l\u00e4isten Liitto SEL\",\"url\":\"https:\/\/www.selry.fi\/\",\"logo\":{\"@type\":\"ImageObject\",\"inLanguage\":\"sv-SE\",\"@id\":\"https:\/\/www.selry.fi\/#\/schema\/logo\/image\/\",\"url\":\"https:\/\/www.selry.fi\/wp-content\/uploads\/2021\/05\/logo-sel.svg\",\"contentUrl\":\"https:\/\/www.selry.fi\/wp-content\/uploads\/2021\/05\/logo-sel.svg\",\"width\":453,\"height\":135,\"caption\":\"Suomen Elintarvikety\u00f6l\u00e4isten Liitto SEL\"},\"image\":{\"@id\":\"https:\/\/www.selry.fi\/#\/schema\/logo\/image\/\"},\"sameAs\":[\"https:\/\/www.facebook.com\/selry\",\"https:\/\/x.com\/selryfi\"]},{\"@type\":\"Person\",\"@id\":\"https:\/\/www.selry.fi\/#\/schema\/person\/efa23a82d897b720e4b24c9d56a89e6d\",\"name\":\"Liisa Suonsivu\",\"image\":{\"@type\":\"ImageObject\",\"inLanguage\":\"sv-SE\",\"@id\":\"https:\/\/secure.gravatar.com\/avatar\/db21b3a75c0e85060245eace8bfa53a2974b1745f694228722faad33d4d28f94?s=96&d=mm&r=g\",\"url\":\"https:\/\/secure.gravatar.com\/avatar\/db21b3a75c0e85060245eace8bfa53a2974b1745f694228722faad33d4d28f94?s=96&d=mm&r=g\",\"contentUrl\":\"https:\/\/secure.gravatar.com\/avatar\/db21b3a75c0e85060245eace8bfa53a2974b1745f694228722faad33d4d28f94?s=96&d=mm&r=g\",\"caption\":\"Liisa Suonsivu\"}}]}<\/script>\n<!-- \/ Yoast SEO plugin. -->","yoast_head_json":{"title":"L\u00f6nerna f\u00f6r arbetstagarna i livsmedelsbranschen stiger 1.3.2020 med en allm\u00e4n f\u00f6rh\u00f6jning p\u00e5 1,2 %","robots":{"index":"index","follow":"follow","max-snippet":"max-snippet:-1","max-image-preview":"max-image-preview:large","max-video-preview":"max-video-preview:-1"},"canonical":"https:\/\/www.selry.fi\/sv\/nyheter\/lonerna-for-arbetstagarna-i-livsmedelsbranschen-stiger-1-3-2020-med-en-allman-forhojning-pa-12\/","og_locale":"sv_SE","og_type":"article","og_title":"L\u00f6nerna f\u00f6r arbetstagarna i livsmedelsbranschen stiger 1.3.2020 med en allm\u00e4n f\u00f6rh\u00f6jning p\u00e5 1,2 %","og_description":"SEL och Livsmedelsindustrif\u00f6rbundet ETL har avtalat om l\u00f6nef\u00f6rh\u00f6jningarna f\u00f6r \u00e5r 2020 enligt kollektivavtalen f\u00f6r livsmedelsbranschen. L\u00f6nerna och tabell\u00f6nerna f\u00f6r alla [\u2026] Lue lis\u00e4\u00e4 &raquo;","og_url":"https:\/\/www.selry.fi\/sv\/nyheter\/lonerna-for-arbetstagarna-i-livsmedelsbranschen-stiger-1-3-2020-med-en-allman-forhojning-pa-12\/","og_site_name":"Suomen Elintarvikety\u00f6l\u00e4isten Liitto SEL","article_publisher":"https:\/\/www.facebook.com\/selry","article_published_time":"2020-02-14T18:20:00+00:00","article_modified_time":"2021-05-27T17:20:38+00:00","og_image":[{"width":1920,"height":1080,"url":"https:\/\/www.selry.fi\/wp-content\/uploads\/2021\/05\/sel-placeholder-image.jpg","type":"image\/jpeg"}],"author":"Liisa Suonsivu","twitter_card":"summary_large_image","twitter_creator":"@selryfi","twitter_site":"@selryfi","schema":{"@context":"https:\/\/schema.org","@graph":[{"@type":"Article","@id":"https:\/\/www.selry.fi\/sv\/nyheter\/lonerna-for-arbetstagarna-i-livsmedelsbranschen-stiger-1-3-2020-med-en-allman-forhojning-pa-12\/#article","isPartOf":{"@id":"https:\/\/www.selry.fi\/sv\/nyheter\/lonerna-for-arbetstagarna-i-livsmedelsbranschen-stiger-1-3-2020-med-en-allman-forhojning-pa-12\/"},"author":{"name":"Liisa Suonsivu","@id":"https:\/\/www.selry.fi\/#\/schema\/person\/efa23a82d897b720e4b24c9d56a89e6d"},"headline":"L\u00f6nerna f\u00f6r arbetstagarna i livsmedelsbranschen stiger 1.3.2020 med en allm\u00e4n f\u00f6rh\u00f6jning p\u00e5 1,2 %","datePublished":"2020-02-14T18:20:00+00:00","dateModified":"2021-05-27T17:20:38+00:00","mainEntityOfPage":{"@id":"https:\/\/www.selry.fi\/sv\/nyheter\/lonerna-for-arbetstagarna-i-livsmedelsbranschen-stiger-1-3-2020-med-en-allman-forhojning-pa-12\/"},"wordCount":317,"publisher":{"@id":"https:\/\/www.selry.fi\/#organization"},"articleSection":["Nyheter"],"inLanguage":"sv-SE"},{"@type":"WebPage","@id":"https:\/\/www.selry.fi\/sv\/nyheter\/lonerna-for-arbetstagarna-i-livsmedelsbranschen-stiger-1-3-2020-med-en-allman-forhojning-pa-12\/","url":"https:\/\/www.selry.fi\/sv\/nyheter\/lonerna-for-arbetstagarna-i-livsmedelsbranschen-stiger-1-3-2020-med-en-allman-forhojning-pa-12\/","name":"L\u00f6nerna f\u00f6r arbetstagarna i livsmedelsbranschen stiger 1.3.2020 med en allm\u00e4n f\u00f6rh\u00f6jning p\u00e5 1,2 %","isPartOf":{"@id":"https:\/\/www.selry.fi\/#website"},"datePublished":"2020-02-14T18:20:00+00:00","dateModified":"2021-05-27T17:20:38+00:00","breadcrumb":{"@id":"https:\/\/www.selry.fi\/sv\/nyheter\/lonerna-for-arbetstagarna-i-livsmedelsbranschen-stiger-1-3-2020-med-en-allman-forhojning-pa-12\/#breadcrumb"},"inLanguage":"sv-SE","potentialAction":[{"@type":"ReadAction","target":["https:\/\/www.selry.fi\/sv\/nyheter\/lonerna-for-arbetstagarna-i-livsmedelsbranschen-stiger-1-3-2020-med-en-allman-forhojning-pa-12\/"]}]},{"@type":"BreadcrumbList","@id":"https:\/\/www.selry.fi\/sv\/nyheter\/lonerna-for-arbetstagarna-i-livsmedelsbranschen-stiger-1-3-2020-med-en-allman-forhojning-pa-12\/#breadcrumb","itemListElement":[{"@type":"ListItem","position":1,"name":"Home","item":"https:\/\/www.selry.fi\/sv\/"},{"@type":"ListItem","position":2,"name":"L\u00f6nerna f\u00f6r arbetstagarna i livsmedelsbranschen stiger 1.3.2020 med en allm\u00e4n f\u00f6rh\u00f6jning p\u00e5 1,2 %"}]},{"@type":"WebSite","@id":"https:\/\/www.selry.fi\/#website","url":"https:\/\/www.selry.fi\/","name":"Suomen Elintarvikety\u00f6l\u00e4isten Liitto SEL","description":"","publisher":{"@id":"https:\/\/www.selry.fi\/#organization"},"inLanguage":"sv-SE"},{"@type":"Organization","@id":"https:\/\/www.selry.fi\/#organization","name":"Suomen Elintarvikety\u00f6l\u00e4isten Liitto SEL","url":"https:\/\/www.selry.fi\/","logo":{"@type":"ImageObject","inLanguage":"sv-SE","@id":"https:\/\/www.selry.fi\/#\/schema\/logo\/image\/","url":"https:\/\/www.selry.fi\/wp-content\/uploads\/2021\/05\/logo-sel.svg","contentUrl":"https:\/\/www.selry.fi\/wp-content\/uploads\/2021\/05\/logo-sel.svg","width":453,"height":135,"caption":"Suomen Elintarvikety\u00f6l\u00e4isten Liitto SEL"},"image":{"@id":"https:\/\/www.selry.fi\/#\/schema\/logo\/image\/"},"sameAs":["https:\/\/www.facebook.com\/selry","https:\/\/x.com\/selryfi"]},{"@type":"Person","@id":"https:\/\/www.selry.fi\/#\/schema\/person\/efa23a82d897b720e4b24c9d56a89e6d","name":"Liisa Suonsivu","image":{"@type":"ImageObject","inLanguage":"sv-SE","@id":"https:\/\/secure.gravatar.com\/avatar\/db21b3a75c0e85060245eace8bfa53a2974b1745f694228722faad33d4d28f94?s=96&d=mm&r=g","url":"https:\/\/secure.gravatar.com\/avatar\/db21b3a75c0e85060245eace8bfa53a2974b1745f694228722faad33d4d28f94?s=96&d=mm&r=g","contentUrl":"https:\/\/secure.gravatar.com\/avatar\/db21b3a75c0e85060245eace8bfa53a2974b1745f694228722faad33d4d28f94?s=96&d=mm&r=g","caption":"Liisa Suonsivu"}}]}},"_links":{"self":[{"href":"https:\/\/www.selry.fi\/sv\/wp-json\/wp\/v2\/posts\/2371","targetHints":{"allow":["GET"]}}],"collection":[{"href":"https:\/\/www.selry.fi\/sv\/wp-json\/wp\/v2\/posts"}],"about":[{"href":"https:\/\/www.selry.fi\/sv\/wp-json\/wp\/v2\/types\/post"}],"author":[{"embeddable":true,"href":"https:\/\/www.selry.fi\/sv\/wp-json\/wp\/v2\/users\/7"}],"replies":[{"embeddable":true,"href":"https:\/\/www.selry.fi\/sv\/wp-json\/wp\/v2\/comments?post=2371"}],"version-history":[{"count":0,"href":"https:\/\/www.selry.fi\/sv\/wp-json\/wp\/v2\/posts\/2371\/revisions"}],"wp:attachment":[{"href":"https:\/\/www.selry.fi\/sv\/wp-json\/wp\/v2\/media?parent=2371"}],"wp:term":[{"taxonomy":"category","embeddable":true,"href":"https:\/\/www.selry.fi\/sv\/wp-json\/wp\/v2\/categories?post=2371"},{"taxonomy":"post_tag","embeddable":true,"href":"https:\/\/www.selry.fi\/sv\/wp-json\/wp\/v2\/tags?post=2371"}],"curies":[{"name":"wp","href":"https:\/\/api.w.org\/{rel}","templated":true}]}}