{"id":2364,"date":"2019-12-01T20:18:00","date_gmt":"2019-12-01T18:18:00","guid":{"rendered":"https:\/\/www.selry.fi\/?p=2364"},"modified":"2021-05-27T20:19:21","modified_gmt":"2021-05-27T17:19:21","slug":"sels-medlemsavgift-bibehalls-pa-samma-niva","status":"publish","type":"post","link":"https:\/\/www.selry.fi\/sv\/nyheter\/sels-medlemsavgift-bibehalls-pa-samma-niva\/","title":{"rendered":"SEL:s medlemsavgift bibeh\u00e5lls p\u00e5 samma niv\u00e5"},"content":{"rendered":"\n<p>SEL:s f\u00f6rbundsfullm\u00e4ktige har beslutat att f\u00f6rbundets medlemsavgift bibeh\u00e5lls p\u00e5 samma niv\u00e5 som tidigare och ocks\u00e5 under \u00e5r 2020 utg\u00f6r 1,6 procent. I medlemsavgiften ing\u00e5r avgiften f\u00f6r medlemskap i arbetsl\u00f6shetskassan. F\u00f6rbundets andel av avgiften \u00e4r 1,1 och arbetsl\u00f6shetskassans andel 0,5 procentenheter.<\/p>\n\n\n\n<p>SEL:s medlemsavgift erl\u00e4ggs fr\u00e5n den f\u00f6rskottsinneh\u00e5llna l\u00f6neinkomsten och de f\u00f6rm\u00e5ner som arbetsl\u00f6shetskassan betalar.<\/p>\n\n\n\n<p>Medlemsavgiften \u00e4r i sin helhet skatteavdragsgill. I den slutliga beskattningen av dina inkomster under \u00e5ret dras vissa avdrag av, s\u00e5som medlemsavgifterna till ett fackf\u00f6rbund. D\u00e5 dina medlemsavgifter dras fr\u00e5n din inkomst, betalar du i sj\u00e4lva verket mindre f\u00f6r ditt fackliga medlemskap \u00e4n vad som framg\u00e5r av din l\u00f6neremsa.<\/p>\n\n\n\n<p>SEL anm\u00e4ler om inbetalda medlemsavgifter direkt till skattemyndigheterna. Kolla \u00e4nd\u00e5 alltid i ditt skattef\u00f6rslag att uppgifterna om de medlemsavgifter du erlagt under \u00e5ret \u00e4r korrekta.<\/p>\n\n\n\n<p>Du \u00e4r ber\u00e4ttigad till befrielse fr\u00e5n medlemsavgift om du st\u00e5r utanf\u00f6r arbetslivet, eftersom<\/p>\n\n\n\n<p>&#8211; du studerar p\u00e5 heltid<br>&#8211; du \u00e4r moderskaps-, faderskaps-; f\u00f6r\u00e4ldra- eller v\u00e5rdledig eller v\u00e5rdar ett sv\u00e5rt sjukt barn<br>&#8211; du \u00e4r arbetsl\u00f6s eller permitterad, och inte erh\u00e5ller st\u00f6d fr\u00e5n arbetsl\u00f6shetskassan<br>&#8211; din arbetsgivare inte l\u00e4ngre utbetalar n\u00e5gon l\u00f6n p\u00e5 grund av sjukdom, olycksfall eller anstaltsv\u00e5rd<br>&#8211; du \u00e4r bev\u00e4ring eller utf\u00f6r din civiltj\u00e4nst eller deltar i reserv\u00f6vningar<br>&#8211; du avtj\u00e4nar ett h\u00f6gst 12 m\u00e5nader l\u00e5ngt f\u00e4ngelsestraff<br>&#8211; du \u00e4r pension\u00e4r (f\u00f6rtidspensionerade erl\u00e4gger d\u00e4remot medlemsavgifter p\u00e5 sin l\u00f6n)<\/p>\n\n\n\n<p>Om du \u00e4r ber\u00e4ttigad till befrielse fr\u00e5n medlemsavgift, meddela d\u00e5 f\u00f6rbundets medlemsregister genast, antingen via eTj\u00e4nsten, blanketten p\u00e5 v\u00e5ra n\u00e4tsidor eller per telefon 09 42461230.<\/p>\n\n\n\n<p>F\u00f6r de medlemmar som inte har l\u00f6neinkomster eller inte erh\u00e5ller st\u00f6d fr\u00e5n kassan, eller inte \u00e4r befriade fr\u00e5n medlemsavgift p\u00e5 grund av ovanst\u00e5ende orsaker \u00e4r minimimedlemsavgiften 10 euro\/m\u00e5n.<\/p>\n\n\n\n<p>D\u00e5 du g\u00e5r i pension beviljas du frimedlemskap i f\u00f6rbundet om du har varit medlem i ett fackf\u00f6rbund i minst 25 \u00e5r i f\u00f6ljd och under minst de senaste fem \u00e5ren varit medlem i SEL. Frimedlemmarna erl\u00e4gger ingen medlemsavgift. D\u00e5 du g\u00e5r i pension, informera d\u00e5 f\u00f6rbundets medlemsregister.<\/p>\n","protected":false},"excerpt":{"rendered":"<p>SEL:s f\u00f6rbundsfullm\u00e4ktige har beslutat att f\u00f6rbundets medlemsavgift bibeh\u00e5lls p\u00e5 samma niv\u00e5 som tidigare och ocks\u00e5 under \u00e5r 2020 utg\u00f6r 1,6 [\u2026] <a href=\"https:\/\/www.selry.fi\/sv\/nyheter\/sels-medlemsavgift-bibehalls-pa-samma-niva\/\">Lue lis\u00e4\u00e4 &raquo;<\/a><\/p>\n","protected":false},"author":7,"featured_media":0,"comment_status":"closed","ping_status":"closed","sticky":false,"template":"","format":"standard","meta":{"_acf_changed":false,"footnotes":""},"categories":[26],"tags":[],"class_list":["post-2364","post","type-post","status-publish","format-standard","hentry","category-nyheter"],"acf":[],"yoast_head":"<!-- This site is optimized with the Yoast SEO plugin v27.2 - https:\/\/yoast.com\/product\/yoast-seo-wordpress\/ -->\n<title>SEL:s medlemsavgift bibeh\u00e5lls p\u00e5 samma niv\u00e5<\/title>\n<meta name=\"robots\" content=\"index, follow, max-snippet:-1, max-image-preview:large, max-video-preview:-1\" \/>\n<link rel=\"canonical\" href=\"https:\/\/www.selry.fi\/sv\/nyheter\/sels-medlemsavgift-bibehalls-pa-samma-niva\/\" \/>\n<meta property=\"og:locale\" content=\"sv_SE\" \/>\n<meta property=\"og:type\" content=\"article\" \/>\n<meta property=\"og:title\" content=\"SEL:s medlemsavgift bibeh\u00e5lls p\u00e5 samma niv\u00e5\" \/>\n<meta property=\"og:description\" content=\"SEL:s f\u00f6rbundsfullm\u00e4ktige har beslutat att f\u00f6rbundets medlemsavgift bibeh\u00e5lls p\u00e5 samma niv\u00e5 som tidigare och ocks\u00e5 under \u00e5r 2020 utg\u00f6r 1,6 [\u2026] Lue lis\u00e4\u00e4 &raquo;\" \/>\n<meta property=\"og:url\" content=\"https:\/\/www.selry.fi\/sv\/nyheter\/sels-medlemsavgift-bibehalls-pa-samma-niva\/\" \/>\n<meta property=\"og:site_name\" content=\"Suomen Elintarvikety\u00f6l\u00e4isten Liitto SEL\" \/>\n<meta property=\"article:publisher\" content=\"https:\/\/www.facebook.com\/selry\" \/>\n<meta property=\"article:published_time\" content=\"2019-12-01T18:18:00+00:00\" \/>\n<meta property=\"article:modified_time\" content=\"2021-05-27T17:19:21+00:00\" \/>\n<meta property=\"og:image\" content=\"https:\/\/www.selry.fi\/wp-content\/uploads\/2021\/05\/sel-placeholder-image.jpg\" \/>\n\t<meta property=\"og:image:width\" content=\"1920\" \/>\n\t<meta property=\"og:image:height\" content=\"1080\" \/>\n\t<meta property=\"og:image:type\" content=\"image\/jpeg\" \/>\n<meta name=\"author\" content=\"Liisa Suonsivu\" \/>\n<meta name=\"twitter:card\" content=\"summary_large_image\" \/>\n<meta name=\"twitter:creator\" content=\"@selryfi\" \/>\n<meta name=\"twitter:site\" content=\"@selryfi\" \/>\n<script type=\"application\/ld+json\" class=\"yoast-schema-graph\">{\"@context\":\"https:\/\/schema.org\",\"@graph\":[{\"@type\":\"Article\",\"@id\":\"https:\/\/www.selry.fi\/sv\/nyheter\/sels-medlemsavgift-bibehalls-pa-samma-niva\/#article\",\"isPartOf\":{\"@id\":\"https:\/\/www.selry.fi\/sv\/nyheter\/sels-medlemsavgift-bibehalls-pa-samma-niva\/\"},\"author\":{\"name\":\"Liisa Suonsivu\",\"@id\":\"https:\/\/www.selry.fi\/#\/schema\/person\/efa23a82d897b720e4b24c9d56a89e6d\"},\"headline\":\"SEL:s medlemsavgift bibeh\u00e5lls p\u00e5 samma niv\u00e5\",\"datePublished\":\"2019-12-01T18:18:00+00:00\",\"dateModified\":\"2021-05-27T17:19:21+00:00\",\"mainEntityOfPage\":{\"@id\":\"https:\/\/www.selry.fi\/sv\/nyheter\/sels-medlemsavgift-bibehalls-pa-samma-niva\/\"},\"wordCount\":394,\"publisher\":{\"@id\":\"https:\/\/www.selry.fi\/#organization\"},\"articleSection\":[\"Nyheter\"],\"inLanguage\":\"sv-SE\"},{\"@type\":\"WebPage\",\"@id\":\"https:\/\/www.selry.fi\/sv\/nyheter\/sels-medlemsavgift-bibehalls-pa-samma-niva\/\",\"url\":\"https:\/\/www.selry.fi\/sv\/nyheter\/sels-medlemsavgift-bibehalls-pa-samma-niva\/\",\"name\":\"SEL:s medlemsavgift bibeh\u00e5lls p\u00e5 samma niv\u00e5\",\"isPartOf\":{\"@id\":\"https:\/\/www.selry.fi\/#website\"},\"datePublished\":\"2019-12-01T18:18:00+00:00\",\"dateModified\":\"2021-05-27T17:19:21+00:00\",\"breadcrumb\":{\"@id\":\"https:\/\/www.selry.fi\/sv\/nyheter\/sels-medlemsavgift-bibehalls-pa-samma-niva\/#breadcrumb\"},\"inLanguage\":\"sv-SE\",\"potentialAction\":[{\"@type\":\"ReadAction\",\"target\":[\"https:\/\/www.selry.fi\/sv\/nyheter\/sels-medlemsavgift-bibehalls-pa-samma-niva\/\"]}]},{\"@type\":\"BreadcrumbList\",\"@id\":\"https:\/\/www.selry.fi\/sv\/nyheter\/sels-medlemsavgift-bibehalls-pa-samma-niva\/#breadcrumb\",\"itemListElement\":[{\"@type\":\"ListItem\",\"position\":1,\"name\":\"Home\",\"item\":\"https:\/\/www.selry.fi\/sv\/\"},{\"@type\":\"ListItem\",\"position\":2,\"name\":\"SEL:s medlemsavgift bibeh\u00e5lls p\u00e5 samma niv\u00e5\"}]},{\"@type\":\"WebSite\",\"@id\":\"https:\/\/www.selry.fi\/#website\",\"url\":\"https:\/\/www.selry.fi\/\",\"name\":\"Suomen Elintarvikety\u00f6l\u00e4isten Liitto SEL\",\"description\":\"\",\"publisher\":{\"@id\":\"https:\/\/www.selry.fi\/#organization\"},\"inLanguage\":\"sv-SE\"},{\"@type\":\"Organization\",\"@id\":\"https:\/\/www.selry.fi\/#organization\",\"name\":\"Suomen Elintarvikety\u00f6l\u00e4isten Liitto SEL\",\"url\":\"https:\/\/www.selry.fi\/\",\"logo\":{\"@type\":\"ImageObject\",\"inLanguage\":\"sv-SE\",\"@id\":\"https:\/\/www.selry.fi\/#\/schema\/logo\/image\/\",\"url\":\"https:\/\/www.selry.fi\/wp-content\/uploads\/2021\/05\/logo-sel.svg\",\"contentUrl\":\"https:\/\/www.selry.fi\/wp-content\/uploads\/2021\/05\/logo-sel.svg\",\"width\":453,\"height\":135,\"caption\":\"Suomen Elintarvikety\u00f6l\u00e4isten Liitto SEL\"},\"image\":{\"@id\":\"https:\/\/www.selry.fi\/#\/schema\/logo\/image\/\"},\"sameAs\":[\"https:\/\/www.facebook.com\/selry\",\"https:\/\/x.com\/selryfi\"]},{\"@type\":\"Person\",\"@id\":\"https:\/\/www.selry.fi\/#\/schema\/person\/efa23a82d897b720e4b24c9d56a89e6d\",\"name\":\"Liisa Suonsivu\",\"image\":{\"@type\":\"ImageObject\",\"inLanguage\":\"sv-SE\",\"@id\":\"https:\/\/secure.gravatar.com\/avatar\/db21b3a75c0e85060245eace8bfa53a2974b1745f694228722faad33d4d28f94?s=96&d=mm&r=g\",\"url\":\"https:\/\/secure.gravatar.com\/avatar\/db21b3a75c0e85060245eace8bfa53a2974b1745f694228722faad33d4d28f94?s=96&d=mm&r=g\",\"contentUrl\":\"https:\/\/secure.gravatar.com\/avatar\/db21b3a75c0e85060245eace8bfa53a2974b1745f694228722faad33d4d28f94?s=96&d=mm&r=g\",\"caption\":\"Liisa Suonsivu\"}}]}<\/script>\n<!-- \/ Yoast SEO plugin. -->","yoast_head_json":{"title":"SEL:s medlemsavgift bibeh\u00e5lls p\u00e5 samma niv\u00e5","robots":{"index":"index","follow":"follow","max-snippet":"max-snippet:-1","max-image-preview":"max-image-preview:large","max-video-preview":"max-video-preview:-1"},"canonical":"https:\/\/www.selry.fi\/sv\/nyheter\/sels-medlemsavgift-bibehalls-pa-samma-niva\/","og_locale":"sv_SE","og_type":"article","og_title":"SEL:s medlemsavgift bibeh\u00e5lls p\u00e5 samma niv\u00e5","og_description":"SEL:s f\u00f6rbundsfullm\u00e4ktige har beslutat att f\u00f6rbundets medlemsavgift bibeh\u00e5lls p\u00e5 samma niv\u00e5 som tidigare och ocks\u00e5 under \u00e5r 2020 utg\u00f6r 1,6 [\u2026] Lue lis\u00e4\u00e4 &raquo;","og_url":"https:\/\/www.selry.fi\/sv\/nyheter\/sels-medlemsavgift-bibehalls-pa-samma-niva\/","og_site_name":"Suomen Elintarvikety\u00f6l\u00e4isten Liitto SEL","article_publisher":"https:\/\/www.facebook.com\/selry","article_published_time":"2019-12-01T18:18:00+00:00","article_modified_time":"2021-05-27T17:19:21+00:00","og_image":[{"width":1920,"height":1080,"url":"https:\/\/www.selry.fi\/wp-content\/uploads\/2021\/05\/sel-placeholder-image.jpg","type":"image\/jpeg"}],"author":"Liisa Suonsivu","twitter_card":"summary_large_image","twitter_creator":"@selryfi","twitter_site":"@selryfi","schema":{"@context":"https:\/\/schema.org","@graph":[{"@type":"Article","@id":"https:\/\/www.selry.fi\/sv\/nyheter\/sels-medlemsavgift-bibehalls-pa-samma-niva\/#article","isPartOf":{"@id":"https:\/\/www.selry.fi\/sv\/nyheter\/sels-medlemsavgift-bibehalls-pa-samma-niva\/"},"author":{"name":"Liisa Suonsivu","@id":"https:\/\/www.selry.fi\/#\/schema\/person\/efa23a82d897b720e4b24c9d56a89e6d"},"headline":"SEL:s medlemsavgift bibeh\u00e5lls p\u00e5 samma niv\u00e5","datePublished":"2019-12-01T18:18:00+00:00","dateModified":"2021-05-27T17:19:21+00:00","mainEntityOfPage":{"@id":"https:\/\/www.selry.fi\/sv\/nyheter\/sels-medlemsavgift-bibehalls-pa-samma-niva\/"},"wordCount":394,"publisher":{"@id":"https:\/\/www.selry.fi\/#organization"},"articleSection":["Nyheter"],"inLanguage":"sv-SE"},{"@type":"WebPage","@id":"https:\/\/www.selry.fi\/sv\/nyheter\/sels-medlemsavgift-bibehalls-pa-samma-niva\/","url":"https:\/\/www.selry.fi\/sv\/nyheter\/sels-medlemsavgift-bibehalls-pa-samma-niva\/","name":"SEL:s medlemsavgift bibeh\u00e5lls p\u00e5 samma niv\u00e5","isPartOf":{"@id":"https:\/\/www.selry.fi\/#website"},"datePublished":"2019-12-01T18:18:00+00:00","dateModified":"2021-05-27T17:19:21+00:00","breadcrumb":{"@id":"https:\/\/www.selry.fi\/sv\/nyheter\/sels-medlemsavgift-bibehalls-pa-samma-niva\/#breadcrumb"},"inLanguage":"sv-SE","potentialAction":[{"@type":"ReadAction","target":["https:\/\/www.selry.fi\/sv\/nyheter\/sels-medlemsavgift-bibehalls-pa-samma-niva\/"]}]},{"@type":"BreadcrumbList","@id":"https:\/\/www.selry.fi\/sv\/nyheter\/sels-medlemsavgift-bibehalls-pa-samma-niva\/#breadcrumb","itemListElement":[{"@type":"ListItem","position":1,"name":"Home","item":"https:\/\/www.selry.fi\/sv\/"},{"@type":"ListItem","position":2,"name":"SEL:s medlemsavgift bibeh\u00e5lls p\u00e5 samma niv\u00e5"}]},{"@type":"WebSite","@id":"https:\/\/www.selry.fi\/#website","url":"https:\/\/www.selry.fi\/","name":"Suomen Elintarvikety\u00f6l\u00e4isten Liitto SEL","description":"","publisher":{"@id":"https:\/\/www.selry.fi\/#organization"},"inLanguage":"sv-SE"},{"@type":"Organization","@id":"https:\/\/www.selry.fi\/#organization","name":"Suomen Elintarvikety\u00f6l\u00e4isten Liitto SEL","url":"https:\/\/www.selry.fi\/","logo":{"@type":"ImageObject","inLanguage":"sv-SE","@id":"https:\/\/www.selry.fi\/#\/schema\/logo\/image\/","url":"https:\/\/www.selry.fi\/wp-content\/uploads\/2021\/05\/logo-sel.svg","contentUrl":"https:\/\/www.selry.fi\/wp-content\/uploads\/2021\/05\/logo-sel.svg","width":453,"height":135,"caption":"Suomen Elintarvikety\u00f6l\u00e4isten Liitto SEL"},"image":{"@id":"https:\/\/www.selry.fi\/#\/schema\/logo\/image\/"},"sameAs":["https:\/\/www.facebook.com\/selry","https:\/\/x.com\/selryfi"]},{"@type":"Person","@id":"https:\/\/www.selry.fi\/#\/schema\/person\/efa23a82d897b720e4b24c9d56a89e6d","name":"Liisa Suonsivu","image":{"@type":"ImageObject","inLanguage":"sv-SE","@id":"https:\/\/secure.gravatar.com\/avatar\/db21b3a75c0e85060245eace8bfa53a2974b1745f694228722faad33d4d28f94?s=96&d=mm&r=g","url":"https:\/\/secure.gravatar.com\/avatar\/db21b3a75c0e85060245eace8bfa53a2974b1745f694228722faad33d4d28f94?s=96&d=mm&r=g","contentUrl":"https:\/\/secure.gravatar.com\/avatar\/db21b3a75c0e85060245eace8bfa53a2974b1745f694228722faad33d4d28f94?s=96&d=mm&r=g","caption":"Liisa Suonsivu"}}]}},"_links":{"self":[{"href":"https:\/\/www.selry.fi\/sv\/wp-json\/wp\/v2\/posts\/2364","targetHints":{"allow":["GET"]}}],"collection":[{"href":"https:\/\/www.selry.fi\/sv\/wp-json\/wp\/v2\/posts"}],"about":[{"href":"https:\/\/www.selry.fi\/sv\/wp-json\/wp\/v2\/types\/post"}],"author":[{"embeddable":true,"href":"https:\/\/www.selry.fi\/sv\/wp-json\/wp\/v2\/users\/7"}],"replies":[{"embeddable":true,"href":"https:\/\/www.selry.fi\/sv\/wp-json\/wp\/v2\/comments?post=2364"}],"version-history":[{"count":0,"href":"https:\/\/www.selry.fi\/sv\/wp-json\/wp\/v2\/posts\/2364\/revisions"}],"wp:attachment":[{"href":"https:\/\/www.selry.fi\/sv\/wp-json\/wp\/v2\/media?parent=2364"}],"wp:term":[{"taxonomy":"category","embeddable":true,"href":"https:\/\/www.selry.fi\/sv\/wp-json\/wp\/v2\/categories?post=2364"},{"taxonomy":"post_tag","embeddable":true,"href":"https:\/\/www.selry.fi\/sv\/wp-json\/wp\/v2\/tags?post=2364"}],"curies":[{"name":"wp","href":"https:\/\/api.w.org\/{rel}","templated":true}]}}