{"id":2361,"date":"2019-11-20T20:18:00","date_gmt":"2019-11-20T18:18:00","guid":{"rendered":"https:\/\/www.selry.fi\/?p=2361"},"modified":"2021-05-27T20:18:50","modified_gmt":"2021-05-27T17:18:50","slug":"sel-stoder-pau-genom-behandlingsforbud-pa-livsmedelssektorns-arbetsplatser","status":"publish","type":"post","link":"https:\/\/www.selry.fi\/sv\/nyheter\/sel-stoder-pau-genom-behandlingsforbud-pa-livsmedelssektorns-arbetsplatser\/","title":{"rendered":"SEL st\u00f6der PAU genom behandlingsf\u00f6rbud p\u00e5 livsmedelssektorns arbetsplatser"},"content":{"rendered":"\n<p>SEL st\u00f6der Post- och Logistikunion PAU i dess avtalsf\u00f6rhandlingar genom behandlingsf\u00f6rbud som inleds fredagen 22. november 2019 klockan 00.00 och slutar s\u00f6ndagen 9. december 2019 klockan 24.00.<\/p>\n\n\n\n<p>SEL:s behandlingsf\u00f6rbud betyder, att man inte samlar, lastar eller avlastar de transporter som sk\u00f6ts av Postens egna bilar eller genom underleverans.<\/p>\n\n\n\n<p>F\u00f6rbudet g\u00e4ller alla Posti AB:s, Posti Palvelut AB:s och Postikuljetus AB:s och Transval Group:s transporter, inkluderande dotterbolag.&nbsp;<\/p>\n\n\n\n<p>&#8211; Vi vill genom v\u00e5ra sympati\u00e5tg\u00e4rder st\u00f6da PAU och dess medlemmar samt de Postens arbetare som k\u00e4mpar mot de av arbertsgivarna presenterade fullst\u00e4ndigt odimensionella f\u00f6rs\u00e4mringar f\u00f6r l\u00e5gavl\u00f6nade och f\u00f6rs\u00e4mringar av andra arbetsvillkoren, konstaterar SEL:s ordf\u00f6rande Veli-Matti Kuntonen.<\/p>\n\n\n\n<p>Behandlingsf\u00f6rbudet \u00e4r en av f\u00f6rbundet utlyst lagenligt konflikt\u00e5tg\u00e4rd.&nbsp;<\/p>\n\n\n\n<p>Deltagande i \u00e5tg\u00e4rderna kan det kan inte orsaka n\u00e5gra som hellst f\u00f6ljdeverknigar \u00e5t enskild arbetstagare.&nbsp;<\/p>\n\n\n\n<p>Om arbetsgivaren slutar utbetala l\u00f6n, helt eller delvis, s\u00e5 betalar SEL ut strejkunderst\u00f6d till sina medlemmar.<\/p>\n\n\n\n<p>Strejkunderst\u00f6d s\u00f6ks genom SEL:s eTj\u00e4nst, genom&nbsp;<a href=\"http:\/\/www.selry.fi\/easiointi\">www.selry.fi\/easiointi<\/a><\/p>\n\n\n\n<p>Ytterligare information om hur ans\u00f6ka st\u00f6d, meddelas senare.<\/p>\n\n\n\n<p>Om du har fr\u00e5gor g\u00e4llande f\u00f6rbudet, s\u00e5 kan du vara i kontakt med din arbetsplats f\u00f6rtroendeman eller SEL:s distriktsekreterare.&nbsp;<\/p>\n\n\n\n<p>Till\u00e4ggsinformation: SEL:s f\u00f6rbundsekreterare Henri Lindholm, tel. 040 759 6568.<\/p>\n","protected":false},"excerpt":{"rendered":"<p>SEL st\u00f6der Post- och Logistikunion PAU i dess avtalsf\u00f6rhandlingar genom behandlingsf\u00f6rbud som inleds fredagen 22. november 2019 klockan 00.00 och [\u2026] <a href=\"https:\/\/www.selry.fi\/sv\/nyheter\/sel-stoder-pau-genom-behandlingsforbud-pa-livsmedelssektorns-arbetsplatser\/\">Lue lis\u00e4\u00e4 &raquo;<\/a><\/p>\n","protected":false},"author":7,"featured_media":0,"comment_status":"closed","ping_status":"closed","sticky":false,"template":"","format":"standard","meta":{"_acf_changed":false,"footnotes":""},"categories":[26],"tags":[],"class_list":["post-2361","post","type-post","status-publish","format-standard","hentry","category-nyheter"],"acf":[],"yoast_head":"<!-- This site is optimized with the Yoast SEO plugin v27.2 - https:\/\/yoast.com\/product\/yoast-seo-wordpress\/ -->\n<title>SEL st\u00f6der PAU genom behandlingsf\u00f6rbud p\u00e5 livsmedelssektorns arbetsplatser<\/title>\n<meta name=\"robots\" content=\"index, follow, max-snippet:-1, max-image-preview:large, max-video-preview:-1\" \/>\n<link rel=\"canonical\" href=\"https:\/\/www.selry.fi\/sv\/nyheter\/sel-stoder-pau-genom-behandlingsforbud-pa-livsmedelssektorns-arbetsplatser\/\" \/>\n<meta property=\"og:locale\" content=\"sv_SE\" \/>\n<meta property=\"og:type\" content=\"article\" \/>\n<meta property=\"og:title\" content=\"SEL st\u00f6der PAU genom behandlingsf\u00f6rbud p\u00e5 livsmedelssektorns arbetsplatser\" \/>\n<meta property=\"og:description\" content=\"SEL st\u00f6der Post- och Logistikunion PAU i dess avtalsf\u00f6rhandlingar genom behandlingsf\u00f6rbud som inleds fredagen 22. november 2019 klockan 00.00 och [\u2026] Lue lis\u00e4\u00e4 &raquo;\" \/>\n<meta property=\"og:url\" content=\"https:\/\/www.selry.fi\/sv\/nyheter\/sel-stoder-pau-genom-behandlingsforbud-pa-livsmedelssektorns-arbetsplatser\/\" \/>\n<meta property=\"og:site_name\" content=\"Suomen Elintarvikety\u00f6l\u00e4isten Liitto SEL\" \/>\n<meta property=\"article:publisher\" content=\"https:\/\/www.facebook.com\/selry\" \/>\n<meta property=\"article:published_time\" content=\"2019-11-20T18:18:00+00:00\" \/>\n<meta property=\"article:modified_time\" content=\"2021-05-27T17:18:50+00:00\" \/>\n<meta property=\"og:image\" content=\"https:\/\/www.selry.fi\/wp-content\/uploads\/2021\/05\/sel-placeholder-image.jpg\" \/>\n\t<meta property=\"og:image:width\" content=\"1920\" \/>\n\t<meta property=\"og:image:height\" content=\"1080\" \/>\n\t<meta property=\"og:image:type\" content=\"image\/jpeg\" \/>\n<meta name=\"author\" content=\"Liisa Suonsivu\" \/>\n<meta name=\"twitter:card\" content=\"summary_large_image\" \/>\n<meta name=\"twitter:creator\" content=\"@selryfi\" \/>\n<meta name=\"twitter:site\" content=\"@selryfi\" \/>\n<script type=\"application\/ld+json\" class=\"yoast-schema-graph\">{\"@context\":\"https:\/\/schema.org\",\"@graph\":[{\"@type\":\"Article\",\"@id\":\"https:\/\/www.selry.fi\/sv\/nyheter\/sel-stoder-pau-genom-behandlingsforbud-pa-livsmedelssektorns-arbetsplatser\/#article\",\"isPartOf\":{\"@id\":\"https:\/\/www.selry.fi\/sv\/nyheter\/sel-stoder-pau-genom-behandlingsforbud-pa-livsmedelssektorns-arbetsplatser\/\"},\"author\":{\"name\":\"Liisa Suonsivu\",\"@id\":\"https:\/\/www.selry.fi\/#\/schema\/person\/efa23a82d897b720e4b24c9d56a89e6d\"},\"headline\":\"SEL st\u00f6der PAU genom behandlingsf\u00f6rbud p\u00e5 livsmedelssektorns arbetsplatser\",\"datePublished\":\"2019-11-20T18:18:00+00:00\",\"dateModified\":\"2021-05-27T17:18:50+00:00\",\"mainEntityOfPage\":{\"@id\":\"https:\/\/www.selry.fi\/sv\/nyheter\/sel-stoder-pau-genom-behandlingsforbud-pa-livsmedelssektorns-arbetsplatser\/\"},\"wordCount\":244,\"publisher\":{\"@id\":\"https:\/\/www.selry.fi\/#organization\"},\"articleSection\":[\"Nyheter\"],\"inLanguage\":\"sv-SE\"},{\"@type\":\"WebPage\",\"@id\":\"https:\/\/www.selry.fi\/sv\/nyheter\/sel-stoder-pau-genom-behandlingsforbud-pa-livsmedelssektorns-arbetsplatser\/\",\"url\":\"https:\/\/www.selry.fi\/sv\/nyheter\/sel-stoder-pau-genom-behandlingsforbud-pa-livsmedelssektorns-arbetsplatser\/\",\"name\":\"SEL st\u00f6der PAU genom behandlingsf\u00f6rbud p\u00e5 livsmedelssektorns arbetsplatser\",\"isPartOf\":{\"@id\":\"https:\/\/www.selry.fi\/#website\"},\"datePublished\":\"2019-11-20T18:18:00+00:00\",\"dateModified\":\"2021-05-27T17:18:50+00:00\",\"breadcrumb\":{\"@id\":\"https:\/\/www.selry.fi\/sv\/nyheter\/sel-stoder-pau-genom-behandlingsforbud-pa-livsmedelssektorns-arbetsplatser\/#breadcrumb\"},\"inLanguage\":\"sv-SE\",\"potentialAction\":[{\"@type\":\"ReadAction\",\"target\":[\"https:\/\/www.selry.fi\/sv\/nyheter\/sel-stoder-pau-genom-behandlingsforbud-pa-livsmedelssektorns-arbetsplatser\/\"]}]},{\"@type\":\"BreadcrumbList\",\"@id\":\"https:\/\/www.selry.fi\/sv\/nyheter\/sel-stoder-pau-genom-behandlingsforbud-pa-livsmedelssektorns-arbetsplatser\/#breadcrumb\",\"itemListElement\":[{\"@type\":\"ListItem\",\"position\":1,\"name\":\"Home\",\"item\":\"https:\/\/www.selry.fi\/sv\/\"},{\"@type\":\"ListItem\",\"position\":2,\"name\":\"SEL st\u00f6der PAU genom behandlingsf\u00f6rbud p\u00e5 livsmedelssektorns arbetsplatser\"}]},{\"@type\":\"WebSite\",\"@id\":\"https:\/\/www.selry.fi\/#website\",\"url\":\"https:\/\/www.selry.fi\/\",\"name\":\"Suomen Elintarvikety\u00f6l\u00e4isten Liitto SEL\",\"description\":\"\",\"publisher\":{\"@id\":\"https:\/\/www.selry.fi\/#organization\"},\"inLanguage\":\"sv-SE\"},{\"@type\":\"Organization\",\"@id\":\"https:\/\/www.selry.fi\/#organization\",\"name\":\"Suomen Elintarvikety\u00f6l\u00e4isten Liitto SEL\",\"url\":\"https:\/\/www.selry.fi\/\",\"logo\":{\"@type\":\"ImageObject\",\"inLanguage\":\"sv-SE\",\"@id\":\"https:\/\/www.selry.fi\/#\/schema\/logo\/image\/\",\"url\":\"https:\/\/www.selry.fi\/wp-content\/uploads\/2021\/05\/logo-sel.svg\",\"contentUrl\":\"https:\/\/www.selry.fi\/wp-content\/uploads\/2021\/05\/logo-sel.svg\",\"width\":453,\"height\":135,\"caption\":\"Suomen Elintarvikety\u00f6l\u00e4isten Liitto SEL\"},\"image\":{\"@id\":\"https:\/\/www.selry.fi\/#\/schema\/logo\/image\/\"},\"sameAs\":[\"https:\/\/www.facebook.com\/selry\",\"https:\/\/x.com\/selryfi\"]},{\"@type\":\"Person\",\"@id\":\"https:\/\/www.selry.fi\/#\/schema\/person\/efa23a82d897b720e4b24c9d56a89e6d\",\"name\":\"Liisa Suonsivu\",\"image\":{\"@type\":\"ImageObject\",\"inLanguage\":\"sv-SE\",\"@id\":\"https:\/\/secure.gravatar.com\/avatar\/db21b3a75c0e85060245eace8bfa53a2974b1745f694228722faad33d4d28f94?s=96&d=mm&r=g\",\"url\":\"https:\/\/secure.gravatar.com\/avatar\/db21b3a75c0e85060245eace8bfa53a2974b1745f694228722faad33d4d28f94?s=96&d=mm&r=g\",\"contentUrl\":\"https:\/\/secure.gravatar.com\/avatar\/db21b3a75c0e85060245eace8bfa53a2974b1745f694228722faad33d4d28f94?s=96&d=mm&r=g\",\"caption\":\"Liisa Suonsivu\"}}]}<\/script>\n<!-- \/ Yoast SEO plugin. -->","yoast_head_json":{"title":"SEL st\u00f6der PAU genom behandlingsf\u00f6rbud p\u00e5 livsmedelssektorns arbetsplatser","robots":{"index":"index","follow":"follow","max-snippet":"max-snippet:-1","max-image-preview":"max-image-preview:large","max-video-preview":"max-video-preview:-1"},"canonical":"https:\/\/www.selry.fi\/sv\/nyheter\/sel-stoder-pau-genom-behandlingsforbud-pa-livsmedelssektorns-arbetsplatser\/","og_locale":"sv_SE","og_type":"article","og_title":"SEL st\u00f6der PAU genom behandlingsf\u00f6rbud p\u00e5 livsmedelssektorns arbetsplatser","og_description":"SEL st\u00f6der Post- och Logistikunion PAU i dess avtalsf\u00f6rhandlingar genom behandlingsf\u00f6rbud som inleds fredagen 22. november 2019 klockan 00.00 och [\u2026] Lue lis\u00e4\u00e4 &raquo;","og_url":"https:\/\/www.selry.fi\/sv\/nyheter\/sel-stoder-pau-genom-behandlingsforbud-pa-livsmedelssektorns-arbetsplatser\/","og_site_name":"Suomen Elintarvikety\u00f6l\u00e4isten Liitto SEL","article_publisher":"https:\/\/www.facebook.com\/selry","article_published_time":"2019-11-20T18:18:00+00:00","article_modified_time":"2021-05-27T17:18:50+00:00","og_image":[{"width":1920,"height":1080,"url":"https:\/\/www.selry.fi\/wp-content\/uploads\/2021\/05\/sel-placeholder-image.jpg","type":"image\/jpeg"}],"author":"Liisa Suonsivu","twitter_card":"summary_large_image","twitter_creator":"@selryfi","twitter_site":"@selryfi","schema":{"@context":"https:\/\/schema.org","@graph":[{"@type":"Article","@id":"https:\/\/www.selry.fi\/sv\/nyheter\/sel-stoder-pau-genom-behandlingsforbud-pa-livsmedelssektorns-arbetsplatser\/#article","isPartOf":{"@id":"https:\/\/www.selry.fi\/sv\/nyheter\/sel-stoder-pau-genom-behandlingsforbud-pa-livsmedelssektorns-arbetsplatser\/"},"author":{"name":"Liisa Suonsivu","@id":"https:\/\/www.selry.fi\/#\/schema\/person\/efa23a82d897b720e4b24c9d56a89e6d"},"headline":"SEL st\u00f6der PAU genom behandlingsf\u00f6rbud p\u00e5 livsmedelssektorns arbetsplatser","datePublished":"2019-11-20T18:18:00+00:00","dateModified":"2021-05-27T17:18:50+00:00","mainEntityOfPage":{"@id":"https:\/\/www.selry.fi\/sv\/nyheter\/sel-stoder-pau-genom-behandlingsforbud-pa-livsmedelssektorns-arbetsplatser\/"},"wordCount":244,"publisher":{"@id":"https:\/\/www.selry.fi\/#organization"},"articleSection":["Nyheter"],"inLanguage":"sv-SE"},{"@type":"WebPage","@id":"https:\/\/www.selry.fi\/sv\/nyheter\/sel-stoder-pau-genom-behandlingsforbud-pa-livsmedelssektorns-arbetsplatser\/","url":"https:\/\/www.selry.fi\/sv\/nyheter\/sel-stoder-pau-genom-behandlingsforbud-pa-livsmedelssektorns-arbetsplatser\/","name":"SEL st\u00f6der PAU genom behandlingsf\u00f6rbud p\u00e5 livsmedelssektorns arbetsplatser","isPartOf":{"@id":"https:\/\/www.selry.fi\/#website"},"datePublished":"2019-11-20T18:18:00+00:00","dateModified":"2021-05-27T17:18:50+00:00","breadcrumb":{"@id":"https:\/\/www.selry.fi\/sv\/nyheter\/sel-stoder-pau-genom-behandlingsforbud-pa-livsmedelssektorns-arbetsplatser\/#breadcrumb"},"inLanguage":"sv-SE","potentialAction":[{"@type":"ReadAction","target":["https:\/\/www.selry.fi\/sv\/nyheter\/sel-stoder-pau-genom-behandlingsforbud-pa-livsmedelssektorns-arbetsplatser\/"]}]},{"@type":"BreadcrumbList","@id":"https:\/\/www.selry.fi\/sv\/nyheter\/sel-stoder-pau-genom-behandlingsforbud-pa-livsmedelssektorns-arbetsplatser\/#breadcrumb","itemListElement":[{"@type":"ListItem","position":1,"name":"Home","item":"https:\/\/www.selry.fi\/sv\/"},{"@type":"ListItem","position":2,"name":"SEL st\u00f6der PAU genom behandlingsf\u00f6rbud p\u00e5 livsmedelssektorns arbetsplatser"}]},{"@type":"WebSite","@id":"https:\/\/www.selry.fi\/#website","url":"https:\/\/www.selry.fi\/","name":"Suomen Elintarvikety\u00f6l\u00e4isten Liitto SEL","description":"","publisher":{"@id":"https:\/\/www.selry.fi\/#organization"},"inLanguage":"sv-SE"},{"@type":"Organization","@id":"https:\/\/www.selry.fi\/#organization","name":"Suomen Elintarvikety\u00f6l\u00e4isten Liitto SEL","url":"https:\/\/www.selry.fi\/","logo":{"@type":"ImageObject","inLanguage":"sv-SE","@id":"https:\/\/www.selry.fi\/#\/schema\/logo\/image\/","url":"https:\/\/www.selry.fi\/wp-content\/uploads\/2021\/05\/logo-sel.svg","contentUrl":"https:\/\/www.selry.fi\/wp-content\/uploads\/2021\/05\/logo-sel.svg","width":453,"height":135,"caption":"Suomen Elintarvikety\u00f6l\u00e4isten Liitto SEL"},"image":{"@id":"https:\/\/www.selry.fi\/#\/schema\/logo\/image\/"},"sameAs":["https:\/\/www.facebook.com\/selry","https:\/\/x.com\/selryfi"]},{"@type":"Person","@id":"https:\/\/www.selry.fi\/#\/schema\/person\/efa23a82d897b720e4b24c9d56a89e6d","name":"Liisa Suonsivu","image":{"@type":"ImageObject","inLanguage":"sv-SE","@id":"https:\/\/secure.gravatar.com\/avatar\/db21b3a75c0e85060245eace8bfa53a2974b1745f694228722faad33d4d28f94?s=96&d=mm&r=g","url":"https:\/\/secure.gravatar.com\/avatar\/db21b3a75c0e85060245eace8bfa53a2974b1745f694228722faad33d4d28f94?s=96&d=mm&r=g","contentUrl":"https:\/\/secure.gravatar.com\/avatar\/db21b3a75c0e85060245eace8bfa53a2974b1745f694228722faad33d4d28f94?s=96&d=mm&r=g","caption":"Liisa Suonsivu"}}]}},"_links":{"self":[{"href":"https:\/\/www.selry.fi\/sv\/wp-json\/wp\/v2\/posts\/2361","targetHints":{"allow":["GET"]}}],"collection":[{"href":"https:\/\/www.selry.fi\/sv\/wp-json\/wp\/v2\/posts"}],"about":[{"href":"https:\/\/www.selry.fi\/sv\/wp-json\/wp\/v2\/types\/post"}],"author":[{"embeddable":true,"href":"https:\/\/www.selry.fi\/sv\/wp-json\/wp\/v2\/users\/7"}],"replies":[{"embeddable":true,"href":"https:\/\/www.selry.fi\/sv\/wp-json\/wp\/v2\/comments?post=2361"}],"version-history":[{"count":0,"href":"https:\/\/www.selry.fi\/sv\/wp-json\/wp\/v2\/posts\/2361\/revisions"}],"wp:attachment":[{"href":"https:\/\/www.selry.fi\/sv\/wp-json\/wp\/v2\/media?parent=2361"}],"wp:term":[{"taxonomy":"category","embeddable":true,"href":"https:\/\/www.selry.fi\/sv\/wp-json\/wp\/v2\/categories?post=2361"},{"taxonomy":"post_tag","embeddable":true,"href":"https:\/\/www.selry.fi\/sv\/wp-json\/wp\/v2\/tags?post=2361"}],"curies":[{"name":"wp","href":"https:\/\/api.w.org\/{rel}","templated":true}]}}