{"id":2358,"date":"2019-09-12T20:17:00","date_gmt":"2019-09-12T17:17:00","guid":{"rendered":"https:\/\/www.selry.fi\/?p=2358"},"modified":"2021-05-27T20:18:12","modified_gmt":"2021-05-27T17:18:12","slug":"nordiska-unionen-lonebildning-ar-inte-en-fraga-for-eu","status":"publish","type":"post","link":"https:\/\/www.selry.fi\/sv\/nyheter\/nordiska-unionen-lonebildning-ar-inte-en-fraga-for-eu\/","title":{"rendered":"Nordiska unionen: L\u00f6nebildning \u00e4r inte en fr\u00e5ga f\u00f6r EU"},"content":{"rendered":"\n<p>EU:s kommande ordf\u00f6rande, Ursula Von Der Leyen, har f\u00f6rklarat sin vilja att uppr\u00e4tta en europeisk minimil\u00f6n. Von Der Leyen f\u00f6rv\u00e4ntas tilltr\u00e4da som ordf\u00f6rande den 1 november 2019 och str\u00e4var efter att l\u00e4gga fram ett konkret f\u00f6rslag inom 100 dagar.<br><br>F\u00f6rutom att det \u00e4r of\u00f6renligt med EU-f\u00f6rdragets artikel 153 d\u00e4r det st\u00e5r att EU inte ska l\u00e4gga sig l\u00f6nebildningen i enskilda l\u00e4nder \u00e4r det dessutom helt fel v\u00e4g att g\u00e5.<br><br>I den nordiska modellen regleras arbetsmarknaden huvudsakligen genom kollektivavtal mellan arbetsmarknadens parter och har bidragit till h\u00f6g syssels\u00e4ttning, j\u00e4mst\u00e4lldhet och en relativt sett h\u00f6g v\u00e4lf\u00e4rdsniv\u00e5.<br><br>2017 undertecknade Europaparlamentet, ministerr\u00e5det och Europeiska kommissionen \u201d20 principer i den europeiska pelaren f\u00f6r sociala r\u00e4ttigheter\u201d. Dess inneh\u00e5ll ger st\u00f6d f\u00f6r den nordiska modellen f\u00f6r arbetsmarknaden. I pelaren f\u00f6r sociala r\u00e4ttigheter skriver EU att anst\u00e4ndiga l\u00f6ner, goda arbetsvillkor och kontinuerlig kompetensutveckling beh\u00f6vs f\u00f6r en h\u00e5llbar och inkluderande tillv\u00e4xt. Det framg\u00e5r ocks\u00e5 att starka och sj\u00e4lvst\u00e4ndiga parter p\u00e5 arbetsmarknaden \u00e4r en f\u00f6ruts\u00e4ttning f\u00f6r detta.<\/p>\n\n\n\n<p>De nordiska livsmedelsarbetaref\u00f6rbunden st\u00f6der andra l\u00e4nders val av nationella arbetsmarknadsmodeller inklusive deras val av nationella modeller f\u00f6r minimil\u00f6ner. Men vi \u00e4r starkt emot att EU l\u00e4gger sig i l\u00f6nebildning som \u00e4r och m\u00e5ste vara en nationell angel\u00e4genhet. Lagstadgade minimil\u00f6ner hotar den framg\u00e5ngsrika nordiska modellen och vi uppmanar d\u00e4rf\u00f6r v\u00e5ra l\u00e4nders ledam\u00f6ter i EU-kommissionen att agera s\u00e5 att detta inte inf\u00f6rs.<br><br>De nordiska livsmedelsarbetaref\u00f6rbunden vill se en utveckling d\u00e4r kollektiva f\u00f6rhandlingar mellan parterna st\u00e4rks och d\u00e4r l\u00f6nebildningen fortsatt \u00e4r en nationell angel\u00e4genhet.<br><br><br><em>Uttalande av Nordiska unionen av livsmedelsarbetaref\u00f6rbunds kongress 12.9.2019 Majvik, Kyrksl\u00e4tt<\/em><\/p>\n","protected":false},"excerpt":{"rendered":"<p>EU:s kommande ordf\u00f6rande, Ursula Von Der Leyen, har f\u00f6rklarat sin vilja att uppr\u00e4tta en europeisk minimil\u00f6n. Von Der Leyen f\u00f6rv\u00e4ntas [\u2026] <a href=\"https:\/\/www.selry.fi\/sv\/nyheter\/nordiska-unionen-lonebildning-ar-inte-en-fraga-for-eu\/\">Lue lis\u00e4\u00e4 &raquo;<\/a><\/p>\n","protected":false},"author":7,"featured_media":0,"comment_status":"closed","ping_status":"closed","sticky":false,"template":"","format":"standard","meta":{"_acf_changed":false,"footnotes":""},"categories":[26],"tags":[],"class_list":["post-2358","post","type-post","status-publish","format-standard","hentry","category-nyheter"],"acf":[],"yoast_head":"<!-- This site is optimized with the Yoast SEO plugin v27.2 - https:\/\/yoast.com\/product\/yoast-seo-wordpress\/ -->\n<title>Nordiska unionen: L\u00f6nebildning \u00e4r inte en fr\u00e5ga f\u00f6r EU<\/title>\n<meta name=\"robots\" content=\"index, follow, max-snippet:-1, max-image-preview:large, max-video-preview:-1\" \/>\n<link rel=\"canonical\" href=\"https:\/\/www.selry.fi\/sv\/nyheter\/nordiska-unionen-lonebildning-ar-inte-en-fraga-for-eu\/\" \/>\n<meta property=\"og:locale\" content=\"sv_SE\" \/>\n<meta property=\"og:type\" content=\"article\" \/>\n<meta property=\"og:title\" content=\"Nordiska unionen: L\u00f6nebildning \u00e4r inte en fr\u00e5ga f\u00f6r EU\" \/>\n<meta property=\"og:description\" content=\"EU:s kommande ordf\u00f6rande, Ursula Von Der Leyen, har f\u00f6rklarat sin vilja att uppr\u00e4tta en europeisk minimil\u00f6n. Von Der Leyen f\u00f6rv\u00e4ntas [\u2026] Lue lis\u00e4\u00e4 &raquo;\" \/>\n<meta property=\"og:url\" content=\"https:\/\/www.selry.fi\/sv\/nyheter\/nordiska-unionen-lonebildning-ar-inte-en-fraga-for-eu\/\" \/>\n<meta property=\"og:site_name\" content=\"Suomen Elintarvikety\u00f6l\u00e4isten Liitto SEL\" \/>\n<meta property=\"article:publisher\" content=\"https:\/\/www.facebook.com\/selry\" \/>\n<meta property=\"article:published_time\" content=\"2019-09-12T17:17:00+00:00\" \/>\n<meta property=\"article:modified_time\" content=\"2021-05-27T17:18:12+00:00\" \/>\n<meta property=\"og:image\" content=\"https:\/\/www.selry.fi\/wp-content\/uploads\/2021\/05\/sel-placeholder-image.jpg\" \/>\n\t<meta property=\"og:image:width\" content=\"1920\" \/>\n\t<meta property=\"og:image:height\" content=\"1080\" \/>\n\t<meta property=\"og:image:type\" content=\"image\/jpeg\" \/>\n<meta name=\"author\" content=\"Liisa Suonsivu\" \/>\n<meta name=\"twitter:card\" content=\"summary_large_image\" \/>\n<meta name=\"twitter:creator\" content=\"@selryfi\" \/>\n<meta name=\"twitter:site\" content=\"@selryfi\" \/>\n<script type=\"application\/ld+json\" class=\"yoast-schema-graph\">{\"@context\":\"https:\/\/schema.org\",\"@graph\":[{\"@type\":\"Article\",\"@id\":\"https:\/\/www.selry.fi\/sv\/nyheter\/nordiska-unionen-lonebildning-ar-inte-en-fraga-for-eu\/#article\",\"isPartOf\":{\"@id\":\"https:\/\/www.selry.fi\/sv\/nyheter\/nordiska-unionen-lonebildning-ar-inte-en-fraga-for-eu\/\"},\"author\":{\"name\":\"Liisa Suonsivu\",\"@id\":\"https:\/\/www.selry.fi\/#\/schema\/person\/efa23a82d897b720e4b24c9d56a89e6d\"},\"headline\":\"Nordiska unionen: L\u00f6nebildning \u00e4r inte en fr\u00e5ga f\u00f6r EU\",\"datePublished\":\"2019-09-12T17:17:00+00:00\",\"dateModified\":\"2021-05-27T17:18:12+00:00\",\"mainEntityOfPage\":{\"@id\":\"https:\/\/www.selry.fi\/sv\/nyheter\/nordiska-unionen-lonebildning-ar-inte-en-fraga-for-eu\/\"},\"wordCount\":328,\"publisher\":{\"@id\":\"https:\/\/www.selry.fi\/#organization\"},\"articleSection\":[\"Nyheter\"],\"inLanguage\":\"sv-SE\"},{\"@type\":\"WebPage\",\"@id\":\"https:\/\/www.selry.fi\/sv\/nyheter\/nordiska-unionen-lonebildning-ar-inte-en-fraga-for-eu\/\",\"url\":\"https:\/\/www.selry.fi\/sv\/nyheter\/nordiska-unionen-lonebildning-ar-inte-en-fraga-for-eu\/\",\"name\":\"Nordiska unionen: L\u00f6nebildning \u00e4r inte en fr\u00e5ga f\u00f6r EU\",\"isPartOf\":{\"@id\":\"https:\/\/www.selry.fi\/#website\"},\"datePublished\":\"2019-09-12T17:17:00+00:00\",\"dateModified\":\"2021-05-27T17:18:12+00:00\",\"breadcrumb\":{\"@id\":\"https:\/\/www.selry.fi\/sv\/nyheter\/nordiska-unionen-lonebildning-ar-inte-en-fraga-for-eu\/#breadcrumb\"},\"inLanguage\":\"sv-SE\",\"potentialAction\":[{\"@type\":\"ReadAction\",\"target\":[\"https:\/\/www.selry.fi\/sv\/nyheter\/nordiska-unionen-lonebildning-ar-inte-en-fraga-for-eu\/\"]}]},{\"@type\":\"BreadcrumbList\",\"@id\":\"https:\/\/www.selry.fi\/sv\/nyheter\/nordiska-unionen-lonebildning-ar-inte-en-fraga-for-eu\/#breadcrumb\",\"itemListElement\":[{\"@type\":\"ListItem\",\"position\":1,\"name\":\"Home\",\"item\":\"https:\/\/www.selry.fi\/sv\/\"},{\"@type\":\"ListItem\",\"position\":2,\"name\":\"Nordiska unionen: L\u00f6nebildning \u00e4r inte en fr\u00e5ga f\u00f6r EU\"}]},{\"@type\":\"WebSite\",\"@id\":\"https:\/\/www.selry.fi\/#website\",\"url\":\"https:\/\/www.selry.fi\/\",\"name\":\"Suomen Elintarvikety\u00f6l\u00e4isten Liitto SEL\",\"description\":\"\",\"publisher\":{\"@id\":\"https:\/\/www.selry.fi\/#organization\"},\"inLanguage\":\"sv-SE\"},{\"@type\":\"Organization\",\"@id\":\"https:\/\/www.selry.fi\/#organization\",\"name\":\"Suomen Elintarvikety\u00f6l\u00e4isten Liitto SEL\",\"url\":\"https:\/\/www.selry.fi\/\",\"logo\":{\"@type\":\"ImageObject\",\"inLanguage\":\"sv-SE\",\"@id\":\"https:\/\/www.selry.fi\/#\/schema\/logo\/image\/\",\"url\":\"https:\/\/www.selry.fi\/wp-content\/uploads\/2021\/05\/logo-sel.svg\",\"contentUrl\":\"https:\/\/www.selry.fi\/wp-content\/uploads\/2021\/05\/logo-sel.svg\",\"width\":453,\"height\":135,\"caption\":\"Suomen Elintarvikety\u00f6l\u00e4isten Liitto SEL\"},\"image\":{\"@id\":\"https:\/\/www.selry.fi\/#\/schema\/logo\/image\/\"},\"sameAs\":[\"https:\/\/www.facebook.com\/selry\",\"https:\/\/x.com\/selryfi\"]},{\"@type\":\"Person\",\"@id\":\"https:\/\/www.selry.fi\/#\/schema\/person\/efa23a82d897b720e4b24c9d56a89e6d\",\"name\":\"Liisa Suonsivu\",\"image\":{\"@type\":\"ImageObject\",\"inLanguage\":\"sv-SE\",\"@id\":\"https:\/\/secure.gravatar.com\/avatar\/db21b3a75c0e85060245eace8bfa53a2974b1745f694228722faad33d4d28f94?s=96&d=mm&r=g\",\"url\":\"https:\/\/secure.gravatar.com\/avatar\/db21b3a75c0e85060245eace8bfa53a2974b1745f694228722faad33d4d28f94?s=96&d=mm&r=g\",\"contentUrl\":\"https:\/\/secure.gravatar.com\/avatar\/db21b3a75c0e85060245eace8bfa53a2974b1745f694228722faad33d4d28f94?s=96&d=mm&r=g\",\"caption\":\"Liisa Suonsivu\"}}]}<\/script>\n<!-- \/ Yoast SEO plugin. -->","yoast_head_json":{"title":"Nordiska unionen: L\u00f6nebildning \u00e4r inte en fr\u00e5ga f\u00f6r EU","robots":{"index":"index","follow":"follow","max-snippet":"max-snippet:-1","max-image-preview":"max-image-preview:large","max-video-preview":"max-video-preview:-1"},"canonical":"https:\/\/www.selry.fi\/sv\/nyheter\/nordiska-unionen-lonebildning-ar-inte-en-fraga-for-eu\/","og_locale":"sv_SE","og_type":"article","og_title":"Nordiska unionen: L\u00f6nebildning \u00e4r inte en fr\u00e5ga f\u00f6r EU","og_description":"EU:s kommande ordf\u00f6rande, Ursula Von Der Leyen, har f\u00f6rklarat sin vilja att uppr\u00e4tta en europeisk minimil\u00f6n. Von Der Leyen f\u00f6rv\u00e4ntas [\u2026] Lue lis\u00e4\u00e4 &raquo;","og_url":"https:\/\/www.selry.fi\/sv\/nyheter\/nordiska-unionen-lonebildning-ar-inte-en-fraga-for-eu\/","og_site_name":"Suomen Elintarvikety\u00f6l\u00e4isten Liitto SEL","article_publisher":"https:\/\/www.facebook.com\/selry","article_published_time":"2019-09-12T17:17:00+00:00","article_modified_time":"2021-05-27T17:18:12+00:00","og_image":[{"width":1920,"height":1080,"url":"https:\/\/www.selry.fi\/wp-content\/uploads\/2021\/05\/sel-placeholder-image.jpg","type":"image\/jpeg"}],"author":"Liisa Suonsivu","twitter_card":"summary_large_image","twitter_creator":"@selryfi","twitter_site":"@selryfi","schema":{"@context":"https:\/\/schema.org","@graph":[{"@type":"Article","@id":"https:\/\/www.selry.fi\/sv\/nyheter\/nordiska-unionen-lonebildning-ar-inte-en-fraga-for-eu\/#article","isPartOf":{"@id":"https:\/\/www.selry.fi\/sv\/nyheter\/nordiska-unionen-lonebildning-ar-inte-en-fraga-for-eu\/"},"author":{"name":"Liisa Suonsivu","@id":"https:\/\/www.selry.fi\/#\/schema\/person\/efa23a82d897b720e4b24c9d56a89e6d"},"headline":"Nordiska unionen: L\u00f6nebildning \u00e4r inte en fr\u00e5ga f\u00f6r EU","datePublished":"2019-09-12T17:17:00+00:00","dateModified":"2021-05-27T17:18:12+00:00","mainEntityOfPage":{"@id":"https:\/\/www.selry.fi\/sv\/nyheter\/nordiska-unionen-lonebildning-ar-inte-en-fraga-for-eu\/"},"wordCount":328,"publisher":{"@id":"https:\/\/www.selry.fi\/#organization"},"articleSection":["Nyheter"],"inLanguage":"sv-SE"},{"@type":"WebPage","@id":"https:\/\/www.selry.fi\/sv\/nyheter\/nordiska-unionen-lonebildning-ar-inte-en-fraga-for-eu\/","url":"https:\/\/www.selry.fi\/sv\/nyheter\/nordiska-unionen-lonebildning-ar-inte-en-fraga-for-eu\/","name":"Nordiska unionen: L\u00f6nebildning \u00e4r inte en fr\u00e5ga f\u00f6r EU","isPartOf":{"@id":"https:\/\/www.selry.fi\/#website"},"datePublished":"2019-09-12T17:17:00+00:00","dateModified":"2021-05-27T17:18:12+00:00","breadcrumb":{"@id":"https:\/\/www.selry.fi\/sv\/nyheter\/nordiska-unionen-lonebildning-ar-inte-en-fraga-for-eu\/#breadcrumb"},"inLanguage":"sv-SE","potentialAction":[{"@type":"ReadAction","target":["https:\/\/www.selry.fi\/sv\/nyheter\/nordiska-unionen-lonebildning-ar-inte-en-fraga-for-eu\/"]}]},{"@type":"BreadcrumbList","@id":"https:\/\/www.selry.fi\/sv\/nyheter\/nordiska-unionen-lonebildning-ar-inte-en-fraga-for-eu\/#breadcrumb","itemListElement":[{"@type":"ListItem","position":1,"name":"Home","item":"https:\/\/www.selry.fi\/sv\/"},{"@type":"ListItem","position":2,"name":"Nordiska unionen: L\u00f6nebildning \u00e4r inte en fr\u00e5ga f\u00f6r EU"}]},{"@type":"WebSite","@id":"https:\/\/www.selry.fi\/#website","url":"https:\/\/www.selry.fi\/","name":"Suomen Elintarvikety\u00f6l\u00e4isten Liitto SEL","description":"","publisher":{"@id":"https:\/\/www.selry.fi\/#organization"},"inLanguage":"sv-SE"},{"@type":"Organization","@id":"https:\/\/www.selry.fi\/#organization","name":"Suomen Elintarvikety\u00f6l\u00e4isten Liitto SEL","url":"https:\/\/www.selry.fi\/","logo":{"@type":"ImageObject","inLanguage":"sv-SE","@id":"https:\/\/www.selry.fi\/#\/schema\/logo\/image\/","url":"https:\/\/www.selry.fi\/wp-content\/uploads\/2021\/05\/logo-sel.svg","contentUrl":"https:\/\/www.selry.fi\/wp-content\/uploads\/2021\/05\/logo-sel.svg","width":453,"height":135,"caption":"Suomen Elintarvikety\u00f6l\u00e4isten Liitto SEL"},"image":{"@id":"https:\/\/www.selry.fi\/#\/schema\/logo\/image\/"},"sameAs":["https:\/\/www.facebook.com\/selry","https:\/\/x.com\/selryfi"]},{"@type":"Person","@id":"https:\/\/www.selry.fi\/#\/schema\/person\/efa23a82d897b720e4b24c9d56a89e6d","name":"Liisa Suonsivu","image":{"@type":"ImageObject","inLanguage":"sv-SE","@id":"https:\/\/secure.gravatar.com\/avatar\/db21b3a75c0e85060245eace8bfa53a2974b1745f694228722faad33d4d28f94?s=96&d=mm&r=g","url":"https:\/\/secure.gravatar.com\/avatar\/db21b3a75c0e85060245eace8bfa53a2974b1745f694228722faad33d4d28f94?s=96&d=mm&r=g","contentUrl":"https:\/\/secure.gravatar.com\/avatar\/db21b3a75c0e85060245eace8bfa53a2974b1745f694228722faad33d4d28f94?s=96&d=mm&r=g","caption":"Liisa Suonsivu"}}]}},"_links":{"self":[{"href":"https:\/\/www.selry.fi\/sv\/wp-json\/wp\/v2\/posts\/2358","targetHints":{"allow":["GET"]}}],"collection":[{"href":"https:\/\/www.selry.fi\/sv\/wp-json\/wp\/v2\/posts"}],"about":[{"href":"https:\/\/www.selry.fi\/sv\/wp-json\/wp\/v2\/types\/post"}],"author":[{"embeddable":true,"href":"https:\/\/www.selry.fi\/sv\/wp-json\/wp\/v2\/users\/7"}],"replies":[{"embeddable":true,"href":"https:\/\/www.selry.fi\/sv\/wp-json\/wp\/v2\/comments?post=2358"}],"version-history":[{"count":0,"href":"https:\/\/www.selry.fi\/sv\/wp-json\/wp\/v2\/posts\/2358\/revisions"}],"wp:attachment":[{"href":"https:\/\/www.selry.fi\/sv\/wp-json\/wp\/v2\/media?parent=2358"}],"wp:term":[{"taxonomy":"category","embeddable":true,"href":"https:\/\/www.selry.fi\/sv\/wp-json\/wp\/v2\/categories?post=2358"},{"taxonomy":"post_tag","embeddable":true,"href":"https:\/\/www.selry.fi\/sv\/wp-json\/wp\/v2\/tags?post=2358"}],"curies":[{"name":"wp","href":"https:\/\/api.w.org\/{rel}","templated":true}]}}