{"id":2354,"date":"2019-09-12T20:16:00","date_gmt":"2019-09-12T17:16:00","guid":{"rendered":"https:\/\/www.selry.fi\/?p=2354"},"modified":"2021-05-27T20:17:16","modified_gmt":"2021-05-27T17:17:16","slug":"nordiska-unionen-ja-till-ett-langre-arbetsliv-och-rattvis-pensionering","status":"publish","type":"post","link":"https:\/\/www.selry.fi\/sv\/nyheter\/nordiska-unionen-ja-till-ett-langre-arbetsliv-och-rattvis-pensionering\/","title":{"rendered":"Nordiska unionen: Ja till ett l\u00e4ngre arbetsliv och r\u00e4ttvis pensionering"},"content":{"rendered":"\n<p>Den genomsnittliga livstiden stiger i de flesta europeiska l\u00e4nderna, och den demografiska utvecklingen inneb\u00e4r att antalet unga och medborgare i arbetsf\u00f6r \u00e5lder blir f\u00e4rre i f\u00f6rh\u00e5llande till andelen \u00e4ldre medborgare.<\/p>\n\n\n\n<p>D\u00e4rf\u00f6r vill politiker \u00f6verallt i Europa h\u00f6ja syssels\u00e4ttningsgraden bland kvinnor och h\u00f6ja befolkningens pensions\u00e5lder.<\/p>\n\n\n\n<p>I Norden \u00e4r syssels\u00e4ttningsgraden bland kvinnor och m\u00e4n n\u00e4stan p\u00e5 samma h\u00f6ga niv\u00e5, och b\u00e4gge k\u00f6nens yrkesverksamhet har \u00f6kat j\u00e4mst\u00e4lldheten. Det finns v\u00e4l inga kvinnor eller m\u00e4n som vill \u00e5terg\u00e5 till den tiden n\u00e4r kvinnorna passade hem och barn och m\u00e4nnen gick p\u00e5 arbete.<\/p>\n\n\n\n<p>Nordiska Unionen v\u00e4lkomnar att de medborgare som kan och \u00f6nskar det, kan stanna l\u00e4ngre kvar p\u00e5 arbetsmarknaden. &nbsp;&nbsp;<\/p>\n\n\n\n<p>Analyser av registerdata avsl\u00f6jar att medborgare som har haft ett l\u00e5ngt och slitsamt liv \u00e4r sjukare, n\u00e4r de l\u00e4mnar arbetsmarknaden samt att deras liv som pension\u00e4rer blir 3 \u2013 4 \u00e5r kortare \u00e4n t.ex. f\u00f6r akademiker eller medborgare med h\u00f6gre inkomster.<\/p>\n\n\n\n<p>Antalet \u00e5r p\u00e5 arbetsmarknaden med h\u00e5rt fysiskt arbete, nedslitning, sjukdom och ett kortare liv har blivit en ny klasskillnad, som politikerna och den priviligierade klassen k\u00e4mpar f\u00f6r att h\u00e5lla fast vid.<\/p>\n\n\n\n<p>Samtidigt till\u00e5ter politikerna att arbetsgivarna skickar \u00f6ver de nedslitna till att tas om hand av det offentliga, utan att arbetsgivarna bidrar till att betala de utgifter som detta medf\u00f6r f\u00f6r samh\u00e4llet.<\/p>\n\n\n\n<p>Nordiska Unionen vill d\u00e4rf\u00f6r arbeta f\u00f6r att:<\/p>\n\n\n\n<ul class=\"wp-block-list\"><li>det utvecklas seniorarrangemeng f\u00f6r dem som kan och \u00f6nskar bli kvar p\u00e5 arbetsmarknaden,<br>&nbsp;<\/li><li>insatsen f\u00f6r att f\u00f6rb\u00e4ttra arbetsmilj\u00f6n \u00f6kas med syftet att minska m\u00e4ngden fysiskt nedslitande arbete och minska de anst\u00e4lldas tempo p\u00e5 arbetsplatsen.<br>&nbsp;<\/li><li>arbetsgivarna p\u00e5f\u00f6rs en \u00f6kad medfinansiering f\u00f6r att garantera nedslitna arbetare ett v\u00e4rdigt uppeh\u00e4lle,<br>&nbsp;<\/li><li>det ska skapas politisk majoritet f\u00f6r att utveckla flexibla pensionssystem, s\u00e5 att nedslitna arbetare kan l\u00e4mna arbetsmarknaden p\u00e5 ett v\u00e4rdigt s\u00e4tt och ha m\u00f6jlighet att f\u00e5 ett lika l\u00e5ngt och v\u00e4rdigt liv som medborgare som inte \u00e4r nedslitna i sitt arbete.<\/li><\/ul>\n\n\n\n<p>Nordiska Unionen vill ta upp denna diskussion p\u00e5 nationell niv\u00e5 och p\u00e5 den kommande kongressen i EFFAT, s\u00e5 att arbetet f\u00f6r en r\u00e4ttvis pensionering \u00e4r en gemensam europeisk angel\u00e4genhet.<br><br><br><em>Uttalande av Nordiska unionen av livsmedelsarbetaref\u00f6rbunds kongress 12.9.2019 Majvik, Kyrksl\u00e4tt<\/em><\/p>\n","protected":false},"excerpt":{"rendered":"<p>Den genomsnittliga livstiden stiger i de flesta europeiska l\u00e4nderna, och den demografiska utvecklingen inneb\u00e4r att antalet unga och medborgare i [\u2026] <a href=\"https:\/\/www.selry.fi\/sv\/nyheter\/nordiska-unionen-ja-till-ett-langre-arbetsliv-och-rattvis-pensionering\/\">Lue lis\u00e4\u00e4 &raquo;<\/a><\/p>\n","protected":false},"author":7,"featured_media":0,"comment_status":"closed","ping_status":"closed","sticky":false,"template":"","format":"standard","meta":{"_acf_changed":false,"footnotes":""},"categories":[26],"tags":[],"class_list":["post-2354","post","type-post","status-publish","format-standard","hentry","category-nyheter"],"acf":[],"yoast_head":"<!-- This site is optimized with the Yoast SEO plugin v27.2 - https:\/\/yoast.com\/product\/yoast-seo-wordpress\/ -->\n<title>Nordiska unionen: Ja till ett l\u00e4ngre arbetsliv och r\u00e4ttvis pensionering<\/title>\n<meta name=\"robots\" content=\"index, follow, max-snippet:-1, max-image-preview:large, max-video-preview:-1\" \/>\n<link rel=\"canonical\" href=\"https:\/\/www.selry.fi\/sv\/nyheter\/nordiska-unionen-ja-till-ett-langre-arbetsliv-och-rattvis-pensionering\/\" \/>\n<meta property=\"og:locale\" content=\"sv_SE\" \/>\n<meta property=\"og:type\" content=\"article\" \/>\n<meta property=\"og:title\" content=\"Nordiska unionen: Ja till ett l\u00e4ngre arbetsliv och r\u00e4ttvis pensionering\" \/>\n<meta property=\"og:description\" content=\"Den genomsnittliga livstiden stiger i de flesta europeiska l\u00e4nderna, och den demografiska utvecklingen inneb\u00e4r att antalet unga och medborgare i [\u2026] Lue lis\u00e4\u00e4 &raquo;\" \/>\n<meta property=\"og:url\" content=\"https:\/\/www.selry.fi\/sv\/nyheter\/nordiska-unionen-ja-till-ett-langre-arbetsliv-och-rattvis-pensionering\/\" \/>\n<meta property=\"og:site_name\" content=\"Suomen Elintarvikety\u00f6l\u00e4isten Liitto SEL\" \/>\n<meta property=\"article:publisher\" content=\"https:\/\/www.facebook.com\/selry\" \/>\n<meta property=\"article:published_time\" content=\"2019-09-12T17:16:00+00:00\" \/>\n<meta property=\"article:modified_time\" content=\"2021-05-27T17:17:16+00:00\" \/>\n<meta property=\"og:image\" content=\"https:\/\/www.selry.fi\/wp-content\/uploads\/2021\/05\/sel-placeholder-image.jpg\" \/>\n\t<meta property=\"og:image:width\" content=\"1920\" \/>\n\t<meta property=\"og:image:height\" content=\"1080\" \/>\n\t<meta property=\"og:image:type\" content=\"image\/jpeg\" \/>\n<meta name=\"author\" content=\"Liisa Suonsivu\" \/>\n<meta name=\"twitter:card\" content=\"summary_large_image\" \/>\n<meta name=\"twitter:creator\" content=\"@selryfi\" \/>\n<meta name=\"twitter:site\" content=\"@selryfi\" \/>\n<script type=\"application\/ld+json\" class=\"yoast-schema-graph\">{\"@context\":\"https:\/\/schema.org\",\"@graph\":[{\"@type\":\"Article\",\"@id\":\"https:\/\/www.selry.fi\/sv\/nyheter\/nordiska-unionen-ja-till-ett-langre-arbetsliv-och-rattvis-pensionering\/#article\",\"isPartOf\":{\"@id\":\"https:\/\/www.selry.fi\/sv\/nyheter\/nordiska-unionen-ja-till-ett-langre-arbetsliv-och-rattvis-pensionering\/\"},\"author\":{\"name\":\"Liisa Suonsivu\",\"@id\":\"https:\/\/www.selry.fi\/#\/schema\/person\/efa23a82d897b720e4b24c9d56a89e6d\"},\"headline\":\"Nordiska unionen: Ja till ett l\u00e4ngre arbetsliv och r\u00e4ttvis pensionering\",\"datePublished\":\"2019-09-12T17:16:00+00:00\",\"dateModified\":\"2021-05-27T17:17:16+00:00\",\"mainEntityOfPage\":{\"@id\":\"https:\/\/www.selry.fi\/sv\/nyheter\/nordiska-unionen-ja-till-ett-langre-arbetsliv-och-rattvis-pensionering\/\"},\"wordCount\":424,\"publisher\":{\"@id\":\"https:\/\/www.selry.fi\/#organization\"},\"articleSection\":[\"Nyheter\"],\"inLanguage\":\"sv-SE\"},{\"@type\":\"WebPage\",\"@id\":\"https:\/\/www.selry.fi\/sv\/nyheter\/nordiska-unionen-ja-till-ett-langre-arbetsliv-och-rattvis-pensionering\/\",\"url\":\"https:\/\/www.selry.fi\/sv\/nyheter\/nordiska-unionen-ja-till-ett-langre-arbetsliv-och-rattvis-pensionering\/\",\"name\":\"Nordiska unionen: Ja till ett l\u00e4ngre arbetsliv och r\u00e4ttvis pensionering\",\"isPartOf\":{\"@id\":\"https:\/\/www.selry.fi\/#website\"},\"datePublished\":\"2019-09-12T17:16:00+00:00\",\"dateModified\":\"2021-05-27T17:17:16+00:00\",\"breadcrumb\":{\"@id\":\"https:\/\/www.selry.fi\/sv\/nyheter\/nordiska-unionen-ja-till-ett-langre-arbetsliv-och-rattvis-pensionering\/#breadcrumb\"},\"inLanguage\":\"sv-SE\",\"potentialAction\":[{\"@type\":\"ReadAction\",\"target\":[\"https:\/\/www.selry.fi\/sv\/nyheter\/nordiska-unionen-ja-till-ett-langre-arbetsliv-och-rattvis-pensionering\/\"]}]},{\"@type\":\"BreadcrumbList\",\"@id\":\"https:\/\/www.selry.fi\/sv\/nyheter\/nordiska-unionen-ja-till-ett-langre-arbetsliv-och-rattvis-pensionering\/#breadcrumb\",\"itemListElement\":[{\"@type\":\"ListItem\",\"position\":1,\"name\":\"Home\",\"item\":\"https:\/\/www.selry.fi\/sv\/\"},{\"@type\":\"ListItem\",\"position\":2,\"name\":\"Nordiska unionen: Ja till ett l\u00e4ngre arbetsliv och r\u00e4ttvis pensionering\"}]},{\"@type\":\"WebSite\",\"@id\":\"https:\/\/www.selry.fi\/#website\",\"url\":\"https:\/\/www.selry.fi\/\",\"name\":\"Suomen Elintarvikety\u00f6l\u00e4isten Liitto SEL\",\"description\":\"\",\"publisher\":{\"@id\":\"https:\/\/www.selry.fi\/#organization\"},\"inLanguage\":\"sv-SE\"},{\"@type\":\"Organization\",\"@id\":\"https:\/\/www.selry.fi\/#organization\",\"name\":\"Suomen Elintarvikety\u00f6l\u00e4isten Liitto SEL\",\"url\":\"https:\/\/www.selry.fi\/\",\"logo\":{\"@type\":\"ImageObject\",\"inLanguage\":\"sv-SE\",\"@id\":\"https:\/\/www.selry.fi\/#\/schema\/logo\/image\/\",\"url\":\"https:\/\/www.selry.fi\/wp-content\/uploads\/2021\/05\/logo-sel.svg\",\"contentUrl\":\"https:\/\/www.selry.fi\/wp-content\/uploads\/2021\/05\/logo-sel.svg\",\"width\":453,\"height\":135,\"caption\":\"Suomen Elintarvikety\u00f6l\u00e4isten Liitto SEL\"},\"image\":{\"@id\":\"https:\/\/www.selry.fi\/#\/schema\/logo\/image\/\"},\"sameAs\":[\"https:\/\/www.facebook.com\/selry\",\"https:\/\/x.com\/selryfi\"]},{\"@type\":\"Person\",\"@id\":\"https:\/\/www.selry.fi\/#\/schema\/person\/efa23a82d897b720e4b24c9d56a89e6d\",\"name\":\"Liisa Suonsivu\",\"image\":{\"@type\":\"ImageObject\",\"inLanguage\":\"sv-SE\",\"@id\":\"https:\/\/secure.gravatar.com\/avatar\/db21b3a75c0e85060245eace8bfa53a2974b1745f694228722faad33d4d28f94?s=96&d=mm&r=g\",\"url\":\"https:\/\/secure.gravatar.com\/avatar\/db21b3a75c0e85060245eace8bfa53a2974b1745f694228722faad33d4d28f94?s=96&d=mm&r=g\",\"contentUrl\":\"https:\/\/secure.gravatar.com\/avatar\/db21b3a75c0e85060245eace8bfa53a2974b1745f694228722faad33d4d28f94?s=96&d=mm&r=g\",\"caption\":\"Liisa Suonsivu\"}}]}<\/script>\n<!-- \/ Yoast SEO plugin. -->","yoast_head_json":{"title":"Nordiska unionen: Ja till ett l\u00e4ngre arbetsliv och r\u00e4ttvis pensionering","robots":{"index":"index","follow":"follow","max-snippet":"max-snippet:-1","max-image-preview":"max-image-preview:large","max-video-preview":"max-video-preview:-1"},"canonical":"https:\/\/www.selry.fi\/sv\/nyheter\/nordiska-unionen-ja-till-ett-langre-arbetsliv-och-rattvis-pensionering\/","og_locale":"sv_SE","og_type":"article","og_title":"Nordiska unionen: Ja till ett l\u00e4ngre arbetsliv och r\u00e4ttvis pensionering","og_description":"Den genomsnittliga livstiden stiger i de flesta europeiska l\u00e4nderna, och den demografiska utvecklingen inneb\u00e4r att antalet unga och medborgare i [\u2026] Lue lis\u00e4\u00e4 &raquo;","og_url":"https:\/\/www.selry.fi\/sv\/nyheter\/nordiska-unionen-ja-till-ett-langre-arbetsliv-och-rattvis-pensionering\/","og_site_name":"Suomen Elintarvikety\u00f6l\u00e4isten Liitto SEL","article_publisher":"https:\/\/www.facebook.com\/selry","article_published_time":"2019-09-12T17:16:00+00:00","article_modified_time":"2021-05-27T17:17:16+00:00","og_image":[{"width":1920,"height":1080,"url":"https:\/\/www.selry.fi\/wp-content\/uploads\/2021\/05\/sel-placeholder-image.jpg","type":"image\/jpeg"}],"author":"Liisa Suonsivu","twitter_card":"summary_large_image","twitter_creator":"@selryfi","twitter_site":"@selryfi","schema":{"@context":"https:\/\/schema.org","@graph":[{"@type":"Article","@id":"https:\/\/www.selry.fi\/sv\/nyheter\/nordiska-unionen-ja-till-ett-langre-arbetsliv-och-rattvis-pensionering\/#article","isPartOf":{"@id":"https:\/\/www.selry.fi\/sv\/nyheter\/nordiska-unionen-ja-till-ett-langre-arbetsliv-och-rattvis-pensionering\/"},"author":{"name":"Liisa Suonsivu","@id":"https:\/\/www.selry.fi\/#\/schema\/person\/efa23a82d897b720e4b24c9d56a89e6d"},"headline":"Nordiska unionen: Ja till ett l\u00e4ngre arbetsliv och r\u00e4ttvis pensionering","datePublished":"2019-09-12T17:16:00+00:00","dateModified":"2021-05-27T17:17:16+00:00","mainEntityOfPage":{"@id":"https:\/\/www.selry.fi\/sv\/nyheter\/nordiska-unionen-ja-till-ett-langre-arbetsliv-och-rattvis-pensionering\/"},"wordCount":424,"publisher":{"@id":"https:\/\/www.selry.fi\/#organization"},"articleSection":["Nyheter"],"inLanguage":"sv-SE"},{"@type":"WebPage","@id":"https:\/\/www.selry.fi\/sv\/nyheter\/nordiska-unionen-ja-till-ett-langre-arbetsliv-och-rattvis-pensionering\/","url":"https:\/\/www.selry.fi\/sv\/nyheter\/nordiska-unionen-ja-till-ett-langre-arbetsliv-och-rattvis-pensionering\/","name":"Nordiska unionen: Ja till ett l\u00e4ngre arbetsliv och r\u00e4ttvis pensionering","isPartOf":{"@id":"https:\/\/www.selry.fi\/#website"},"datePublished":"2019-09-12T17:16:00+00:00","dateModified":"2021-05-27T17:17:16+00:00","breadcrumb":{"@id":"https:\/\/www.selry.fi\/sv\/nyheter\/nordiska-unionen-ja-till-ett-langre-arbetsliv-och-rattvis-pensionering\/#breadcrumb"},"inLanguage":"sv-SE","potentialAction":[{"@type":"ReadAction","target":["https:\/\/www.selry.fi\/sv\/nyheter\/nordiska-unionen-ja-till-ett-langre-arbetsliv-och-rattvis-pensionering\/"]}]},{"@type":"BreadcrumbList","@id":"https:\/\/www.selry.fi\/sv\/nyheter\/nordiska-unionen-ja-till-ett-langre-arbetsliv-och-rattvis-pensionering\/#breadcrumb","itemListElement":[{"@type":"ListItem","position":1,"name":"Home","item":"https:\/\/www.selry.fi\/sv\/"},{"@type":"ListItem","position":2,"name":"Nordiska unionen: Ja till ett l\u00e4ngre arbetsliv och r\u00e4ttvis pensionering"}]},{"@type":"WebSite","@id":"https:\/\/www.selry.fi\/#website","url":"https:\/\/www.selry.fi\/","name":"Suomen Elintarvikety\u00f6l\u00e4isten Liitto SEL","description":"","publisher":{"@id":"https:\/\/www.selry.fi\/#organization"},"inLanguage":"sv-SE"},{"@type":"Organization","@id":"https:\/\/www.selry.fi\/#organization","name":"Suomen Elintarvikety\u00f6l\u00e4isten Liitto SEL","url":"https:\/\/www.selry.fi\/","logo":{"@type":"ImageObject","inLanguage":"sv-SE","@id":"https:\/\/www.selry.fi\/#\/schema\/logo\/image\/","url":"https:\/\/www.selry.fi\/wp-content\/uploads\/2021\/05\/logo-sel.svg","contentUrl":"https:\/\/www.selry.fi\/wp-content\/uploads\/2021\/05\/logo-sel.svg","width":453,"height":135,"caption":"Suomen Elintarvikety\u00f6l\u00e4isten Liitto SEL"},"image":{"@id":"https:\/\/www.selry.fi\/#\/schema\/logo\/image\/"},"sameAs":["https:\/\/www.facebook.com\/selry","https:\/\/x.com\/selryfi"]},{"@type":"Person","@id":"https:\/\/www.selry.fi\/#\/schema\/person\/efa23a82d897b720e4b24c9d56a89e6d","name":"Liisa Suonsivu","image":{"@type":"ImageObject","inLanguage":"sv-SE","@id":"https:\/\/secure.gravatar.com\/avatar\/db21b3a75c0e85060245eace8bfa53a2974b1745f694228722faad33d4d28f94?s=96&d=mm&r=g","url":"https:\/\/secure.gravatar.com\/avatar\/db21b3a75c0e85060245eace8bfa53a2974b1745f694228722faad33d4d28f94?s=96&d=mm&r=g","contentUrl":"https:\/\/secure.gravatar.com\/avatar\/db21b3a75c0e85060245eace8bfa53a2974b1745f694228722faad33d4d28f94?s=96&d=mm&r=g","caption":"Liisa Suonsivu"}}]}},"_links":{"self":[{"href":"https:\/\/www.selry.fi\/sv\/wp-json\/wp\/v2\/posts\/2354","targetHints":{"allow":["GET"]}}],"collection":[{"href":"https:\/\/www.selry.fi\/sv\/wp-json\/wp\/v2\/posts"}],"about":[{"href":"https:\/\/www.selry.fi\/sv\/wp-json\/wp\/v2\/types\/post"}],"author":[{"embeddable":true,"href":"https:\/\/www.selry.fi\/sv\/wp-json\/wp\/v2\/users\/7"}],"replies":[{"embeddable":true,"href":"https:\/\/www.selry.fi\/sv\/wp-json\/wp\/v2\/comments?post=2354"}],"version-history":[{"count":0,"href":"https:\/\/www.selry.fi\/sv\/wp-json\/wp\/v2\/posts\/2354\/revisions"}],"wp:attachment":[{"href":"https:\/\/www.selry.fi\/sv\/wp-json\/wp\/v2\/media?parent=2354"}],"wp:term":[{"taxonomy":"category","embeddable":true,"href":"https:\/\/www.selry.fi\/sv\/wp-json\/wp\/v2\/categories?post=2354"},{"taxonomy":"post_tag","embeddable":true,"href":"https:\/\/www.selry.fi\/sv\/wp-json\/wp\/v2\/tags?post=2354"}],"curies":[{"name":"wp","href":"https:\/\/api.w.org\/{rel}","templated":true}]}}