{"id":2347,"date":"2019-07-10T20:15:00","date_gmt":"2019-07-10T17:15:00","guid":{"rendered":"https:\/\/www.selry.fi\/?p=2347"},"modified":"2021-05-27T20:15:58","modified_gmt":"2021-05-27T17:15:58","slug":"gasexplosion-vid-ett-bageri-ledde-till-boter-for-arbetarskyddsbrott","status":"publish","type":"post","link":"https:\/\/www.selry.fi\/sv\/nyheter\/gasexplosion-vid-ett-bageri-ledde-till-boter-for-arbetarskyddsbrott\/","title":{"rendered":"Gasexplosion vid ett bageri ledde till b\u00f6ter f\u00f6r arbetarskyddsbrott"},"content":{"rendered":"\n<p>\u00d6sterbottens tingsr\u00e4tt har 28.5.2019 d\u00f6mt Oy Othello-Products Ab till samfundsbot om 5.000 \u20ac f\u00f6r arbetarskyddsbrott. Dessutom d\u00f6mdes f\u00f6retagets vd till 40 dagsb\u00f6ter f\u00f6r arbetarskyddsbrott.<\/p>\n\n\n\n<p>I domstolen behandlades en arbetsolycka som hade intr\u00e4ffat i f\u00f6retagets utrymmen i mars 2017. Man hade anv\u00e4nt en gasplatta tillsammans med en kastrull med vatten i j\u00e4sningssk\u00e5pet f\u00f6r att h\u00f6ja temperaturen och luftfuktigheten och d\u00e4rmed f\u00f6rb\u00e4ttra degarnas j\u00e4sningsprocess. Detta avvikande f\u00f6rfarande anv\u00e4ndes d\u00e4rf\u00f6r att det eldrivna aggregatet i j\u00e4sningssk\u00e5pet var s\u00f6nder och \u00e4ven var otillr\u00e4ckligt f\u00f6r att s\u00e4kerst\u00e4lla en j\u00e4mn och fullgod j\u00e4sningsprocess. Gasplattan anv\u00e4ndes allts\u00e5 i ett slutet utrymme och den stod inte under till\u00e4r\u00e4ckligt observation. D\u00e4rtill saknade gasplattans br\u00e4nnare flamvakt.<\/p>\n\n\n\n<p>I n\u00e5got skede under olycksdagen hade gasl\u00e5gan slocknat och gas kommit att ansamlas i j\u00e4sningssk\u00e5pet. En arbetstagare f\u00f6rs\u00f6kte t\u00e4nda gasl\u00e5gan igen, vilket ledde till att den gas som ansamlats i j\u00e4sningssk\u00e5pet exploderade och arbetstagaren i fr\u00e5ga skadades. H\u00e4ndelsef\u00f6rloppet under arbetsolyckan var ostridigt.<\/p>\n\n\n\n<p>Tingsr\u00e4tten konstaterade att f\u00f6retagets vd som representant f\u00f6r arbetsgivaren underl\u00e5tit att bed\u00f6ma de risker som arbetsmomentet inneh\u00e5ller och att \u00f6vervaka att gasplattan och dess s\u00e4kerhetsanordningar motsvarar lagstadgade krav. Hon har \u00e4ven enligt tingsr\u00e4tten underl\u00e5tit att ge arbetstagarna tillr\u00e4cklig och n\u00f6dv\u00e4ndig introduktion i s\u00e4kert f\u00f6rfarande vid arbetsmomentet, samt att \u00f6vervaka det s\u00e4tt som gasplattan i j\u00e4sningssk\u00e5pet anv\u00e4ndes. Tingsr\u00e4tten ans\u00e5g att detta har lett till att arbetstagarna anv\u00e4nt felaktiga och farliga arbetsmetoder.<\/p>\n\n\n\n<p>Till slut konstaterade tingsr\u00e4tten att det under inga omst\u00e4ndigheter varit fr\u00e5ga om en of\u00f6rutsebar h\u00e4ndelse som inte skulle ha kunnat undvikas ens med alla befogade s\u00e4kerhets\u00e5tg\u00e4rder. Enligt tinsgsr\u00e4tten har det dock inte varit fr\u00e5ga om att arbetsgivaren upps\u00e5tligen skulle ha gjort sig skyldig till brottet.<\/p>\n\n\n\n<p>Ansvarsomr\u00e5det f\u00f6r arbetarskyddet vid regionf\u00f6rvaltningsverket i V\u00e4stra och Inre Finland betonar att arbetsgivaren har skyldighet att tillr\u00e4ckligt systematiskt reda ut och identifiera de ol\u00e4genheter och risker som beror p\u00e5 arbetet, arbetstiderna, arbetslokalen, arbetsmilj\u00f6n i \u00f6vrigt och arbetsf\u00f6rh\u00e5llandena. En arbetsutrustningns s\u00e4kerhet skall i synnerhet utredas och bed\u00f6mas d\u00e5 produktionen och arbetsmetoderna f\u00f6r\u00e4ndras.<\/p>\n\n\n\n<p>Arbetsgivaren skall ocks\u00e5 ge akt p\u00e5 de vidtagna \u00e5tg\u00e4rdernas inverkan p\u00e5 s\u00e4kerheten och h\u00e4lsan i arbetet.<br>&nbsp;<\/p>\n\n\n\n<p><em>\u00d6sterbottens tingsr\u00e4tts \u00e4rende nr R 19\/118<\/em><\/p>\n","protected":false},"excerpt":{"rendered":"<p>\u00d6sterbottens tingsr\u00e4tt har 28.5.2019 d\u00f6mt Oy Othello-Products Ab till samfundsbot om 5.000 \u20ac f\u00f6r arbetarskyddsbrott. Dessutom d\u00f6mdes f\u00f6retagets vd till [\u2026] <a href=\"https:\/\/www.selry.fi\/sv\/nyheter\/gasexplosion-vid-ett-bageri-ledde-till-boter-for-arbetarskyddsbrott\/\">Lue lis\u00e4\u00e4 &raquo;<\/a><\/p>\n","protected":false},"author":7,"featured_media":0,"comment_status":"closed","ping_status":"closed","sticky":false,"template":"","format":"standard","meta":{"_acf_changed":false,"footnotes":""},"categories":[26],"tags":[],"class_list":["post-2347","post","type-post","status-publish","format-standard","hentry","category-nyheter"],"acf":[],"yoast_head":"<!-- This site is optimized with the Yoast SEO plugin v27.2 - https:\/\/yoast.com\/product\/yoast-seo-wordpress\/ -->\n<title>Gasexplosion vid ett bageri ledde till b\u00f6ter f\u00f6r arbetarskyddsbrott<\/title>\n<meta name=\"robots\" content=\"index, follow, max-snippet:-1, max-image-preview:large, max-video-preview:-1\" \/>\n<link rel=\"canonical\" href=\"https:\/\/www.selry.fi\/sv\/nyheter\/gasexplosion-vid-ett-bageri-ledde-till-boter-for-arbetarskyddsbrott\/\" \/>\n<meta property=\"og:locale\" content=\"sv_SE\" \/>\n<meta property=\"og:type\" content=\"article\" \/>\n<meta property=\"og:title\" content=\"Gasexplosion vid ett bageri ledde till b\u00f6ter f\u00f6r arbetarskyddsbrott\" \/>\n<meta property=\"og:description\" content=\"\u00d6sterbottens tingsr\u00e4tt har 28.5.2019 d\u00f6mt Oy Othello-Products Ab till samfundsbot om 5.000 \u20ac f\u00f6r arbetarskyddsbrott. Dessutom d\u00f6mdes f\u00f6retagets vd till [\u2026] Lue lis\u00e4\u00e4 &raquo;\" \/>\n<meta property=\"og:url\" content=\"https:\/\/www.selry.fi\/sv\/nyheter\/gasexplosion-vid-ett-bageri-ledde-till-boter-for-arbetarskyddsbrott\/\" \/>\n<meta property=\"og:site_name\" content=\"Suomen Elintarvikety\u00f6l\u00e4isten Liitto SEL\" \/>\n<meta property=\"article:publisher\" content=\"https:\/\/www.facebook.com\/selry\" \/>\n<meta property=\"article:published_time\" content=\"2019-07-10T17:15:00+00:00\" \/>\n<meta property=\"article:modified_time\" content=\"2021-05-27T17:15:58+00:00\" \/>\n<meta property=\"og:image\" content=\"https:\/\/www.selry.fi\/wp-content\/uploads\/2021\/05\/sel-placeholder-image.jpg\" \/>\n\t<meta property=\"og:image:width\" content=\"1920\" \/>\n\t<meta property=\"og:image:height\" content=\"1080\" \/>\n\t<meta property=\"og:image:type\" content=\"image\/jpeg\" \/>\n<meta name=\"author\" content=\"Liisa Suonsivu\" \/>\n<meta name=\"twitter:card\" content=\"summary_large_image\" \/>\n<meta name=\"twitter:creator\" content=\"@selryfi\" \/>\n<meta name=\"twitter:site\" content=\"@selryfi\" \/>\n<script type=\"application\/ld+json\" class=\"yoast-schema-graph\">{\"@context\":\"https:\/\/schema.org\",\"@graph\":[{\"@type\":\"Article\",\"@id\":\"https:\/\/www.selry.fi\/sv\/nyheter\/gasexplosion-vid-ett-bageri-ledde-till-boter-for-arbetarskyddsbrott\/#article\",\"isPartOf\":{\"@id\":\"https:\/\/www.selry.fi\/sv\/nyheter\/gasexplosion-vid-ett-bageri-ledde-till-boter-for-arbetarskyddsbrott\/\"},\"author\":{\"name\":\"Liisa Suonsivu\",\"@id\":\"https:\/\/www.selry.fi\/#\/schema\/person\/efa23a82d897b720e4b24c9d56a89e6d\"},\"headline\":\"Gasexplosion vid ett bageri ledde till b\u00f6ter f\u00f6r arbetarskyddsbrott\",\"datePublished\":\"2019-07-10T17:15:00+00:00\",\"dateModified\":\"2021-05-27T17:15:58+00:00\",\"mainEntityOfPage\":{\"@id\":\"https:\/\/www.selry.fi\/sv\/nyheter\/gasexplosion-vid-ett-bageri-ledde-till-boter-for-arbetarskyddsbrott\/\"},\"wordCount\":440,\"publisher\":{\"@id\":\"https:\/\/www.selry.fi\/#organization\"},\"articleSection\":[\"Nyheter\"],\"inLanguage\":\"sv-SE\"},{\"@type\":\"WebPage\",\"@id\":\"https:\/\/www.selry.fi\/sv\/nyheter\/gasexplosion-vid-ett-bageri-ledde-till-boter-for-arbetarskyddsbrott\/\",\"url\":\"https:\/\/www.selry.fi\/sv\/nyheter\/gasexplosion-vid-ett-bageri-ledde-till-boter-for-arbetarskyddsbrott\/\",\"name\":\"Gasexplosion vid ett bageri ledde till b\u00f6ter f\u00f6r arbetarskyddsbrott\",\"isPartOf\":{\"@id\":\"https:\/\/www.selry.fi\/#website\"},\"datePublished\":\"2019-07-10T17:15:00+00:00\",\"dateModified\":\"2021-05-27T17:15:58+00:00\",\"breadcrumb\":{\"@id\":\"https:\/\/www.selry.fi\/sv\/nyheter\/gasexplosion-vid-ett-bageri-ledde-till-boter-for-arbetarskyddsbrott\/#breadcrumb\"},\"inLanguage\":\"sv-SE\",\"potentialAction\":[{\"@type\":\"ReadAction\",\"target\":[\"https:\/\/www.selry.fi\/sv\/nyheter\/gasexplosion-vid-ett-bageri-ledde-till-boter-for-arbetarskyddsbrott\/\"]}]},{\"@type\":\"BreadcrumbList\",\"@id\":\"https:\/\/www.selry.fi\/sv\/nyheter\/gasexplosion-vid-ett-bageri-ledde-till-boter-for-arbetarskyddsbrott\/#breadcrumb\",\"itemListElement\":[{\"@type\":\"ListItem\",\"position\":1,\"name\":\"Home\",\"item\":\"https:\/\/www.selry.fi\/sv\/\"},{\"@type\":\"ListItem\",\"position\":2,\"name\":\"Gasexplosion vid ett bageri ledde till b\u00f6ter f\u00f6r arbetarskyddsbrott\"}]},{\"@type\":\"WebSite\",\"@id\":\"https:\/\/www.selry.fi\/#website\",\"url\":\"https:\/\/www.selry.fi\/\",\"name\":\"Suomen Elintarvikety\u00f6l\u00e4isten Liitto SEL\",\"description\":\"\",\"publisher\":{\"@id\":\"https:\/\/www.selry.fi\/#organization\"},\"inLanguage\":\"sv-SE\"},{\"@type\":\"Organization\",\"@id\":\"https:\/\/www.selry.fi\/#organization\",\"name\":\"Suomen Elintarvikety\u00f6l\u00e4isten Liitto SEL\",\"url\":\"https:\/\/www.selry.fi\/\",\"logo\":{\"@type\":\"ImageObject\",\"inLanguage\":\"sv-SE\",\"@id\":\"https:\/\/www.selry.fi\/#\/schema\/logo\/image\/\",\"url\":\"https:\/\/www.selry.fi\/wp-content\/uploads\/2021\/05\/logo-sel.svg\",\"contentUrl\":\"https:\/\/www.selry.fi\/wp-content\/uploads\/2021\/05\/logo-sel.svg\",\"width\":453,\"height\":135,\"caption\":\"Suomen Elintarvikety\u00f6l\u00e4isten Liitto SEL\"},\"image\":{\"@id\":\"https:\/\/www.selry.fi\/#\/schema\/logo\/image\/\"},\"sameAs\":[\"https:\/\/www.facebook.com\/selry\",\"https:\/\/x.com\/selryfi\"]},{\"@type\":\"Person\",\"@id\":\"https:\/\/www.selry.fi\/#\/schema\/person\/efa23a82d897b720e4b24c9d56a89e6d\",\"name\":\"Liisa Suonsivu\",\"image\":{\"@type\":\"ImageObject\",\"inLanguage\":\"sv-SE\",\"@id\":\"https:\/\/secure.gravatar.com\/avatar\/db21b3a75c0e85060245eace8bfa53a2974b1745f694228722faad33d4d28f94?s=96&d=mm&r=g\",\"url\":\"https:\/\/secure.gravatar.com\/avatar\/db21b3a75c0e85060245eace8bfa53a2974b1745f694228722faad33d4d28f94?s=96&d=mm&r=g\",\"contentUrl\":\"https:\/\/secure.gravatar.com\/avatar\/db21b3a75c0e85060245eace8bfa53a2974b1745f694228722faad33d4d28f94?s=96&d=mm&r=g\",\"caption\":\"Liisa Suonsivu\"}}]}<\/script>\n<!-- \/ Yoast SEO plugin. -->","yoast_head_json":{"title":"Gasexplosion vid ett bageri ledde till b\u00f6ter f\u00f6r arbetarskyddsbrott","robots":{"index":"index","follow":"follow","max-snippet":"max-snippet:-1","max-image-preview":"max-image-preview:large","max-video-preview":"max-video-preview:-1"},"canonical":"https:\/\/www.selry.fi\/sv\/nyheter\/gasexplosion-vid-ett-bageri-ledde-till-boter-for-arbetarskyddsbrott\/","og_locale":"sv_SE","og_type":"article","og_title":"Gasexplosion vid ett bageri ledde till b\u00f6ter f\u00f6r arbetarskyddsbrott","og_description":"\u00d6sterbottens tingsr\u00e4tt har 28.5.2019 d\u00f6mt Oy Othello-Products Ab till samfundsbot om 5.000 \u20ac f\u00f6r arbetarskyddsbrott. Dessutom d\u00f6mdes f\u00f6retagets vd till [\u2026] Lue lis\u00e4\u00e4 &raquo;","og_url":"https:\/\/www.selry.fi\/sv\/nyheter\/gasexplosion-vid-ett-bageri-ledde-till-boter-for-arbetarskyddsbrott\/","og_site_name":"Suomen Elintarvikety\u00f6l\u00e4isten Liitto SEL","article_publisher":"https:\/\/www.facebook.com\/selry","article_published_time":"2019-07-10T17:15:00+00:00","article_modified_time":"2021-05-27T17:15:58+00:00","og_image":[{"width":1920,"height":1080,"url":"https:\/\/www.selry.fi\/wp-content\/uploads\/2021\/05\/sel-placeholder-image.jpg","type":"image\/jpeg"}],"author":"Liisa Suonsivu","twitter_card":"summary_large_image","twitter_creator":"@selryfi","twitter_site":"@selryfi","schema":{"@context":"https:\/\/schema.org","@graph":[{"@type":"Article","@id":"https:\/\/www.selry.fi\/sv\/nyheter\/gasexplosion-vid-ett-bageri-ledde-till-boter-for-arbetarskyddsbrott\/#article","isPartOf":{"@id":"https:\/\/www.selry.fi\/sv\/nyheter\/gasexplosion-vid-ett-bageri-ledde-till-boter-for-arbetarskyddsbrott\/"},"author":{"name":"Liisa Suonsivu","@id":"https:\/\/www.selry.fi\/#\/schema\/person\/efa23a82d897b720e4b24c9d56a89e6d"},"headline":"Gasexplosion vid ett bageri ledde till b\u00f6ter f\u00f6r arbetarskyddsbrott","datePublished":"2019-07-10T17:15:00+00:00","dateModified":"2021-05-27T17:15:58+00:00","mainEntityOfPage":{"@id":"https:\/\/www.selry.fi\/sv\/nyheter\/gasexplosion-vid-ett-bageri-ledde-till-boter-for-arbetarskyddsbrott\/"},"wordCount":440,"publisher":{"@id":"https:\/\/www.selry.fi\/#organization"},"articleSection":["Nyheter"],"inLanguage":"sv-SE"},{"@type":"WebPage","@id":"https:\/\/www.selry.fi\/sv\/nyheter\/gasexplosion-vid-ett-bageri-ledde-till-boter-for-arbetarskyddsbrott\/","url":"https:\/\/www.selry.fi\/sv\/nyheter\/gasexplosion-vid-ett-bageri-ledde-till-boter-for-arbetarskyddsbrott\/","name":"Gasexplosion vid ett bageri ledde till b\u00f6ter f\u00f6r arbetarskyddsbrott","isPartOf":{"@id":"https:\/\/www.selry.fi\/#website"},"datePublished":"2019-07-10T17:15:00+00:00","dateModified":"2021-05-27T17:15:58+00:00","breadcrumb":{"@id":"https:\/\/www.selry.fi\/sv\/nyheter\/gasexplosion-vid-ett-bageri-ledde-till-boter-for-arbetarskyddsbrott\/#breadcrumb"},"inLanguage":"sv-SE","potentialAction":[{"@type":"ReadAction","target":["https:\/\/www.selry.fi\/sv\/nyheter\/gasexplosion-vid-ett-bageri-ledde-till-boter-for-arbetarskyddsbrott\/"]}]},{"@type":"BreadcrumbList","@id":"https:\/\/www.selry.fi\/sv\/nyheter\/gasexplosion-vid-ett-bageri-ledde-till-boter-for-arbetarskyddsbrott\/#breadcrumb","itemListElement":[{"@type":"ListItem","position":1,"name":"Home","item":"https:\/\/www.selry.fi\/sv\/"},{"@type":"ListItem","position":2,"name":"Gasexplosion vid ett bageri ledde till b\u00f6ter f\u00f6r arbetarskyddsbrott"}]},{"@type":"WebSite","@id":"https:\/\/www.selry.fi\/#website","url":"https:\/\/www.selry.fi\/","name":"Suomen Elintarvikety\u00f6l\u00e4isten Liitto SEL","description":"","publisher":{"@id":"https:\/\/www.selry.fi\/#organization"},"inLanguage":"sv-SE"},{"@type":"Organization","@id":"https:\/\/www.selry.fi\/#organization","name":"Suomen Elintarvikety\u00f6l\u00e4isten Liitto SEL","url":"https:\/\/www.selry.fi\/","logo":{"@type":"ImageObject","inLanguage":"sv-SE","@id":"https:\/\/www.selry.fi\/#\/schema\/logo\/image\/","url":"https:\/\/www.selry.fi\/wp-content\/uploads\/2021\/05\/logo-sel.svg","contentUrl":"https:\/\/www.selry.fi\/wp-content\/uploads\/2021\/05\/logo-sel.svg","width":453,"height":135,"caption":"Suomen Elintarvikety\u00f6l\u00e4isten Liitto SEL"},"image":{"@id":"https:\/\/www.selry.fi\/#\/schema\/logo\/image\/"},"sameAs":["https:\/\/www.facebook.com\/selry","https:\/\/x.com\/selryfi"]},{"@type":"Person","@id":"https:\/\/www.selry.fi\/#\/schema\/person\/efa23a82d897b720e4b24c9d56a89e6d","name":"Liisa Suonsivu","image":{"@type":"ImageObject","inLanguage":"sv-SE","@id":"https:\/\/secure.gravatar.com\/avatar\/db21b3a75c0e85060245eace8bfa53a2974b1745f694228722faad33d4d28f94?s=96&d=mm&r=g","url":"https:\/\/secure.gravatar.com\/avatar\/db21b3a75c0e85060245eace8bfa53a2974b1745f694228722faad33d4d28f94?s=96&d=mm&r=g","contentUrl":"https:\/\/secure.gravatar.com\/avatar\/db21b3a75c0e85060245eace8bfa53a2974b1745f694228722faad33d4d28f94?s=96&d=mm&r=g","caption":"Liisa Suonsivu"}}]}},"_links":{"self":[{"href":"https:\/\/www.selry.fi\/sv\/wp-json\/wp\/v2\/posts\/2347","targetHints":{"allow":["GET"]}}],"collection":[{"href":"https:\/\/www.selry.fi\/sv\/wp-json\/wp\/v2\/posts"}],"about":[{"href":"https:\/\/www.selry.fi\/sv\/wp-json\/wp\/v2\/types\/post"}],"author":[{"embeddable":true,"href":"https:\/\/www.selry.fi\/sv\/wp-json\/wp\/v2\/users\/7"}],"replies":[{"embeddable":true,"href":"https:\/\/www.selry.fi\/sv\/wp-json\/wp\/v2\/comments?post=2347"}],"version-history":[{"count":0,"href":"https:\/\/www.selry.fi\/sv\/wp-json\/wp\/v2\/posts\/2347\/revisions"}],"wp:attachment":[{"href":"https:\/\/www.selry.fi\/sv\/wp-json\/wp\/v2\/media?parent=2347"}],"wp:term":[{"taxonomy":"category","embeddable":true,"href":"https:\/\/www.selry.fi\/sv\/wp-json\/wp\/v2\/categories?post=2347"},{"taxonomy":"post_tag","embeddable":true,"href":"https:\/\/www.selry.fi\/sv\/wp-json\/wp\/v2\/tags?post=2347"}],"curies":[{"name":"wp","href":"https:\/\/api.w.org\/{rel}","templated":true}]}}