{"id":2343,"date":"2018-12-04T20:14:00","date_gmt":"2018-12-04T18:14:00","guid":{"rendered":"https:\/\/www.selry.fi\/?p=2343"},"modified":"2021-05-27T20:15:01","modified_gmt":"2021-05-27T17:15:01","slug":"lonerna-for-arbetstagarna-i-livsmedelsbranschen-stiger-1-2-2019-med-en-allman-forhojning-pa-147","status":"publish","type":"post","link":"https:\/\/www.selry.fi\/sv\/nyheter\/lonerna-for-arbetstagarna-i-livsmedelsbranschen-stiger-1-2-2019-med-en-allman-forhojning-pa-147\/","title":{"rendered":"L\u00f6nerna f\u00f6r arbetstagarna i livsmedelsbranschen stiger 1.2.2019 med en allm\u00e4n f\u00f6rh\u00f6jning p\u00e5 1,47 %"},"content":{"rendered":"\n<p>SEL och ETL har f\u00f6rt till\u00e4mpningsf\u00f6rhandlingar om l\u00f6nef\u00f6rh\u00f6jningarna enligt kollektivavtalen f\u00f6r arbetstagarna inom livsmedelsbranschen och avtalat om en l\u00f6nef\u00f6rh\u00f6jning f\u00f6r \u00e5r 2019 enligt den allm\u00e4nna linjen. L\u00f6nerna och tabell\u00f6nerna f\u00f6r arbetstagarna i livsmedelsbranschen h\u00f6js med en allm\u00e4n 1,47 %:s f\u00f6rh\u00f6jning 1.2.2019 eller fr\u00e5n b\u00f6rjan av den l\u00f6nebetalningsperiod som b\u00f6rjar n\u00e4rmast efter detta datum.<\/p>\n\n\n\n<p>I enlighet med kollektivavtalen f\u00f6r livsmedelsbranschen best\u00e4ms l\u00f6nef\u00f6rh\u00f6jningens storlek i enlighet med en gemensamt \u00f6verenskommen ber\u00e4kningsmodell utifr\u00e5n l\u00f6nef\u00f6rh\u00f6jningarna i j\u00e4mf\u00f6relsebranscherna. L\u00f6nef\u00f6rh\u00f6jningarna i j\u00e4mf\u00f6relsebranschernas kollektivavtal inneh\u00e5ller en allm\u00e4n f\u00f6rh\u00f6jning som betalas \u00e5t alla och lokala potter, utg\u00e5ende fr\u00e5n vilka den genomsnittliga f\u00f6rh\u00f6jningen enligt den allm\u00e4nna linjen ber\u00e4knas. Inom livsmedelsbranschen betalas 2019 \u00e5rs l\u00f6nef\u00f6rh\u00f6jning lika stor \u00e5t alla arbetstagare i branschen i form av en 1,47 %:s allm\u00e4n f\u00f6rh\u00f6jning.<\/p>\n\n\n\n<p>Kollektivavtalen mellan SEL och ETL \u00e4r i kraft 1.2.2017-31.1.2021. Under avtalsperioden h\u00f6js l\u00f6nerna och tabell\u00f6nerna f\u00f6r arbetstagarna i livsmedelsbranschen 1.2.2018, 1.2.2019 och 1.2.2020 eller fr\u00e5n b\u00f6rjan av den l\u00f6nebetalningsperiod som b\u00f6rjar n\u00e4rmast efter dessa datum.<\/p>\n\n\n\n<p>Den \u00e5rliga arbetstiden f\u00f6r arbetstagarna i livsmedelsbranschen har inte f\u00f6rl\u00e4ngts med tre oavl\u00f6nade arbetsdagar, f\u00f6r SEL blev utanf\u00f6r det konkurrenskraftsavtal som ingicks 2016.<\/p>\n\n\n\n<p>L\u00e4s mer p\u00e5 finska:&nbsp;<a href=\"http:\/\/www.selry.fi\/edunvalvonta\/tes-2017\/\">www.selry.fi\/tes<\/a><\/p>\n\n\n\n<h3 class=\"wp-block-heading\">Bilagor<\/h3>\n\n\n\n<ul class=\"wp-block-list\"><li><a href=\"http:\/\/www.selry.fi\/@Bin\/74529539\/palkankorotukset_01022019_ilmoitustaululle_A4_ruotsiksi.pdf\" target=\"_blank\" rel=\"noreferrer noopener\">F\u00f6r anslagstavlan: L\u00f6nerna f\u00f6r arbetstagarna i livsmedelsbranschen stiger 1.2.2019 med en allm\u00e4n f\u00f6rh\u00f6jning p\u00e5 1,47 %<\/a>(340 kB)<\/li><\/ul>\n","protected":false},"excerpt":{"rendered":"<p>SEL och ETL har f\u00f6rt till\u00e4mpningsf\u00f6rhandlingar om l\u00f6nef\u00f6rh\u00f6jningarna enligt kollektivavtalen f\u00f6r arbetstagarna inom livsmedelsbranschen och avtalat om en l\u00f6nef\u00f6rh\u00f6jning f\u00f6r [\u2026] <a href=\"https:\/\/www.selry.fi\/sv\/nyheter\/lonerna-for-arbetstagarna-i-livsmedelsbranschen-stiger-1-2-2019-med-en-allman-forhojning-pa-147\/\">Lue lis\u00e4\u00e4 &raquo;<\/a><\/p>\n","protected":false},"author":7,"featured_media":0,"comment_status":"closed","ping_status":"closed","sticky":false,"template":"","format":"standard","meta":{"_acf_changed":false,"footnotes":""},"categories":[26],"tags":[],"class_list":["post-2343","post","type-post","status-publish","format-standard","hentry","category-nyheter"],"acf":[],"yoast_head":"<!-- This site is optimized with the Yoast SEO plugin v27.2 - https:\/\/yoast.com\/product\/yoast-seo-wordpress\/ -->\n<title>L\u00f6nerna f\u00f6r arbetstagarna i livsmedelsbranschen stiger 1.2.2019 med en allm\u00e4n f\u00f6rh\u00f6jning p\u00e5 1,47 %<\/title>\n<meta name=\"robots\" content=\"index, follow, max-snippet:-1, max-image-preview:large, max-video-preview:-1\" \/>\n<link rel=\"canonical\" href=\"https:\/\/www.selry.fi\/sv\/nyheter\/lonerna-for-arbetstagarna-i-livsmedelsbranschen-stiger-1-2-2019-med-en-allman-forhojning-pa-147\/\" \/>\n<meta property=\"og:locale\" content=\"sv_SE\" \/>\n<meta property=\"og:type\" content=\"article\" \/>\n<meta property=\"og:title\" content=\"L\u00f6nerna f\u00f6r arbetstagarna i livsmedelsbranschen stiger 1.2.2019 med en allm\u00e4n f\u00f6rh\u00f6jning p\u00e5 1,47 %\" \/>\n<meta property=\"og:description\" content=\"SEL och ETL har f\u00f6rt till\u00e4mpningsf\u00f6rhandlingar om l\u00f6nef\u00f6rh\u00f6jningarna enligt kollektivavtalen f\u00f6r arbetstagarna inom livsmedelsbranschen och avtalat om en l\u00f6nef\u00f6rh\u00f6jning f\u00f6r [\u2026] Lue lis\u00e4\u00e4 &raquo;\" \/>\n<meta property=\"og:url\" content=\"https:\/\/www.selry.fi\/sv\/nyheter\/lonerna-for-arbetstagarna-i-livsmedelsbranschen-stiger-1-2-2019-med-en-allman-forhojning-pa-147\/\" \/>\n<meta property=\"og:site_name\" content=\"Suomen Elintarvikety\u00f6l\u00e4isten Liitto SEL\" \/>\n<meta property=\"article:publisher\" content=\"https:\/\/www.facebook.com\/selry\" \/>\n<meta property=\"article:published_time\" content=\"2018-12-04T18:14:00+00:00\" \/>\n<meta property=\"article:modified_time\" content=\"2021-05-27T17:15:01+00:00\" \/>\n<meta property=\"og:image\" content=\"https:\/\/www.selry.fi\/wp-content\/uploads\/2021\/05\/sel-placeholder-image.jpg\" \/>\n\t<meta property=\"og:image:width\" content=\"1920\" \/>\n\t<meta property=\"og:image:height\" content=\"1080\" \/>\n\t<meta property=\"og:image:type\" content=\"image\/jpeg\" \/>\n<meta name=\"author\" content=\"Liisa Suonsivu\" \/>\n<meta name=\"twitter:card\" content=\"summary_large_image\" \/>\n<meta name=\"twitter:creator\" content=\"@selryfi\" \/>\n<meta name=\"twitter:site\" content=\"@selryfi\" \/>\n<script type=\"application\/ld+json\" class=\"yoast-schema-graph\">{\"@context\":\"https:\/\/schema.org\",\"@graph\":[{\"@type\":\"Article\",\"@id\":\"https:\/\/www.selry.fi\/sv\/nyheter\/lonerna-for-arbetstagarna-i-livsmedelsbranschen-stiger-1-2-2019-med-en-allman-forhojning-pa-147\/#article\",\"isPartOf\":{\"@id\":\"https:\/\/www.selry.fi\/sv\/nyheter\/lonerna-for-arbetstagarna-i-livsmedelsbranschen-stiger-1-2-2019-med-en-allman-forhojning-pa-147\/\"},\"author\":{\"name\":\"Liisa Suonsivu\",\"@id\":\"https:\/\/www.selry.fi\/#\/schema\/person\/efa23a82d897b720e4b24c9d56a89e6d\"},\"headline\":\"L\u00f6nerna f\u00f6r arbetstagarna i livsmedelsbranschen stiger 1.2.2019 med en allm\u00e4n f\u00f6rh\u00f6jning p\u00e5 1,47 %\",\"datePublished\":\"2018-12-04T18:14:00+00:00\",\"dateModified\":\"2021-05-27T17:15:01+00:00\",\"mainEntityOfPage\":{\"@id\":\"https:\/\/www.selry.fi\/sv\/nyheter\/lonerna-for-arbetstagarna-i-livsmedelsbranschen-stiger-1-2-2019-med-en-allman-forhojning-pa-147\/\"},\"wordCount\":288,\"publisher\":{\"@id\":\"https:\/\/www.selry.fi\/#organization\"},\"articleSection\":[\"Nyheter\"],\"inLanguage\":\"sv-SE\"},{\"@type\":\"WebPage\",\"@id\":\"https:\/\/www.selry.fi\/sv\/nyheter\/lonerna-for-arbetstagarna-i-livsmedelsbranschen-stiger-1-2-2019-med-en-allman-forhojning-pa-147\/\",\"url\":\"https:\/\/www.selry.fi\/sv\/nyheter\/lonerna-for-arbetstagarna-i-livsmedelsbranschen-stiger-1-2-2019-med-en-allman-forhojning-pa-147\/\",\"name\":\"L\u00f6nerna f\u00f6r arbetstagarna i livsmedelsbranschen stiger 1.2.2019 med en allm\u00e4n f\u00f6rh\u00f6jning p\u00e5 1,47 %\",\"isPartOf\":{\"@id\":\"https:\/\/www.selry.fi\/#website\"},\"datePublished\":\"2018-12-04T18:14:00+00:00\",\"dateModified\":\"2021-05-27T17:15:01+00:00\",\"breadcrumb\":{\"@id\":\"https:\/\/www.selry.fi\/sv\/nyheter\/lonerna-for-arbetstagarna-i-livsmedelsbranschen-stiger-1-2-2019-med-en-allman-forhojning-pa-147\/#breadcrumb\"},\"inLanguage\":\"sv-SE\",\"potentialAction\":[{\"@type\":\"ReadAction\",\"target\":[\"https:\/\/www.selry.fi\/sv\/nyheter\/lonerna-for-arbetstagarna-i-livsmedelsbranschen-stiger-1-2-2019-med-en-allman-forhojning-pa-147\/\"]}]},{\"@type\":\"BreadcrumbList\",\"@id\":\"https:\/\/www.selry.fi\/sv\/nyheter\/lonerna-for-arbetstagarna-i-livsmedelsbranschen-stiger-1-2-2019-med-en-allman-forhojning-pa-147\/#breadcrumb\",\"itemListElement\":[{\"@type\":\"ListItem\",\"position\":1,\"name\":\"Home\",\"item\":\"https:\/\/www.selry.fi\/sv\/\"},{\"@type\":\"ListItem\",\"position\":2,\"name\":\"L\u00f6nerna f\u00f6r arbetstagarna i livsmedelsbranschen stiger 1.2.2019 med en allm\u00e4n f\u00f6rh\u00f6jning p\u00e5 1,47 %\"}]},{\"@type\":\"WebSite\",\"@id\":\"https:\/\/www.selry.fi\/#website\",\"url\":\"https:\/\/www.selry.fi\/\",\"name\":\"Suomen Elintarvikety\u00f6l\u00e4isten Liitto SEL\",\"description\":\"\",\"publisher\":{\"@id\":\"https:\/\/www.selry.fi\/#organization\"},\"inLanguage\":\"sv-SE\"},{\"@type\":\"Organization\",\"@id\":\"https:\/\/www.selry.fi\/#organization\",\"name\":\"Suomen Elintarvikety\u00f6l\u00e4isten Liitto SEL\",\"url\":\"https:\/\/www.selry.fi\/\",\"logo\":{\"@type\":\"ImageObject\",\"inLanguage\":\"sv-SE\",\"@id\":\"https:\/\/www.selry.fi\/#\/schema\/logo\/image\/\",\"url\":\"https:\/\/www.selry.fi\/wp-content\/uploads\/2021\/05\/logo-sel.svg\",\"contentUrl\":\"https:\/\/www.selry.fi\/wp-content\/uploads\/2021\/05\/logo-sel.svg\",\"width\":453,\"height\":135,\"caption\":\"Suomen Elintarvikety\u00f6l\u00e4isten Liitto SEL\"},\"image\":{\"@id\":\"https:\/\/www.selry.fi\/#\/schema\/logo\/image\/\"},\"sameAs\":[\"https:\/\/www.facebook.com\/selry\",\"https:\/\/x.com\/selryfi\"]},{\"@type\":\"Person\",\"@id\":\"https:\/\/www.selry.fi\/#\/schema\/person\/efa23a82d897b720e4b24c9d56a89e6d\",\"name\":\"Liisa Suonsivu\",\"image\":{\"@type\":\"ImageObject\",\"inLanguage\":\"sv-SE\",\"@id\":\"https:\/\/secure.gravatar.com\/avatar\/db21b3a75c0e85060245eace8bfa53a2974b1745f694228722faad33d4d28f94?s=96&d=mm&r=g\",\"url\":\"https:\/\/secure.gravatar.com\/avatar\/db21b3a75c0e85060245eace8bfa53a2974b1745f694228722faad33d4d28f94?s=96&d=mm&r=g\",\"contentUrl\":\"https:\/\/secure.gravatar.com\/avatar\/db21b3a75c0e85060245eace8bfa53a2974b1745f694228722faad33d4d28f94?s=96&d=mm&r=g\",\"caption\":\"Liisa Suonsivu\"}}]}<\/script>\n<!-- \/ Yoast SEO plugin. -->","yoast_head_json":{"title":"L\u00f6nerna f\u00f6r arbetstagarna i livsmedelsbranschen stiger 1.2.2019 med en allm\u00e4n f\u00f6rh\u00f6jning p\u00e5 1,47 %","robots":{"index":"index","follow":"follow","max-snippet":"max-snippet:-1","max-image-preview":"max-image-preview:large","max-video-preview":"max-video-preview:-1"},"canonical":"https:\/\/www.selry.fi\/sv\/nyheter\/lonerna-for-arbetstagarna-i-livsmedelsbranschen-stiger-1-2-2019-med-en-allman-forhojning-pa-147\/","og_locale":"sv_SE","og_type":"article","og_title":"L\u00f6nerna f\u00f6r arbetstagarna i livsmedelsbranschen stiger 1.2.2019 med en allm\u00e4n f\u00f6rh\u00f6jning p\u00e5 1,47 %","og_description":"SEL och ETL har f\u00f6rt till\u00e4mpningsf\u00f6rhandlingar om l\u00f6nef\u00f6rh\u00f6jningarna enligt kollektivavtalen f\u00f6r arbetstagarna inom livsmedelsbranschen och avtalat om en l\u00f6nef\u00f6rh\u00f6jning f\u00f6r [\u2026] Lue lis\u00e4\u00e4 &raquo;","og_url":"https:\/\/www.selry.fi\/sv\/nyheter\/lonerna-for-arbetstagarna-i-livsmedelsbranschen-stiger-1-2-2019-med-en-allman-forhojning-pa-147\/","og_site_name":"Suomen Elintarvikety\u00f6l\u00e4isten Liitto SEL","article_publisher":"https:\/\/www.facebook.com\/selry","article_published_time":"2018-12-04T18:14:00+00:00","article_modified_time":"2021-05-27T17:15:01+00:00","og_image":[{"width":1920,"height":1080,"url":"https:\/\/www.selry.fi\/wp-content\/uploads\/2021\/05\/sel-placeholder-image.jpg","type":"image\/jpeg"}],"author":"Liisa Suonsivu","twitter_card":"summary_large_image","twitter_creator":"@selryfi","twitter_site":"@selryfi","schema":{"@context":"https:\/\/schema.org","@graph":[{"@type":"Article","@id":"https:\/\/www.selry.fi\/sv\/nyheter\/lonerna-for-arbetstagarna-i-livsmedelsbranschen-stiger-1-2-2019-med-en-allman-forhojning-pa-147\/#article","isPartOf":{"@id":"https:\/\/www.selry.fi\/sv\/nyheter\/lonerna-for-arbetstagarna-i-livsmedelsbranschen-stiger-1-2-2019-med-en-allman-forhojning-pa-147\/"},"author":{"name":"Liisa Suonsivu","@id":"https:\/\/www.selry.fi\/#\/schema\/person\/efa23a82d897b720e4b24c9d56a89e6d"},"headline":"L\u00f6nerna f\u00f6r arbetstagarna i livsmedelsbranschen stiger 1.2.2019 med en allm\u00e4n f\u00f6rh\u00f6jning p\u00e5 1,47 %","datePublished":"2018-12-04T18:14:00+00:00","dateModified":"2021-05-27T17:15:01+00:00","mainEntityOfPage":{"@id":"https:\/\/www.selry.fi\/sv\/nyheter\/lonerna-for-arbetstagarna-i-livsmedelsbranschen-stiger-1-2-2019-med-en-allman-forhojning-pa-147\/"},"wordCount":288,"publisher":{"@id":"https:\/\/www.selry.fi\/#organization"},"articleSection":["Nyheter"],"inLanguage":"sv-SE"},{"@type":"WebPage","@id":"https:\/\/www.selry.fi\/sv\/nyheter\/lonerna-for-arbetstagarna-i-livsmedelsbranschen-stiger-1-2-2019-med-en-allman-forhojning-pa-147\/","url":"https:\/\/www.selry.fi\/sv\/nyheter\/lonerna-for-arbetstagarna-i-livsmedelsbranschen-stiger-1-2-2019-med-en-allman-forhojning-pa-147\/","name":"L\u00f6nerna f\u00f6r arbetstagarna i livsmedelsbranschen stiger 1.2.2019 med en allm\u00e4n f\u00f6rh\u00f6jning p\u00e5 1,47 %","isPartOf":{"@id":"https:\/\/www.selry.fi\/#website"},"datePublished":"2018-12-04T18:14:00+00:00","dateModified":"2021-05-27T17:15:01+00:00","breadcrumb":{"@id":"https:\/\/www.selry.fi\/sv\/nyheter\/lonerna-for-arbetstagarna-i-livsmedelsbranschen-stiger-1-2-2019-med-en-allman-forhojning-pa-147\/#breadcrumb"},"inLanguage":"sv-SE","potentialAction":[{"@type":"ReadAction","target":["https:\/\/www.selry.fi\/sv\/nyheter\/lonerna-for-arbetstagarna-i-livsmedelsbranschen-stiger-1-2-2019-med-en-allman-forhojning-pa-147\/"]}]},{"@type":"BreadcrumbList","@id":"https:\/\/www.selry.fi\/sv\/nyheter\/lonerna-for-arbetstagarna-i-livsmedelsbranschen-stiger-1-2-2019-med-en-allman-forhojning-pa-147\/#breadcrumb","itemListElement":[{"@type":"ListItem","position":1,"name":"Home","item":"https:\/\/www.selry.fi\/sv\/"},{"@type":"ListItem","position":2,"name":"L\u00f6nerna f\u00f6r arbetstagarna i livsmedelsbranschen stiger 1.2.2019 med en allm\u00e4n f\u00f6rh\u00f6jning p\u00e5 1,47 %"}]},{"@type":"WebSite","@id":"https:\/\/www.selry.fi\/#website","url":"https:\/\/www.selry.fi\/","name":"Suomen Elintarvikety\u00f6l\u00e4isten Liitto SEL","description":"","publisher":{"@id":"https:\/\/www.selry.fi\/#organization"},"inLanguage":"sv-SE"},{"@type":"Organization","@id":"https:\/\/www.selry.fi\/#organization","name":"Suomen Elintarvikety\u00f6l\u00e4isten Liitto SEL","url":"https:\/\/www.selry.fi\/","logo":{"@type":"ImageObject","inLanguage":"sv-SE","@id":"https:\/\/www.selry.fi\/#\/schema\/logo\/image\/","url":"https:\/\/www.selry.fi\/wp-content\/uploads\/2021\/05\/logo-sel.svg","contentUrl":"https:\/\/www.selry.fi\/wp-content\/uploads\/2021\/05\/logo-sel.svg","width":453,"height":135,"caption":"Suomen Elintarvikety\u00f6l\u00e4isten Liitto SEL"},"image":{"@id":"https:\/\/www.selry.fi\/#\/schema\/logo\/image\/"},"sameAs":["https:\/\/www.facebook.com\/selry","https:\/\/x.com\/selryfi"]},{"@type":"Person","@id":"https:\/\/www.selry.fi\/#\/schema\/person\/efa23a82d897b720e4b24c9d56a89e6d","name":"Liisa Suonsivu","image":{"@type":"ImageObject","inLanguage":"sv-SE","@id":"https:\/\/secure.gravatar.com\/avatar\/db21b3a75c0e85060245eace8bfa53a2974b1745f694228722faad33d4d28f94?s=96&d=mm&r=g","url":"https:\/\/secure.gravatar.com\/avatar\/db21b3a75c0e85060245eace8bfa53a2974b1745f694228722faad33d4d28f94?s=96&d=mm&r=g","contentUrl":"https:\/\/secure.gravatar.com\/avatar\/db21b3a75c0e85060245eace8bfa53a2974b1745f694228722faad33d4d28f94?s=96&d=mm&r=g","caption":"Liisa Suonsivu"}}]}},"_links":{"self":[{"href":"https:\/\/www.selry.fi\/sv\/wp-json\/wp\/v2\/posts\/2343","targetHints":{"allow":["GET"]}}],"collection":[{"href":"https:\/\/www.selry.fi\/sv\/wp-json\/wp\/v2\/posts"}],"about":[{"href":"https:\/\/www.selry.fi\/sv\/wp-json\/wp\/v2\/types\/post"}],"author":[{"embeddable":true,"href":"https:\/\/www.selry.fi\/sv\/wp-json\/wp\/v2\/users\/7"}],"replies":[{"embeddable":true,"href":"https:\/\/www.selry.fi\/sv\/wp-json\/wp\/v2\/comments?post=2343"}],"version-history":[{"count":0,"href":"https:\/\/www.selry.fi\/sv\/wp-json\/wp\/v2\/posts\/2343\/revisions"}],"wp:attachment":[{"href":"https:\/\/www.selry.fi\/sv\/wp-json\/wp\/v2\/media?parent=2343"}],"wp:term":[{"taxonomy":"category","embeddable":true,"href":"https:\/\/www.selry.fi\/sv\/wp-json\/wp\/v2\/categories?post=2343"},{"taxonomy":"post_tag","embeddable":true,"href":"https:\/\/www.selry.fi\/sv\/wp-json\/wp\/v2\/tags?post=2343"}],"curies":[{"name":"wp","href":"https:\/\/api.w.org\/{rel}","templated":true}]}}