{"id":2338,"date":"2018-09-27T20:13:00","date_gmt":"2018-09-27T17:13:00","guid":{"rendered":"https:\/\/www.selry.fi\/?p=2338"},"modified":"2021-05-27T20:14:23","modified_gmt":"2021-05-27T17:14:23","slug":"over-4500-arbetstagare-genom-livsmedelsbranschen-forsvarar-uppsagningsskyddet-med-en-politisk-strejk-nasta-onsdag","status":"publish","type":"post","link":"https:\/\/www.selry.fi\/sv\/nyheter\/over-4500-arbetstagare-genom-livsmedelsbranschen-forsvarar-uppsagningsskyddet-med-en-politisk-strejk-nasta-onsdag\/","title":{"rendered":"\u00d6ver 4500 arbetstagare genom livsmedelsbranschen f\u00f6rsvarar upps\u00e4gningsskyddet med en politisk strejk n\u00e4sta onsdag"},"content":{"rendered":"\n<p>Finlands Livsmedelsarbetaref\u00f6rbund SEL har utlyst&nbsp;15 arbetsplatser i livsmedelsbranschen i en politisk strejk onsdagen 3.10.2018. I strejken deltar \u00f6ver 4500 arbetstagare inom livsmedelsbranschen. Med strejken f\u00f6rsvaras upps\u00e4gningsskyddet och kr\u00e4vs att Sipil\u00e4s regering \u00e5tertar sin proposition om f\u00f6rsvagning av upps\u00e4gningsskyddet f\u00f6r arbetstagare i f\u00f6retag med mindre \u00e4n 20 anst\u00e4llda.<\/p>\n\n\n\n<p>\u2013 Vi kan inte godk\u00e4nna en f\u00f6rsvagning av ett skydd som \u00e4r av avg\u00f6rande betydelse f\u00f6r arbetstagarna, det vill s\u00e4ga, upps\u00e4gningsskyddet. I praktiken skulle arbetstagarna p\u00e5 sm\u00e5 arbetsplatser hela tiden vara p\u00e5 pr\u00f6votid och leva i os\u00e4kerhet. Detta skulle ur individens synpunkt vara helt oacceptabelt, s\u00e4ger SEL:s ordf\u00f6rande Veli-Matti Kuntonen.<\/p>\n\n\n\n<p>N\u00e4sta onsdag strejkar ca en femtedel av de arbetstagare som arbetar i f\u00f6retag inom livsmedelsbranschen som omfattas av SEL:s kollektivavtal. SEL \u00e4r i&nbsp;beredskap att tillsammans med andra fackf\u00f6rbund i FFC utvidga de politiska strids\u00e5tg\u00e4rderna, om regeringen inte drar tillbaka sin proposition om f\u00f6rsvagning av upps\u00e4gningsskyddet.&nbsp;<\/p>\n\n\n\n<p>I det f\u00f6rsta skedet g\u00e5r&nbsp;stora arbetsplatser i livsmedelsbranschen i strejk.<\/p>\n\n\n\n<p>\u2013 Det \u00e4r viktigt att arbetstagarna vid stora arbetsplatser avvisar en f\u00f6rsvagning av upps\u00e4gningsskyddet redan i detta skede, innan lagen har stiftats, eftersom man efter det s\u00e4kert b\u00f6rjar tala om att upps\u00e4gningsskyddet b\u00f6r vara lika svagt i f\u00f6retag av alla storlekar, konstaterar Kuntonen.<\/p>\n\n\n\n<p><br><strong>De arbetsplatser inom livsmedelsbranschen som deltar i SEL:s politiska strejk onsdagen 3.10.2018:<\/strong><\/p>\n\n\n\n<p><br><em>Atria<\/em><\/p>\n\n\n\n<p>Enheterna i Sein\u00e4joki<br>Enheten i Kauhajoki<br>Enheten i Forssa<br>Evira underst\u00e4llda k\u00f6ttinspekt\u00f6rer<br>Strejken g\u00e4ller inte fj\u00e4derf\u00e4produktion.<\/p>\n\n\n\n<p><em>HKScan<\/em><\/p>\n\n\n\n<p>Enheten i Forssa<br>Enheten i Vanda<br>Enheten i Outokumpu<br>Enheten i S:t Michel<br>Evira underst\u00e4llda k\u00f6ttinspekt\u00f6rer<br>Strejken g\u00e4ller inte fj\u00e4derf\u00e4produktion.<\/p>\n\n\n\n<p><em>Fazer Konfektyr<\/em><\/p>\n\n\n\n<p>Enheten i Vanda<br>Enheten i Villmanstrand<\/p>\n\n\n\n<p><em>Orkla Confectionery &amp; Snacks\/Panda<\/em><\/p>\n\n\n\n<p>Enheten i Vaajakoski (de skiften som avsetts upph\u00f6ra 3.10.)<\/p>\n\n\n\n<p><em>Saarioinen<\/em><\/p>\n\n\n\n<p>Enheten i Sahalahti<br>Enheten i Huittinen<\/p>\n\n\n\n<p><em>Hartwall<\/em><\/p>\n\n\n\n<p>Enheten i Lahtis<\/p>\n\n\n\n<p><em>Olvi<\/em><\/p>\n\n\n\n<p>Enheten i Idensalmi<\/p>\n\n\n\n<p><em>Sinebrychoff<\/em><\/p>\n\n\n\n<p>Enheterna i Kervo<\/p>\n","protected":false},"excerpt":{"rendered":"<p>Finlands Livsmedelsarbetaref\u00f6rbund SEL har utlyst&nbsp;15 arbetsplatser i livsmedelsbranschen i en politisk strejk onsdagen 3.10.2018. I strejken deltar \u00f6ver 4500 arbetstagare [\u2026] <a href=\"https:\/\/www.selry.fi\/sv\/nyheter\/over-4500-arbetstagare-genom-livsmedelsbranschen-forsvarar-uppsagningsskyddet-med-en-politisk-strejk-nasta-onsdag\/\">Lue lis\u00e4\u00e4 &raquo;<\/a><\/p>\n","protected":false},"author":7,"featured_media":0,"comment_status":"closed","ping_status":"closed","sticky":false,"template":"","format":"standard","meta":{"_acf_changed":false,"footnotes":""},"categories":[26],"tags":[],"class_list":["post-2338","post","type-post","status-publish","format-standard","hentry","category-nyheter"],"acf":[],"yoast_head":"<!-- This site is optimized with the Yoast SEO plugin v27.2 - https:\/\/yoast.com\/product\/yoast-seo-wordpress\/ -->\n<title>\u00d6ver 4500 arbetstagare genom livsmedelsbranschen f\u00f6rsvarar upps\u00e4gningsskyddet med en politisk strejk n\u00e4sta onsdag<\/title>\n<meta name=\"robots\" content=\"index, follow, max-snippet:-1, max-image-preview:large, max-video-preview:-1\" \/>\n<link rel=\"canonical\" href=\"https:\/\/www.selry.fi\/sv\/nyheter\/over-4500-arbetstagare-genom-livsmedelsbranschen-forsvarar-uppsagningsskyddet-med-en-politisk-strejk-nasta-onsdag\/\" \/>\n<meta property=\"og:locale\" content=\"sv_SE\" \/>\n<meta property=\"og:type\" content=\"article\" \/>\n<meta property=\"og:title\" content=\"\u00d6ver 4500 arbetstagare genom livsmedelsbranschen f\u00f6rsvarar upps\u00e4gningsskyddet med en politisk strejk n\u00e4sta onsdag\" \/>\n<meta property=\"og:description\" content=\"Finlands Livsmedelsarbetaref\u00f6rbund SEL har utlyst&nbsp;15 arbetsplatser i livsmedelsbranschen i en politisk strejk onsdagen 3.10.2018. I strejken deltar \u00f6ver 4500 arbetstagare [\u2026] Lue lis\u00e4\u00e4 &raquo;\" \/>\n<meta property=\"og:url\" content=\"https:\/\/www.selry.fi\/sv\/nyheter\/over-4500-arbetstagare-genom-livsmedelsbranschen-forsvarar-uppsagningsskyddet-med-en-politisk-strejk-nasta-onsdag\/\" \/>\n<meta property=\"og:site_name\" content=\"Suomen Elintarvikety\u00f6l\u00e4isten Liitto SEL\" \/>\n<meta property=\"article:publisher\" content=\"https:\/\/www.facebook.com\/selry\" \/>\n<meta property=\"article:published_time\" content=\"2018-09-27T17:13:00+00:00\" \/>\n<meta property=\"article:modified_time\" content=\"2021-05-27T17:14:23+00:00\" \/>\n<meta property=\"og:image\" content=\"https:\/\/www.selry.fi\/wp-content\/uploads\/2021\/05\/sel-placeholder-image.jpg\" \/>\n\t<meta property=\"og:image:width\" content=\"1920\" \/>\n\t<meta property=\"og:image:height\" content=\"1080\" \/>\n\t<meta property=\"og:image:type\" content=\"image\/jpeg\" \/>\n<meta name=\"author\" content=\"Liisa Suonsivu\" \/>\n<meta name=\"twitter:card\" content=\"summary_large_image\" \/>\n<meta name=\"twitter:creator\" content=\"@selryfi\" \/>\n<meta name=\"twitter:site\" content=\"@selryfi\" \/>\n<script type=\"application\/ld+json\" class=\"yoast-schema-graph\">{\"@context\":\"https:\/\/schema.org\",\"@graph\":[{\"@type\":\"Article\",\"@id\":\"https:\/\/www.selry.fi\/sv\/nyheter\/over-4500-arbetstagare-genom-livsmedelsbranschen-forsvarar-uppsagningsskyddet-med-en-politisk-strejk-nasta-onsdag\/#article\",\"isPartOf\":{\"@id\":\"https:\/\/www.selry.fi\/sv\/nyheter\/over-4500-arbetstagare-genom-livsmedelsbranschen-forsvarar-uppsagningsskyddet-med-en-politisk-strejk-nasta-onsdag\/\"},\"author\":{\"name\":\"Liisa Suonsivu\",\"@id\":\"https:\/\/www.selry.fi\/#\/schema\/person\/efa23a82d897b720e4b24c9d56a89e6d\"},\"headline\":\"\u00d6ver 4500 arbetstagare genom livsmedelsbranschen f\u00f6rsvarar upps\u00e4gningsskyddet med en politisk strejk n\u00e4sta onsdag\",\"datePublished\":\"2018-09-27T17:13:00+00:00\",\"dateModified\":\"2021-05-27T17:14:23+00:00\",\"mainEntityOfPage\":{\"@id\":\"https:\/\/www.selry.fi\/sv\/nyheter\/over-4500-arbetstagare-genom-livsmedelsbranschen-forsvarar-uppsagningsskyddet-med-en-politisk-strejk-nasta-onsdag\/\"},\"wordCount\":343,\"publisher\":{\"@id\":\"https:\/\/www.selry.fi\/#organization\"},\"articleSection\":[\"Nyheter\"],\"inLanguage\":\"sv-SE\"},{\"@type\":\"WebPage\",\"@id\":\"https:\/\/www.selry.fi\/sv\/nyheter\/over-4500-arbetstagare-genom-livsmedelsbranschen-forsvarar-uppsagningsskyddet-med-en-politisk-strejk-nasta-onsdag\/\",\"url\":\"https:\/\/www.selry.fi\/sv\/nyheter\/over-4500-arbetstagare-genom-livsmedelsbranschen-forsvarar-uppsagningsskyddet-med-en-politisk-strejk-nasta-onsdag\/\",\"name\":\"\u00d6ver 4500 arbetstagare genom livsmedelsbranschen f\u00f6rsvarar upps\u00e4gningsskyddet med en politisk strejk n\u00e4sta onsdag\",\"isPartOf\":{\"@id\":\"https:\/\/www.selry.fi\/#website\"},\"datePublished\":\"2018-09-27T17:13:00+00:00\",\"dateModified\":\"2021-05-27T17:14:23+00:00\",\"breadcrumb\":{\"@id\":\"https:\/\/www.selry.fi\/sv\/nyheter\/over-4500-arbetstagare-genom-livsmedelsbranschen-forsvarar-uppsagningsskyddet-med-en-politisk-strejk-nasta-onsdag\/#breadcrumb\"},\"inLanguage\":\"sv-SE\",\"potentialAction\":[{\"@type\":\"ReadAction\",\"target\":[\"https:\/\/www.selry.fi\/sv\/nyheter\/over-4500-arbetstagare-genom-livsmedelsbranschen-forsvarar-uppsagningsskyddet-med-en-politisk-strejk-nasta-onsdag\/\"]}]},{\"@type\":\"BreadcrumbList\",\"@id\":\"https:\/\/www.selry.fi\/sv\/nyheter\/over-4500-arbetstagare-genom-livsmedelsbranschen-forsvarar-uppsagningsskyddet-med-en-politisk-strejk-nasta-onsdag\/#breadcrumb\",\"itemListElement\":[{\"@type\":\"ListItem\",\"position\":1,\"name\":\"Home\",\"item\":\"https:\/\/www.selry.fi\/sv\/\"},{\"@type\":\"ListItem\",\"position\":2,\"name\":\"\u00d6ver 4500 arbetstagare genom livsmedelsbranschen f\u00f6rsvarar upps\u00e4gningsskyddet med en politisk strejk n\u00e4sta onsdag\"}]},{\"@type\":\"WebSite\",\"@id\":\"https:\/\/www.selry.fi\/#website\",\"url\":\"https:\/\/www.selry.fi\/\",\"name\":\"Suomen Elintarvikety\u00f6l\u00e4isten Liitto SEL\",\"description\":\"\",\"publisher\":{\"@id\":\"https:\/\/www.selry.fi\/#organization\"},\"inLanguage\":\"sv-SE\"},{\"@type\":\"Organization\",\"@id\":\"https:\/\/www.selry.fi\/#organization\",\"name\":\"Suomen Elintarvikety\u00f6l\u00e4isten Liitto SEL\",\"url\":\"https:\/\/www.selry.fi\/\",\"logo\":{\"@type\":\"ImageObject\",\"inLanguage\":\"sv-SE\",\"@id\":\"https:\/\/www.selry.fi\/#\/schema\/logo\/image\/\",\"url\":\"https:\/\/www.selry.fi\/wp-content\/uploads\/2021\/05\/logo-sel.svg\",\"contentUrl\":\"https:\/\/www.selry.fi\/wp-content\/uploads\/2021\/05\/logo-sel.svg\",\"width\":453,\"height\":135,\"caption\":\"Suomen Elintarvikety\u00f6l\u00e4isten Liitto SEL\"},\"image\":{\"@id\":\"https:\/\/www.selry.fi\/#\/schema\/logo\/image\/\"},\"sameAs\":[\"https:\/\/www.facebook.com\/selry\",\"https:\/\/x.com\/selryfi\"]},{\"@type\":\"Person\",\"@id\":\"https:\/\/www.selry.fi\/#\/schema\/person\/efa23a82d897b720e4b24c9d56a89e6d\",\"name\":\"Liisa Suonsivu\",\"image\":{\"@type\":\"ImageObject\",\"inLanguage\":\"sv-SE\",\"@id\":\"https:\/\/secure.gravatar.com\/avatar\/db21b3a75c0e85060245eace8bfa53a2974b1745f694228722faad33d4d28f94?s=96&d=mm&r=g\",\"url\":\"https:\/\/secure.gravatar.com\/avatar\/db21b3a75c0e85060245eace8bfa53a2974b1745f694228722faad33d4d28f94?s=96&d=mm&r=g\",\"contentUrl\":\"https:\/\/secure.gravatar.com\/avatar\/db21b3a75c0e85060245eace8bfa53a2974b1745f694228722faad33d4d28f94?s=96&d=mm&r=g\",\"caption\":\"Liisa Suonsivu\"}}]}<\/script>\n<!-- \/ Yoast SEO plugin. -->","yoast_head_json":{"title":"\u00d6ver 4500 arbetstagare genom livsmedelsbranschen f\u00f6rsvarar upps\u00e4gningsskyddet med en politisk strejk n\u00e4sta onsdag","robots":{"index":"index","follow":"follow","max-snippet":"max-snippet:-1","max-image-preview":"max-image-preview:large","max-video-preview":"max-video-preview:-1"},"canonical":"https:\/\/www.selry.fi\/sv\/nyheter\/over-4500-arbetstagare-genom-livsmedelsbranschen-forsvarar-uppsagningsskyddet-med-en-politisk-strejk-nasta-onsdag\/","og_locale":"sv_SE","og_type":"article","og_title":"\u00d6ver 4500 arbetstagare genom livsmedelsbranschen f\u00f6rsvarar upps\u00e4gningsskyddet med en politisk strejk n\u00e4sta onsdag","og_description":"Finlands Livsmedelsarbetaref\u00f6rbund SEL har utlyst&nbsp;15 arbetsplatser i livsmedelsbranschen i en politisk strejk onsdagen 3.10.2018. I strejken deltar \u00f6ver 4500 arbetstagare [\u2026] Lue lis\u00e4\u00e4 &raquo;","og_url":"https:\/\/www.selry.fi\/sv\/nyheter\/over-4500-arbetstagare-genom-livsmedelsbranschen-forsvarar-uppsagningsskyddet-med-en-politisk-strejk-nasta-onsdag\/","og_site_name":"Suomen Elintarvikety\u00f6l\u00e4isten Liitto SEL","article_publisher":"https:\/\/www.facebook.com\/selry","article_published_time":"2018-09-27T17:13:00+00:00","article_modified_time":"2021-05-27T17:14:23+00:00","og_image":[{"width":1920,"height":1080,"url":"https:\/\/www.selry.fi\/wp-content\/uploads\/2021\/05\/sel-placeholder-image.jpg","type":"image\/jpeg"}],"author":"Liisa Suonsivu","twitter_card":"summary_large_image","twitter_creator":"@selryfi","twitter_site":"@selryfi","schema":{"@context":"https:\/\/schema.org","@graph":[{"@type":"Article","@id":"https:\/\/www.selry.fi\/sv\/nyheter\/over-4500-arbetstagare-genom-livsmedelsbranschen-forsvarar-uppsagningsskyddet-med-en-politisk-strejk-nasta-onsdag\/#article","isPartOf":{"@id":"https:\/\/www.selry.fi\/sv\/nyheter\/over-4500-arbetstagare-genom-livsmedelsbranschen-forsvarar-uppsagningsskyddet-med-en-politisk-strejk-nasta-onsdag\/"},"author":{"name":"Liisa Suonsivu","@id":"https:\/\/www.selry.fi\/#\/schema\/person\/efa23a82d897b720e4b24c9d56a89e6d"},"headline":"\u00d6ver 4500 arbetstagare genom livsmedelsbranschen f\u00f6rsvarar upps\u00e4gningsskyddet med en politisk strejk n\u00e4sta onsdag","datePublished":"2018-09-27T17:13:00+00:00","dateModified":"2021-05-27T17:14:23+00:00","mainEntityOfPage":{"@id":"https:\/\/www.selry.fi\/sv\/nyheter\/over-4500-arbetstagare-genom-livsmedelsbranschen-forsvarar-uppsagningsskyddet-med-en-politisk-strejk-nasta-onsdag\/"},"wordCount":343,"publisher":{"@id":"https:\/\/www.selry.fi\/#organization"},"articleSection":["Nyheter"],"inLanguage":"sv-SE"},{"@type":"WebPage","@id":"https:\/\/www.selry.fi\/sv\/nyheter\/over-4500-arbetstagare-genom-livsmedelsbranschen-forsvarar-uppsagningsskyddet-med-en-politisk-strejk-nasta-onsdag\/","url":"https:\/\/www.selry.fi\/sv\/nyheter\/over-4500-arbetstagare-genom-livsmedelsbranschen-forsvarar-uppsagningsskyddet-med-en-politisk-strejk-nasta-onsdag\/","name":"\u00d6ver 4500 arbetstagare genom livsmedelsbranschen f\u00f6rsvarar upps\u00e4gningsskyddet med en politisk strejk n\u00e4sta onsdag","isPartOf":{"@id":"https:\/\/www.selry.fi\/#website"},"datePublished":"2018-09-27T17:13:00+00:00","dateModified":"2021-05-27T17:14:23+00:00","breadcrumb":{"@id":"https:\/\/www.selry.fi\/sv\/nyheter\/over-4500-arbetstagare-genom-livsmedelsbranschen-forsvarar-uppsagningsskyddet-med-en-politisk-strejk-nasta-onsdag\/#breadcrumb"},"inLanguage":"sv-SE","potentialAction":[{"@type":"ReadAction","target":["https:\/\/www.selry.fi\/sv\/nyheter\/over-4500-arbetstagare-genom-livsmedelsbranschen-forsvarar-uppsagningsskyddet-med-en-politisk-strejk-nasta-onsdag\/"]}]},{"@type":"BreadcrumbList","@id":"https:\/\/www.selry.fi\/sv\/nyheter\/over-4500-arbetstagare-genom-livsmedelsbranschen-forsvarar-uppsagningsskyddet-med-en-politisk-strejk-nasta-onsdag\/#breadcrumb","itemListElement":[{"@type":"ListItem","position":1,"name":"Home","item":"https:\/\/www.selry.fi\/sv\/"},{"@type":"ListItem","position":2,"name":"\u00d6ver 4500 arbetstagare genom livsmedelsbranschen f\u00f6rsvarar upps\u00e4gningsskyddet med en politisk strejk n\u00e4sta onsdag"}]},{"@type":"WebSite","@id":"https:\/\/www.selry.fi\/#website","url":"https:\/\/www.selry.fi\/","name":"Suomen Elintarvikety\u00f6l\u00e4isten Liitto SEL","description":"","publisher":{"@id":"https:\/\/www.selry.fi\/#organization"},"inLanguage":"sv-SE"},{"@type":"Organization","@id":"https:\/\/www.selry.fi\/#organization","name":"Suomen Elintarvikety\u00f6l\u00e4isten Liitto SEL","url":"https:\/\/www.selry.fi\/","logo":{"@type":"ImageObject","inLanguage":"sv-SE","@id":"https:\/\/www.selry.fi\/#\/schema\/logo\/image\/","url":"https:\/\/www.selry.fi\/wp-content\/uploads\/2021\/05\/logo-sel.svg","contentUrl":"https:\/\/www.selry.fi\/wp-content\/uploads\/2021\/05\/logo-sel.svg","width":453,"height":135,"caption":"Suomen Elintarvikety\u00f6l\u00e4isten Liitto SEL"},"image":{"@id":"https:\/\/www.selry.fi\/#\/schema\/logo\/image\/"},"sameAs":["https:\/\/www.facebook.com\/selry","https:\/\/x.com\/selryfi"]},{"@type":"Person","@id":"https:\/\/www.selry.fi\/#\/schema\/person\/efa23a82d897b720e4b24c9d56a89e6d","name":"Liisa Suonsivu","image":{"@type":"ImageObject","inLanguage":"sv-SE","@id":"https:\/\/secure.gravatar.com\/avatar\/db21b3a75c0e85060245eace8bfa53a2974b1745f694228722faad33d4d28f94?s=96&d=mm&r=g","url":"https:\/\/secure.gravatar.com\/avatar\/db21b3a75c0e85060245eace8bfa53a2974b1745f694228722faad33d4d28f94?s=96&d=mm&r=g","contentUrl":"https:\/\/secure.gravatar.com\/avatar\/db21b3a75c0e85060245eace8bfa53a2974b1745f694228722faad33d4d28f94?s=96&d=mm&r=g","caption":"Liisa Suonsivu"}}]}},"_links":{"self":[{"href":"https:\/\/www.selry.fi\/sv\/wp-json\/wp\/v2\/posts\/2338","targetHints":{"allow":["GET"]}}],"collection":[{"href":"https:\/\/www.selry.fi\/sv\/wp-json\/wp\/v2\/posts"}],"about":[{"href":"https:\/\/www.selry.fi\/sv\/wp-json\/wp\/v2\/types\/post"}],"author":[{"embeddable":true,"href":"https:\/\/www.selry.fi\/sv\/wp-json\/wp\/v2\/users\/7"}],"replies":[{"embeddable":true,"href":"https:\/\/www.selry.fi\/sv\/wp-json\/wp\/v2\/comments?post=2338"}],"version-history":[{"count":0,"href":"https:\/\/www.selry.fi\/sv\/wp-json\/wp\/v2\/posts\/2338\/revisions"}],"wp:attachment":[{"href":"https:\/\/www.selry.fi\/sv\/wp-json\/wp\/v2\/media?parent=2338"}],"wp:term":[{"taxonomy":"category","embeddable":true,"href":"https:\/\/www.selry.fi\/sv\/wp-json\/wp\/v2\/categories?post=2338"},{"taxonomy":"post_tag","embeddable":true,"href":"https:\/\/www.selry.fi\/sv\/wp-json\/wp\/v2\/tags?post=2338"}],"curies":[{"name":"wp","href":"https:\/\/api.w.org\/{rel}","templated":true}]}}