{"id":2334,"date":"2018-09-20T20:12:00","date_gmt":"2018-09-20T17:12:00","guid":{"rendered":"https:\/\/www.selry.fi\/?p=2334"},"modified":"2021-05-27T20:13:20","modified_gmt":"2021-05-27T17:13:20","slug":"uppsagningsskyddet-far-inte-forsvagas","status":"publish","type":"post","link":"https:\/\/www.selry.fi\/sv\/nyheter\/uppsagningsskyddet-far-inte-forsvagas\/","title":{"rendered":"Upps\u00e4gningsskyddet f\u00e5r inte f\u00f6rsvagas"},"content":{"rendered":"\n<p><strong>Varf\u00f6r mots\u00e4tter vi oss Sipil\u00e4s regerings proposition att f\u00f6rsvaga de anst\u00e4lldas upps\u00e4gningsskydd i f\u00f6retag med f\u00e4rre \u00e4n 10 anst\u00e4llda?<\/strong><\/p>\n\n\n\n<p>\u25cf Propositionen skulle i praktiken g\u00f6ra upps\u00e4gning m\u00f6jlig av vilken orsak som helst, de anst\u00e4llda skulle vara p\u00e5 en fortg\u00e5ende &#8221;pr\u00f6votid&#8221; och leva i os\u00e4kerhet<\/p>\n\n\n\n<p>\u25cf De anst\u00e4llda skulle inte l\u00e4ngre v\u00e5ga ansluta sig till facket, v\u00e4lja f\u00f6rtroendeman eller anm\u00e4rka \u00e5t arbetsgivaren exempelvis p\u00e5 brister i arbetarskyddet och iakttagandet av anst\u00e4llningsvillkoren<\/p>\n\n\n\n<p>\u25cf Tr\u00f6skeln f\u00f6r att kr\u00e4va samma l\u00f6n f\u00f6r samma arbete eller anm\u00e4la att man tar ut familjeledighet skulle bli h\u00f6gre<\/p>\n\n\n\n<p>\u25cf Diskriminering exempelvis p\u00e5 grundval av k\u00f6n, \u00e5lder, sjukdom, sexuell inriktning eller medlemskap i facket skulle \u00f6ka<\/p>\n\n\n\n<p>\u25cf Anst\u00e4llda i f\u00f6retag av olika storlek skulle vara i oj\u00e4mlik st\u00e4llning<\/p>\n\n\n\n<p>\u25cf I motsats till vad regeringen p\u00e5st\u00e5r skulle propositionen inte f\u00f6rb\u00e4ttra syssels\u00e4ttningen, enligt forskningsanstalterna \u00e4r effekterna &#8221;ganska n\u00e4ra noll&#8221;<\/p>\n\n\n\n<p>\u25cf P\u00e5 upps\u00e4gning f\u00f6ljer tv\u00e5 m\u00e5naders karens, det \u00e4r osk\u00e4ligt att en arbetstagare g\u00e5r miste om s\u00e5v\u00e4l arbetsplats som arbetsl\u00f6shetsskydd<\/p>\n\n\n\n<p>\u25cf Den nuvarande lagstiftningen erbjuder redan tillr\u00e4ckliga m\u00f6jligheter att s\u00e4ga upp en anst\u00e4lld p\u00e5 sakliga och v\u00e4gande personrelaterade grunder<\/p>\n\n\n\n<p>\u25cf Av f\u00f6retagen inom livsmedelsbranschen \u00e4r 76 % arbetsplatser med f\u00e4rre \u00e4n 10 personer<br>&nbsp;<\/p>\n\n\n\n<p>L\u00e4s mer p\u00e5 finska:&nbsp;<a href=\"http:\/\/www.selry.fi\/edunvalvonta\/irtisanomissuoja\/\">www.selry.fi\/irtisanomissuoja<\/a><\/p>\n\n\n\n<h3 class=\"wp-block-heading\">Bilagor<\/h3>\n\n\n\n<ul class=\"wp-block-list\"><li><a href=\"http:\/\/www.selry.fi\/@Bin\/74188058\/irtisanomissuojaa_ei_saa_heikent%c3%a4%c3%a4_02102018_ilmoitustaululle_A4_ruotsiksi.pdf\" target=\"_blank\" rel=\"noreferrer noopener\">F\u00f6r anslagstavlan: Upps\u00e4gningsskyddet f\u00e5r inte f\u00f6rsvagas!<\/a>&nbsp;(392 kB)<\/li><\/ul>\n","protected":false},"excerpt":{"rendered":"<p>Varf\u00f6r mots\u00e4tter vi oss Sipil\u00e4s regerings proposition att f\u00f6rsvaga de anst\u00e4lldas upps\u00e4gningsskydd i f\u00f6retag med f\u00e4rre \u00e4n 10 anst\u00e4llda? \u25cf [\u2026] <a href=\"https:\/\/www.selry.fi\/sv\/nyheter\/uppsagningsskyddet-far-inte-forsvagas\/\">Lue lis\u00e4\u00e4 &raquo;<\/a><\/p>\n","protected":false},"author":7,"featured_media":0,"comment_status":"closed","ping_status":"closed","sticky":false,"template":"","format":"standard","meta":{"_acf_changed":false,"footnotes":""},"categories":[26],"tags":[],"class_list":["post-2334","post","type-post","status-publish","format-standard","hentry","category-nyheter"],"acf":[],"yoast_head":"<!-- This site is optimized with the Yoast SEO plugin v27.2 - https:\/\/yoast.com\/product\/yoast-seo-wordpress\/ -->\n<title>Upps\u00e4gningsskyddet f\u00e5r inte f\u00f6rsvagas<\/title>\n<meta name=\"robots\" content=\"index, follow, max-snippet:-1, max-image-preview:large, max-video-preview:-1\" \/>\n<link rel=\"canonical\" href=\"https:\/\/www.selry.fi\/sv\/nyheter\/uppsagningsskyddet-far-inte-forsvagas\/\" \/>\n<meta property=\"og:locale\" content=\"sv_SE\" \/>\n<meta property=\"og:type\" content=\"article\" \/>\n<meta property=\"og:title\" content=\"Upps\u00e4gningsskyddet f\u00e5r inte f\u00f6rsvagas\" \/>\n<meta property=\"og:description\" content=\"Varf\u00f6r mots\u00e4tter vi oss Sipil\u00e4s regerings proposition att f\u00f6rsvaga de anst\u00e4lldas upps\u00e4gningsskydd i f\u00f6retag med f\u00e4rre \u00e4n 10 anst\u00e4llda? \u25cf [\u2026] Lue lis\u00e4\u00e4 &raquo;\" \/>\n<meta property=\"og:url\" content=\"https:\/\/www.selry.fi\/sv\/nyheter\/uppsagningsskyddet-far-inte-forsvagas\/\" \/>\n<meta property=\"og:site_name\" content=\"Suomen Elintarvikety\u00f6l\u00e4isten Liitto SEL\" \/>\n<meta property=\"article:publisher\" content=\"https:\/\/www.facebook.com\/selry\" \/>\n<meta property=\"article:published_time\" content=\"2018-09-20T17:12:00+00:00\" \/>\n<meta property=\"article:modified_time\" content=\"2021-05-27T17:13:20+00:00\" \/>\n<meta property=\"og:image\" content=\"https:\/\/www.selry.fi\/wp-content\/uploads\/2021\/05\/sel-placeholder-image.jpg\" \/>\n\t<meta property=\"og:image:width\" content=\"1920\" \/>\n\t<meta property=\"og:image:height\" content=\"1080\" \/>\n\t<meta property=\"og:image:type\" content=\"image\/jpeg\" \/>\n<meta name=\"author\" content=\"Liisa Suonsivu\" \/>\n<meta name=\"twitter:card\" content=\"summary_large_image\" \/>\n<meta name=\"twitter:creator\" content=\"@selryfi\" \/>\n<meta name=\"twitter:site\" content=\"@selryfi\" \/>\n<script type=\"application\/ld+json\" class=\"yoast-schema-graph\">{\"@context\":\"https:\/\/schema.org\",\"@graph\":[{\"@type\":\"Article\",\"@id\":\"https:\/\/www.selry.fi\/sv\/nyheter\/uppsagningsskyddet-far-inte-forsvagas\/#article\",\"isPartOf\":{\"@id\":\"https:\/\/www.selry.fi\/sv\/nyheter\/uppsagningsskyddet-far-inte-forsvagas\/\"},\"author\":{\"name\":\"Liisa Suonsivu\",\"@id\":\"https:\/\/www.selry.fi\/#\/schema\/person\/efa23a82d897b720e4b24c9d56a89e6d\"},\"headline\":\"Upps\u00e4gningsskyddet f\u00e5r inte f\u00f6rsvagas\",\"datePublished\":\"2018-09-20T17:12:00+00:00\",\"dateModified\":\"2021-05-27T17:13:20+00:00\",\"mainEntityOfPage\":{\"@id\":\"https:\/\/www.selry.fi\/sv\/nyheter\/uppsagningsskyddet-far-inte-forsvagas\/\"},\"wordCount\":265,\"publisher\":{\"@id\":\"https:\/\/www.selry.fi\/#organization\"},\"articleSection\":[\"Nyheter\"],\"inLanguage\":\"sv-SE\"},{\"@type\":\"WebPage\",\"@id\":\"https:\/\/www.selry.fi\/sv\/nyheter\/uppsagningsskyddet-far-inte-forsvagas\/\",\"url\":\"https:\/\/www.selry.fi\/sv\/nyheter\/uppsagningsskyddet-far-inte-forsvagas\/\",\"name\":\"Upps\u00e4gningsskyddet f\u00e5r inte f\u00f6rsvagas\",\"isPartOf\":{\"@id\":\"https:\/\/www.selry.fi\/#website\"},\"datePublished\":\"2018-09-20T17:12:00+00:00\",\"dateModified\":\"2021-05-27T17:13:20+00:00\",\"breadcrumb\":{\"@id\":\"https:\/\/www.selry.fi\/sv\/nyheter\/uppsagningsskyddet-far-inte-forsvagas\/#breadcrumb\"},\"inLanguage\":\"sv-SE\",\"potentialAction\":[{\"@type\":\"ReadAction\",\"target\":[\"https:\/\/www.selry.fi\/sv\/nyheter\/uppsagningsskyddet-far-inte-forsvagas\/\"]}]},{\"@type\":\"BreadcrumbList\",\"@id\":\"https:\/\/www.selry.fi\/sv\/nyheter\/uppsagningsskyddet-far-inte-forsvagas\/#breadcrumb\",\"itemListElement\":[{\"@type\":\"ListItem\",\"position\":1,\"name\":\"Home\",\"item\":\"https:\/\/www.selry.fi\/sv\/\"},{\"@type\":\"ListItem\",\"position\":2,\"name\":\"Upps\u00e4gningsskyddet f\u00e5r inte f\u00f6rsvagas\"}]},{\"@type\":\"WebSite\",\"@id\":\"https:\/\/www.selry.fi\/#website\",\"url\":\"https:\/\/www.selry.fi\/\",\"name\":\"Suomen Elintarvikety\u00f6l\u00e4isten Liitto SEL\",\"description\":\"\",\"publisher\":{\"@id\":\"https:\/\/www.selry.fi\/#organization\"},\"inLanguage\":\"sv-SE\"},{\"@type\":\"Organization\",\"@id\":\"https:\/\/www.selry.fi\/#organization\",\"name\":\"Suomen Elintarvikety\u00f6l\u00e4isten Liitto SEL\",\"url\":\"https:\/\/www.selry.fi\/\",\"logo\":{\"@type\":\"ImageObject\",\"inLanguage\":\"sv-SE\",\"@id\":\"https:\/\/www.selry.fi\/#\/schema\/logo\/image\/\",\"url\":\"https:\/\/www.selry.fi\/wp-content\/uploads\/2021\/05\/logo-sel.svg\",\"contentUrl\":\"https:\/\/www.selry.fi\/wp-content\/uploads\/2021\/05\/logo-sel.svg\",\"width\":453,\"height\":135,\"caption\":\"Suomen Elintarvikety\u00f6l\u00e4isten Liitto SEL\"},\"image\":{\"@id\":\"https:\/\/www.selry.fi\/#\/schema\/logo\/image\/\"},\"sameAs\":[\"https:\/\/www.facebook.com\/selry\",\"https:\/\/x.com\/selryfi\"]},{\"@type\":\"Person\",\"@id\":\"https:\/\/www.selry.fi\/#\/schema\/person\/efa23a82d897b720e4b24c9d56a89e6d\",\"name\":\"Liisa Suonsivu\",\"image\":{\"@type\":\"ImageObject\",\"inLanguage\":\"sv-SE\",\"@id\":\"https:\/\/secure.gravatar.com\/avatar\/db21b3a75c0e85060245eace8bfa53a2974b1745f694228722faad33d4d28f94?s=96&d=mm&r=g\",\"url\":\"https:\/\/secure.gravatar.com\/avatar\/db21b3a75c0e85060245eace8bfa53a2974b1745f694228722faad33d4d28f94?s=96&d=mm&r=g\",\"contentUrl\":\"https:\/\/secure.gravatar.com\/avatar\/db21b3a75c0e85060245eace8bfa53a2974b1745f694228722faad33d4d28f94?s=96&d=mm&r=g\",\"caption\":\"Liisa Suonsivu\"}}]}<\/script>\n<!-- \/ Yoast SEO plugin. -->","yoast_head_json":{"title":"Upps\u00e4gningsskyddet f\u00e5r inte f\u00f6rsvagas","robots":{"index":"index","follow":"follow","max-snippet":"max-snippet:-1","max-image-preview":"max-image-preview:large","max-video-preview":"max-video-preview:-1"},"canonical":"https:\/\/www.selry.fi\/sv\/nyheter\/uppsagningsskyddet-far-inte-forsvagas\/","og_locale":"sv_SE","og_type":"article","og_title":"Upps\u00e4gningsskyddet f\u00e5r inte f\u00f6rsvagas","og_description":"Varf\u00f6r mots\u00e4tter vi oss Sipil\u00e4s regerings proposition att f\u00f6rsvaga de anst\u00e4lldas upps\u00e4gningsskydd i f\u00f6retag med f\u00e4rre \u00e4n 10 anst\u00e4llda? \u25cf [\u2026] Lue lis\u00e4\u00e4 &raquo;","og_url":"https:\/\/www.selry.fi\/sv\/nyheter\/uppsagningsskyddet-far-inte-forsvagas\/","og_site_name":"Suomen Elintarvikety\u00f6l\u00e4isten Liitto SEL","article_publisher":"https:\/\/www.facebook.com\/selry","article_published_time":"2018-09-20T17:12:00+00:00","article_modified_time":"2021-05-27T17:13:20+00:00","og_image":[{"width":1920,"height":1080,"url":"https:\/\/www.selry.fi\/wp-content\/uploads\/2021\/05\/sel-placeholder-image.jpg","type":"image\/jpeg"}],"author":"Liisa Suonsivu","twitter_card":"summary_large_image","twitter_creator":"@selryfi","twitter_site":"@selryfi","schema":{"@context":"https:\/\/schema.org","@graph":[{"@type":"Article","@id":"https:\/\/www.selry.fi\/sv\/nyheter\/uppsagningsskyddet-far-inte-forsvagas\/#article","isPartOf":{"@id":"https:\/\/www.selry.fi\/sv\/nyheter\/uppsagningsskyddet-far-inte-forsvagas\/"},"author":{"name":"Liisa Suonsivu","@id":"https:\/\/www.selry.fi\/#\/schema\/person\/efa23a82d897b720e4b24c9d56a89e6d"},"headline":"Upps\u00e4gningsskyddet f\u00e5r inte f\u00f6rsvagas","datePublished":"2018-09-20T17:12:00+00:00","dateModified":"2021-05-27T17:13:20+00:00","mainEntityOfPage":{"@id":"https:\/\/www.selry.fi\/sv\/nyheter\/uppsagningsskyddet-far-inte-forsvagas\/"},"wordCount":265,"publisher":{"@id":"https:\/\/www.selry.fi\/#organization"},"articleSection":["Nyheter"],"inLanguage":"sv-SE"},{"@type":"WebPage","@id":"https:\/\/www.selry.fi\/sv\/nyheter\/uppsagningsskyddet-far-inte-forsvagas\/","url":"https:\/\/www.selry.fi\/sv\/nyheter\/uppsagningsskyddet-far-inte-forsvagas\/","name":"Upps\u00e4gningsskyddet f\u00e5r inte f\u00f6rsvagas","isPartOf":{"@id":"https:\/\/www.selry.fi\/#website"},"datePublished":"2018-09-20T17:12:00+00:00","dateModified":"2021-05-27T17:13:20+00:00","breadcrumb":{"@id":"https:\/\/www.selry.fi\/sv\/nyheter\/uppsagningsskyddet-far-inte-forsvagas\/#breadcrumb"},"inLanguage":"sv-SE","potentialAction":[{"@type":"ReadAction","target":["https:\/\/www.selry.fi\/sv\/nyheter\/uppsagningsskyddet-far-inte-forsvagas\/"]}]},{"@type":"BreadcrumbList","@id":"https:\/\/www.selry.fi\/sv\/nyheter\/uppsagningsskyddet-far-inte-forsvagas\/#breadcrumb","itemListElement":[{"@type":"ListItem","position":1,"name":"Home","item":"https:\/\/www.selry.fi\/sv\/"},{"@type":"ListItem","position":2,"name":"Upps\u00e4gningsskyddet f\u00e5r inte f\u00f6rsvagas"}]},{"@type":"WebSite","@id":"https:\/\/www.selry.fi\/#website","url":"https:\/\/www.selry.fi\/","name":"Suomen Elintarvikety\u00f6l\u00e4isten Liitto SEL","description":"","publisher":{"@id":"https:\/\/www.selry.fi\/#organization"},"inLanguage":"sv-SE"},{"@type":"Organization","@id":"https:\/\/www.selry.fi\/#organization","name":"Suomen Elintarvikety\u00f6l\u00e4isten Liitto SEL","url":"https:\/\/www.selry.fi\/","logo":{"@type":"ImageObject","inLanguage":"sv-SE","@id":"https:\/\/www.selry.fi\/#\/schema\/logo\/image\/","url":"https:\/\/www.selry.fi\/wp-content\/uploads\/2021\/05\/logo-sel.svg","contentUrl":"https:\/\/www.selry.fi\/wp-content\/uploads\/2021\/05\/logo-sel.svg","width":453,"height":135,"caption":"Suomen Elintarvikety\u00f6l\u00e4isten Liitto SEL"},"image":{"@id":"https:\/\/www.selry.fi\/#\/schema\/logo\/image\/"},"sameAs":["https:\/\/www.facebook.com\/selry","https:\/\/x.com\/selryfi"]},{"@type":"Person","@id":"https:\/\/www.selry.fi\/#\/schema\/person\/efa23a82d897b720e4b24c9d56a89e6d","name":"Liisa Suonsivu","image":{"@type":"ImageObject","inLanguage":"sv-SE","@id":"https:\/\/secure.gravatar.com\/avatar\/db21b3a75c0e85060245eace8bfa53a2974b1745f694228722faad33d4d28f94?s=96&d=mm&r=g","url":"https:\/\/secure.gravatar.com\/avatar\/db21b3a75c0e85060245eace8bfa53a2974b1745f694228722faad33d4d28f94?s=96&d=mm&r=g","contentUrl":"https:\/\/secure.gravatar.com\/avatar\/db21b3a75c0e85060245eace8bfa53a2974b1745f694228722faad33d4d28f94?s=96&d=mm&r=g","caption":"Liisa Suonsivu"}}]}},"_links":{"self":[{"href":"https:\/\/www.selry.fi\/sv\/wp-json\/wp\/v2\/posts\/2334","targetHints":{"allow":["GET"]}}],"collection":[{"href":"https:\/\/www.selry.fi\/sv\/wp-json\/wp\/v2\/posts"}],"about":[{"href":"https:\/\/www.selry.fi\/sv\/wp-json\/wp\/v2\/types\/post"}],"author":[{"embeddable":true,"href":"https:\/\/www.selry.fi\/sv\/wp-json\/wp\/v2\/users\/7"}],"replies":[{"embeddable":true,"href":"https:\/\/www.selry.fi\/sv\/wp-json\/wp\/v2\/comments?post=2334"}],"version-history":[{"count":0,"href":"https:\/\/www.selry.fi\/sv\/wp-json\/wp\/v2\/posts\/2334\/revisions"}],"wp:attachment":[{"href":"https:\/\/www.selry.fi\/sv\/wp-json\/wp\/v2\/media?parent=2334"}],"wp:term":[{"taxonomy":"category","embeddable":true,"href":"https:\/\/www.selry.fi\/sv\/wp-json\/wp\/v2\/categories?post=2334"},{"taxonomy":"post_tag","embeddable":true,"href":"https:\/\/www.selry.fi\/sv\/wp-json\/wp\/v2\/tags?post=2334"}],"curies":[{"name":"wp","href":"https:\/\/api.w.org\/{rel}","templated":true}]}}