{"id":2331,"date":"2018-05-21T20:11:00","date_gmt":"2018-05-21T17:11:00","guid":{"rendered":"https:\/\/www.selry.fi\/?p=2331"},"modified":"2021-05-27T20:12:20","modified_gmt":"2021-05-27T17:12:20","slug":"stek-inte-ut-dig-pa-arbetet-kom-ihag-att-halla-pauser-och-dricka","status":"publish","type":"post","link":"https:\/\/www.selry.fi\/sv\/nyheter\/stek-inte-ut-dig-pa-arbetet-kom-ihag-att-halla-pauser-och-dricka\/","title":{"rendered":"Stek inte ut dig p\u00e5 arbetet, kom ih\u00e5g att h\u00e5lla pauser och dricka!"},"content":{"rendered":"\n<p>V\u00e4rme belastar kroppen och p\u00e5verkar den fysiska och psykiska prestandan skadligt. Kom ih\u00e5g att dricka, \u00e4ta och h\u00e5lla pauser tillr\u00e4ckligt n\u00e4r du arbetar i hetta.<\/p>\n\n\n\n<p>Arbetsgivaren \u00e4r ansvarig f\u00f6r att \u00e5tg\u00e4rda att v\u00e4rmen p\u00e5 arbetsplatsen inte stiger \u00f6ver 28 grader d\u00e5 temperaturen utomhus \u00e4r under 25 grader. Om det \u00e4r varmare \u00e4n 28 grader p\u00e5 arbetsplatsen, ska man underl\u00e4tta arbetet genom att f\u00f6rkorta exponeringen, dvs. den tid man uts\u00e4tts f\u00f6r hettan. Om det \u00e4r varmare \u00e4n 28 grader, m\u00e5ste man f\u00f6rkorta exponeringen med 10 minuter per timme. Om det \u00e4r varmare \u00e4n 33 grader, m\u00e5ste man f\u00f6rkorta exponeringen med 15 minuter per timme. Arbetstiden f\u00f6rkortas allts\u00e5 med 10-15 minuter per timme.<\/p>\n\n\n\n<p>Ut\u00f6ver detta borde man, vid extremt heta arbetsst\u00e4llen s\u00e5som ugnar, genomf\u00f6ra snabba arbetsrotationer. Mer information f\u00e5r du av arbetarskyddsfullm\u00e4ktigen.<\/p>\n\n\n\n<p>Regionf\u00f6rvaltningsverket ansvarar f\u00f6r tillsynen av temperaturen p\u00e5 arbetsplatserna.<\/p>\n","protected":false},"excerpt":{"rendered":"<p>V\u00e4rme belastar kroppen och p\u00e5verkar den fysiska och psykiska prestandan skadligt. Kom ih\u00e5g att dricka, \u00e4ta och h\u00e5lla pauser tillr\u00e4ckligt [\u2026] <a href=\"https:\/\/www.selry.fi\/sv\/nyheter\/stek-inte-ut-dig-pa-arbetet-kom-ihag-att-halla-pauser-och-dricka\/\">Lue lis\u00e4\u00e4 &raquo;<\/a><\/p>\n","protected":false},"author":7,"featured_media":0,"comment_status":"closed","ping_status":"closed","sticky":false,"template":"","format":"standard","meta":{"_acf_changed":false,"footnotes":""},"categories":[26],"tags":[],"class_list":["post-2331","post","type-post","status-publish","format-standard","hentry","category-nyheter"],"acf":[],"yoast_head":"<!-- This site is optimized with the Yoast SEO plugin v27.2 - https:\/\/yoast.com\/product\/yoast-seo-wordpress\/ -->\n<title>Stek inte ut dig p\u00e5 arbetet, kom ih\u00e5g att h\u00e5lla pauser och dricka!<\/title>\n<meta name=\"robots\" content=\"index, follow, max-snippet:-1, max-image-preview:large, max-video-preview:-1\" \/>\n<link rel=\"canonical\" href=\"https:\/\/www.selry.fi\/sv\/nyheter\/stek-inte-ut-dig-pa-arbetet-kom-ihag-att-halla-pauser-och-dricka\/\" \/>\n<meta property=\"og:locale\" content=\"sv_SE\" \/>\n<meta property=\"og:type\" content=\"article\" \/>\n<meta property=\"og:title\" content=\"Stek inte ut dig p\u00e5 arbetet, kom ih\u00e5g att h\u00e5lla pauser och dricka!\" \/>\n<meta property=\"og:description\" content=\"V\u00e4rme belastar kroppen och p\u00e5verkar den fysiska och psykiska prestandan skadligt. Kom ih\u00e5g att dricka, \u00e4ta och h\u00e5lla pauser tillr\u00e4ckligt [\u2026] Lue lis\u00e4\u00e4 &raquo;\" \/>\n<meta property=\"og:url\" content=\"https:\/\/www.selry.fi\/sv\/nyheter\/stek-inte-ut-dig-pa-arbetet-kom-ihag-att-halla-pauser-och-dricka\/\" \/>\n<meta property=\"og:site_name\" content=\"Suomen Elintarvikety\u00f6l\u00e4isten Liitto SEL\" \/>\n<meta property=\"article:publisher\" content=\"https:\/\/www.facebook.com\/selry\" \/>\n<meta property=\"article:published_time\" content=\"2018-05-21T17:11:00+00:00\" \/>\n<meta property=\"article:modified_time\" content=\"2021-05-27T17:12:20+00:00\" \/>\n<meta property=\"og:image\" content=\"https:\/\/www.selry.fi\/wp-content\/uploads\/2021\/05\/sel-placeholder-image.jpg\" \/>\n\t<meta property=\"og:image:width\" content=\"1920\" \/>\n\t<meta property=\"og:image:height\" content=\"1080\" \/>\n\t<meta property=\"og:image:type\" content=\"image\/jpeg\" \/>\n<meta name=\"author\" content=\"Liisa Suonsivu\" \/>\n<meta name=\"twitter:card\" content=\"summary_large_image\" \/>\n<meta name=\"twitter:creator\" content=\"@selryfi\" \/>\n<meta name=\"twitter:site\" content=\"@selryfi\" \/>\n<script type=\"application\/ld+json\" class=\"yoast-schema-graph\">{\"@context\":\"https:\/\/schema.org\",\"@graph\":[{\"@type\":\"Article\",\"@id\":\"https:\/\/www.selry.fi\/sv\/nyheter\/stek-inte-ut-dig-pa-arbetet-kom-ihag-att-halla-pauser-och-dricka\/#article\",\"isPartOf\":{\"@id\":\"https:\/\/www.selry.fi\/sv\/nyheter\/stek-inte-ut-dig-pa-arbetet-kom-ihag-att-halla-pauser-och-dricka\/\"},\"author\":{\"name\":\"Liisa Suonsivu\",\"@id\":\"https:\/\/www.selry.fi\/#\/schema\/person\/efa23a82d897b720e4b24c9d56a89e6d\"},\"headline\":\"Stek inte ut dig p\u00e5 arbetet, kom ih\u00e5g att h\u00e5lla pauser och dricka!\",\"datePublished\":\"2018-05-21T17:11:00+00:00\",\"dateModified\":\"2021-05-27T17:12:20+00:00\",\"mainEntityOfPage\":{\"@id\":\"https:\/\/www.selry.fi\/sv\/nyheter\/stek-inte-ut-dig-pa-arbetet-kom-ihag-att-halla-pauser-och-dricka\/\"},\"wordCount\":172,\"publisher\":{\"@id\":\"https:\/\/www.selry.fi\/#organization\"},\"articleSection\":[\"Nyheter\"],\"inLanguage\":\"sv-SE\"},{\"@type\":\"WebPage\",\"@id\":\"https:\/\/www.selry.fi\/sv\/nyheter\/stek-inte-ut-dig-pa-arbetet-kom-ihag-att-halla-pauser-och-dricka\/\",\"url\":\"https:\/\/www.selry.fi\/sv\/nyheter\/stek-inte-ut-dig-pa-arbetet-kom-ihag-att-halla-pauser-och-dricka\/\",\"name\":\"Stek inte ut dig p\u00e5 arbetet, kom ih\u00e5g att h\u00e5lla pauser och dricka!\",\"isPartOf\":{\"@id\":\"https:\/\/www.selry.fi\/#website\"},\"datePublished\":\"2018-05-21T17:11:00+00:00\",\"dateModified\":\"2021-05-27T17:12:20+00:00\",\"breadcrumb\":{\"@id\":\"https:\/\/www.selry.fi\/sv\/nyheter\/stek-inte-ut-dig-pa-arbetet-kom-ihag-att-halla-pauser-och-dricka\/#breadcrumb\"},\"inLanguage\":\"sv-SE\",\"potentialAction\":[{\"@type\":\"ReadAction\",\"target\":[\"https:\/\/www.selry.fi\/sv\/nyheter\/stek-inte-ut-dig-pa-arbetet-kom-ihag-att-halla-pauser-och-dricka\/\"]}]},{\"@type\":\"BreadcrumbList\",\"@id\":\"https:\/\/www.selry.fi\/sv\/nyheter\/stek-inte-ut-dig-pa-arbetet-kom-ihag-att-halla-pauser-och-dricka\/#breadcrumb\",\"itemListElement\":[{\"@type\":\"ListItem\",\"position\":1,\"name\":\"Home\",\"item\":\"https:\/\/www.selry.fi\/sv\/\"},{\"@type\":\"ListItem\",\"position\":2,\"name\":\"Stek inte ut dig p\u00e5 arbetet, kom ih\u00e5g att h\u00e5lla pauser och dricka!\"}]},{\"@type\":\"WebSite\",\"@id\":\"https:\/\/www.selry.fi\/#website\",\"url\":\"https:\/\/www.selry.fi\/\",\"name\":\"Suomen Elintarvikety\u00f6l\u00e4isten Liitto SEL\",\"description\":\"\",\"publisher\":{\"@id\":\"https:\/\/www.selry.fi\/#organization\"},\"inLanguage\":\"sv-SE\"},{\"@type\":\"Organization\",\"@id\":\"https:\/\/www.selry.fi\/#organization\",\"name\":\"Suomen Elintarvikety\u00f6l\u00e4isten Liitto SEL\",\"url\":\"https:\/\/www.selry.fi\/\",\"logo\":{\"@type\":\"ImageObject\",\"inLanguage\":\"sv-SE\",\"@id\":\"https:\/\/www.selry.fi\/#\/schema\/logo\/image\/\",\"url\":\"https:\/\/www.selry.fi\/wp-content\/uploads\/2021\/05\/logo-sel.svg\",\"contentUrl\":\"https:\/\/www.selry.fi\/wp-content\/uploads\/2021\/05\/logo-sel.svg\",\"width\":453,\"height\":135,\"caption\":\"Suomen Elintarvikety\u00f6l\u00e4isten Liitto SEL\"},\"image\":{\"@id\":\"https:\/\/www.selry.fi\/#\/schema\/logo\/image\/\"},\"sameAs\":[\"https:\/\/www.facebook.com\/selry\",\"https:\/\/x.com\/selryfi\"]},{\"@type\":\"Person\",\"@id\":\"https:\/\/www.selry.fi\/#\/schema\/person\/efa23a82d897b720e4b24c9d56a89e6d\",\"name\":\"Liisa Suonsivu\",\"image\":{\"@type\":\"ImageObject\",\"inLanguage\":\"sv-SE\",\"@id\":\"https:\/\/secure.gravatar.com\/avatar\/db21b3a75c0e85060245eace8bfa53a2974b1745f694228722faad33d4d28f94?s=96&d=mm&r=g\",\"url\":\"https:\/\/secure.gravatar.com\/avatar\/db21b3a75c0e85060245eace8bfa53a2974b1745f694228722faad33d4d28f94?s=96&d=mm&r=g\",\"contentUrl\":\"https:\/\/secure.gravatar.com\/avatar\/db21b3a75c0e85060245eace8bfa53a2974b1745f694228722faad33d4d28f94?s=96&d=mm&r=g\",\"caption\":\"Liisa Suonsivu\"}}]}<\/script>\n<!-- \/ Yoast SEO plugin. -->","yoast_head_json":{"title":"Stek inte ut dig p\u00e5 arbetet, kom ih\u00e5g att h\u00e5lla pauser och dricka!","robots":{"index":"index","follow":"follow","max-snippet":"max-snippet:-1","max-image-preview":"max-image-preview:large","max-video-preview":"max-video-preview:-1"},"canonical":"https:\/\/www.selry.fi\/sv\/nyheter\/stek-inte-ut-dig-pa-arbetet-kom-ihag-att-halla-pauser-och-dricka\/","og_locale":"sv_SE","og_type":"article","og_title":"Stek inte ut dig p\u00e5 arbetet, kom ih\u00e5g att h\u00e5lla pauser och dricka!","og_description":"V\u00e4rme belastar kroppen och p\u00e5verkar den fysiska och psykiska prestandan skadligt. Kom ih\u00e5g att dricka, \u00e4ta och h\u00e5lla pauser tillr\u00e4ckligt [\u2026] Lue lis\u00e4\u00e4 &raquo;","og_url":"https:\/\/www.selry.fi\/sv\/nyheter\/stek-inte-ut-dig-pa-arbetet-kom-ihag-att-halla-pauser-och-dricka\/","og_site_name":"Suomen Elintarvikety\u00f6l\u00e4isten Liitto SEL","article_publisher":"https:\/\/www.facebook.com\/selry","article_published_time":"2018-05-21T17:11:00+00:00","article_modified_time":"2021-05-27T17:12:20+00:00","og_image":[{"width":1920,"height":1080,"url":"https:\/\/www.selry.fi\/wp-content\/uploads\/2021\/05\/sel-placeholder-image.jpg","type":"image\/jpeg"}],"author":"Liisa Suonsivu","twitter_card":"summary_large_image","twitter_creator":"@selryfi","twitter_site":"@selryfi","schema":{"@context":"https:\/\/schema.org","@graph":[{"@type":"Article","@id":"https:\/\/www.selry.fi\/sv\/nyheter\/stek-inte-ut-dig-pa-arbetet-kom-ihag-att-halla-pauser-och-dricka\/#article","isPartOf":{"@id":"https:\/\/www.selry.fi\/sv\/nyheter\/stek-inte-ut-dig-pa-arbetet-kom-ihag-att-halla-pauser-och-dricka\/"},"author":{"name":"Liisa Suonsivu","@id":"https:\/\/www.selry.fi\/#\/schema\/person\/efa23a82d897b720e4b24c9d56a89e6d"},"headline":"Stek inte ut dig p\u00e5 arbetet, kom ih\u00e5g att h\u00e5lla pauser och dricka!","datePublished":"2018-05-21T17:11:00+00:00","dateModified":"2021-05-27T17:12:20+00:00","mainEntityOfPage":{"@id":"https:\/\/www.selry.fi\/sv\/nyheter\/stek-inte-ut-dig-pa-arbetet-kom-ihag-att-halla-pauser-och-dricka\/"},"wordCount":172,"publisher":{"@id":"https:\/\/www.selry.fi\/#organization"},"articleSection":["Nyheter"],"inLanguage":"sv-SE"},{"@type":"WebPage","@id":"https:\/\/www.selry.fi\/sv\/nyheter\/stek-inte-ut-dig-pa-arbetet-kom-ihag-att-halla-pauser-och-dricka\/","url":"https:\/\/www.selry.fi\/sv\/nyheter\/stek-inte-ut-dig-pa-arbetet-kom-ihag-att-halla-pauser-och-dricka\/","name":"Stek inte ut dig p\u00e5 arbetet, kom ih\u00e5g att h\u00e5lla pauser och dricka!","isPartOf":{"@id":"https:\/\/www.selry.fi\/#website"},"datePublished":"2018-05-21T17:11:00+00:00","dateModified":"2021-05-27T17:12:20+00:00","breadcrumb":{"@id":"https:\/\/www.selry.fi\/sv\/nyheter\/stek-inte-ut-dig-pa-arbetet-kom-ihag-att-halla-pauser-och-dricka\/#breadcrumb"},"inLanguage":"sv-SE","potentialAction":[{"@type":"ReadAction","target":["https:\/\/www.selry.fi\/sv\/nyheter\/stek-inte-ut-dig-pa-arbetet-kom-ihag-att-halla-pauser-och-dricka\/"]}]},{"@type":"BreadcrumbList","@id":"https:\/\/www.selry.fi\/sv\/nyheter\/stek-inte-ut-dig-pa-arbetet-kom-ihag-att-halla-pauser-och-dricka\/#breadcrumb","itemListElement":[{"@type":"ListItem","position":1,"name":"Home","item":"https:\/\/www.selry.fi\/sv\/"},{"@type":"ListItem","position":2,"name":"Stek inte ut dig p\u00e5 arbetet, kom ih\u00e5g att h\u00e5lla pauser och dricka!"}]},{"@type":"WebSite","@id":"https:\/\/www.selry.fi\/#website","url":"https:\/\/www.selry.fi\/","name":"Suomen Elintarvikety\u00f6l\u00e4isten Liitto SEL","description":"","publisher":{"@id":"https:\/\/www.selry.fi\/#organization"},"inLanguage":"sv-SE"},{"@type":"Organization","@id":"https:\/\/www.selry.fi\/#organization","name":"Suomen Elintarvikety\u00f6l\u00e4isten Liitto SEL","url":"https:\/\/www.selry.fi\/","logo":{"@type":"ImageObject","inLanguage":"sv-SE","@id":"https:\/\/www.selry.fi\/#\/schema\/logo\/image\/","url":"https:\/\/www.selry.fi\/wp-content\/uploads\/2021\/05\/logo-sel.svg","contentUrl":"https:\/\/www.selry.fi\/wp-content\/uploads\/2021\/05\/logo-sel.svg","width":453,"height":135,"caption":"Suomen Elintarvikety\u00f6l\u00e4isten Liitto SEL"},"image":{"@id":"https:\/\/www.selry.fi\/#\/schema\/logo\/image\/"},"sameAs":["https:\/\/www.facebook.com\/selry","https:\/\/x.com\/selryfi"]},{"@type":"Person","@id":"https:\/\/www.selry.fi\/#\/schema\/person\/efa23a82d897b720e4b24c9d56a89e6d","name":"Liisa Suonsivu","image":{"@type":"ImageObject","inLanguage":"sv-SE","@id":"https:\/\/secure.gravatar.com\/avatar\/db21b3a75c0e85060245eace8bfa53a2974b1745f694228722faad33d4d28f94?s=96&d=mm&r=g","url":"https:\/\/secure.gravatar.com\/avatar\/db21b3a75c0e85060245eace8bfa53a2974b1745f694228722faad33d4d28f94?s=96&d=mm&r=g","contentUrl":"https:\/\/secure.gravatar.com\/avatar\/db21b3a75c0e85060245eace8bfa53a2974b1745f694228722faad33d4d28f94?s=96&d=mm&r=g","caption":"Liisa Suonsivu"}}]}},"_links":{"self":[{"href":"https:\/\/www.selry.fi\/sv\/wp-json\/wp\/v2\/posts\/2331","targetHints":{"allow":["GET"]}}],"collection":[{"href":"https:\/\/www.selry.fi\/sv\/wp-json\/wp\/v2\/posts"}],"about":[{"href":"https:\/\/www.selry.fi\/sv\/wp-json\/wp\/v2\/types\/post"}],"author":[{"embeddable":true,"href":"https:\/\/www.selry.fi\/sv\/wp-json\/wp\/v2\/users\/7"}],"replies":[{"embeddable":true,"href":"https:\/\/www.selry.fi\/sv\/wp-json\/wp\/v2\/comments?post=2331"}],"version-history":[{"count":0,"href":"https:\/\/www.selry.fi\/sv\/wp-json\/wp\/v2\/posts\/2331\/revisions"}],"wp:attachment":[{"href":"https:\/\/www.selry.fi\/sv\/wp-json\/wp\/v2\/media?parent=2331"}],"wp:term":[{"taxonomy":"category","embeddable":true,"href":"https:\/\/www.selry.fi\/sv\/wp-json\/wp\/v2\/categories?post=2331"},{"taxonomy":"post_tag","embeddable":true,"href":"https:\/\/www.selry.fi\/sv\/wp-json\/wp\/v2\/tags?post=2331"}],"curies":[{"name":"wp","href":"https:\/\/api.w.org\/{rel}","templated":true}]}}