{"id":2322,"date":"2018-04-16T20:09:00","date_gmt":"2018-04-16T17:09:00","guid":{"rendered":"https:\/\/www.selry.fi\/?p=2322"},"modified":"2021-05-27T20:10:01","modified_gmt":"2021-05-27T17:10:01","slug":"hkscans-rakvere-arbetstagares-strejk-avslutades-8-s-loneforhojning-at-arbetstagarna","status":"publish","type":"post","link":"https:\/\/www.selry.fi\/sv\/nyheter\/hkscans-rakvere-arbetstagares-strejk-avslutades-8-s-loneforhojning-at-arbetstagarna\/","title":{"rendered":"HKScans Rakvere-arbetstagares strejk avslutades, 8 %:s l\u00f6nef\u00f6rh\u00f6jning \u00e5t arbetstagarna"},"content":{"rendered":"\n<p>Arbetstagarnas strejk vid slakteriet i HKScans produktionsanl\u00e4ggning i Rakvere i Estland har avslutats genom arbetstagarnas samf\u00e4llda beslut att avsluta strejken och \u00e5terg\u00e5 till arbetet.<\/p>\n\n\n\n<p>Strejken b\u00f6rjade tisdagen 6.2.2018 och upph\u00f6rde m\u00e5ndagen 16.4.2018, n\u00e4r arbetstagarna p\u00e5 morgonen \u00e5terv\u00e4nde till sina jobb. Arbetstagarnas strejk som varade i n\u00e4stan 10 veckor \u00e4r den l\u00e4ngsta i Estlands historia.<\/p>\n\n\n\n<p>Slakteriets arbetstagare som organiserade sig i oktober kr\u00e4vde att arbetsgivaren erk\u00e4nner fackf\u00f6reningen som avtalspart, respekterar arbetstagarnas r\u00e4tt att organisera sig och betalar \u00e5t sina arbetstagare en l\u00f6n som man kan leva p\u00e5.<\/p>\n\n\n\n<p>Arbetstagarna godk\u00e4nde den \u00e5tta procents l\u00f6nef\u00f6rh\u00f6jning som arbetsgivaren erbj\u00f6d. HKScan har ocks\u00e5 meddelat att det erk\u00e4nner den lokala fackf\u00f6reningen som f\u00f6retr\u00e4dare f\u00f6r de organiserade arbetstagarna.<\/p>\n\n\n\n<p>Arbetstagarna forts\u00e4tter i Rakvere arbetet f\u00f6r att st\u00e4rka fackf\u00f6reningens st\u00e4llning och organiseringen av arbetstagarna samt f\u00f6r att f\u00f6rb\u00e4ttra anst\u00e4llningsvillkoren och arbetsf\u00f6rh\u00e5llandena.<\/p>\n","protected":false},"excerpt":{"rendered":"<p>Arbetstagarnas strejk vid slakteriet i HKScans produktionsanl\u00e4ggning i Rakvere i Estland har avslutats genom arbetstagarnas samf\u00e4llda beslut att avsluta strejken [\u2026] <a href=\"https:\/\/www.selry.fi\/sv\/nyheter\/hkscans-rakvere-arbetstagares-strejk-avslutades-8-s-loneforhojning-at-arbetstagarna\/\">Lue lis\u00e4\u00e4 &raquo;<\/a><\/p>\n","protected":false},"author":7,"featured_media":0,"comment_status":"closed","ping_status":"closed","sticky":false,"template":"","format":"standard","meta":{"_acf_changed":false,"footnotes":""},"categories":[26],"tags":[],"class_list":["post-2322","post","type-post","status-publish","format-standard","hentry","category-nyheter"],"acf":[],"yoast_head":"<!-- This site is optimized with the Yoast SEO plugin v27.2 - https:\/\/yoast.com\/product\/yoast-seo-wordpress\/ -->\n<title>HKScans Rakvere-arbetstagares strejk avslutades, 8 %:s l\u00f6nef\u00f6rh\u00f6jning \u00e5t arbetstagarna<\/title>\n<meta name=\"robots\" content=\"index, follow, max-snippet:-1, max-image-preview:large, max-video-preview:-1\" \/>\n<link rel=\"canonical\" href=\"https:\/\/www.selry.fi\/sv\/nyheter\/hkscans-rakvere-arbetstagares-strejk-avslutades-8-s-loneforhojning-at-arbetstagarna\/\" \/>\n<meta property=\"og:locale\" content=\"sv_SE\" \/>\n<meta property=\"og:type\" content=\"article\" \/>\n<meta property=\"og:title\" content=\"HKScans Rakvere-arbetstagares strejk avslutades, 8 %:s l\u00f6nef\u00f6rh\u00f6jning \u00e5t arbetstagarna\" \/>\n<meta property=\"og:description\" content=\"Arbetstagarnas strejk vid slakteriet i HKScans produktionsanl\u00e4ggning i Rakvere i Estland har avslutats genom arbetstagarnas samf\u00e4llda beslut att avsluta strejken [\u2026] Lue lis\u00e4\u00e4 &raquo;\" \/>\n<meta property=\"og:url\" content=\"https:\/\/www.selry.fi\/sv\/nyheter\/hkscans-rakvere-arbetstagares-strejk-avslutades-8-s-loneforhojning-at-arbetstagarna\/\" \/>\n<meta property=\"og:site_name\" content=\"Suomen Elintarvikety\u00f6l\u00e4isten Liitto SEL\" \/>\n<meta property=\"article:publisher\" content=\"https:\/\/www.facebook.com\/selry\" \/>\n<meta property=\"article:published_time\" content=\"2018-04-16T17:09:00+00:00\" \/>\n<meta property=\"article:modified_time\" content=\"2021-05-27T17:10:01+00:00\" \/>\n<meta property=\"og:image\" content=\"https:\/\/www.selry.fi\/wp-content\/uploads\/2021\/05\/sel-placeholder-image.jpg\" \/>\n\t<meta property=\"og:image:width\" content=\"1920\" \/>\n\t<meta property=\"og:image:height\" content=\"1080\" \/>\n\t<meta property=\"og:image:type\" content=\"image\/jpeg\" \/>\n<meta name=\"author\" content=\"Liisa Suonsivu\" \/>\n<meta name=\"twitter:card\" content=\"summary_large_image\" \/>\n<meta name=\"twitter:creator\" content=\"@selryfi\" \/>\n<meta name=\"twitter:site\" content=\"@selryfi\" \/>\n<script type=\"application\/ld+json\" class=\"yoast-schema-graph\">{\"@context\":\"https:\/\/schema.org\",\"@graph\":[{\"@type\":\"Article\",\"@id\":\"https:\/\/www.selry.fi\/sv\/nyheter\/hkscans-rakvere-arbetstagares-strejk-avslutades-8-s-loneforhojning-at-arbetstagarna\/#article\",\"isPartOf\":{\"@id\":\"https:\/\/www.selry.fi\/sv\/nyheter\/hkscans-rakvere-arbetstagares-strejk-avslutades-8-s-loneforhojning-at-arbetstagarna\/\"},\"author\":{\"name\":\"Liisa Suonsivu\",\"@id\":\"https:\/\/www.selry.fi\/#\/schema\/person\/efa23a82d897b720e4b24c9d56a89e6d\"},\"headline\":\"HKScans Rakvere-arbetstagares strejk avslutades, 8 %:s l\u00f6nef\u00f6rh\u00f6jning \u00e5t arbetstagarna\",\"datePublished\":\"2018-04-16T17:09:00+00:00\",\"dateModified\":\"2021-05-27T17:10:01+00:00\",\"mainEntityOfPage\":{\"@id\":\"https:\/\/www.selry.fi\/sv\/nyheter\/hkscans-rakvere-arbetstagares-strejk-avslutades-8-s-loneforhojning-at-arbetstagarna\/\"},\"wordCount\":175,\"publisher\":{\"@id\":\"https:\/\/www.selry.fi\/#organization\"},\"articleSection\":[\"Nyheter\"],\"inLanguage\":\"sv-SE\"},{\"@type\":\"WebPage\",\"@id\":\"https:\/\/www.selry.fi\/sv\/nyheter\/hkscans-rakvere-arbetstagares-strejk-avslutades-8-s-loneforhojning-at-arbetstagarna\/\",\"url\":\"https:\/\/www.selry.fi\/sv\/nyheter\/hkscans-rakvere-arbetstagares-strejk-avslutades-8-s-loneforhojning-at-arbetstagarna\/\",\"name\":\"HKScans Rakvere-arbetstagares strejk avslutades, 8 %:s l\u00f6nef\u00f6rh\u00f6jning \u00e5t arbetstagarna\",\"isPartOf\":{\"@id\":\"https:\/\/www.selry.fi\/#website\"},\"datePublished\":\"2018-04-16T17:09:00+00:00\",\"dateModified\":\"2021-05-27T17:10:01+00:00\",\"breadcrumb\":{\"@id\":\"https:\/\/www.selry.fi\/sv\/nyheter\/hkscans-rakvere-arbetstagares-strejk-avslutades-8-s-loneforhojning-at-arbetstagarna\/#breadcrumb\"},\"inLanguage\":\"sv-SE\",\"potentialAction\":[{\"@type\":\"ReadAction\",\"target\":[\"https:\/\/www.selry.fi\/sv\/nyheter\/hkscans-rakvere-arbetstagares-strejk-avslutades-8-s-loneforhojning-at-arbetstagarna\/\"]}]},{\"@type\":\"BreadcrumbList\",\"@id\":\"https:\/\/www.selry.fi\/sv\/nyheter\/hkscans-rakvere-arbetstagares-strejk-avslutades-8-s-loneforhojning-at-arbetstagarna\/#breadcrumb\",\"itemListElement\":[{\"@type\":\"ListItem\",\"position\":1,\"name\":\"Home\",\"item\":\"https:\/\/www.selry.fi\/sv\/\"},{\"@type\":\"ListItem\",\"position\":2,\"name\":\"HKScans Rakvere-arbetstagares strejk avslutades, 8 %:s l\u00f6nef\u00f6rh\u00f6jning \u00e5t arbetstagarna\"}]},{\"@type\":\"WebSite\",\"@id\":\"https:\/\/www.selry.fi\/#website\",\"url\":\"https:\/\/www.selry.fi\/\",\"name\":\"Suomen Elintarvikety\u00f6l\u00e4isten Liitto SEL\",\"description\":\"\",\"publisher\":{\"@id\":\"https:\/\/www.selry.fi\/#organization\"},\"inLanguage\":\"sv-SE\"},{\"@type\":\"Organization\",\"@id\":\"https:\/\/www.selry.fi\/#organization\",\"name\":\"Suomen Elintarvikety\u00f6l\u00e4isten Liitto SEL\",\"url\":\"https:\/\/www.selry.fi\/\",\"logo\":{\"@type\":\"ImageObject\",\"inLanguage\":\"sv-SE\",\"@id\":\"https:\/\/www.selry.fi\/#\/schema\/logo\/image\/\",\"url\":\"https:\/\/www.selry.fi\/wp-content\/uploads\/2021\/05\/logo-sel.svg\",\"contentUrl\":\"https:\/\/www.selry.fi\/wp-content\/uploads\/2021\/05\/logo-sel.svg\",\"width\":453,\"height\":135,\"caption\":\"Suomen Elintarvikety\u00f6l\u00e4isten Liitto SEL\"},\"image\":{\"@id\":\"https:\/\/www.selry.fi\/#\/schema\/logo\/image\/\"},\"sameAs\":[\"https:\/\/www.facebook.com\/selry\",\"https:\/\/x.com\/selryfi\"]},{\"@type\":\"Person\",\"@id\":\"https:\/\/www.selry.fi\/#\/schema\/person\/efa23a82d897b720e4b24c9d56a89e6d\",\"name\":\"Liisa Suonsivu\",\"image\":{\"@type\":\"ImageObject\",\"inLanguage\":\"sv-SE\",\"@id\":\"https:\/\/secure.gravatar.com\/avatar\/db21b3a75c0e85060245eace8bfa53a2974b1745f694228722faad33d4d28f94?s=96&d=mm&r=g\",\"url\":\"https:\/\/secure.gravatar.com\/avatar\/db21b3a75c0e85060245eace8bfa53a2974b1745f694228722faad33d4d28f94?s=96&d=mm&r=g\",\"contentUrl\":\"https:\/\/secure.gravatar.com\/avatar\/db21b3a75c0e85060245eace8bfa53a2974b1745f694228722faad33d4d28f94?s=96&d=mm&r=g\",\"caption\":\"Liisa Suonsivu\"}}]}<\/script>\n<!-- \/ Yoast SEO plugin. -->","yoast_head_json":{"title":"HKScans Rakvere-arbetstagares strejk avslutades, 8 %:s l\u00f6nef\u00f6rh\u00f6jning \u00e5t arbetstagarna","robots":{"index":"index","follow":"follow","max-snippet":"max-snippet:-1","max-image-preview":"max-image-preview:large","max-video-preview":"max-video-preview:-1"},"canonical":"https:\/\/www.selry.fi\/sv\/nyheter\/hkscans-rakvere-arbetstagares-strejk-avslutades-8-s-loneforhojning-at-arbetstagarna\/","og_locale":"sv_SE","og_type":"article","og_title":"HKScans Rakvere-arbetstagares strejk avslutades, 8 %:s l\u00f6nef\u00f6rh\u00f6jning \u00e5t arbetstagarna","og_description":"Arbetstagarnas strejk vid slakteriet i HKScans produktionsanl\u00e4ggning i Rakvere i Estland har avslutats genom arbetstagarnas samf\u00e4llda beslut att avsluta strejken [\u2026] Lue lis\u00e4\u00e4 &raquo;","og_url":"https:\/\/www.selry.fi\/sv\/nyheter\/hkscans-rakvere-arbetstagares-strejk-avslutades-8-s-loneforhojning-at-arbetstagarna\/","og_site_name":"Suomen Elintarvikety\u00f6l\u00e4isten Liitto SEL","article_publisher":"https:\/\/www.facebook.com\/selry","article_published_time":"2018-04-16T17:09:00+00:00","article_modified_time":"2021-05-27T17:10:01+00:00","og_image":[{"width":1920,"height":1080,"url":"https:\/\/www.selry.fi\/wp-content\/uploads\/2021\/05\/sel-placeholder-image.jpg","type":"image\/jpeg"}],"author":"Liisa Suonsivu","twitter_card":"summary_large_image","twitter_creator":"@selryfi","twitter_site":"@selryfi","schema":{"@context":"https:\/\/schema.org","@graph":[{"@type":"Article","@id":"https:\/\/www.selry.fi\/sv\/nyheter\/hkscans-rakvere-arbetstagares-strejk-avslutades-8-s-loneforhojning-at-arbetstagarna\/#article","isPartOf":{"@id":"https:\/\/www.selry.fi\/sv\/nyheter\/hkscans-rakvere-arbetstagares-strejk-avslutades-8-s-loneforhojning-at-arbetstagarna\/"},"author":{"name":"Liisa Suonsivu","@id":"https:\/\/www.selry.fi\/#\/schema\/person\/efa23a82d897b720e4b24c9d56a89e6d"},"headline":"HKScans Rakvere-arbetstagares strejk avslutades, 8 %:s l\u00f6nef\u00f6rh\u00f6jning \u00e5t arbetstagarna","datePublished":"2018-04-16T17:09:00+00:00","dateModified":"2021-05-27T17:10:01+00:00","mainEntityOfPage":{"@id":"https:\/\/www.selry.fi\/sv\/nyheter\/hkscans-rakvere-arbetstagares-strejk-avslutades-8-s-loneforhojning-at-arbetstagarna\/"},"wordCount":175,"publisher":{"@id":"https:\/\/www.selry.fi\/#organization"},"articleSection":["Nyheter"],"inLanguage":"sv-SE"},{"@type":"WebPage","@id":"https:\/\/www.selry.fi\/sv\/nyheter\/hkscans-rakvere-arbetstagares-strejk-avslutades-8-s-loneforhojning-at-arbetstagarna\/","url":"https:\/\/www.selry.fi\/sv\/nyheter\/hkscans-rakvere-arbetstagares-strejk-avslutades-8-s-loneforhojning-at-arbetstagarna\/","name":"HKScans Rakvere-arbetstagares strejk avslutades, 8 %:s l\u00f6nef\u00f6rh\u00f6jning \u00e5t arbetstagarna","isPartOf":{"@id":"https:\/\/www.selry.fi\/#website"},"datePublished":"2018-04-16T17:09:00+00:00","dateModified":"2021-05-27T17:10:01+00:00","breadcrumb":{"@id":"https:\/\/www.selry.fi\/sv\/nyheter\/hkscans-rakvere-arbetstagares-strejk-avslutades-8-s-loneforhojning-at-arbetstagarna\/#breadcrumb"},"inLanguage":"sv-SE","potentialAction":[{"@type":"ReadAction","target":["https:\/\/www.selry.fi\/sv\/nyheter\/hkscans-rakvere-arbetstagares-strejk-avslutades-8-s-loneforhojning-at-arbetstagarna\/"]}]},{"@type":"BreadcrumbList","@id":"https:\/\/www.selry.fi\/sv\/nyheter\/hkscans-rakvere-arbetstagares-strejk-avslutades-8-s-loneforhojning-at-arbetstagarna\/#breadcrumb","itemListElement":[{"@type":"ListItem","position":1,"name":"Home","item":"https:\/\/www.selry.fi\/sv\/"},{"@type":"ListItem","position":2,"name":"HKScans Rakvere-arbetstagares strejk avslutades, 8 %:s l\u00f6nef\u00f6rh\u00f6jning \u00e5t arbetstagarna"}]},{"@type":"WebSite","@id":"https:\/\/www.selry.fi\/#website","url":"https:\/\/www.selry.fi\/","name":"Suomen Elintarvikety\u00f6l\u00e4isten Liitto SEL","description":"","publisher":{"@id":"https:\/\/www.selry.fi\/#organization"},"inLanguage":"sv-SE"},{"@type":"Organization","@id":"https:\/\/www.selry.fi\/#organization","name":"Suomen Elintarvikety\u00f6l\u00e4isten Liitto SEL","url":"https:\/\/www.selry.fi\/","logo":{"@type":"ImageObject","inLanguage":"sv-SE","@id":"https:\/\/www.selry.fi\/#\/schema\/logo\/image\/","url":"https:\/\/www.selry.fi\/wp-content\/uploads\/2021\/05\/logo-sel.svg","contentUrl":"https:\/\/www.selry.fi\/wp-content\/uploads\/2021\/05\/logo-sel.svg","width":453,"height":135,"caption":"Suomen Elintarvikety\u00f6l\u00e4isten Liitto SEL"},"image":{"@id":"https:\/\/www.selry.fi\/#\/schema\/logo\/image\/"},"sameAs":["https:\/\/www.facebook.com\/selry","https:\/\/x.com\/selryfi"]},{"@type":"Person","@id":"https:\/\/www.selry.fi\/#\/schema\/person\/efa23a82d897b720e4b24c9d56a89e6d","name":"Liisa Suonsivu","image":{"@type":"ImageObject","inLanguage":"sv-SE","@id":"https:\/\/secure.gravatar.com\/avatar\/db21b3a75c0e85060245eace8bfa53a2974b1745f694228722faad33d4d28f94?s=96&d=mm&r=g","url":"https:\/\/secure.gravatar.com\/avatar\/db21b3a75c0e85060245eace8bfa53a2974b1745f694228722faad33d4d28f94?s=96&d=mm&r=g","contentUrl":"https:\/\/secure.gravatar.com\/avatar\/db21b3a75c0e85060245eace8bfa53a2974b1745f694228722faad33d4d28f94?s=96&d=mm&r=g","caption":"Liisa Suonsivu"}}]}},"_links":{"self":[{"href":"https:\/\/www.selry.fi\/sv\/wp-json\/wp\/v2\/posts\/2322","targetHints":{"allow":["GET"]}}],"collection":[{"href":"https:\/\/www.selry.fi\/sv\/wp-json\/wp\/v2\/posts"}],"about":[{"href":"https:\/\/www.selry.fi\/sv\/wp-json\/wp\/v2\/types\/post"}],"author":[{"embeddable":true,"href":"https:\/\/www.selry.fi\/sv\/wp-json\/wp\/v2\/users\/7"}],"replies":[{"embeddable":true,"href":"https:\/\/www.selry.fi\/sv\/wp-json\/wp\/v2\/comments?post=2322"}],"version-history":[{"count":0,"href":"https:\/\/www.selry.fi\/sv\/wp-json\/wp\/v2\/posts\/2322\/revisions"}],"wp:attachment":[{"href":"https:\/\/www.selry.fi\/sv\/wp-json\/wp\/v2\/media?parent=2322"}],"wp:term":[{"taxonomy":"category","embeddable":true,"href":"https:\/\/www.selry.fi\/sv\/wp-json\/wp\/v2\/categories?post=2322"},{"taxonomy":"post_tag","embeddable":true,"href":"https:\/\/www.selry.fi\/sv\/wp-json\/wp\/v2\/tags?post=2322"}],"curies":[{"name":"wp","href":"https:\/\/api.w.org\/{rel}","templated":true}]}}