{"id":2319,"date":"2018-03-21T20:08:00","date_gmt":"2018-03-21T18:08:00","guid":{"rendered":"https:\/\/www.selry.fi\/?p=2319"},"modified":"2021-05-27T20:09:00","modified_gmt":"2021-05-27T17:09:00","slug":"aktiveringsmodellen-i-arbetsloshetsskyddet","status":"publish","type":"post","link":"https:\/\/www.selry.fi\/sv\/nyheter\/aktiveringsmodellen-i-arbetsloshetsskyddet\/","title":{"rendered":"Aktiveringsmodellen i arbetsl\u00f6shetsskyddet"},"content":{"rendered":"\n<p>Aktiveringsmodellen inneb\u00e4r att full arbetsl\u00f6shetsf\u00f6rm\u00e5n i forts\u00e4ttningen f\u00f6ruts\u00e4tter att man l\u00f6nearbetar, bedriver f\u00f6retagsverksamhet eller deltar i syssels\u00e4ttningsfr\u00e4mjande service.<\/p>\n\n\n\n<p>Juha Sipil\u00e4s regering besl\u00f6t att ta aktiveringsmodellen i bruk trots fackf\u00f6reningsr\u00f6relsens och oppositionens motst\u00e5nd. SEL har motsatt sig aktiveringsmodellen \u00e4nda fr\u00e5n b\u00f6rjan och vi arbetar tillsammans med FFC och \u00f6vriga fackf\u00f6rbund f\u00f6r att upph\u00e4va aktiveringsmodellen samt avv\u00e4rja de ytterligare f\u00f6rs\u00e4mringar som regeringen f\u00f6rbereder.<br>&nbsp;<\/p>\n\n\n\n<p><strong>Kontroll av aktiviteten<\/strong><\/p>\n\n\n\n<p>Kontrollen av aktiviteten b\u00f6rjade 1.1.2018. Arbetsl\u00f6shetskassan f\u00f6ljer med din aktivitet i kontrollperioder p\u00e5 65 utbetalningsdagar. Detta inneb\u00e4r att den f\u00f6rsta m\u00f6jliga kontrolltidpunkten \u00e4r 1.4.2018. Kontrolltidpunkten best\u00e4ms individuellt, den infaller allts\u00e5 f\u00f6r var och en arbetsl\u00f6s med ca tre m\u00e5naders mellanrum fr\u00e5n och med den f\u00f6rsta arbetsl\u00f6shetsdagen.<\/p>\n\n\n\n<p>Finlands Livsmedelsarbetares Arbetsl\u00f6shetskassa betalar arbetsl\u00f6shetsf\u00f6rm\u00e5n \u00e5t dig och f\u00f6ljer med din aktivitet. N\u00e4r du i forts\u00e4ttningen fyller i din ans\u00f6kan om inkomstrelaterad dagpenning, meddela samtidigt arbetsl\u00f6shetskassan, om du har varit aktiv p\u00e5 det s\u00e4tt som aktiveringsmodellen f\u00f6ruts\u00e4tter.<\/p>\n\n\n\n<p>L\u00e4ttast g\u00e5r det att fylla i ans\u00f6kan om inkomstrelaterad dagpenning i arbetsl\u00f6shetskassans eTj\u00e4nst p\u00e5 adressen&nbsp;<a href=\"http:\/\/www.selry.fi\/se\/a-kassan\/\">www.selry.fi\/tyottomyyskassa<\/a>. Det p\u00e5skyndar ocks\u00e5 handl\u00e4ggningen med av ans\u00f6kningarna att anv\u00e4nda eTj\u00e4nst.<br>&nbsp;<\/p>\n\n\n\n<p><strong>Vad avses med aktivitet?<\/strong><\/p>\n\n\n\n<p>Aktiviteten \u00e4r tillr\u00e4cklig, om n\u00e5got av f\u00f6ljande alternativ uppfylls under kontrollperioden p\u00e5 65 utbetalningsdagar:<\/p>\n\n\n\n<p>&#8211; du \u00e4r i arbete i minst 18 timmar, och din l\u00f6n f\u00f6ljer kollektivavtalet eller \u00e4r minst 6,91 euro i timmen<\/p>\n\n\n\n<p>&#8211; du tj\u00e4nar in sammanlagt 241,04 euro i egen f\u00f6retagsverksamhet<\/p>\n\n\n\n<p>&#8211; du deltar fem (5) dagar i syssels\u00e4ttningsfr\u00e4mjande service<\/p>\n\n\n\n<p>&#8211; du deltar fem (5) dagar i n\u00e5gon annan av arbetskraftsmyndigheten anordnad service eller verksamhet som f\u00f6rb\u00e4ttrar f\u00f6ruts\u00e4ttningarna f\u00f6r syssels\u00e4ttning<\/p>\n\n\n\n<p>&#8211; du deltar fem (5) dagar i annan rekryteringsst\u00f6djande verksamhet, f\u00f6r vilken tid det betalas arbetsl\u00f6shetsf\u00f6rm\u00e5n \u00e5t dig.<br>&nbsp;<\/p>\n\n\n\n<p><strong>Hur p\u00e5verkar aktiveringsmodellen arbetsl\u00f6shetsf\u00f6rm\u00e5nen?<\/strong><\/p>\n\n\n\n<p>Din arbetsl\u00f6shetsf\u00f6rm\u00e5n minskar inte, om du \u00e4r aktiv p\u00e5 n\u00e5got av de ovan n\u00e4mnda s\u00e4tten.<\/p>\n\n\n\n<p>Om aktiviteten inte \u00e4r tillr\u00e4cklig under en kontrollperiod, minskar din arbetsl\u00f6shetsf\u00f6rm\u00e5n med 4,65 procent f\u00f6r f\u00f6ljande 65 utbetalningsdagar.&nbsp;Per m\u00e5nad motsvarar nedsk\u00e4rningen ungef\u00e4r arbetsl\u00f6shetsf\u00f6rm\u00e5nen f\u00f6r en dag.<\/p>\n\n\n\n<p>N\u00e4r aktiviteten \u00e4r tillr\u00e4cklig, \u00e5terg\u00e5r din arbetsl\u00f6shetsf\u00f6rm\u00e5n till det fulla beloppet i b\u00f6rjan av n\u00e4sta kontrollperiod. Om aktiviteten inte \u00e4r tillr\u00e4cklig, forts\u00e4tter betalningen av arbetsl\u00f6shetsf\u00f6rm\u00e5nen med nedsatt belopp under f\u00f6ljande kontrollperiod.<\/p>\n\n\n\n<p>Din arbetsl\u00f6shetsf\u00f6rm\u00e5n minskar dock inte ytterligare, utan minskningen \u00e4r fortfarande 4,65 % av det fulla beloppet.<br>&nbsp;<\/p>\n\n\n\n<p><strong>N\u00e4r aktivitet inte f\u00f6ruts\u00e4tts?<\/strong><\/p>\n\n\n\n<p>Aktiveringsmodellen g\u00e4ller inte alla mottagare av arbetsl\u00f6shetsf\u00f6rm\u00e5n. En s\u00e5dan aktivitet, som presenterats i detta brev, f\u00f6ruts\u00e4tts inte av dig, om du<\/p>\n\n\n\n<p>&#8211; har ans\u00f6kt om invalidpension och \u00e4nnu inte har f\u00e5tt beslut i \u00e4rendet<\/p>\n\n\n\n<p>&#8211; \u00e4r n\u00e4rst\u00e5ende- eller familjev\u00e5rdare<\/p>\n\n\n\n<p>&#8211; f\u00e5r en social f\u00f6rm\u00e5n som beviljats p\u00e5 grundval av arbetsof\u00f6rm\u00e5ga eller skada (exempelvis partiell invalidpension, partiell rehabiliteringspenning eller handikappbidrag)<\/p>\n\n\n\n<p>&#8211; f\u00e5r arbetsl\u00f6shetsf\u00f6rm\u00e5n p\u00e5 grund av permittering eller f\u00f6rkortad arbetsvecka under en kortare tid \u00e4n 65 utbetalningsdagar.<br>&nbsp;<\/p>\n\n\n\n<p><strong>Mer information<\/strong><\/p>\n\n\n\n<p>Om du inte har n\u00e5got att fr\u00e5ga om, beh\u00f6ver du inte vara i kontakt med f\u00f6rbundet eller arbetsl\u00f6shetskassan. Det r\u00e4cker att du i forts\u00e4ttningen meddelar uppgifterna om din aktivitet i din ans\u00f6kan om inkomstrelaterad dagpenning.<\/p>\n\n\n\n<p>Om du har n\u00e5got att fr\u00e5ga om, kan du ringa till arbetsl\u00f6shetskassans servicenummer 09 4246 1200, som \u00e4r \u00f6ppet fr\u00e5n m\u00e5ndag till fredag klockan 8.30-15.30.<\/p>\n\n\n\n<p>L\u00e4s mer p\u00e5 finska om aktiveringsmodellen och varf\u00f6r SEL mots\u00e4tter sig aktiveringsmodellen:&nbsp;<a href=\"http:\/\/www.selry.fi\/edunvalvonta\/aktiivimalli\/\">www.selry.fi\/aktiivimalli<\/a>.<\/p>\n\n\n\n<p>Du f\u00e5r mer information om syssels\u00e4ttningsfr\u00e4mjande service fr\u00e5n TE-tj\u00e4nsterna p\u00e5 adressen&nbsp;<a href=\"http:\/\/www.te-tjanster.fi\/te\/sv\/index.html\" target=\"_blank\" rel=\"noreferrer noopener\">www.te-palvelut.fi<\/a>.<\/p>\n","protected":false},"excerpt":{"rendered":"<p>Aktiveringsmodellen inneb\u00e4r att full arbetsl\u00f6shetsf\u00f6rm\u00e5n i forts\u00e4ttningen f\u00f6ruts\u00e4tter att man l\u00f6nearbetar, bedriver f\u00f6retagsverksamhet eller deltar i syssels\u00e4ttningsfr\u00e4mjande service. Juha Sipil\u00e4s [\u2026] <a href=\"https:\/\/www.selry.fi\/sv\/nyheter\/aktiveringsmodellen-i-arbetsloshetsskyddet\/\">Lue lis\u00e4\u00e4 &raquo;<\/a><\/p>\n","protected":false},"author":7,"featured_media":0,"comment_status":"closed","ping_status":"closed","sticky":false,"template":"","format":"standard","meta":{"_acf_changed":false,"footnotes":""},"categories":[26],"tags":[],"class_list":["post-2319","post","type-post","status-publish","format-standard","hentry","category-nyheter"],"acf":[],"yoast_head":"<!-- This site is optimized with the Yoast SEO plugin v27.2 - https:\/\/yoast.com\/product\/yoast-seo-wordpress\/ -->\n<title>Aktiveringsmodellen i arbetsl\u00f6shetsskyddet<\/title>\n<meta name=\"robots\" content=\"index, follow, max-snippet:-1, max-image-preview:large, max-video-preview:-1\" \/>\n<link rel=\"canonical\" href=\"https:\/\/www.selry.fi\/sv\/nyheter\/aktiveringsmodellen-i-arbetsloshetsskyddet\/\" \/>\n<meta property=\"og:locale\" content=\"sv_SE\" \/>\n<meta property=\"og:type\" content=\"article\" \/>\n<meta property=\"og:title\" content=\"Aktiveringsmodellen i arbetsl\u00f6shetsskyddet\" \/>\n<meta property=\"og:description\" content=\"Aktiveringsmodellen inneb\u00e4r att full arbetsl\u00f6shetsf\u00f6rm\u00e5n i forts\u00e4ttningen f\u00f6ruts\u00e4tter att man l\u00f6nearbetar, bedriver f\u00f6retagsverksamhet eller deltar i syssels\u00e4ttningsfr\u00e4mjande service. Juha Sipil\u00e4s [\u2026] Lue lis\u00e4\u00e4 &raquo;\" \/>\n<meta property=\"og:url\" content=\"https:\/\/www.selry.fi\/sv\/nyheter\/aktiveringsmodellen-i-arbetsloshetsskyddet\/\" \/>\n<meta property=\"og:site_name\" content=\"Suomen Elintarvikety\u00f6l\u00e4isten Liitto SEL\" \/>\n<meta property=\"article:publisher\" content=\"https:\/\/www.facebook.com\/selry\" \/>\n<meta property=\"article:published_time\" content=\"2018-03-21T18:08:00+00:00\" \/>\n<meta property=\"article:modified_time\" content=\"2021-05-27T17:09:00+00:00\" \/>\n<meta property=\"og:image\" content=\"https:\/\/www.selry.fi\/wp-content\/uploads\/2021\/05\/sel-placeholder-image.jpg\" \/>\n\t<meta property=\"og:image:width\" content=\"1920\" \/>\n\t<meta property=\"og:image:height\" content=\"1080\" \/>\n\t<meta property=\"og:image:type\" content=\"image\/jpeg\" \/>\n<meta name=\"author\" content=\"Liisa Suonsivu\" \/>\n<meta name=\"twitter:card\" content=\"summary_large_image\" \/>\n<meta name=\"twitter:creator\" content=\"@selryfi\" \/>\n<meta name=\"twitter:site\" content=\"@selryfi\" \/>\n<script type=\"application\/ld+json\" class=\"yoast-schema-graph\">{\"@context\":\"https:\/\/schema.org\",\"@graph\":[{\"@type\":\"Article\",\"@id\":\"https:\/\/www.selry.fi\/sv\/nyheter\/aktiveringsmodellen-i-arbetsloshetsskyddet\/#article\",\"isPartOf\":{\"@id\":\"https:\/\/www.selry.fi\/sv\/nyheter\/aktiveringsmodellen-i-arbetsloshetsskyddet\/\"},\"author\":{\"name\":\"Liisa Suonsivu\",\"@id\":\"https:\/\/www.selry.fi\/#\/schema\/person\/efa23a82d897b720e4b24c9d56a89e6d\"},\"headline\":\"Aktiveringsmodellen i arbetsl\u00f6shetsskyddet\",\"datePublished\":\"2018-03-21T18:08:00+00:00\",\"dateModified\":\"2021-05-27T17:09:00+00:00\",\"mainEntityOfPage\":{\"@id\":\"https:\/\/www.selry.fi\/sv\/nyheter\/aktiveringsmodellen-i-arbetsloshetsskyddet\/\"},\"wordCount\":699,\"publisher\":{\"@id\":\"https:\/\/www.selry.fi\/#organization\"},\"articleSection\":[\"Nyheter\"],\"inLanguage\":\"sv-SE\"},{\"@type\":\"WebPage\",\"@id\":\"https:\/\/www.selry.fi\/sv\/nyheter\/aktiveringsmodellen-i-arbetsloshetsskyddet\/\",\"url\":\"https:\/\/www.selry.fi\/sv\/nyheter\/aktiveringsmodellen-i-arbetsloshetsskyddet\/\",\"name\":\"Aktiveringsmodellen i arbetsl\u00f6shetsskyddet\",\"isPartOf\":{\"@id\":\"https:\/\/www.selry.fi\/#website\"},\"datePublished\":\"2018-03-21T18:08:00+00:00\",\"dateModified\":\"2021-05-27T17:09:00+00:00\",\"breadcrumb\":{\"@id\":\"https:\/\/www.selry.fi\/sv\/nyheter\/aktiveringsmodellen-i-arbetsloshetsskyddet\/#breadcrumb\"},\"inLanguage\":\"sv-SE\",\"potentialAction\":[{\"@type\":\"ReadAction\",\"target\":[\"https:\/\/www.selry.fi\/sv\/nyheter\/aktiveringsmodellen-i-arbetsloshetsskyddet\/\"]}]},{\"@type\":\"BreadcrumbList\",\"@id\":\"https:\/\/www.selry.fi\/sv\/nyheter\/aktiveringsmodellen-i-arbetsloshetsskyddet\/#breadcrumb\",\"itemListElement\":[{\"@type\":\"ListItem\",\"position\":1,\"name\":\"Home\",\"item\":\"https:\/\/www.selry.fi\/sv\/\"},{\"@type\":\"ListItem\",\"position\":2,\"name\":\"Aktiveringsmodellen i arbetsl\u00f6shetsskyddet\"}]},{\"@type\":\"WebSite\",\"@id\":\"https:\/\/www.selry.fi\/#website\",\"url\":\"https:\/\/www.selry.fi\/\",\"name\":\"Suomen Elintarvikety\u00f6l\u00e4isten Liitto SEL\",\"description\":\"\",\"publisher\":{\"@id\":\"https:\/\/www.selry.fi\/#organization\"},\"inLanguage\":\"sv-SE\"},{\"@type\":\"Organization\",\"@id\":\"https:\/\/www.selry.fi\/#organization\",\"name\":\"Suomen Elintarvikety\u00f6l\u00e4isten Liitto SEL\",\"url\":\"https:\/\/www.selry.fi\/\",\"logo\":{\"@type\":\"ImageObject\",\"inLanguage\":\"sv-SE\",\"@id\":\"https:\/\/www.selry.fi\/#\/schema\/logo\/image\/\",\"url\":\"https:\/\/www.selry.fi\/wp-content\/uploads\/2021\/05\/logo-sel.svg\",\"contentUrl\":\"https:\/\/www.selry.fi\/wp-content\/uploads\/2021\/05\/logo-sel.svg\",\"width\":453,\"height\":135,\"caption\":\"Suomen Elintarvikety\u00f6l\u00e4isten Liitto SEL\"},\"image\":{\"@id\":\"https:\/\/www.selry.fi\/#\/schema\/logo\/image\/\"},\"sameAs\":[\"https:\/\/www.facebook.com\/selry\",\"https:\/\/x.com\/selryfi\"]},{\"@type\":\"Person\",\"@id\":\"https:\/\/www.selry.fi\/#\/schema\/person\/efa23a82d897b720e4b24c9d56a89e6d\",\"name\":\"Liisa Suonsivu\",\"image\":{\"@type\":\"ImageObject\",\"inLanguage\":\"sv-SE\",\"@id\":\"https:\/\/secure.gravatar.com\/avatar\/db21b3a75c0e85060245eace8bfa53a2974b1745f694228722faad33d4d28f94?s=96&d=mm&r=g\",\"url\":\"https:\/\/secure.gravatar.com\/avatar\/db21b3a75c0e85060245eace8bfa53a2974b1745f694228722faad33d4d28f94?s=96&d=mm&r=g\",\"contentUrl\":\"https:\/\/secure.gravatar.com\/avatar\/db21b3a75c0e85060245eace8bfa53a2974b1745f694228722faad33d4d28f94?s=96&d=mm&r=g\",\"caption\":\"Liisa Suonsivu\"}}]}<\/script>\n<!-- \/ Yoast SEO plugin. -->","yoast_head_json":{"title":"Aktiveringsmodellen i arbetsl\u00f6shetsskyddet","robots":{"index":"index","follow":"follow","max-snippet":"max-snippet:-1","max-image-preview":"max-image-preview:large","max-video-preview":"max-video-preview:-1"},"canonical":"https:\/\/www.selry.fi\/sv\/nyheter\/aktiveringsmodellen-i-arbetsloshetsskyddet\/","og_locale":"sv_SE","og_type":"article","og_title":"Aktiveringsmodellen i arbetsl\u00f6shetsskyddet","og_description":"Aktiveringsmodellen inneb\u00e4r att full arbetsl\u00f6shetsf\u00f6rm\u00e5n i forts\u00e4ttningen f\u00f6ruts\u00e4tter att man l\u00f6nearbetar, bedriver f\u00f6retagsverksamhet eller deltar i syssels\u00e4ttningsfr\u00e4mjande service. Juha Sipil\u00e4s [\u2026] Lue lis\u00e4\u00e4 &raquo;","og_url":"https:\/\/www.selry.fi\/sv\/nyheter\/aktiveringsmodellen-i-arbetsloshetsskyddet\/","og_site_name":"Suomen Elintarvikety\u00f6l\u00e4isten Liitto SEL","article_publisher":"https:\/\/www.facebook.com\/selry","article_published_time":"2018-03-21T18:08:00+00:00","article_modified_time":"2021-05-27T17:09:00+00:00","og_image":[{"width":1920,"height":1080,"url":"https:\/\/www.selry.fi\/wp-content\/uploads\/2021\/05\/sel-placeholder-image.jpg","type":"image\/jpeg"}],"author":"Liisa Suonsivu","twitter_card":"summary_large_image","twitter_creator":"@selryfi","twitter_site":"@selryfi","schema":{"@context":"https:\/\/schema.org","@graph":[{"@type":"Article","@id":"https:\/\/www.selry.fi\/sv\/nyheter\/aktiveringsmodellen-i-arbetsloshetsskyddet\/#article","isPartOf":{"@id":"https:\/\/www.selry.fi\/sv\/nyheter\/aktiveringsmodellen-i-arbetsloshetsskyddet\/"},"author":{"name":"Liisa Suonsivu","@id":"https:\/\/www.selry.fi\/#\/schema\/person\/efa23a82d897b720e4b24c9d56a89e6d"},"headline":"Aktiveringsmodellen i arbetsl\u00f6shetsskyddet","datePublished":"2018-03-21T18:08:00+00:00","dateModified":"2021-05-27T17:09:00+00:00","mainEntityOfPage":{"@id":"https:\/\/www.selry.fi\/sv\/nyheter\/aktiveringsmodellen-i-arbetsloshetsskyddet\/"},"wordCount":699,"publisher":{"@id":"https:\/\/www.selry.fi\/#organization"},"articleSection":["Nyheter"],"inLanguage":"sv-SE"},{"@type":"WebPage","@id":"https:\/\/www.selry.fi\/sv\/nyheter\/aktiveringsmodellen-i-arbetsloshetsskyddet\/","url":"https:\/\/www.selry.fi\/sv\/nyheter\/aktiveringsmodellen-i-arbetsloshetsskyddet\/","name":"Aktiveringsmodellen i arbetsl\u00f6shetsskyddet","isPartOf":{"@id":"https:\/\/www.selry.fi\/#website"},"datePublished":"2018-03-21T18:08:00+00:00","dateModified":"2021-05-27T17:09:00+00:00","breadcrumb":{"@id":"https:\/\/www.selry.fi\/sv\/nyheter\/aktiveringsmodellen-i-arbetsloshetsskyddet\/#breadcrumb"},"inLanguage":"sv-SE","potentialAction":[{"@type":"ReadAction","target":["https:\/\/www.selry.fi\/sv\/nyheter\/aktiveringsmodellen-i-arbetsloshetsskyddet\/"]}]},{"@type":"BreadcrumbList","@id":"https:\/\/www.selry.fi\/sv\/nyheter\/aktiveringsmodellen-i-arbetsloshetsskyddet\/#breadcrumb","itemListElement":[{"@type":"ListItem","position":1,"name":"Home","item":"https:\/\/www.selry.fi\/sv\/"},{"@type":"ListItem","position":2,"name":"Aktiveringsmodellen i arbetsl\u00f6shetsskyddet"}]},{"@type":"WebSite","@id":"https:\/\/www.selry.fi\/#website","url":"https:\/\/www.selry.fi\/","name":"Suomen Elintarvikety\u00f6l\u00e4isten Liitto SEL","description":"","publisher":{"@id":"https:\/\/www.selry.fi\/#organization"},"inLanguage":"sv-SE"},{"@type":"Organization","@id":"https:\/\/www.selry.fi\/#organization","name":"Suomen Elintarvikety\u00f6l\u00e4isten Liitto SEL","url":"https:\/\/www.selry.fi\/","logo":{"@type":"ImageObject","inLanguage":"sv-SE","@id":"https:\/\/www.selry.fi\/#\/schema\/logo\/image\/","url":"https:\/\/www.selry.fi\/wp-content\/uploads\/2021\/05\/logo-sel.svg","contentUrl":"https:\/\/www.selry.fi\/wp-content\/uploads\/2021\/05\/logo-sel.svg","width":453,"height":135,"caption":"Suomen Elintarvikety\u00f6l\u00e4isten Liitto SEL"},"image":{"@id":"https:\/\/www.selry.fi\/#\/schema\/logo\/image\/"},"sameAs":["https:\/\/www.facebook.com\/selry","https:\/\/x.com\/selryfi"]},{"@type":"Person","@id":"https:\/\/www.selry.fi\/#\/schema\/person\/efa23a82d897b720e4b24c9d56a89e6d","name":"Liisa Suonsivu","image":{"@type":"ImageObject","inLanguage":"sv-SE","@id":"https:\/\/secure.gravatar.com\/avatar\/db21b3a75c0e85060245eace8bfa53a2974b1745f694228722faad33d4d28f94?s=96&d=mm&r=g","url":"https:\/\/secure.gravatar.com\/avatar\/db21b3a75c0e85060245eace8bfa53a2974b1745f694228722faad33d4d28f94?s=96&d=mm&r=g","contentUrl":"https:\/\/secure.gravatar.com\/avatar\/db21b3a75c0e85060245eace8bfa53a2974b1745f694228722faad33d4d28f94?s=96&d=mm&r=g","caption":"Liisa Suonsivu"}}]}},"_links":{"self":[{"href":"https:\/\/www.selry.fi\/sv\/wp-json\/wp\/v2\/posts\/2319","targetHints":{"allow":["GET"]}}],"collection":[{"href":"https:\/\/www.selry.fi\/sv\/wp-json\/wp\/v2\/posts"}],"about":[{"href":"https:\/\/www.selry.fi\/sv\/wp-json\/wp\/v2\/types\/post"}],"author":[{"embeddable":true,"href":"https:\/\/www.selry.fi\/sv\/wp-json\/wp\/v2\/users\/7"}],"replies":[{"embeddable":true,"href":"https:\/\/www.selry.fi\/sv\/wp-json\/wp\/v2\/comments?post=2319"}],"version-history":[{"count":0,"href":"https:\/\/www.selry.fi\/sv\/wp-json\/wp\/v2\/posts\/2319\/revisions"}],"wp:attachment":[{"href":"https:\/\/www.selry.fi\/sv\/wp-json\/wp\/v2\/media?parent=2319"}],"wp:term":[{"taxonomy":"category","embeddable":true,"href":"https:\/\/www.selry.fi\/sv\/wp-json\/wp\/v2\/categories?post=2319"},{"taxonomy":"post_tag","embeddable":true,"href":"https:\/\/www.selry.fi\/sv\/wp-json\/wp\/v2\/tags?post=2319"}],"curies":[{"name":"wp","href":"https:\/\/api.w.org\/{rel}","templated":true}]}}