{"id":2316,"date":"2018-01-26T20:05:00","date_gmt":"2018-01-26T18:05:00","guid":{"rendered":"https:\/\/www.selry.fi\/?p=2316"},"modified":"2021-05-27T20:08:04","modified_gmt":"2021-05-27T17:08:04","slug":"politisk-asiktsyttring-mot-aktiveringsmodellen-fredagen-2-2-2018","status":"publish","type":"post","link":"https:\/\/www.selry.fi\/sv\/nyheter\/politisk-asiktsyttring-mot-aktiveringsmodellen-fredagen-2-2-2018\/","title":{"rendered":"Politisk \u00e5siktsyttring mot aktiveringsmodellen fredagen 2.2.2018"},"content":{"rendered":"\n<p>SEL deltar i den politiska \u00e5siktsyttringen f\u00f6r att skrota aktiveringsmodellen som besk\u00e4r arbetsl\u00f6shetsskyddet och bem\u00f6ter de arbetsl\u00f6sa or\u00e4ttvist.<\/p>\n\n\n\n<p>SEL uppmanar alla arbetstagare i livsmedelsbranschen att delta i den politiska \u00e5siktsyttringen, som ordnas fredagen 2.2.2018 i Helsingfors p\u00e5 Senatstorget klockan 11-13.<\/p>\n\n\n\n<p>P\u00e5 arbetsplatserna i livsmedelsbranschen kan man fredagen 2.2.2018 ordna politiska strids\u00e5tg\u00e4rder s\u00e5som strejker och arbetsnedl\u00e4ggelser. Man beslutar om strids\u00e5tg\u00e4rderna p\u00e5 varje arbetsplats separat, vid arbetsplatsens verkstadsklubbs eller fackavdelnings m\u00f6te.<\/p>\n\n\n\n<p>SEL har meddelat livsmedelsbranschens arbetsgivarf\u00f6rbund ETL samt riksf\u00f6rlikningsmannen att SEL:s medlemmar kommer att delta i den politiska \u00e5siktsyttringen mot aktiveringsmodellen och att detta kommer att orsaka politiska strids\u00e5tg\u00e4rder p\u00e5 arbetsplatserna i livsmedelsbranschen.<\/p>\n\n\n\n<p>Strejken g\u00e4ller alla strejkbelagda arbeten och de som utf\u00f6r dem, ocks\u00e5 arbetstagare som inte h\u00f6r till fackf\u00f6rbunden. Den politiska strejken \u00e4r inte riktad mot arbetsgivaren. Den \u00e4r en laglig strejk, fast\u00e4n den genomf\u00f6rs medan kollektivavtalet \u00e4r i kraft. N\u00e4r man har fattat beslut om en politisk strejk i verkstadsklubben eller fackavdelningen och man i f\u00f6rv\u00e4g har meddelat arbetsgivaren om den, kan strejken inte leda till n\u00e5gra p\u00e5f\u00f6ljder f\u00f6r fackavdelningen, verkstadsklubben eller en enskild arbetstagare.<\/p>\n\n\n\n<p><a href=\"http:\/\/www.selry.fi\/edunvalvonta\/aktiivimalli\/\">L\u00e4s mer p\u00e5 finska: www.selry.fi\/aktiivimalli<\/a><br>&nbsp;<\/p>\n\n\n\n<h3 class=\"wp-block-heading\">Bilagor<\/h3>\n\n\n\n<ul class=\"wp-block-list\"><li><a href=\"http:\/\/www.selry.fi\/@Bin\/73235865\/poliittinen_mielenilmaus_02022018_ilmoitustaululle_A4_ruotsiksi.pdf\" target=\"_blank\" rel=\"noreferrer noopener\">S\u00e4tts upp p\u00e5 anslagstavlan: Politisk \u00e5siktsyttring mot aktiveringsmodellen fredagen 2.2.2018!<\/a>&nbsp;(330 kB)<\/li><\/ul>\n","protected":false},"excerpt":{"rendered":"<p>SEL deltar i den politiska \u00e5siktsyttringen f\u00f6r att skrota aktiveringsmodellen som besk\u00e4r arbetsl\u00f6shetsskyddet och bem\u00f6ter de arbetsl\u00f6sa or\u00e4ttvist. SEL uppmanar [\u2026] <a href=\"https:\/\/www.selry.fi\/sv\/nyheter\/politisk-asiktsyttring-mot-aktiveringsmodellen-fredagen-2-2-2018\/\">Lue lis\u00e4\u00e4 &raquo;<\/a><\/p>\n","protected":false},"author":7,"featured_media":0,"comment_status":"closed","ping_status":"closed","sticky":false,"template":"","format":"standard","meta":{"_acf_changed":false,"footnotes":""},"categories":[26],"tags":[],"class_list":["post-2316","post","type-post","status-publish","format-standard","hentry","category-nyheter"],"acf":[],"yoast_head":"<!-- This site is optimized with the Yoast SEO plugin v27.2 - https:\/\/yoast.com\/product\/yoast-seo-wordpress\/ -->\n<title>Politisk \u00e5siktsyttring mot aktiveringsmodellen fredagen 2.2.2018<\/title>\n<meta name=\"robots\" content=\"index, follow, max-snippet:-1, max-image-preview:large, max-video-preview:-1\" \/>\n<link rel=\"canonical\" href=\"https:\/\/www.selry.fi\/sv\/nyheter\/politisk-asiktsyttring-mot-aktiveringsmodellen-fredagen-2-2-2018\/\" \/>\n<meta property=\"og:locale\" content=\"sv_SE\" \/>\n<meta property=\"og:type\" content=\"article\" \/>\n<meta property=\"og:title\" content=\"Politisk \u00e5siktsyttring mot aktiveringsmodellen fredagen 2.2.2018\" \/>\n<meta property=\"og:description\" content=\"SEL deltar i den politiska \u00e5siktsyttringen f\u00f6r att skrota aktiveringsmodellen som besk\u00e4r arbetsl\u00f6shetsskyddet och bem\u00f6ter de arbetsl\u00f6sa or\u00e4ttvist. SEL uppmanar [\u2026] Lue lis\u00e4\u00e4 &raquo;\" \/>\n<meta property=\"og:url\" content=\"https:\/\/www.selry.fi\/sv\/nyheter\/politisk-asiktsyttring-mot-aktiveringsmodellen-fredagen-2-2-2018\/\" \/>\n<meta property=\"og:site_name\" content=\"Suomen Elintarvikety\u00f6l\u00e4isten Liitto SEL\" \/>\n<meta property=\"article:publisher\" content=\"https:\/\/www.facebook.com\/selry\" \/>\n<meta property=\"article:published_time\" content=\"2018-01-26T18:05:00+00:00\" \/>\n<meta property=\"article:modified_time\" content=\"2021-05-27T17:08:04+00:00\" \/>\n<meta property=\"og:image\" content=\"https:\/\/www.selry.fi\/wp-content\/uploads\/2021\/05\/sel-placeholder-image.jpg\" \/>\n\t<meta property=\"og:image:width\" content=\"1920\" \/>\n\t<meta property=\"og:image:height\" content=\"1080\" \/>\n\t<meta property=\"og:image:type\" content=\"image\/jpeg\" \/>\n<meta name=\"author\" content=\"Liisa Suonsivu\" \/>\n<meta name=\"twitter:card\" content=\"summary_large_image\" \/>\n<meta name=\"twitter:creator\" content=\"@selryfi\" \/>\n<meta name=\"twitter:site\" content=\"@selryfi\" \/>\n<script type=\"application\/ld+json\" class=\"yoast-schema-graph\">{\"@context\":\"https:\/\/schema.org\",\"@graph\":[{\"@type\":\"Article\",\"@id\":\"https:\/\/www.selry.fi\/sv\/nyheter\/politisk-asiktsyttring-mot-aktiveringsmodellen-fredagen-2-2-2018\/#article\",\"isPartOf\":{\"@id\":\"https:\/\/www.selry.fi\/sv\/nyheter\/politisk-asiktsyttring-mot-aktiveringsmodellen-fredagen-2-2-2018\/\"},\"author\":{\"name\":\"Liisa Suonsivu\",\"@id\":\"https:\/\/www.selry.fi\/#\/schema\/person\/efa23a82d897b720e4b24c9d56a89e6d\"},\"headline\":\"Politisk \u00e5siktsyttring mot aktiveringsmodellen fredagen 2.2.2018\",\"datePublished\":\"2018-01-26T18:05:00+00:00\",\"dateModified\":\"2021-05-27T17:08:04+00:00\",\"mainEntityOfPage\":{\"@id\":\"https:\/\/www.selry.fi\/sv\/nyheter\/politisk-asiktsyttring-mot-aktiveringsmodellen-fredagen-2-2-2018\/\"},\"wordCount\":232,\"publisher\":{\"@id\":\"https:\/\/www.selry.fi\/#organization\"},\"articleSection\":[\"Nyheter\"],\"inLanguage\":\"sv-SE\"},{\"@type\":\"WebPage\",\"@id\":\"https:\/\/www.selry.fi\/sv\/nyheter\/politisk-asiktsyttring-mot-aktiveringsmodellen-fredagen-2-2-2018\/\",\"url\":\"https:\/\/www.selry.fi\/sv\/nyheter\/politisk-asiktsyttring-mot-aktiveringsmodellen-fredagen-2-2-2018\/\",\"name\":\"Politisk \u00e5siktsyttring mot aktiveringsmodellen fredagen 2.2.2018\",\"isPartOf\":{\"@id\":\"https:\/\/www.selry.fi\/#website\"},\"datePublished\":\"2018-01-26T18:05:00+00:00\",\"dateModified\":\"2021-05-27T17:08:04+00:00\",\"breadcrumb\":{\"@id\":\"https:\/\/www.selry.fi\/sv\/nyheter\/politisk-asiktsyttring-mot-aktiveringsmodellen-fredagen-2-2-2018\/#breadcrumb\"},\"inLanguage\":\"sv-SE\",\"potentialAction\":[{\"@type\":\"ReadAction\",\"target\":[\"https:\/\/www.selry.fi\/sv\/nyheter\/politisk-asiktsyttring-mot-aktiveringsmodellen-fredagen-2-2-2018\/\"]}]},{\"@type\":\"BreadcrumbList\",\"@id\":\"https:\/\/www.selry.fi\/sv\/nyheter\/politisk-asiktsyttring-mot-aktiveringsmodellen-fredagen-2-2-2018\/#breadcrumb\",\"itemListElement\":[{\"@type\":\"ListItem\",\"position\":1,\"name\":\"Home\",\"item\":\"https:\/\/www.selry.fi\/sv\/\"},{\"@type\":\"ListItem\",\"position\":2,\"name\":\"Politisk \u00e5siktsyttring mot aktiveringsmodellen fredagen 2.2.2018\"}]},{\"@type\":\"WebSite\",\"@id\":\"https:\/\/www.selry.fi\/#website\",\"url\":\"https:\/\/www.selry.fi\/\",\"name\":\"Suomen Elintarvikety\u00f6l\u00e4isten Liitto SEL\",\"description\":\"\",\"publisher\":{\"@id\":\"https:\/\/www.selry.fi\/#organization\"},\"inLanguage\":\"sv-SE\"},{\"@type\":\"Organization\",\"@id\":\"https:\/\/www.selry.fi\/#organization\",\"name\":\"Suomen Elintarvikety\u00f6l\u00e4isten Liitto SEL\",\"url\":\"https:\/\/www.selry.fi\/\",\"logo\":{\"@type\":\"ImageObject\",\"inLanguage\":\"sv-SE\",\"@id\":\"https:\/\/www.selry.fi\/#\/schema\/logo\/image\/\",\"url\":\"https:\/\/www.selry.fi\/wp-content\/uploads\/2021\/05\/logo-sel.svg\",\"contentUrl\":\"https:\/\/www.selry.fi\/wp-content\/uploads\/2021\/05\/logo-sel.svg\",\"width\":453,\"height\":135,\"caption\":\"Suomen Elintarvikety\u00f6l\u00e4isten Liitto SEL\"},\"image\":{\"@id\":\"https:\/\/www.selry.fi\/#\/schema\/logo\/image\/\"},\"sameAs\":[\"https:\/\/www.facebook.com\/selry\",\"https:\/\/x.com\/selryfi\"]},{\"@type\":\"Person\",\"@id\":\"https:\/\/www.selry.fi\/#\/schema\/person\/efa23a82d897b720e4b24c9d56a89e6d\",\"name\":\"Liisa Suonsivu\",\"image\":{\"@type\":\"ImageObject\",\"inLanguage\":\"sv-SE\",\"@id\":\"https:\/\/secure.gravatar.com\/avatar\/db21b3a75c0e85060245eace8bfa53a2974b1745f694228722faad33d4d28f94?s=96&d=mm&r=g\",\"url\":\"https:\/\/secure.gravatar.com\/avatar\/db21b3a75c0e85060245eace8bfa53a2974b1745f694228722faad33d4d28f94?s=96&d=mm&r=g\",\"contentUrl\":\"https:\/\/secure.gravatar.com\/avatar\/db21b3a75c0e85060245eace8bfa53a2974b1745f694228722faad33d4d28f94?s=96&d=mm&r=g\",\"caption\":\"Liisa Suonsivu\"}}]}<\/script>\n<!-- \/ Yoast SEO plugin. -->","yoast_head_json":{"title":"Politisk \u00e5siktsyttring mot aktiveringsmodellen fredagen 2.2.2018","robots":{"index":"index","follow":"follow","max-snippet":"max-snippet:-1","max-image-preview":"max-image-preview:large","max-video-preview":"max-video-preview:-1"},"canonical":"https:\/\/www.selry.fi\/sv\/nyheter\/politisk-asiktsyttring-mot-aktiveringsmodellen-fredagen-2-2-2018\/","og_locale":"sv_SE","og_type":"article","og_title":"Politisk \u00e5siktsyttring mot aktiveringsmodellen fredagen 2.2.2018","og_description":"SEL deltar i den politiska \u00e5siktsyttringen f\u00f6r att skrota aktiveringsmodellen som besk\u00e4r arbetsl\u00f6shetsskyddet och bem\u00f6ter de arbetsl\u00f6sa or\u00e4ttvist. SEL uppmanar [\u2026] Lue lis\u00e4\u00e4 &raquo;","og_url":"https:\/\/www.selry.fi\/sv\/nyheter\/politisk-asiktsyttring-mot-aktiveringsmodellen-fredagen-2-2-2018\/","og_site_name":"Suomen Elintarvikety\u00f6l\u00e4isten Liitto SEL","article_publisher":"https:\/\/www.facebook.com\/selry","article_published_time":"2018-01-26T18:05:00+00:00","article_modified_time":"2021-05-27T17:08:04+00:00","og_image":[{"width":1920,"height":1080,"url":"https:\/\/www.selry.fi\/wp-content\/uploads\/2021\/05\/sel-placeholder-image.jpg","type":"image\/jpeg"}],"author":"Liisa Suonsivu","twitter_card":"summary_large_image","twitter_creator":"@selryfi","twitter_site":"@selryfi","schema":{"@context":"https:\/\/schema.org","@graph":[{"@type":"Article","@id":"https:\/\/www.selry.fi\/sv\/nyheter\/politisk-asiktsyttring-mot-aktiveringsmodellen-fredagen-2-2-2018\/#article","isPartOf":{"@id":"https:\/\/www.selry.fi\/sv\/nyheter\/politisk-asiktsyttring-mot-aktiveringsmodellen-fredagen-2-2-2018\/"},"author":{"name":"Liisa Suonsivu","@id":"https:\/\/www.selry.fi\/#\/schema\/person\/efa23a82d897b720e4b24c9d56a89e6d"},"headline":"Politisk \u00e5siktsyttring mot aktiveringsmodellen fredagen 2.2.2018","datePublished":"2018-01-26T18:05:00+00:00","dateModified":"2021-05-27T17:08:04+00:00","mainEntityOfPage":{"@id":"https:\/\/www.selry.fi\/sv\/nyheter\/politisk-asiktsyttring-mot-aktiveringsmodellen-fredagen-2-2-2018\/"},"wordCount":232,"publisher":{"@id":"https:\/\/www.selry.fi\/#organization"},"articleSection":["Nyheter"],"inLanguage":"sv-SE"},{"@type":"WebPage","@id":"https:\/\/www.selry.fi\/sv\/nyheter\/politisk-asiktsyttring-mot-aktiveringsmodellen-fredagen-2-2-2018\/","url":"https:\/\/www.selry.fi\/sv\/nyheter\/politisk-asiktsyttring-mot-aktiveringsmodellen-fredagen-2-2-2018\/","name":"Politisk \u00e5siktsyttring mot aktiveringsmodellen fredagen 2.2.2018","isPartOf":{"@id":"https:\/\/www.selry.fi\/#website"},"datePublished":"2018-01-26T18:05:00+00:00","dateModified":"2021-05-27T17:08:04+00:00","breadcrumb":{"@id":"https:\/\/www.selry.fi\/sv\/nyheter\/politisk-asiktsyttring-mot-aktiveringsmodellen-fredagen-2-2-2018\/#breadcrumb"},"inLanguage":"sv-SE","potentialAction":[{"@type":"ReadAction","target":["https:\/\/www.selry.fi\/sv\/nyheter\/politisk-asiktsyttring-mot-aktiveringsmodellen-fredagen-2-2-2018\/"]}]},{"@type":"BreadcrumbList","@id":"https:\/\/www.selry.fi\/sv\/nyheter\/politisk-asiktsyttring-mot-aktiveringsmodellen-fredagen-2-2-2018\/#breadcrumb","itemListElement":[{"@type":"ListItem","position":1,"name":"Home","item":"https:\/\/www.selry.fi\/sv\/"},{"@type":"ListItem","position":2,"name":"Politisk \u00e5siktsyttring mot aktiveringsmodellen fredagen 2.2.2018"}]},{"@type":"WebSite","@id":"https:\/\/www.selry.fi\/#website","url":"https:\/\/www.selry.fi\/","name":"Suomen Elintarvikety\u00f6l\u00e4isten Liitto SEL","description":"","publisher":{"@id":"https:\/\/www.selry.fi\/#organization"},"inLanguage":"sv-SE"},{"@type":"Organization","@id":"https:\/\/www.selry.fi\/#organization","name":"Suomen Elintarvikety\u00f6l\u00e4isten Liitto SEL","url":"https:\/\/www.selry.fi\/","logo":{"@type":"ImageObject","inLanguage":"sv-SE","@id":"https:\/\/www.selry.fi\/#\/schema\/logo\/image\/","url":"https:\/\/www.selry.fi\/wp-content\/uploads\/2021\/05\/logo-sel.svg","contentUrl":"https:\/\/www.selry.fi\/wp-content\/uploads\/2021\/05\/logo-sel.svg","width":453,"height":135,"caption":"Suomen Elintarvikety\u00f6l\u00e4isten Liitto SEL"},"image":{"@id":"https:\/\/www.selry.fi\/#\/schema\/logo\/image\/"},"sameAs":["https:\/\/www.facebook.com\/selry","https:\/\/x.com\/selryfi"]},{"@type":"Person","@id":"https:\/\/www.selry.fi\/#\/schema\/person\/efa23a82d897b720e4b24c9d56a89e6d","name":"Liisa Suonsivu","image":{"@type":"ImageObject","inLanguage":"sv-SE","@id":"https:\/\/secure.gravatar.com\/avatar\/db21b3a75c0e85060245eace8bfa53a2974b1745f694228722faad33d4d28f94?s=96&d=mm&r=g","url":"https:\/\/secure.gravatar.com\/avatar\/db21b3a75c0e85060245eace8bfa53a2974b1745f694228722faad33d4d28f94?s=96&d=mm&r=g","contentUrl":"https:\/\/secure.gravatar.com\/avatar\/db21b3a75c0e85060245eace8bfa53a2974b1745f694228722faad33d4d28f94?s=96&d=mm&r=g","caption":"Liisa Suonsivu"}}]}},"_links":{"self":[{"href":"https:\/\/www.selry.fi\/sv\/wp-json\/wp\/v2\/posts\/2316","targetHints":{"allow":["GET"]}}],"collection":[{"href":"https:\/\/www.selry.fi\/sv\/wp-json\/wp\/v2\/posts"}],"about":[{"href":"https:\/\/www.selry.fi\/sv\/wp-json\/wp\/v2\/types\/post"}],"author":[{"embeddable":true,"href":"https:\/\/www.selry.fi\/sv\/wp-json\/wp\/v2\/users\/7"}],"replies":[{"embeddable":true,"href":"https:\/\/www.selry.fi\/sv\/wp-json\/wp\/v2\/comments?post=2316"}],"version-history":[{"count":0,"href":"https:\/\/www.selry.fi\/sv\/wp-json\/wp\/v2\/posts\/2316\/revisions"}],"wp:attachment":[{"href":"https:\/\/www.selry.fi\/sv\/wp-json\/wp\/v2\/media?parent=2316"}],"wp:term":[{"taxonomy":"category","embeddable":true,"href":"https:\/\/www.selry.fi\/sv\/wp-json\/wp\/v2\/categories?post=2316"},{"taxonomy":"post_tag","embeddable":true,"href":"https:\/\/www.selry.fi\/sv\/wp-json\/wp\/v2\/tags?post=2316"}],"curies":[{"name":"wp","href":"https:\/\/api.w.org\/{rel}","templated":true}]}}