{"id":22571,"date":"2026-02-11T16:44:05","date_gmt":"2026-02-11T14:44:05","guid":{"rendered":"https:\/\/www.selry.fi\/?p=22571"},"modified":"2026-02-11T16:44:06","modified_gmt":"2026-02-11T14:44:06","slug":"vi-skapar-var-framtid","status":"publish","type":"post","link":"https:\/\/www.selry.fi\/sv\/blogg\/vi-skapar-var-framtid\/","title":{"rendered":"Vi skapar v\u00e5r framtid"},"content":{"rendered":"\n<p>En fantastisk skara, uppemot 1100 SEL-medlemmar, trivdes 7\u20138.2.2026 p\u00e5 SEL:s stora medlemskryssning, som var ett st\u00e5tligt avslut p\u00e5 v\u00e5rt f\u00f6rbunds 120-\u00e5rs jubileums\u00e5r 2025. Vi kan vara stolta \u00f6ver v\u00e5rt f\u00f6rbunds historia, och nu \u00e4r det v\u00e5r tur att skapa v\u00e5r framtid. Tack till alla er som har bidragit till att skapa en stark SEL-anda p\u00e5 arbetsplatserna, i fackavdelningarna och p\u00e5 f\u00f6rbundets evenemang!<\/p>\n\n\n\n<p>F\u00f6rbundets evenemang, d\u00e4r vi som kommer fr\u00e5n olika delar av Finland kan tr\u00e4ffas f\u00f6r att utbyta \u00e5sikter och tala om hur vi har det p\u00e5 olika arbetsplatser, \u00e4r viktiga f\u00f6r att st\u00e4rka gemenskapsk\u00e4nslan. \u00c4ven under fritidsevenemang uppst\u00e5r det diskussion om arbetet och arbetsf\u00f6rh\u00e5llandena p\u00e5 olika arbetsplatser, om hur man har l\u00f6st olika fr\u00e5gor, hur man har kunnat p\u00e5verka och vilka aspekter det g\u00e4ller att beakta. Det \u00e4r f\u00f6rst\u00e5s ocks\u00e5 viktigt att trivas tillsammans med m\u00e4nniskor fr\u00e5n samma bransch.<\/p>\n\n\n\n<p>Orpos och Purras regering har gjort stora fel n\u00e4r det g\u00e4ller den finl\u00e4ndska ekonomin, syssels\u00e4ttningen och arbetstagarna. Begr\u00e4nsningarna av strejkr\u00e4tten har f\u00f6rsvagat v\u00e5r r\u00e4tt att bevaka och f\u00f6rsvara v\u00e5ra intressen. Dessutom har regeringen, med sin enorma sax, skurit ner anst\u00e4llningstryggheten f\u00f6r arbetstagarna och utkomstskyddet f\u00f6r arbetsl\u00f6sa. Den stora saxen har ocks\u00e5 skurit ner den \u00f6vriga sociala tryggheten, s\u00e5som bostadsbidraget, som under \u00e5rtionden har byggts upp uttryckligen f\u00f6r att st\u00f6tta l\u00e5ginkomsttagare och barnfamiljer.<\/p>\n\n\n\n<p>Regeringens f\u00f6rs\u00e4mringar och nedsk\u00e4rningar har lett till att finl\u00e4ndarnas f\u00f6rtroende f\u00f6r framtiden vacklar. Det st\u00e5r d\u00e5ligt till med den inhemska konsumtionen, som \u00e4r en h\u00f6rnsten f\u00f6r m\u00e5nga branscher, eftersom m\u00e4nniskor antingen inte v\u00e5gar eller har r\u00e5d att konsumera.<\/p>\n\n\n\n<p>Regeringen Orpo utlovade 100 000 nya jobb i Finland, men under regeringsperioden har vi i st\u00e4llet f\u00e5tt 100 000 fler arbetsl\u00f6sa. Finlands arbetsl\u00f6shetsprocent har stigit till den h\u00f6gsta i Europeiska unionen. I fotboll skulle det vara fint med Spanien som tv\u00e5a och Finland som etta, men inte i den h\u00e4r grenen.<\/p>\n\n\n\n<p>Det \u00e4r helt klart att regeringspartiernas iver att driva igenom ideologiska f\u00f6rs\u00e4mringar och nedsk\u00e4rningar har varit viktigare f\u00f6r dem \u00e4n Finlands och finl\u00e4ndarnas intressen.<\/p>\n\n\n\n<p>Nu \u00e4r det dags f\u00f6r oss arbetstagare att skapa v\u00e5r framtid. Det h\u00e4r m\u00e5let om att skapa en b\u00e4ttre framtid h\u00e4nger starkt samman med att vi i Finland efter riksdagsvalet 2027 inte l\u00e4ngre kan forts\u00e4tta med en regering som den h\u00e4r, d\u00e4r n\u00e4ringslivet och extremh\u00f6gern har hittat varandra. Nu \u00e4r det dags att byta ut regeringspartierna som har f\u00f6rsvagat arbetstagarnas r\u00e4ttigheter! Det h\u00e4r tydliga och h\u00f6gljudda kravet framf\u00f6rdes ocks\u00e5 p\u00e5 SEL:s medlemskryssning.<br><br><em>Veli-Matti Kuntonen<\/em><br><em>SEL:s f\u00f6rbundsordf\u00f6rande<\/em><\/p>\n","protected":false},"excerpt":{"rendered":"<p>En fantastisk skara, uppemot 1100 SEL-medlemmar, trivdes 7\u20138.2.2026 p\u00e5 SEL:s stora medlemskryssning, som var ett st\u00e5tligt avslut p\u00e5 v\u00e5rt f\u00f6rbunds [\u2026] <a href=\"https:\/\/www.selry.fi\/sv\/blogg\/vi-skapar-var-framtid\/\">Lue lis\u00e4\u00e4 &raquo;<\/a><\/p>\n","protected":false},"author":4,"featured_media":10997,"comment_status":"closed","ping_status":"closed","sticky":false,"template":"","format":"standard","meta":{"_acf_changed":false,"footnotes":""},"categories":[64],"tags":[],"class_list":["post-22571","post","type-post","status-publish","format-standard","has-post-thumbnail","hentry","category-blogg"],"acf":[],"yoast_head":"<!-- This site is optimized with the Yoast SEO plugin v27.2 - https:\/\/yoast.com\/product\/yoast-seo-wordpress\/ -->\n<title>Vi skapar v\u00e5r framtid<\/title>\n<meta name=\"robots\" content=\"index, follow, max-snippet:-1, max-image-preview:large, max-video-preview:-1\" \/>\n<link rel=\"canonical\" href=\"https:\/\/www.selry.fi\/sv\/blogg\/vi-skapar-var-framtid\/\" \/>\n<meta property=\"og:locale\" content=\"sv_SE\" \/>\n<meta property=\"og:type\" content=\"article\" \/>\n<meta property=\"og:title\" content=\"Vi skapar v\u00e5r framtid\" \/>\n<meta property=\"og:description\" content=\"En fantastisk skara, uppemot 1100 SEL-medlemmar, trivdes 7\u20138.2.2026 p\u00e5 SEL:s stora medlemskryssning, som var ett st\u00e5tligt avslut p\u00e5 v\u00e5rt f\u00f6rbunds [\u2026] Lue lis\u00e4\u00e4 &raquo;\" \/>\n<meta property=\"og:url\" content=\"https:\/\/www.selry.fi\/sv\/blogg\/vi-skapar-var-framtid\/\" \/>\n<meta property=\"og:site_name\" content=\"Suomen Elintarvikety\u00f6l\u00e4isten Liitto SEL\" \/>\n<meta property=\"article:publisher\" content=\"https:\/\/www.facebook.com\/selry\" \/>\n<meta property=\"article:published_time\" content=\"2026-02-11T14:44:05+00:00\" \/>\n<meta property=\"article:modified_time\" content=\"2026-02-11T14:44:06+00:00\" \/>\n<meta property=\"og:image\" content=\"https:\/\/www.selry.fi\/wp-content\/uploads\/2023\/02\/veli-matti-kuntonen-blogi.jpg\" \/>\n\t<meta property=\"og:image:width\" content=\"1536\" \/>\n\t<meta property=\"og:image:height\" content=\"1148\" \/>\n\t<meta property=\"og:image:type\" content=\"image\/jpeg\" \/>\n<meta name=\"author\" content=\"Karoliina \u00d6ystil\u00e4\" \/>\n<meta name=\"twitter:card\" content=\"summary_large_image\" \/>\n<meta name=\"twitter:creator\" content=\"@selryfi\" \/>\n<meta name=\"twitter:site\" content=\"@selryfi\" \/>\n<script type=\"application\/ld+json\" class=\"yoast-schema-graph\">{\"@context\":\"https:\/\/schema.org\",\"@graph\":[{\"@type\":\"Article\",\"@id\":\"https:\/\/www.selry.fi\/sv\/blogg\/vi-skapar-var-framtid\/#article\",\"isPartOf\":{\"@id\":\"https:\/\/www.selry.fi\/sv\/blogg\/vi-skapar-var-framtid\/\"},\"author\":{\"name\":\"Karoliina \u00d6ystil\u00e4\",\"@id\":\"https:\/\/www.selry.fi\/#\/schema\/person\/4fb0b52ed84c524f0beea95625a21678\"},\"headline\":\"Vi skapar v\u00e5r framtid\",\"datePublished\":\"2026-02-11T14:44:05+00:00\",\"dateModified\":\"2026-02-11T14:44:06+00:00\",\"mainEntityOfPage\":{\"@id\":\"https:\/\/www.selry.fi\/sv\/blogg\/vi-skapar-var-framtid\/\"},\"wordCount\":494,\"publisher\":{\"@id\":\"https:\/\/www.selry.fi\/#organization\"},\"image\":{\"@id\":\"https:\/\/www.selry.fi\/sv\/blogg\/vi-skapar-var-framtid\/#primaryimage\"},\"thumbnailUrl\":\"https:\/\/www.selry.fi\/wp-content\/uploads\/2023\/02\/veli-matti-kuntonen-blogi.jpg\",\"articleSection\":[\"Blogg\"],\"inLanguage\":\"sv-SE\"},{\"@type\":\"WebPage\",\"@id\":\"https:\/\/www.selry.fi\/sv\/blogg\/vi-skapar-var-framtid\/\",\"url\":\"https:\/\/www.selry.fi\/sv\/blogg\/vi-skapar-var-framtid\/\",\"name\":\"Vi skapar v\u00e5r framtid\",\"isPartOf\":{\"@id\":\"https:\/\/www.selry.fi\/#website\"},\"primaryImageOfPage\":{\"@id\":\"https:\/\/www.selry.fi\/sv\/blogg\/vi-skapar-var-framtid\/#primaryimage\"},\"image\":{\"@id\":\"https:\/\/www.selry.fi\/sv\/blogg\/vi-skapar-var-framtid\/#primaryimage\"},\"thumbnailUrl\":\"https:\/\/www.selry.fi\/wp-content\/uploads\/2023\/02\/veli-matti-kuntonen-blogi.jpg\",\"datePublished\":\"2026-02-11T14:44:05+00:00\",\"dateModified\":\"2026-02-11T14:44:06+00:00\",\"breadcrumb\":{\"@id\":\"https:\/\/www.selry.fi\/sv\/blogg\/vi-skapar-var-framtid\/#breadcrumb\"},\"inLanguage\":\"sv-SE\",\"potentialAction\":[{\"@type\":\"ReadAction\",\"target\":[\"https:\/\/www.selry.fi\/sv\/blogg\/vi-skapar-var-framtid\/\"]}]},{\"@type\":\"ImageObject\",\"inLanguage\":\"sv-SE\",\"@id\":\"https:\/\/www.selry.fi\/sv\/blogg\/vi-skapar-var-framtid\/#primaryimage\",\"url\":\"https:\/\/www.selry.fi\/wp-content\/uploads\/2023\/02\/veli-matti-kuntonen-blogi.jpg\",\"contentUrl\":\"https:\/\/www.selry.fi\/wp-content\/uploads\/2023\/02\/veli-matti-kuntonen-blogi.jpg\",\"width\":1536,\"height\":1148},{\"@type\":\"BreadcrumbList\",\"@id\":\"https:\/\/www.selry.fi\/sv\/blogg\/vi-skapar-var-framtid\/#breadcrumb\",\"itemListElement\":[{\"@type\":\"ListItem\",\"position\":1,\"name\":\"Home\",\"item\":\"https:\/\/www.selry.fi\/sv\/\"},{\"@type\":\"ListItem\",\"position\":2,\"name\":\"Vi skapar v\u00e5r framtid\"}]},{\"@type\":\"WebSite\",\"@id\":\"https:\/\/www.selry.fi\/#website\",\"url\":\"https:\/\/www.selry.fi\/\",\"name\":\"Suomen Elintarvikety\u00f6l\u00e4isten Liitto SEL\",\"description\":\"\",\"publisher\":{\"@id\":\"https:\/\/www.selry.fi\/#organization\"},\"inLanguage\":\"sv-SE\"},{\"@type\":\"Organization\",\"@id\":\"https:\/\/www.selry.fi\/#organization\",\"name\":\"Suomen Elintarvikety\u00f6l\u00e4isten Liitto SEL\",\"url\":\"https:\/\/www.selry.fi\/\",\"logo\":{\"@type\":\"ImageObject\",\"inLanguage\":\"sv-SE\",\"@id\":\"https:\/\/www.selry.fi\/#\/schema\/logo\/image\/\",\"url\":\"https:\/\/www.selry.fi\/wp-content\/uploads\/2021\/05\/logo-sel.svg\",\"contentUrl\":\"https:\/\/www.selry.fi\/wp-content\/uploads\/2021\/05\/logo-sel.svg\",\"width\":453,\"height\":135,\"caption\":\"Suomen Elintarvikety\u00f6l\u00e4isten Liitto SEL\"},\"image\":{\"@id\":\"https:\/\/www.selry.fi\/#\/schema\/logo\/image\/\"},\"sameAs\":[\"https:\/\/www.facebook.com\/selry\",\"https:\/\/x.com\/selryfi\"]},{\"@type\":\"Person\",\"@id\":\"https:\/\/www.selry.fi\/#\/schema\/person\/4fb0b52ed84c524f0beea95625a21678\",\"name\":\"Karoliina \u00d6ystil\u00e4\",\"image\":{\"@type\":\"ImageObject\",\"inLanguage\":\"sv-SE\",\"@id\":\"https:\/\/secure.gravatar.com\/avatar\/8dcb857776c4317075ba571fdc81a06a1f240302e468800d69bf316ef82ac4cd?s=96&d=mm&r=g\",\"url\":\"https:\/\/secure.gravatar.com\/avatar\/8dcb857776c4317075ba571fdc81a06a1f240302e468800d69bf316ef82ac4cd?s=96&d=mm&r=g\",\"contentUrl\":\"https:\/\/secure.gravatar.com\/avatar\/8dcb857776c4317075ba571fdc81a06a1f240302e468800d69bf316ef82ac4cd?s=96&d=mm&r=g\",\"caption\":\"Karoliina \u00d6ystil\u00e4\"}}]}<\/script>\n<!-- \/ Yoast SEO plugin. -->","yoast_head_json":{"title":"Vi skapar v\u00e5r framtid","robots":{"index":"index","follow":"follow","max-snippet":"max-snippet:-1","max-image-preview":"max-image-preview:large","max-video-preview":"max-video-preview:-1"},"canonical":"https:\/\/www.selry.fi\/sv\/blogg\/vi-skapar-var-framtid\/","og_locale":"sv_SE","og_type":"article","og_title":"Vi skapar v\u00e5r framtid","og_description":"En fantastisk skara, uppemot 1100 SEL-medlemmar, trivdes 7\u20138.2.2026 p\u00e5 SEL:s stora medlemskryssning, som var ett st\u00e5tligt avslut p\u00e5 v\u00e5rt f\u00f6rbunds [\u2026] Lue lis\u00e4\u00e4 &raquo;","og_url":"https:\/\/www.selry.fi\/sv\/blogg\/vi-skapar-var-framtid\/","og_site_name":"Suomen Elintarvikety\u00f6l\u00e4isten Liitto SEL","article_publisher":"https:\/\/www.facebook.com\/selry","article_published_time":"2026-02-11T14:44:05+00:00","article_modified_time":"2026-02-11T14:44:06+00:00","og_image":[{"width":1536,"height":1148,"url":"https:\/\/www.selry.fi\/wp-content\/uploads\/2023\/02\/veli-matti-kuntonen-blogi.jpg","type":"image\/jpeg"}],"author":"Karoliina \u00d6ystil\u00e4","twitter_card":"summary_large_image","twitter_creator":"@selryfi","twitter_site":"@selryfi","schema":{"@context":"https:\/\/schema.org","@graph":[{"@type":"Article","@id":"https:\/\/www.selry.fi\/sv\/blogg\/vi-skapar-var-framtid\/#article","isPartOf":{"@id":"https:\/\/www.selry.fi\/sv\/blogg\/vi-skapar-var-framtid\/"},"author":{"name":"Karoliina \u00d6ystil\u00e4","@id":"https:\/\/www.selry.fi\/#\/schema\/person\/4fb0b52ed84c524f0beea95625a21678"},"headline":"Vi skapar v\u00e5r framtid","datePublished":"2026-02-11T14:44:05+00:00","dateModified":"2026-02-11T14:44:06+00:00","mainEntityOfPage":{"@id":"https:\/\/www.selry.fi\/sv\/blogg\/vi-skapar-var-framtid\/"},"wordCount":494,"publisher":{"@id":"https:\/\/www.selry.fi\/#organization"},"image":{"@id":"https:\/\/www.selry.fi\/sv\/blogg\/vi-skapar-var-framtid\/#primaryimage"},"thumbnailUrl":"https:\/\/www.selry.fi\/wp-content\/uploads\/2023\/02\/veli-matti-kuntonen-blogi.jpg","articleSection":["Blogg"],"inLanguage":"sv-SE"},{"@type":"WebPage","@id":"https:\/\/www.selry.fi\/sv\/blogg\/vi-skapar-var-framtid\/","url":"https:\/\/www.selry.fi\/sv\/blogg\/vi-skapar-var-framtid\/","name":"Vi skapar v\u00e5r framtid","isPartOf":{"@id":"https:\/\/www.selry.fi\/#website"},"primaryImageOfPage":{"@id":"https:\/\/www.selry.fi\/sv\/blogg\/vi-skapar-var-framtid\/#primaryimage"},"image":{"@id":"https:\/\/www.selry.fi\/sv\/blogg\/vi-skapar-var-framtid\/#primaryimage"},"thumbnailUrl":"https:\/\/www.selry.fi\/wp-content\/uploads\/2023\/02\/veli-matti-kuntonen-blogi.jpg","datePublished":"2026-02-11T14:44:05+00:00","dateModified":"2026-02-11T14:44:06+00:00","breadcrumb":{"@id":"https:\/\/www.selry.fi\/sv\/blogg\/vi-skapar-var-framtid\/#breadcrumb"},"inLanguage":"sv-SE","potentialAction":[{"@type":"ReadAction","target":["https:\/\/www.selry.fi\/sv\/blogg\/vi-skapar-var-framtid\/"]}]},{"@type":"ImageObject","inLanguage":"sv-SE","@id":"https:\/\/www.selry.fi\/sv\/blogg\/vi-skapar-var-framtid\/#primaryimage","url":"https:\/\/www.selry.fi\/wp-content\/uploads\/2023\/02\/veli-matti-kuntonen-blogi.jpg","contentUrl":"https:\/\/www.selry.fi\/wp-content\/uploads\/2023\/02\/veli-matti-kuntonen-blogi.jpg","width":1536,"height":1148},{"@type":"BreadcrumbList","@id":"https:\/\/www.selry.fi\/sv\/blogg\/vi-skapar-var-framtid\/#breadcrumb","itemListElement":[{"@type":"ListItem","position":1,"name":"Home","item":"https:\/\/www.selry.fi\/sv\/"},{"@type":"ListItem","position":2,"name":"Vi skapar v\u00e5r framtid"}]},{"@type":"WebSite","@id":"https:\/\/www.selry.fi\/#website","url":"https:\/\/www.selry.fi\/","name":"Suomen Elintarvikety\u00f6l\u00e4isten Liitto SEL","description":"","publisher":{"@id":"https:\/\/www.selry.fi\/#organization"},"inLanguage":"sv-SE"},{"@type":"Organization","@id":"https:\/\/www.selry.fi\/#organization","name":"Suomen Elintarvikety\u00f6l\u00e4isten Liitto SEL","url":"https:\/\/www.selry.fi\/","logo":{"@type":"ImageObject","inLanguage":"sv-SE","@id":"https:\/\/www.selry.fi\/#\/schema\/logo\/image\/","url":"https:\/\/www.selry.fi\/wp-content\/uploads\/2021\/05\/logo-sel.svg","contentUrl":"https:\/\/www.selry.fi\/wp-content\/uploads\/2021\/05\/logo-sel.svg","width":453,"height":135,"caption":"Suomen Elintarvikety\u00f6l\u00e4isten Liitto SEL"},"image":{"@id":"https:\/\/www.selry.fi\/#\/schema\/logo\/image\/"},"sameAs":["https:\/\/www.facebook.com\/selry","https:\/\/x.com\/selryfi"]},{"@type":"Person","@id":"https:\/\/www.selry.fi\/#\/schema\/person\/4fb0b52ed84c524f0beea95625a21678","name":"Karoliina \u00d6ystil\u00e4","image":{"@type":"ImageObject","inLanguage":"sv-SE","@id":"https:\/\/secure.gravatar.com\/avatar\/8dcb857776c4317075ba571fdc81a06a1f240302e468800d69bf316ef82ac4cd?s=96&d=mm&r=g","url":"https:\/\/secure.gravatar.com\/avatar\/8dcb857776c4317075ba571fdc81a06a1f240302e468800d69bf316ef82ac4cd?s=96&d=mm&r=g","contentUrl":"https:\/\/secure.gravatar.com\/avatar\/8dcb857776c4317075ba571fdc81a06a1f240302e468800d69bf316ef82ac4cd?s=96&d=mm&r=g","caption":"Karoliina \u00d6ystil\u00e4"}}]}},"_links":{"self":[{"href":"https:\/\/www.selry.fi\/sv\/wp-json\/wp\/v2\/posts\/22571","targetHints":{"allow":["GET"]}}],"collection":[{"href":"https:\/\/www.selry.fi\/sv\/wp-json\/wp\/v2\/posts"}],"about":[{"href":"https:\/\/www.selry.fi\/sv\/wp-json\/wp\/v2\/types\/post"}],"author":[{"embeddable":true,"href":"https:\/\/www.selry.fi\/sv\/wp-json\/wp\/v2\/users\/4"}],"replies":[{"embeddable":true,"href":"https:\/\/www.selry.fi\/sv\/wp-json\/wp\/v2\/comments?post=22571"}],"version-history":[{"count":0,"href":"https:\/\/www.selry.fi\/sv\/wp-json\/wp\/v2\/posts\/22571\/revisions"}],"wp:featuredmedia":[{"embeddable":true,"href":"https:\/\/www.selry.fi\/sv\/wp-json\/wp\/v2\/media\/10997"}],"wp:attachment":[{"href":"https:\/\/www.selry.fi\/sv\/wp-json\/wp\/v2\/media?parent=22571"}],"wp:term":[{"taxonomy":"category","embeddable":true,"href":"https:\/\/www.selry.fi\/sv\/wp-json\/wp\/v2\/categories?post=22571"},{"taxonomy":"post_tag","embeddable":true,"href":"https:\/\/www.selry.fi\/sv\/wp-json\/wp\/v2\/tags?post=22571"}],"curies":[{"name":"wp","href":"https:\/\/api.w.org\/{rel}","templated":true}]}}