{"id":22060,"date":"2025-12-11T07:00:00","date_gmt":"2025-12-11T05:00:00","guid":{"rendered":"https:\/\/www.selry.fi\/?p=22060"},"modified":"2025-12-10T00:30:57","modified_gmt":"2025-12-09T22:30:57","slug":"fackligt-medlemskap-ar-en-fraga-om-arbetsvillkor","status":"publish","type":"post","link":"https:\/\/www.selry.fi\/sv\/blogg\/fackligt-medlemskap-ar-en-fraga-om-arbetsvillkor\/","title":{"rendered":"Fackligt medlemskap \u00e4r en fr\u00e5ga om arbetsvillkor"},"content":{"rendered":"\n<p>Regeringen Orpo forts\u00e4tter med sin valda arbetstagarfientliga politik, trots att den inte har v\u00e4ljarnas st\u00f6d. Enligt YLE:s f\u00e4rska gallup har regeringspartierna nu st\u00f6d av endast 40,1 procent av v\u00e4ljarna.<\/p>\n\n\n\n<p>Utan att f\u00e4sta n\u00e5gon uppm\u00e4rksamhet vid fackf\u00f6reningsr\u00f6relsens motst\u00e5nd har regeringen i riksdagen genomdrivit m\u00e5nga fr\u00e5gor som \u00f6verenskommits om i regeringsprogrammet g\u00e4llande arbetstagarnas strejkr\u00e4tt, f\u00f6rsvagningar av arbetsvillkor och arbetsl\u00f6shetsskydd \u2013 och mera s\u00e5dant \u00e4r att v\u00e4nta.<\/p>\n\n\n\n<p>Som ett sidosp\u00e5r i regeringsprogrammet besl\u00f6t regeringen att som k\u00e4pp fr\u00e5n och med 1.1.2026 avl\u00e4gsna skatteavdragsr\u00e4tten f\u00f6r arbetsmarknadsorganisationernas medlemsavgifter. Regeringens f\u00f6rhoppning \u00e4r, att allt f\u00e4rre arbetstagare \u00e4n f\u00f6r n\u00e4rvarande ska vara fackmedlemmar. Jag tror att arbetstagarna kommer att visa att det h\u00e4r \u00e4r en falsk f\u00f6rhoppning.<\/p>\n\n\n\n<p>Knappast har n\u00e5gon anslutit sig till facket i hopp om skatteavdragsr\u00e4tt, s\u00e5 det \u00e4r sannolikt att inte heller s\u00e4rskilt m\u00e5nga kommer att avsluta sitt medlemskap om den slopas. Till facket h\u00f6r man av mycket st\u00f6rre och v\u00e4rdefullare orsaker, s\u00e5som arbetsvillkor, st\u00f6d och trygghet.<\/p>\n\n\n\n<p>Endast som medlem i facket \u00e4r du med och f\u00f6rsvarar och f\u00f6rb\u00e4ttrar din egen l\u00f6n och dina arbetsvillkor. Om arbetstagarna i livsmedelsbranschen inte \u00e4r medlemmar i SEL har f\u00f6rbundet inte heller krafter att f\u00f6rhandla om l\u00f6nef\u00f6rh\u00f6jningar och andra arbetsvillkor f\u00f6r arbetstagarna. Fripassagerare som inte tillh\u00f6r facket st\u00f6der med sitt val arbetsgivarnas str\u00e4vanden att f\u00f6rsvaga arbetsvillkoren \u2013 vare sig de vill det eller inte.<\/p>\n\n\n\n<p>Utan medlemmar har vi inget f\u00f6rbund och utan f\u00f6rbundet har vi inget kollektivavtal. Tack vare kollektivavtalet har du en mycket b\u00e4ttre l\u00f6n och b\u00e4ttre arbetsvillkor \u00e4n vad som regleras i Finlands lag; exempelvis l\u00f6nef\u00f6rh\u00f6jningar, pekkasdagar, l\u00e4ngre avl\u00f6nade sjukledigheter och semesterpengar har vi f\u00f6rhandlat fram i SEL:s kollektivavtal. De ing\u00e5r inte i lagen.<\/p>\n\n\n\n<p>Om facket inte hade grundats skulle arbetstagarna alldeles s\u00e4kert grunda det nu. F\u00f6rbundet beh\u00f6vs nu och \u00e4ven under de kommande 120 \u00e5ren.<\/p>\n\n\n\n<p><em>Karoliina \u00d6ystil\u00e4<\/em><br><em>SEL:s kommunikationschef, chefredakt\u00f6r<\/em><\/p>\n\n\n\n<p><em>Texten \u00e4r ledare i Elintae 6\/2025.<\/em><\/p>\n","protected":false},"excerpt":{"rendered":"<p>Regeringen Orpo forts\u00e4tter med sin valda arbetstagarfientliga politik, trots att den inte har v\u00e4ljarnas st\u00f6d. Enligt YLE:s f\u00e4rska gallup har [\u2026] <a href=\"https:\/\/www.selry.fi\/sv\/blogg\/fackligt-medlemskap-ar-en-fraga-om-arbetsvillkor\/\">Lue lis\u00e4\u00e4 &raquo;<\/a><\/p>\n","protected":false},"author":4,"featured_media":10993,"comment_status":"closed","ping_status":"closed","sticky":false,"template":"","format":"standard","meta":{"_acf_changed":false,"footnotes":""},"categories":[64],"tags":[],"class_list":["post-22060","post","type-post","status-publish","format-standard","has-post-thumbnail","hentry","category-blogg"],"acf":[],"yoast_head":"<!-- This site is optimized with the Yoast SEO plugin v27.2 - https:\/\/yoast.com\/product\/yoast-seo-wordpress\/ -->\n<title>Fackligt medlemskap \u00e4r en fr\u00e5ga om arbetsvillkor<\/title>\n<meta name=\"robots\" content=\"index, follow, max-snippet:-1, max-image-preview:large, max-video-preview:-1\" \/>\n<link rel=\"canonical\" href=\"https:\/\/www.selry.fi\/sv\/blogg\/fackligt-medlemskap-ar-en-fraga-om-arbetsvillkor\/\" \/>\n<meta property=\"og:locale\" content=\"sv_SE\" \/>\n<meta property=\"og:type\" content=\"article\" \/>\n<meta property=\"og:title\" content=\"Fackligt medlemskap \u00e4r en fr\u00e5ga om arbetsvillkor\" \/>\n<meta property=\"og:description\" content=\"Regeringen Orpo forts\u00e4tter med sin valda arbetstagarfientliga politik, trots att den inte har v\u00e4ljarnas st\u00f6d. Enligt YLE:s f\u00e4rska gallup har [\u2026] Lue lis\u00e4\u00e4 &raquo;\" \/>\n<meta property=\"og:url\" content=\"https:\/\/www.selry.fi\/sv\/blogg\/fackligt-medlemskap-ar-en-fraga-om-arbetsvillkor\/\" \/>\n<meta property=\"og:site_name\" content=\"Suomen Elintarvikety\u00f6l\u00e4isten Liitto SEL\" \/>\n<meta property=\"article:publisher\" content=\"https:\/\/www.facebook.com\/selry\" \/>\n<meta property=\"article:published_time\" content=\"2025-12-11T05:00:00+00:00\" \/>\n<meta property=\"og:image\" content=\"https:\/\/www.selry.fi\/wp-content\/uploads\/2023\/02\/karoliina-oystila-blogi.jpg\" \/>\n\t<meta property=\"og:image:width\" content=\"1536\" \/>\n\t<meta property=\"og:image:height\" content=\"1081\" \/>\n\t<meta property=\"og:image:type\" content=\"image\/jpeg\" \/>\n<meta name=\"author\" content=\"Karoliina \u00d6ystil\u00e4\" \/>\n<meta name=\"twitter:card\" content=\"summary_large_image\" \/>\n<meta name=\"twitter:creator\" content=\"@selryfi\" \/>\n<meta name=\"twitter:site\" content=\"@selryfi\" \/>\n<script type=\"application\/ld+json\" class=\"yoast-schema-graph\">{\"@context\":\"https:\/\/schema.org\",\"@graph\":[{\"@type\":\"Article\",\"@id\":\"https:\/\/www.selry.fi\/sv\/blogg\/fackligt-medlemskap-ar-en-fraga-om-arbetsvillkor\/#article\",\"isPartOf\":{\"@id\":\"https:\/\/www.selry.fi\/sv\/blogg\/fackligt-medlemskap-ar-en-fraga-om-arbetsvillkor\/\"},\"author\":{\"name\":\"Karoliina \u00d6ystil\u00e4\",\"@id\":\"https:\/\/www.selry.fi\/#\/schema\/person\/4fb0b52ed84c524f0beea95625a21678\"},\"headline\":\"Fackligt medlemskap \u00e4r en fr\u00e5ga om arbetsvillkor\",\"datePublished\":\"2025-12-11T05:00:00+00:00\",\"mainEntityOfPage\":{\"@id\":\"https:\/\/www.selry.fi\/sv\/blogg\/fackligt-medlemskap-ar-en-fraga-om-arbetsvillkor\/\"},\"wordCount\":378,\"publisher\":{\"@id\":\"https:\/\/www.selry.fi\/#organization\"},\"image\":{\"@id\":\"https:\/\/www.selry.fi\/sv\/blogg\/fackligt-medlemskap-ar-en-fraga-om-arbetsvillkor\/#primaryimage\"},\"thumbnailUrl\":\"https:\/\/www.selry.fi\/wp-content\/uploads\/2023\/02\/karoliina-oystila-blogi.jpg\",\"articleSection\":[\"Blogg\"],\"inLanguage\":\"sv-SE\"},{\"@type\":\"WebPage\",\"@id\":\"https:\/\/www.selry.fi\/sv\/blogg\/fackligt-medlemskap-ar-en-fraga-om-arbetsvillkor\/\",\"url\":\"https:\/\/www.selry.fi\/sv\/blogg\/fackligt-medlemskap-ar-en-fraga-om-arbetsvillkor\/\",\"name\":\"Fackligt medlemskap \u00e4r en fr\u00e5ga om arbetsvillkor\",\"isPartOf\":{\"@id\":\"https:\/\/www.selry.fi\/#website\"},\"primaryImageOfPage\":{\"@id\":\"https:\/\/www.selry.fi\/sv\/blogg\/fackligt-medlemskap-ar-en-fraga-om-arbetsvillkor\/#primaryimage\"},\"image\":{\"@id\":\"https:\/\/www.selry.fi\/sv\/blogg\/fackligt-medlemskap-ar-en-fraga-om-arbetsvillkor\/#primaryimage\"},\"thumbnailUrl\":\"https:\/\/www.selry.fi\/wp-content\/uploads\/2023\/02\/karoliina-oystila-blogi.jpg\",\"datePublished\":\"2025-12-11T05:00:00+00:00\",\"breadcrumb\":{\"@id\":\"https:\/\/www.selry.fi\/sv\/blogg\/fackligt-medlemskap-ar-en-fraga-om-arbetsvillkor\/#breadcrumb\"},\"inLanguage\":\"sv-SE\",\"potentialAction\":[{\"@type\":\"ReadAction\",\"target\":[\"https:\/\/www.selry.fi\/sv\/blogg\/fackligt-medlemskap-ar-en-fraga-om-arbetsvillkor\/\"]}]},{\"@type\":\"ImageObject\",\"inLanguage\":\"sv-SE\",\"@id\":\"https:\/\/www.selry.fi\/sv\/blogg\/fackligt-medlemskap-ar-en-fraga-om-arbetsvillkor\/#primaryimage\",\"url\":\"https:\/\/www.selry.fi\/wp-content\/uploads\/2023\/02\/karoliina-oystila-blogi.jpg\",\"contentUrl\":\"https:\/\/www.selry.fi\/wp-content\/uploads\/2023\/02\/karoliina-oystila-blogi.jpg\",\"width\":1536,\"height\":1081},{\"@type\":\"BreadcrumbList\",\"@id\":\"https:\/\/www.selry.fi\/sv\/blogg\/fackligt-medlemskap-ar-en-fraga-om-arbetsvillkor\/#breadcrumb\",\"itemListElement\":[{\"@type\":\"ListItem\",\"position\":1,\"name\":\"Home\",\"item\":\"https:\/\/www.selry.fi\/sv\/\"},{\"@type\":\"ListItem\",\"position\":2,\"name\":\"Fackligt medlemskap \u00e4r en fr\u00e5ga om arbetsvillkor\"}]},{\"@type\":\"WebSite\",\"@id\":\"https:\/\/www.selry.fi\/#website\",\"url\":\"https:\/\/www.selry.fi\/\",\"name\":\"Suomen Elintarvikety\u00f6l\u00e4isten Liitto SEL\",\"description\":\"\",\"publisher\":{\"@id\":\"https:\/\/www.selry.fi\/#organization\"},\"inLanguage\":\"sv-SE\"},{\"@type\":\"Organization\",\"@id\":\"https:\/\/www.selry.fi\/#organization\",\"name\":\"Suomen Elintarvikety\u00f6l\u00e4isten Liitto SEL\",\"url\":\"https:\/\/www.selry.fi\/\",\"logo\":{\"@type\":\"ImageObject\",\"inLanguage\":\"sv-SE\",\"@id\":\"https:\/\/www.selry.fi\/#\/schema\/logo\/image\/\",\"url\":\"https:\/\/www.selry.fi\/wp-content\/uploads\/2021\/05\/logo-sel.svg\",\"contentUrl\":\"https:\/\/www.selry.fi\/wp-content\/uploads\/2021\/05\/logo-sel.svg\",\"width\":453,\"height\":135,\"caption\":\"Suomen Elintarvikety\u00f6l\u00e4isten Liitto SEL\"},\"image\":{\"@id\":\"https:\/\/www.selry.fi\/#\/schema\/logo\/image\/\"},\"sameAs\":[\"https:\/\/www.facebook.com\/selry\",\"https:\/\/x.com\/selryfi\"]},{\"@type\":\"Person\",\"@id\":\"https:\/\/www.selry.fi\/#\/schema\/person\/4fb0b52ed84c524f0beea95625a21678\",\"name\":\"Karoliina \u00d6ystil\u00e4\",\"image\":{\"@type\":\"ImageObject\",\"inLanguage\":\"sv-SE\",\"@id\":\"https:\/\/secure.gravatar.com\/avatar\/8dcb857776c4317075ba571fdc81a06a1f240302e468800d69bf316ef82ac4cd?s=96&d=mm&r=g\",\"url\":\"https:\/\/secure.gravatar.com\/avatar\/8dcb857776c4317075ba571fdc81a06a1f240302e468800d69bf316ef82ac4cd?s=96&d=mm&r=g\",\"contentUrl\":\"https:\/\/secure.gravatar.com\/avatar\/8dcb857776c4317075ba571fdc81a06a1f240302e468800d69bf316ef82ac4cd?s=96&d=mm&r=g\",\"caption\":\"Karoliina \u00d6ystil\u00e4\"}}]}<\/script>\n<!-- \/ Yoast SEO plugin. -->","yoast_head_json":{"title":"Fackligt medlemskap \u00e4r en fr\u00e5ga om arbetsvillkor","robots":{"index":"index","follow":"follow","max-snippet":"max-snippet:-1","max-image-preview":"max-image-preview:large","max-video-preview":"max-video-preview:-1"},"canonical":"https:\/\/www.selry.fi\/sv\/blogg\/fackligt-medlemskap-ar-en-fraga-om-arbetsvillkor\/","og_locale":"sv_SE","og_type":"article","og_title":"Fackligt medlemskap \u00e4r en fr\u00e5ga om arbetsvillkor","og_description":"Regeringen Orpo forts\u00e4tter med sin valda arbetstagarfientliga politik, trots att den inte har v\u00e4ljarnas st\u00f6d. Enligt YLE:s f\u00e4rska gallup har [\u2026] Lue lis\u00e4\u00e4 &raquo;","og_url":"https:\/\/www.selry.fi\/sv\/blogg\/fackligt-medlemskap-ar-en-fraga-om-arbetsvillkor\/","og_site_name":"Suomen Elintarvikety\u00f6l\u00e4isten Liitto SEL","article_publisher":"https:\/\/www.facebook.com\/selry","article_published_time":"2025-12-11T05:00:00+00:00","og_image":[{"width":1536,"height":1081,"url":"https:\/\/www.selry.fi\/wp-content\/uploads\/2023\/02\/karoliina-oystila-blogi.jpg","type":"image\/jpeg"}],"author":"Karoliina \u00d6ystil\u00e4","twitter_card":"summary_large_image","twitter_creator":"@selryfi","twitter_site":"@selryfi","schema":{"@context":"https:\/\/schema.org","@graph":[{"@type":"Article","@id":"https:\/\/www.selry.fi\/sv\/blogg\/fackligt-medlemskap-ar-en-fraga-om-arbetsvillkor\/#article","isPartOf":{"@id":"https:\/\/www.selry.fi\/sv\/blogg\/fackligt-medlemskap-ar-en-fraga-om-arbetsvillkor\/"},"author":{"name":"Karoliina \u00d6ystil\u00e4","@id":"https:\/\/www.selry.fi\/#\/schema\/person\/4fb0b52ed84c524f0beea95625a21678"},"headline":"Fackligt medlemskap \u00e4r en fr\u00e5ga om arbetsvillkor","datePublished":"2025-12-11T05:00:00+00:00","mainEntityOfPage":{"@id":"https:\/\/www.selry.fi\/sv\/blogg\/fackligt-medlemskap-ar-en-fraga-om-arbetsvillkor\/"},"wordCount":378,"publisher":{"@id":"https:\/\/www.selry.fi\/#organization"},"image":{"@id":"https:\/\/www.selry.fi\/sv\/blogg\/fackligt-medlemskap-ar-en-fraga-om-arbetsvillkor\/#primaryimage"},"thumbnailUrl":"https:\/\/www.selry.fi\/wp-content\/uploads\/2023\/02\/karoliina-oystila-blogi.jpg","articleSection":["Blogg"],"inLanguage":"sv-SE"},{"@type":"WebPage","@id":"https:\/\/www.selry.fi\/sv\/blogg\/fackligt-medlemskap-ar-en-fraga-om-arbetsvillkor\/","url":"https:\/\/www.selry.fi\/sv\/blogg\/fackligt-medlemskap-ar-en-fraga-om-arbetsvillkor\/","name":"Fackligt medlemskap \u00e4r en fr\u00e5ga om arbetsvillkor","isPartOf":{"@id":"https:\/\/www.selry.fi\/#website"},"primaryImageOfPage":{"@id":"https:\/\/www.selry.fi\/sv\/blogg\/fackligt-medlemskap-ar-en-fraga-om-arbetsvillkor\/#primaryimage"},"image":{"@id":"https:\/\/www.selry.fi\/sv\/blogg\/fackligt-medlemskap-ar-en-fraga-om-arbetsvillkor\/#primaryimage"},"thumbnailUrl":"https:\/\/www.selry.fi\/wp-content\/uploads\/2023\/02\/karoliina-oystila-blogi.jpg","datePublished":"2025-12-11T05:00:00+00:00","breadcrumb":{"@id":"https:\/\/www.selry.fi\/sv\/blogg\/fackligt-medlemskap-ar-en-fraga-om-arbetsvillkor\/#breadcrumb"},"inLanguage":"sv-SE","potentialAction":[{"@type":"ReadAction","target":["https:\/\/www.selry.fi\/sv\/blogg\/fackligt-medlemskap-ar-en-fraga-om-arbetsvillkor\/"]}]},{"@type":"ImageObject","inLanguage":"sv-SE","@id":"https:\/\/www.selry.fi\/sv\/blogg\/fackligt-medlemskap-ar-en-fraga-om-arbetsvillkor\/#primaryimage","url":"https:\/\/www.selry.fi\/wp-content\/uploads\/2023\/02\/karoliina-oystila-blogi.jpg","contentUrl":"https:\/\/www.selry.fi\/wp-content\/uploads\/2023\/02\/karoliina-oystila-blogi.jpg","width":1536,"height":1081},{"@type":"BreadcrumbList","@id":"https:\/\/www.selry.fi\/sv\/blogg\/fackligt-medlemskap-ar-en-fraga-om-arbetsvillkor\/#breadcrumb","itemListElement":[{"@type":"ListItem","position":1,"name":"Home","item":"https:\/\/www.selry.fi\/sv\/"},{"@type":"ListItem","position":2,"name":"Fackligt medlemskap \u00e4r en fr\u00e5ga om arbetsvillkor"}]},{"@type":"WebSite","@id":"https:\/\/www.selry.fi\/#website","url":"https:\/\/www.selry.fi\/","name":"Suomen Elintarvikety\u00f6l\u00e4isten Liitto SEL","description":"","publisher":{"@id":"https:\/\/www.selry.fi\/#organization"},"inLanguage":"sv-SE"},{"@type":"Organization","@id":"https:\/\/www.selry.fi\/#organization","name":"Suomen Elintarvikety\u00f6l\u00e4isten Liitto SEL","url":"https:\/\/www.selry.fi\/","logo":{"@type":"ImageObject","inLanguage":"sv-SE","@id":"https:\/\/www.selry.fi\/#\/schema\/logo\/image\/","url":"https:\/\/www.selry.fi\/wp-content\/uploads\/2021\/05\/logo-sel.svg","contentUrl":"https:\/\/www.selry.fi\/wp-content\/uploads\/2021\/05\/logo-sel.svg","width":453,"height":135,"caption":"Suomen Elintarvikety\u00f6l\u00e4isten Liitto SEL"},"image":{"@id":"https:\/\/www.selry.fi\/#\/schema\/logo\/image\/"},"sameAs":["https:\/\/www.facebook.com\/selry","https:\/\/x.com\/selryfi"]},{"@type":"Person","@id":"https:\/\/www.selry.fi\/#\/schema\/person\/4fb0b52ed84c524f0beea95625a21678","name":"Karoliina \u00d6ystil\u00e4","image":{"@type":"ImageObject","inLanguage":"sv-SE","@id":"https:\/\/secure.gravatar.com\/avatar\/8dcb857776c4317075ba571fdc81a06a1f240302e468800d69bf316ef82ac4cd?s=96&d=mm&r=g","url":"https:\/\/secure.gravatar.com\/avatar\/8dcb857776c4317075ba571fdc81a06a1f240302e468800d69bf316ef82ac4cd?s=96&d=mm&r=g","contentUrl":"https:\/\/secure.gravatar.com\/avatar\/8dcb857776c4317075ba571fdc81a06a1f240302e468800d69bf316ef82ac4cd?s=96&d=mm&r=g","caption":"Karoliina \u00d6ystil\u00e4"}}]}},"_links":{"self":[{"href":"https:\/\/www.selry.fi\/sv\/wp-json\/wp\/v2\/posts\/22060","targetHints":{"allow":["GET"]}}],"collection":[{"href":"https:\/\/www.selry.fi\/sv\/wp-json\/wp\/v2\/posts"}],"about":[{"href":"https:\/\/www.selry.fi\/sv\/wp-json\/wp\/v2\/types\/post"}],"author":[{"embeddable":true,"href":"https:\/\/www.selry.fi\/sv\/wp-json\/wp\/v2\/users\/4"}],"replies":[{"embeddable":true,"href":"https:\/\/www.selry.fi\/sv\/wp-json\/wp\/v2\/comments?post=22060"}],"version-history":[{"count":0,"href":"https:\/\/www.selry.fi\/sv\/wp-json\/wp\/v2\/posts\/22060\/revisions"}],"wp:featuredmedia":[{"embeddable":true,"href":"https:\/\/www.selry.fi\/sv\/wp-json\/wp\/v2\/media\/10993"}],"wp:attachment":[{"href":"https:\/\/www.selry.fi\/sv\/wp-json\/wp\/v2\/media?parent=22060"}],"wp:term":[{"taxonomy":"category","embeddable":true,"href":"https:\/\/www.selry.fi\/sv\/wp-json\/wp\/v2\/categories?post=22060"},{"taxonomy":"post_tag","embeddable":true,"href":"https:\/\/www.selry.fi\/sv\/wp-json\/wp\/v2\/tags?post=22060"}],"curies":[{"name":"wp","href":"https:\/\/api.w.org\/{rel}","templated":true}]}}