{"id":21992,"date":"2025-12-02T21:00:00","date_gmt":"2025-12-02T19:00:00","guid":{"rendered":"https:\/\/www.selry.fi\/?p=21992"},"modified":"2025-12-03T13:58:30","modified_gmt":"2025-12-03T11:58:30","slug":"vart-arbete-fortsatter","status":"publish","type":"post","link":"https:\/\/www.selry.fi\/sv\/blogg\/vart-arbete-fortsatter\/","title":{"rendered":"V\u00e5rt arbete forts\u00e4tter"},"content":{"rendered":"\n<p>SEL:s 120-\u00e5rs jubileums\u00e5r inleddes med <a href=\"https:\/\/www.selry.fi\/tes\/\">kollektivavtalsf\u00f6rhandlingar<\/a> som kr\u00e4vde stora anstr\u00e4ngningar av oss. Regeringen Orpo hade genom sina lag\u00e4ndringar avsev\u00e4rt rubbat f\u00f6rhandlingsbalansen till f\u00f6rm\u00e5n f\u00f6r arbetsgivarsidan. I f\u00f6rv\u00e4g kunde vi se att arbetsgivarsidan f\u00f6rs\u00f6kte dra full nytta av den f\u00f6rdel som regeringen hade gett dem. Vi var f\u00f6rberedda p\u00e5 att vi kanske inte skulle lyckas \u00e5stadkomma sk\u00e4liga kollektivavtal utan p\u00e5trycknings\u00e5tg\u00e4rder.<\/p>\n\n\n\n<p>Vi har huvudsakligen lyckats f\u00f6rhandla fram v\u00e5ra kollektivavtal utan att ha beh\u00f6vt verkst\u00e4lla p\u00e5trycknings\u00e5tg\u00e4rder. Nu var det inte m\u00f6jligt. Det hade redan g\u00e5tt femton \u00e5r sedan den f\u00f6rra f\u00f6rhandlingsomg\u00e5ngen d\u00e4r var tvungna att vidta strids\u00e5tg\u00e4rder.<\/p>\n\n\n\n<p>Kollektivavtalsf\u00f6rhandlingarna blev en sv\u00e5r kamp, men med gemensam kraft klarade vi oss och uppn\u00e5dde sk\u00e4liga \u2013 eller \u00e5tminstone dr\u00e4gliga \u2013 kollektivavtal f\u00f6r alla arbetstagare i livsmedelsbranschen. Ett stort tack till alla som deltog i SEL:s strejker och \u00f6vertids- och skiftbytesf\u00f6rbud. Det h\u00e4r \u00e4r orsaken till att vi \u00e4r medlemmar i facket \u2013 det handlar om v\u00e5ra anst\u00e4llningsvillkor. Om vi inte skulle ha haft kraft att f\u00f6rsvara v\u00e5ra kollektivavtal, skulle villkoren f\u00f6r arbetstagarna p\u00e5 ganska m\u00e5nga arbetsplatser ha varit s\u00e4mre idag.<\/p>\n\n\n\n<p>De lag\u00e4ndringar som regeringen har genomf\u00f6rt, och som har rubbat balansen p\u00e5 arbetsmarknaden, leder till att vi ocks\u00e5 i forts\u00e4ttningen m\u00e5ste f\u00f6rbereda oss p\u00e5 sv\u00e5ra kollektivavtalsf\u00f6rhandlingar. Det \u00e4r ocks\u00e5 viktigt att f\u00f6rst\u00e5 att riksdagsvalet har blivit ett val om anst\u00e4llningsvillkoren. Vid kollektivavtalsborden kan vi inte helt och h\u00e5llet kompensera f\u00f6r det som regeringen f\u00f6rsvagar genom lagstiftningen.<\/p>\n\n\n\n<p>Jag rekommenderar alla att l\u00e4sa journalisten Paavo Teittinens bok <em><a href=\"https:\/\/www.selry.fi\/uutiset\/tilaa-pitka-vuoro-kuinka-moderni-orjuus-juurtui-suomeen-kirja-seln-jasenetuhintaan\/\">Pitk\u00e4 vuoro \u2013 Kuinka moderni orjuus juurtui Suomeen<\/a><\/em>. I Finland har den gr\u00e5a ekonomin och utnyttjandet av utl\u00e4ndska arbetstagare brett ut sig. Det \u00e4r det som Teittinen, som vann Finlandiapriset i facklitteratur, kallar ett modernt slaveri.<\/p>\n\n\n\n<p>Det skulle vara m\u00f6jligt att f\u00e5 ett slut p\u00e5 utnyttjandet av arbetstagare i Finland, om regeringen bara hade viljan att g\u00f6ra n\u00e5got \u00e5t saken. Det \u00e4r ocks\u00e5 underligt att arbetsgivarorganisationerna \u00e4r s\u00e5 ovilliga att ingripa i problemet. Samtidigt som exploateringen g\u00f6r det m\u00f6jligt att dumpa anst\u00e4llningsvillkoren f\u00f6r oss alla, s\u00e5 skadar den aff\u00e4rsverksamheten f\u00f6r hederliga f\u00f6retagare. Den gr\u00e5a ekonomi och l\u00f6netjuvarna ger sig ocks\u00e5 p\u00e5 deras pl\u00e5nb\u00f6cker.<\/p>\n\n\n\n<p>Jag vill \u00f6nska alla en god jul! Njut av de inhemska delikatesserna vid julbordet. Jag vill ocks\u00e5 \u00f6nska ett b\u00e4ttre nytt \u00e5r 2026! \u00c4ven om tron p\u00e5 en b\u00e4ttre framtid ibland vacklar, ska vi komma ih\u00e5g att vi redan i 120 \u00e5rs tid har jobbat tillsammans f\u00f6r b\u00e4ttre anst\u00e4llningsvillkor och ett mer j\u00e4mlikt samh\u00e4lle \u2013 och det kommer vi att g\u00f6ra ocks\u00e5 i forts\u00e4ttningen!<br><br><em>Veli-Matti Kuntonen<\/em><br><em>SEL:s f\u00f6rbundsordf\u00f6rande<\/em><\/p>\n","protected":false},"excerpt":{"rendered":"<p>SEL:s 120-\u00e5rs jubileums\u00e5r inleddes med kollektivavtalsf\u00f6rhandlingar som kr\u00e4vde stora anstr\u00e4ngningar av oss. Regeringen Orpo hade genom sina lag\u00e4ndringar avsev\u00e4rt rubbat [\u2026] <a href=\"https:\/\/www.selry.fi\/sv\/blogg\/vart-arbete-fortsatter\/\">Lue lis\u00e4\u00e4 &raquo;<\/a><\/p>\n","protected":false},"author":4,"featured_media":10997,"comment_status":"closed","ping_status":"closed","sticky":false,"template":"","format":"standard","meta":{"_acf_changed":false,"footnotes":""},"categories":[64],"tags":[],"class_list":["post-21992","post","type-post","status-publish","format-standard","has-post-thumbnail","hentry","category-blogg"],"acf":[],"yoast_head":"<!-- This site is optimized with the Yoast SEO plugin v27.2 - https:\/\/yoast.com\/product\/yoast-seo-wordpress\/ -->\n<title>V\u00e5rt arbete forts\u00e4tter<\/title>\n<meta name=\"robots\" content=\"index, follow, max-snippet:-1, max-image-preview:large, max-video-preview:-1\" \/>\n<link rel=\"canonical\" href=\"https:\/\/www.selry.fi\/sv\/blogg\/vart-arbete-fortsatter\/\" \/>\n<meta property=\"og:locale\" content=\"sv_SE\" \/>\n<meta property=\"og:type\" content=\"article\" \/>\n<meta property=\"og:title\" content=\"V\u00e5rt arbete forts\u00e4tter\" \/>\n<meta property=\"og:description\" content=\"SEL:s 120-\u00e5rs jubileums\u00e5r inleddes med kollektivavtalsf\u00f6rhandlingar som kr\u00e4vde stora anstr\u00e4ngningar av oss. Regeringen Orpo hade genom sina lag\u00e4ndringar avsev\u00e4rt rubbat [\u2026] Lue lis\u00e4\u00e4 &raquo;\" \/>\n<meta property=\"og:url\" content=\"https:\/\/www.selry.fi\/sv\/blogg\/vart-arbete-fortsatter\/\" \/>\n<meta property=\"og:site_name\" content=\"Suomen Elintarvikety\u00f6l\u00e4isten Liitto SEL\" \/>\n<meta property=\"article:publisher\" content=\"https:\/\/www.facebook.com\/selry\" \/>\n<meta property=\"article:published_time\" content=\"2025-12-02T19:00:00+00:00\" \/>\n<meta property=\"article:modified_time\" content=\"2025-12-03T11:58:30+00:00\" \/>\n<meta property=\"og:image\" content=\"https:\/\/www.selry.fi\/wp-content\/uploads\/2023\/02\/veli-matti-kuntonen-blogi.jpg\" \/>\n\t<meta property=\"og:image:width\" content=\"1536\" \/>\n\t<meta property=\"og:image:height\" content=\"1148\" \/>\n\t<meta property=\"og:image:type\" content=\"image\/jpeg\" \/>\n<meta name=\"author\" content=\"Karoliina \u00d6ystil\u00e4\" \/>\n<meta name=\"twitter:card\" content=\"summary_large_image\" \/>\n<meta name=\"twitter:creator\" content=\"@selryfi\" \/>\n<meta name=\"twitter:site\" content=\"@selryfi\" \/>\n<script type=\"application\/ld+json\" class=\"yoast-schema-graph\">{\"@context\":\"https:\/\/schema.org\",\"@graph\":[{\"@type\":\"Article\",\"@id\":\"https:\/\/www.selry.fi\/sv\/blogg\/vart-arbete-fortsatter\/#article\",\"isPartOf\":{\"@id\":\"https:\/\/www.selry.fi\/sv\/blogg\/vart-arbete-fortsatter\/\"},\"author\":{\"name\":\"Karoliina \u00d6ystil\u00e4\",\"@id\":\"https:\/\/www.selry.fi\/#\/schema\/person\/4fb0b52ed84c524f0beea95625a21678\"},\"headline\":\"V\u00e5rt arbete forts\u00e4tter\",\"datePublished\":\"2025-12-02T19:00:00+00:00\",\"dateModified\":\"2025-12-03T11:58:30+00:00\",\"mainEntityOfPage\":{\"@id\":\"https:\/\/www.selry.fi\/sv\/blogg\/vart-arbete-fortsatter\/\"},\"wordCount\":503,\"publisher\":{\"@id\":\"https:\/\/www.selry.fi\/#organization\"},\"image\":{\"@id\":\"https:\/\/www.selry.fi\/sv\/blogg\/vart-arbete-fortsatter\/#primaryimage\"},\"thumbnailUrl\":\"https:\/\/www.selry.fi\/wp-content\/uploads\/2023\/02\/veli-matti-kuntonen-blogi.jpg\",\"articleSection\":[\"Blogg\"],\"inLanguage\":\"sv-SE\"},{\"@type\":\"WebPage\",\"@id\":\"https:\/\/www.selry.fi\/sv\/blogg\/vart-arbete-fortsatter\/\",\"url\":\"https:\/\/www.selry.fi\/sv\/blogg\/vart-arbete-fortsatter\/\",\"name\":\"V\u00e5rt arbete forts\u00e4tter\",\"isPartOf\":{\"@id\":\"https:\/\/www.selry.fi\/#website\"},\"primaryImageOfPage\":{\"@id\":\"https:\/\/www.selry.fi\/sv\/blogg\/vart-arbete-fortsatter\/#primaryimage\"},\"image\":{\"@id\":\"https:\/\/www.selry.fi\/sv\/blogg\/vart-arbete-fortsatter\/#primaryimage\"},\"thumbnailUrl\":\"https:\/\/www.selry.fi\/wp-content\/uploads\/2023\/02\/veli-matti-kuntonen-blogi.jpg\",\"datePublished\":\"2025-12-02T19:00:00+00:00\",\"dateModified\":\"2025-12-03T11:58:30+00:00\",\"breadcrumb\":{\"@id\":\"https:\/\/www.selry.fi\/sv\/blogg\/vart-arbete-fortsatter\/#breadcrumb\"},\"inLanguage\":\"sv-SE\",\"potentialAction\":[{\"@type\":\"ReadAction\",\"target\":[\"https:\/\/www.selry.fi\/sv\/blogg\/vart-arbete-fortsatter\/\"]}]},{\"@type\":\"ImageObject\",\"inLanguage\":\"sv-SE\",\"@id\":\"https:\/\/www.selry.fi\/sv\/blogg\/vart-arbete-fortsatter\/#primaryimage\",\"url\":\"https:\/\/www.selry.fi\/wp-content\/uploads\/2023\/02\/veli-matti-kuntonen-blogi.jpg\",\"contentUrl\":\"https:\/\/www.selry.fi\/wp-content\/uploads\/2023\/02\/veli-matti-kuntonen-blogi.jpg\",\"width\":1536,\"height\":1148},{\"@type\":\"BreadcrumbList\",\"@id\":\"https:\/\/www.selry.fi\/sv\/blogg\/vart-arbete-fortsatter\/#breadcrumb\",\"itemListElement\":[{\"@type\":\"ListItem\",\"position\":1,\"name\":\"Home\",\"item\":\"https:\/\/www.selry.fi\/sv\/\"},{\"@type\":\"ListItem\",\"position\":2,\"name\":\"V\u00e5rt arbete forts\u00e4tter\"}]},{\"@type\":\"WebSite\",\"@id\":\"https:\/\/www.selry.fi\/#website\",\"url\":\"https:\/\/www.selry.fi\/\",\"name\":\"Suomen Elintarvikety\u00f6l\u00e4isten Liitto SEL\",\"description\":\"\",\"publisher\":{\"@id\":\"https:\/\/www.selry.fi\/#organization\"},\"inLanguage\":\"sv-SE\"},{\"@type\":\"Organization\",\"@id\":\"https:\/\/www.selry.fi\/#organization\",\"name\":\"Suomen Elintarvikety\u00f6l\u00e4isten Liitto SEL\",\"url\":\"https:\/\/www.selry.fi\/\",\"logo\":{\"@type\":\"ImageObject\",\"inLanguage\":\"sv-SE\",\"@id\":\"https:\/\/www.selry.fi\/#\/schema\/logo\/image\/\",\"url\":\"https:\/\/www.selry.fi\/wp-content\/uploads\/2021\/05\/logo-sel.svg\",\"contentUrl\":\"https:\/\/www.selry.fi\/wp-content\/uploads\/2021\/05\/logo-sel.svg\",\"width\":453,\"height\":135,\"caption\":\"Suomen Elintarvikety\u00f6l\u00e4isten Liitto SEL\"},\"image\":{\"@id\":\"https:\/\/www.selry.fi\/#\/schema\/logo\/image\/\"},\"sameAs\":[\"https:\/\/www.facebook.com\/selry\",\"https:\/\/x.com\/selryfi\"]},{\"@type\":\"Person\",\"@id\":\"https:\/\/www.selry.fi\/#\/schema\/person\/4fb0b52ed84c524f0beea95625a21678\",\"name\":\"Karoliina \u00d6ystil\u00e4\",\"image\":{\"@type\":\"ImageObject\",\"inLanguage\":\"sv-SE\",\"@id\":\"https:\/\/secure.gravatar.com\/avatar\/8dcb857776c4317075ba571fdc81a06a1f240302e468800d69bf316ef82ac4cd?s=96&d=mm&r=g\",\"url\":\"https:\/\/secure.gravatar.com\/avatar\/8dcb857776c4317075ba571fdc81a06a1f240302e468800d69bf316ef82ac4cd?s=96&d=mm&r=g\",\"contentUrl\":\"https:\/\/secure.gravatar.com\/avatar\/8dcb857776c4317075ba571fdc81a06a1f240302e468800d69bf316ef82ac4cd?s=96&d=mm&r=g\",\"caption\":\"Karoliina \u00d6ystil\u00e4\"}}]}<\/script>\n<!-- \/ Yoast SEO plugin. -->","yoast_head_json":{"title":"V\u00e5rt arbete forts\u00e4tter","robots":{"index":"index","follow":"follow","max-snippet":"max-snippet:-1","max-image-preview":"max-image-preview:large","max-video-preview":"max-video-preview:-1"},"canonical":"https:\/\/www.selry.fi\/sv\/blogg\/vart-arbete-fortsatter\/","og_locale":"sv_SE","og_type":"article","og_title":"V\u00e5rt arbete forts\u00e4tter","og_description":"SEL:s 120-\u00e5rs jubileums\u00e5r inleddes med kollektivavtalsf\u00f6rhandlingar som kr\u00e4vde stora anstr\u00e4ngningar av oss. Regeringen Orpo hade genom sina lag\u00e4ndringar avsev\u00e4rt rubbat [\u2026] Lue lis\u00e4\u00e4 &raquo;","og_url":"https:\/\/www.selry.fi\/sv\/blogg\/vart-arbete-fortsatter\/","og_site_name":"Suomen Elintarvikety\u00f6l\u00e4isten Liitto SEL","article_publisher":"https:\/\/www.facebook.com\/selry","article_published_time":"2025-12-02T19:00:00+00:00","article_modified_time":"2025-12-03T11:58:30+00:00","og_image":[{"width":1536,"height":1148,"url":"https:\/\/www.selry.fi\/wp-content\/uploads\/2023\/02\/veli-matti-kuntonen-blogi.jpg","type":"image\/jpeg"}],"author":"Karoliina \u00d6ystil\u00e4","twitter_card":"summary_large_image","twitter_creator":"@selryfi","twitter_site":"@selryfi","schema":{"@context":"https:\/\/schema.org","@graph":[{"@type":"Article","@id":"https:\/\/www.selry.fi\/sv\/blogg\/vart-arbete-fortsatter\/#article","isPartOf":{"@id":"https:\/\/www.selry.fi\/sv\/blogg\/vart-arbete-fortsatter\/"},"author":{"name":"Karoliina \u00d6ystil\u00e4","@id":"https:\/\/www.selry.fi\/#\/schema\/person\/4fb0b52ed84c524f0beea95625a21678"},"headline":"V\u00e5rt arbete forts\u00e4tter","datePublished":"2025-12-02T19:00:00+00:00","dateModified":"2025-12-03T11:58:30+00:00","mainEntityOfPage":{"@id":"https:\/\/www.selry.fi\/sv\/blogg\/vart-arbete-fortsatter\/"},"wordCount":503,"publisher":{"@id":"https:\/\/www.selry.fi\/#organization"},"image":{"@id":"https:\/\/www.selry.fi\/sv\/blogg\/vart-arbete-fortsatter\/#primaryimage"},"thumbnailUrl":"https:\/\/www.selry.fi\/wp-content\/uploads\/2023\/02\/veli-matti-kuntonen-blogi.jpg","articleSection":["Blogg"],"inLanguage":"sv-SE"},{"@type":"WebPage","@id":"https:\/\/www.selry.fi\/sv\/blogg\/vart-arbete-fortsatter\/","url":"https:\/\/www.selry.fi\/sv\/blogg\/vart-arbete-fortsatter\/","name":"V\u00e5rt arbete forts\u00e4tter","isPartOf":{"@id":"https:\/\/www.selry.fi\/#website"},"primaryImageOfPage":{"@id":"https:\/\/www.selry.fi\/sv\/blogg\/vart-arbete-fortsatter\/#primaryimage"},"image":{"@id":"https:\/\/www.selry.fi\/sv\/blogg\/vart-arbete-fortsatter\/#primaryimage"},"thumbnailUrl":"https:\/\/www.selry.fi\/wp-content\/uploads\/2023\/02\/veli-matti-kuntonen-blogi.jpg","datePublished":"2025-12-02T19:00:00+00:00","dateModified":"2025-12-03T11:58:30+00:00","breadcrumb":{"@id":"https:\/\/www.selry.fi\/sv\/blogg\/vart-arbete-fortsatter\/#breadcrumb"},"inLanguage":"sv-SE","potentialAction":[{"@type":"ReadAction","target":["https:\/\/www.selry.fi\/sv\/blogg\/vart-arbete-fortsatter\/"]}]},{"@type":"ImageObject","inLanguage":"sv-SE","@id":"https:\/\/www.selry.fi\/sv\/blogg\/vart-arbete-fortsatter\/#primaryimage","url":"https:\/\/www.selry.fi\/wp-content\/uploads\/2023\/02\/veli-matti-kuntonen-blogi.jpg","contentUrl":"https:\/\/www.selry.fi\/wp-content\/uploads\/2023\/02\/veli-matti-kuntonen-blogi.jpg","width":1536,"height":1148},{"@type":"BreadcrumbList","@id":"https:\/\/www.selry.fi\/sv\/blogg\/vart-arbete-fortsatter\/#breadcrumb","itemListElement":[{"@type":"ListItem","position":1,"name":"Home","item":"https:\/\/www.selry.fi\/sv\/"},{"@type":"ListItem","position":2,"name":"V\u00e5rt arbete forts\u00e4tter"}]},{"@type":"WebSite","@id":"https:\/\/www.selry.fi\/#website","url":"https:\/\/www.selry.fi\/","name":"Suomen Elintarvikety\u00f6l\u00e4isten Liitto SEL","description":"","publisher":{"@id":"https:\/\/www.selry.fi\/#organization"},"inLanguage":"sv-SE"},{"@type":"Organization","@id":"https:\/\/www.selry.fi\/#organization","name":"Suomen Elintarvikety\u00f6l\u00e4isten Liitto SEL","url":"https:\/\/www.selry.fi\/","logo":{"@type":"ImageObject","inLanguage":"sv-SE","@id":"https:\/\/www.selry.fi\/#\/schema\/logo\/image\/","url":"https:\/\/www.selry.fi\/wp-content\/uploads\/2021\/05\/logo-sel.svg","contentUrl":"https:\/\/www.selry.fi\/wp-content\/uploads\/2021\/05\/logo-sel.svg","width":453,"height":135,"caption":"Suomen Elintarvikety\u00f6l\u00e4isten Liitto SEL"},"image":{"@id":"https:\/\/www.selry.fi\/#\/schema\/logo\/image\/"},"sameAs":["https:\/\/www.facebook.com\/selry","https:\/\/x.com\/selryfi"]},{"@type":"Person","@id":"https:\/\/www.selry.fi\/#\/schema\/person\/4fb0b52ed84c524f0beea95625a21678","name":"Karoliina \u00d6ystil\u00e4","image":{"@type":"ImageObject","inLanguage":"sv-SE","@id":"https:\/\/secure.gravatar.com\/avatar\/8dcb857776c4317075ba571fdc81a06a1f240302e468800d69bf316ef82ac4cd?s=96&d=mm&r=g","url":"https:\/\/secure.gravatar.com\/avatar\/8dcb857776c4317075ba571fdc81a06a1f240302e468800d69bf316ef82ac4cd?s=96&d=mm&r=g","contentUrl":"https:\/\/secure.gravatar.com\/avatar\/8dcb857776c4317075ba571fdc81a06a1f240302e468800d69bf316ef82ac4cd?s=96&d=mm&r=g","caption":"Karoliina \u00d6ystil\u00e4"}}]}},"_links":{"self":[{"href":"https:\/\/www.selry.fi\/sv\/wp-json\/wp\/v2\/posts\/21992","targetHints":{"allow":["GET"]}}],"collection":[{"href":"https:\/\/www.selry.fi\/sv\/wp-json\/wp\/v2\/posts"}],"about":[{"href":"https:\/\/www.selry.fi\/sv\/wp-json\/wp\/v2\/types\/post"}],"author":[{"embeddable":true,"href":"https:\/\/www.selry.fi\/sv\/wp-json\/wp\/v2\/users\/4"}],"replies":[{"embeddable":true,"href":"https:\/\/www.selry.fi\/sv\/wp-json\/wp\/v2\/comments?post=21992"}],"version-history":[{"count":0,"href":"https:\/\/www.selry.fi\/sv\/wp-json\/wp\/v2\/posts\/21992\/revisions"}],"wp:featuredmedia":[{"embeddable":true,"href":"https:\/\/www.selry.fi\/sv\/wp-json\/wp\/v2\/media\/10997"}],"wp:attachment":[{"href":"https:\/\/www.selry.fi\/sv\/wp-json\/wp\/v2\/media?parent=21992"}],"wp:term":[{"taxonomy":"category","embeddable":true,"href":"https:\/\/www.selry.fi\/sv\/wp-json\/wp\/v2\/categories?post=21992"},{"taxonomy":"post_tag","embeddable":true,"href":"https:\/\/www.selry.fi\/sv\/wp-json\/wp\/v2\/tags?post=21992"}],"curies":[{"name":"wp","href":"https:\/\/api.w.org\/{rel}","templated":true}]}}