{"id":21897,"date":"2025-11-25T16:00:00","date_gmt":"2025-11-25T14:00:00","guid":{"rendered":"https:\/\/www.selry.fi\/?p=21897"},"modified":"2025-11-26T10:24:11","modified_gmt":"2025-11-26T08:24:11","slug":"alla-kollektivavtal-for-arbetstagare-inom-livsmedelsbranschen-ar-allmant-bindande","status":"publish","type":"post","link":"https:\/\/www.selry.fi\/sv\/nyheter\/alla-kollektivavtal-for-arbetstagare-inom-livsmedelsbranschen-ar-allmant-bindande\/","title":{"rendered":"Alla kollektivavtal f\u00f6r arbetstagare inom livsmedelsbranschen \u00e4r allm\u00e4nt bindande"},"content":{"rendered":"\n<p class=\"has-ingressi-font-size\">Alla cirka 25 000 arbetstagare inom livsmedelsbranschen omfattas av allm\u00e4nt bindande kollektivavtal.<\/p>\n\n\n\n<p><a href=\"https:\/\/tyoehtosopimuksenyleissitovuudenvahvistamislautakunta.fi\/sv\/framsida\" target=\"_blank\" rel=\"noreferrer noopener\">N\u00e4mnden f\u00f6r fastst\u00e4llande av kollektivavtals allm\u00e4nt bindande verkan<\/a> har 10.11.2025 behandlat <a href=\"https:\/\/www.selry.fi\/sv\/kollektivavtalen\/\">kollektivavtalen<\/a> f\u00f6r arbetstagare inom livsmedelsbranschen. Alla fem kollektivavtal f\u00f6r arbetstagare inom livsmedelsbranschen som SEL och ETL har ing\u00e5tt \u00e4r fortfarande allm\u00e4nt bindande:<\/p>\n\n\n\n<p><a href=\"https:\/\/www.selry.fi\/sv\/kollektivavtalen\/\">&gt;&gt; Kollektivavtalet f\u00f6r bageriarbetstagare<\/a><br><a href=\"https:\/\/www.selry.fi\/sv\/kollektivavtalen\/\">&gt;&gt; Kollektivavtalet f\u00f6r k\u00f6ttbranschen<\/a><br><a href=\"https:\/\/www.selry.fi\/sv\/kollektivavtalen\/\">&gt;&gt; Kollektivavtalet f\u00f6r mejeriarbetstagare<\/a><br><a href=\"https:\/\/www.selry.fi\/sv\/kollektivavtalen\/\">&gt;&gt; Kollektivavtalet f\u00f6r livsmedelsbranschen<\/a><br><a href=\"https:\/\/www.selry.fi\/sv\/kollektivavtalen\/\">&gt;&gt; Kollektivavtalet f\u00f6r bryggerier och l\u00e4skedrycksfabriker<\/a><\/p>\n\n\n\n<p>Att kollektivavtalen \u00e4r allm\u00e4nt bindande inneb\u00e4r att de g\u00e4ller alla arbetsgivare och arbetstagare i branschen, ocks\u00e5 de som inte \u00e4r organiserade som medlemmar i arbetsgivarf\u00f6rbundet eller fackf\u00f6rbundet.<\/p>\n\n\n\n<p>Alla cirka 25 000 arbetstagare inom livsmedelsbranschen omfattas av de allm\u00e4nt bindande kollektivavtalen mellan SEL och ETL.<\/p>\n\n\n\n<p>De nuvarande kollektivavtalen f\u00f6r arbetstagare inom livsmedelsbranschen \u00e4r i kraft till 31.1.2028, men b\u00e5da parterna kan s\u00e4ga upp kollektivavtalen s\u00e5 att de upph\u00f6r att g\u00e4lla redan efter tv\u00e5 \u00e5r, vilket inneb\u00e4r att kollektivavtalen i s\u00e5 fall \u00e4r i kraft till 31.1.2027.<\/p>\n\n\n\n<p>Kollektivavtalen f\u00f6r arbetstagare inom livsmedelsbranschen har \u00f6versatts till <a href=\"https:\/\/www.selry.fi\/sv\/kollektivavtalen\/\">svenska<\/a> och <a href=\"https:\/\/www.selry.fi\/en\/collective-agreements\/\">engelska<\/a>.<\/p>\n\n\n\n<p>Tack vare de kollektivavtal som SEL har f\u00f6rhandlat fram har du b\u00e4ttre anst\u00e4llningsvillkor \u00e4n vad som best\u00e4ms i lagen. P\u00e5 din arbetsplats kan man ing\u00e5 lokala avtal som ger b\u00e4ttre l\u00f6ner och andra anst\u00e4llningsvillkor \u00e4r vad kollektivavtalet ger, men inte s\u00e4mre.<\/p>\n\n\n\n<p>Om du har fr\u00e5gor om din l\u00f6n eller n\u00e5got annat som g\u00e4ller din anst\u00e4llning, kan SEL:s f\u00f6rtroendeman p\u00e5 din arbetsplats hj\u00e4lpa dig. F\u00f6rtroendemannen k\u00e4nner b\u00e4st till de lokala avtal som har ing\u00e5tts p\u00e5 din arbetsplats och som p\u00e5verkar dina anst\u00e4llningsvillkor.<\/p>\n\n\n\n<p>Om det inte \u00e4nnu finns n\u00e5gon f\u00f6rtroendeman som representerar SEL p\u00e5 din arbetsplats, om ni inte lyckas l\u00f6sa en fr\u00e5ga p\u00e5 arbetsplatsen eller om du inte \u00e4r anst\u00e4lld just nu, kan du ringa SEL:s telefonnummer 09 4246 1200.<\/p>\n","protected":false},"excerpt":{"rendered":"<p>Alla cirka 25 000 arbetstagare inom livsmedelsbranschen omfattas av allm\u00e4nt bindande kollektivavtal. N\u00e4mnden f\u00f6r fastst\u00e4llande av kollektivavtals allm\u00e4nt bindande verkan [\u2026] <a href=\"https:\/\/www.selry.fi\/sv\/nyheter\/alla-kollektivavtal-for-arbetstagare-inom-livsmedelsbranschen-ar-allmant-bindande\/\">Lue lis\u00e4\u00e4 &raquo;<\/a><\/p>\n","protected":false},"author":4,"featured_media":21443,"comment_status":"closed","ping_status":"closed","sticky":false,"template":"","format":"standard","meta":{"_acf_changed":false,"footnotes":""},"categories":[26],"tags":[],"class_list":["post-21897","post","type-post","status-publish","format-standard","has-post-thumbnail","hentry","category-nyheter"],"acf":[],"yoast_head":"<!-- This site is optimized with the Yoast SEO plugin v27.2 - https:\/\/yoast.com\/product\/yoast-seo-wordpress\/ -->\n<title>Alla kollektivavtal f\u00f6r arbetstagare inom livsmedelsbranschen \u00e4r allm\u00e4nt bindande<\/title>\n<meta name=\"robots\" content=\"index, follow, max-snippet:-1, max-image-preview:large, max-video-preview:-1\" \/>\n<link rel=\"canonical\" href=\"https:\/\/www.selry.fi\/sv\/nyheter\/alla-kollektivavtal-for-arbetstagare-inom-livsmedelsbranschen-ar-allmant-bindande\/\" \/>\n<meta property=\"og:locale\" content=\"sv_SE\" \/>\n<meta property=\"og:type\" content=\"article\" \/>\n<meta property=\"og:title\" content=\"Alla kollektivavtal f\u00f6r arbetstagare inom livsmedelsbranschen \u00e4r allm\u00e4nt bindande\" \/>\n<meta property=\"og:description\" content=\"Alla cirka 25 000 arbetstagare inom livsmedelsbranschen omfattas av allm\u00e4nt bindande kollektivavtal. N\u00e4mnden f\u00f6r fastst\u00e4llande av kollektivavtals allm\u00e4nt bindande verkan [\u2026] Lue lis\u00e4\u00e4 &raquo;\" \/>\n<meta property=\"og:url\" content=\"https:\/\/www.selry.fi\/sv\/nyheter\/alla-kollektivavtal-for-arbetstagare-inom-livsmedelsbranschen-ar-allmant-bindande\/\" \/>\n<meta property=\"og:site_name\" content=\"Suomen Elintarvikety\u00f6l\u00e4isten Liitto SEL\" \/>\n<meta property=\"article:publisher\" content=\"https:\/\/www.facebook.com\/selry\" \/>\n<meta property=\"article:published_time\" content=\"2025-11-25T14:00:00+00:00\" \/>\n<meta property=\"article:modified_time\" content=\"2025-11-26T08:24:11+00:00\" \/>\n<meta property=\"og:image\" content=\"https:\/\/www.selry.fi\/wp-content\/uploads\/2025\/10\/tyoehtosopimus-tes-kirja-tessit-2025-2028-img20250807143623-rajattu.jpg\" \/>\n\t<meta property=\"og:image:width\" content=\"1920\" \/>\n\t<meta property=\"og:image:height\" content=\"1245\" \/>\n\t<meta property=\"og:image:type\" content=\"image\/jpeg\" \/>\n<meta name=\"author\" content=\"Karoliina \u00d6ystil\u00e4\" \/>\n<meta name=\"twitter:card\" content=\"summary_large_image\" \/>\n<meta name=\"twitter:creator\" content=\"@selryfi\" \/>\n<meta name=\"twitter:site\" content=\"@selryfi\" \/>\n<script type=\"application\/ld+json\" class=\"yoast-schema-graph\">{\"@context\":\"https:\/\/schema.org\",\"@graph\":[{\"@type\":\"Article\",\"@id\":\"https:\/\/www.selry.fi\/sv\/nyheter\/alla-kollektivavtal-for-arbetstagare-inom-livsmedelsbranschen-ar-allmant-bindande\/#article\",\"isPartOf\":{\"@id\":\"https:\/\/www.selry.fi\/sv\/nyheter\/alla-kollektivavtal-for-arbetstagare-inom-livsmedelsbranschen-ar-allmant-bindande\/\"},\"author\":{\"name\":\"Karoliina \u00d6ystil\u00e4\",\"@id\":\"https:\/\/www.selry.fi\/#\/schema\/person\/4fb0b52ed84c524f0beea95625a21678\"},\"headline\":\"Alla kollektivavtal f\u00f6r arbetstagare inom livsmedelsbranschen \u00e4r allm\u00e4nt bindande\",\"datePublished\":\"2025-11-25T14:00:00+00:00\",\"dateModified\":\"2025-11-26T08:24:11+00:00\",\"mainEntityOfPage\":{\"@id\":\"https:\/\/www.selry.fi\/sv\/nyheter\/alla-kollektivavtal-for-arbetstagare-inom-livsmedelsbranschen-ar-allmant-bindande\/\"},\"wordCount\":345,\"publisher\":{\"@id\":\"https:\/\/www.selry.fi\/#organization\"},\"image\":{\"@id\":\"https:\/\/www.selry.fi\/sv\/nyheter\/alla-kollektivavtal-for-arbetstagare-inom-livsmedelsbranschen-ar-allmant-bindande\/#primaryimage\"},\"thumbnailUrl\":\"https:\/\/www.selry.fi\/wp-content\/uploads\/2025\/10\/tyoehtosopimus-tes-kirja-tessit-2025-2028-img20250807143623-rajattu.jpg\",\"articleSection\":[\"Nyheter\"],\"inLanguage\":\"sv-SE\"},{\"@type\":\"WebPage\",\"@id\":\"https:\/\/www.selry.fi\/sv\/nyheter\/alla-kollektivavtal-for-arbetstagare-inom-livsmedelsbranschen-ar-allmant-bindande\/\",\"url\":\"https:\/\/www.selry.fi\/sv\/nyheter\/alla-kollektivavtal-for-arbetstagare-inom-livsmedelsbranschen-ar-allmant-bindande\/\",\"name\":\"Alla kollektivavtal f\u00f6r arbetstagare inom livsmedelsbranschen \u00e4r allm\u00e4nt bindande\",\"isPartOf\":{\"@id\":\"https:\/\/www.selry.fi\/#website\"},\"primaryImageOfPage\":{\"@id\":\"https:\/\/www.selry.fi\/sv\/nyheter\/alla-kollektivavtal-for-arbetstagare-inom-livsmedelsbranschen-ar-allmant-bindande\/#primaryimage\"},\"image\":{\"@id\":\"https:\/\/www.selry.fi\/sv\/nyheter\/alla-kollektivavtal-for-arbetstagare-inom-livsmedelsbranschen-ar-allmant-bindande\/#primaryimage\"},\"thumbnailUrl\":\"https:\/\/www.selry.fi\/wp-content\/uploads\/2025\/10\/tyoehtosopimus-tes-kirja-tessit-2025-2028-img20250807143623-rajattu.jpg\",\"datePublished\":\"2025-11-25T14:00:00+00:00\",\"dateModified\":\"2025-11-26T08:24:11+00:00\",\"breadcrumb\":{\"@id\":\"https:\/\/www.selry.fi\/sv\/nyheter\/alla-kollektivavtal-for-arbetstagare-inom-livsmedelsbranschen-ar-allmant-bindande\/#breadcrumb\"},\"inLanguage\":\"sv-SE\",\"potentialAction\":[{\"@type\":\"ReadAction\",\"target\":[\"https:\/\/www.selry.fi\/sv\/nyheter\/alla-kollektivavtal-for-arbetstagare-inom-livsmedelsbranschen-ar-allmant-bindande\/\"]}]},{\"@type\":\"ImageObject\",\"inLanguage\":\"sv-SE\",\"@id\":\"https:\/\/www.selry.fi\/sv\/nyheter\/alla-kollektivavtal-for-arbetstagare-inom-livsmedelsbranschen-ar-allmant-bindande\/#primaryimage\",\"url\":\"https:\/\/www.selry.fi\/wp-content\/uploads\/2025\/10\/tyoehtosopimus-tes-kirja-tessit-2025-2028-img20250807143623-rajattu.jpg\",\"contentUrl\":\"https:\/\/www.selry.fi\/wp-content\/uploads\/2025\/10\/tyoehtosopimus-tes-kirja-tessit-2025-2028-img20250807143623-rajattu.jpg\",\"width\":1920,\"height\":1245},{\"@type\":\"BreadcrumbList\",\"@id\":\"https:\/\/www.selry.fi\/sv\/nyheter\/alla-kollektivavtal-for-arbetstagare-inom-livsmedelsbranschen-ar-allmant-bindande\/#breadcrumb\",\"itemListElement\":[{\"@type\":\"ListItem\",\"position\":1,\"name\":\"Home\",\"item\":\"https:\/\/www.selry.fi\/sv\/\"},{\"@type\":\"ListItem\",\"position\":2,\"name\":\"Alla kollektivavtal f\u00f6r arbetstagare inom livsmedelsbranschen \u00e4r allm\u00e4nt bindande\"}]},{\"@type\":\"WebSite\",\"@id\":\"https:\/\/www.selry.fi\/#website\",\"url\":\"https:\/\/www.selry.fi\/\",\"name\":\"Suomen Elintarvikety\u00f6l\u00e4isten Liitto SEL\",\"description\":\"\",\"publisher\":{\"@id\":\"https:\/\/www.selry.fi\/#organization\"},\"inLanguage\":\"sv-SE\"},{\"@type\":\"Organization\",\"@id\":\"https:\/\/www.selry.fi\/#organization\",\"name\":\"Suomen Elintarvikety\u00f6l\u00e4isten Liitto SEL\",\"url\":\"https:\/\/www.selry.fi\/\",\"logo\":{\"@type\":\"ImageObject\",\"inLanguage\":\"sv-SE\",\"@id\":\"https:\/\/www.selry.fi\/#\/schema\/logo\/image\/\",\"url\":\"https:\/\/www.selry.fi\/wp-content\/uploads\/2021\/05\/logo-sel.svg\",\"contentUrl\":\"https:\/\/www.selry.fi\/wp-content\/uploads\/2021\/05\/logo-sel.svg\",\"width\":453,\"height\":135,\"caption\":\"Suomen Elintarvikety\u00f6l\u00e4isten Liitto SEL\"},\"image\":{\"@id\":\"https:\/\/www.selry.fi\/#\/schema\/logo\/image\/\"},\"sameAs\":[\"https:\/\/www.facebook.com\/selry\",\"https:\/\/x.com\/selryfi\"]},{\"@type\":\"Person\",\"@id\":\"https:\/\/www.selry.fi\/#\/schema\/person\/4fb0b52ed84c524f0beea95625a21678\",\"name\":\"Karoliina \u00d6ystil\u00e4\",\"image\":{\"@type\":\"ImageObject\",\"inLanguage\":\"sv-SE\",\"@id\":\"https:\/\/secure.gravatar.com\/avatar\/8dcb857776c4317075ba571fdc81a06a1f240302e468800d69bf316ef82ac4cd?s=96&d=mm&r=g\",\"url\":\"https:\/\/secure.gravatar.com\/avatar\/8dcb857776c4317075ba571fdc81a06a1f240302e468800d69bf316ef82ac4cd?s=96&d=mm&r=g\",\"contentUrl\":\"https:\/\/secure.gravatar.com\/avatar\/8dcb857776c4317075ba571fdc81a06a1f240302e468800d69bf316ef82ac4cd?s=96&d=mm&r=g\",\"caption\":\"Karoliina \u00d6ystil\u00e4\"}}]}<\/script>\n<!-- \/ Yoast SEO plugin. -->","yoast_head_json":{"title":"Alla kollektivavtal f\u00f6r arbetstagare inom livsmedelsbranschen \u00e4r allm\u00e4nt bindande","robots":{"index":"index","follow":"follow","max-snippet":"max-snippet:-1","max-image-preview":"max-image-preview:large","max-video-preview":"max-video-preview:-1"},"canonical":"https:\/\/www.selry.fi\/sv\/nyheter\/alla-kollektivavtal-for-arbetstagare-inom-livsmedelsbranschen-ar-allmant-bindande\/","og_locale":"sv_SE","og_type":"article","og_title":"Alla kollektivavtal f\u00f6r arbetstagare inom livsmedelsbranschen \u00e4r allm\u00e4nt bindande","og_description":"Alla cirka 25 000 arbetstagare inom livsmedelsbranschen omfattas av allm\u00e4nt bindande kollektivavtal. N\u00e4mnden f\u00f6r fastst\u00e4llande av kollektivavtals allm\u00e4nt bindande verkan [\u2026] Lue lis\u00e4\u00e4 &raquo;","og_url":"https:\/\/www.selry.fi\/sv\/nyheter\/alla-kollektivavtal-for-arbetstagare-inom-livsmedelsbranschen-ar-allmant-bindande\/","og_site_name":"Suomen Elintarvikety\u00f6l\u00e4isten Liitto SEL","article_publisher":"https:\/\/www.facebook.com\/selry","article_published_time":"2025-11-25T14:00:00+00:00","article_modified_time":"2025-11-26T08:24:11+00:00","og_image":[{"width":1920,"height":1245,"url":"https:\/\/www.selry.fi\/wp-content\/uploads\/2025\/10\/tyoehtosopimus-tes-kirja-tessit-2025-2028-img20250807143623-rajattu.jpg","type":"image\/jpeg"}],"author":"Karoliina \u00d6ystil\u00e4","twitter_card":"summary_large_image","twitter_creator":"@selryfi","twitter_site":"@selryfi","schema":{"@context":"https:\/\/schema.org","@graph":[{"@type":"Article","@id":"https:\/\/www.selry.fi\/sv\/nyheter\/alla-kollektivavtal-for-arbetstagare-inom-livsmedelsbranschen-ar-allmant-bindande\/#article","isPartOf":{"@id":"https:\/\/www.selry.fi\/sv\/nyheter\/alla-kollektivavtal-for-arbetstagare-inom-livsmedelsbranschen-ar-allmant-bindande\/"},"author":{"name":"Karoliina \u00d6ystil\u00e4","@id":"https:\/\/www.selry.fi\/#\/schema\/person\/4fb0b52ed84c524f0beea95625a21678"},"headline":"Alla kollektivavtal f\u00f6r arbetstagare inom livsmedelsbranschen \u00e4r allm\u00e4nt bindande","datePublished":"2025-11-25T14:00:00+00:00","dateModified":"2025-11-26T08:24:11+00:00","mainEntityOfPage":{"@id":"https:\/\/www.selry.fi\/sv\/nyheter\/alla-kollektivavtal-for-arbetstagare-inom-livsmedelsbranschen-ar-allmant-bindande\/"},"wordCount":345,"publisher":{"@id":"https:\/\/www.selry.fi\/#organization"},"image":{"@id":"https:\/\/www.selry.fi\/sv\/nyheter\/alla-kollektivavtal-for-arbetstagare-inom-livsmedelsbranschen-ar-allmant-bindande\/#primaryimage"},"thumbnailUrl":"https:\/\/www.selry.fi\/wp-content\/uploads\/2025\/10\/tyoehtosopimus-tes-kirja-tessit-2025-2028-img20250807143623-rajattu.jpg","articleSection":["Nyheter"],"inLanguage":"sv-SE"},{"@type":"WebPage","@id":"https:\/\/www.selry.fi\/sv\/nyheter\/alla-kollektivavtal-for-arbetstagare-inom-livsmedelsbranschen-ar-allmant-bindande\/","url":"https:\/\/www.selry.fi\/sv\/nyheter\/alla-kollektivavtal-for-arbetstagare-inom-livsmedelsbranschen-ar-allmant-bindande\/","name":"Alla kollektivavtal f\u00f6r arbetstagare inom livsmedelsbranschen \u00e4r allm\u00e4nt bindande","isPartOf":{"@id":"https:\/\/www.selry.fi\/#website"},"primaryImageOfPage":{"@id":"https:\/\/www.selry.fi\/sv\/nyheter\/alla-kollektivavtal-for-arbetstagare-inom-livsmedelsbranschen-ar-allmant-bindande\/#primaryimage"},"image":{"@id":"https:\/\/www.selry.fi\/sv\/nyheter\/alla-kollektivavtal-for-arbetstagare-inom-livsmedelsbranschen-ar-allmant-bindande\/#primaryimage"},"thumbnailUrl":"https:\/\/www.selry.fi\/wp-content\/uploads\/2025\/10\/tyoehtosopimus-tes-kirja-tessit-2025-2028-img20250807143623-rajattu.jpg","datePublished":"2025-11-25T14:00:00+00:00","dateModified":"2025-11-26T08:24:11+00:00","breadcrumb":{"@id":"https:\/\/www.selry.fi\/sv\/nyheter\/alla-kollektivavtal-for-arbetstagare-inom-livsmedelsbranschen-ar-allmant-bindande\/#breadcrumb"},"inLanguage":"sv-SE","potentialAction":[{"@type":"ReadAction","target":["https:\/\/www.selry.fi\/sv\/nyheter\/alla-kollektivavtal-for-arbetstagare-inom-livsmedelsbranschen-ar-allmant-bindande\/"]}]},{"@type":"ImageObject","inLanguage":"sv-SE","@id":"https:\/\/www.selry.fi\/sv\/nyheter\/alla-kollektivavtal-for-arbetstagare-inom-livsmedelsbranschen-ar-allmant-bindande\/#primaryimage","url":"https:\/\/www.selry.fi\/wp-content\/uploads\/2025\/10\/tyoehtosopimus-tes-kirja-tessit-2025-2028-img20250807143623-rajattu.jpg","contentUrl":"https:\/\/www.selry.fi\/wp-content\/uploads\/2025\/10\/tyoehtosopimus-tes-kirja-tessit-2025-2028-img20250807143623-rajattu.jpg","width":1920,"height":1245},{"@type":"BreadcrumbList","@id":"https:\/\/www.selry.fi\/sv\/nyheter\/alla-kollektivavtal-for-arbetstagare-inom-livsmedelsbranschen-ar-allmant-bindande\/#breadcrumb","itemListElement":[{"@type":"ListItem","position":1,"name":"Home","item":"https:\/\/www.selry.fi\/sv\/"},{"@type":"ListItem","position":2,"name":"Alla kollektivavtal f\u00f6r arbetstagare inom livsmedelsbranschen \u00e4r allm\u00e4nt bindande"}]},{"@type":"WebSite","@id":"https:\/\/www.selry.fi\/#website","url":"https:\/\/www.selry.fi\/","name":"Suomen Elintarvikety\u00f6l\u00e4isten Liitto SEL","description":"","publisher":{"@id":"https:\/\/www.selry.fi\/#organization"},"inLanguage":"sv-SE"},{"@type":"Organization","@id":"https:\/\/www.selry.fi\/#organization","name":"Suomen Elintarvikety\u00f6l\u00e4isten Liitto SEL","url":"https:\/\/www.selry.fi\/","logo":{"@type":"ImageObject","inLanguage":"sv-SE","@id":"https:\/\/www.selry.fi\/#\/schema\/logo\/image\/","url":"https:\/\/www.selry.fi\/wp-content\/uploads\/2021\/05\/logo-sel.svg","contentUrl":"https:\/\/www.selry.fi\/wp-content\/uploads\/2021\/05\/logo-sel.svg","width":453,"height":135,"caption":"Suomen Elintarvikety\u00f6l\u00e4isten Liitto SEL"},"image":{"@id":"https:\/\/www.selry.fi\/#\/schema\/logo\/image\/"},"sameAs":["https:\/\/www.facebook.com\/selry","https:\/\/x.com\/selryfi"]},{"@type":"Person","@id":"https:\/\/www.selry.fi\/#\/schema\/person\/4fb0b52ed84c524f0beea95625a21678","name":"Karoliina \u00d6ystil\u00e4","image":{"@type":"ImageObject","inLanguage":"sv-SE","@id":"https:\/\/secure.gravatar.com\/avatar\/8dcb857776c4317075ba571fdc81a06a1f240302e468800d69bf316ef82ac4cd?s=96&d=mm&r=g","url":"https:\/\/secure.gravatar.com\/avatar\/8dcb857776c4317075ba571fdc81a06a1f240302e468800d69bf316ef82ac4cd?s=96&d=mm&r=g","contentUrl":"https:\/\/secure.gravatar.com\/avatar\/8dcb857776c4317075ba571fdc81a06a1f240302e468800d69bf316ef82ac4cd?s=96&d=mm&r=g","caption":"Karoliina \u00d6ystil\u00e4"}}]}},"_links":{"self":[{"href":"https:\/\/www.selry.fi\/sv\/wp-json\/wp\/v2\/posts\/21897","targetHints":{"allow":["GET"]}}],"collection":[{"href":"https:\/\/www.selry.fi\/sv\/wp-json\/wp\/v2\/posts"}],"about":[{"href":"https:\/\/www.selry.fi\/sv\/wp-json\/wp\/v2\/types\/post"}],"author":[{"embeddable":true,"href":"https:\/\/www.selry.fi\/sv\/wp-json\/wp\/v2\/users\/4"}],"replies":[{"embeddable":true,"href":"https:\/\/www.selry.fi\/sv\/wp-json\/wp\/v2\/comments?post=21897"}],"version-history":[{"count":0,"href":"https:\/\/www.selry.fi\/sv\/wp-json\/wp\/v2\/posts\/21897\/revisions"}],"wp:featuredmedia":[{"embeddable":true,"href":"https:\/\/www.selry.fi\/sv\/wp-json\/wp\/v2\/media\/21443"}],"wp:attachment":[{"href":"https:\/\/www.selry.fi\/sv\/wp-json\/wp\/v2\/media?parent=21897"}],"wp:term":[{"taxonomy":"category","embeddable":true,"href":"https:\/\/www.selry.fi\/sv\/wp-json\/wp\/v2\/categories?post=21897"},{"taxonomy":"post_tag","embeddable":true,"href":"https:\/\/www.selry.fi\/sv\/wp-json\/wp\/v2\/tags?post=21897"}],"curies":[{"name":"wp","href":"https:\/\/api.w.org\/{rel}","templated":true}]}}