{"id":21568,"date":"2025-10-24T08:00:00","date_gmt":"2025-10-24T05:00:00","guid":{"rendered":"https:\/\/www.selry.fi\/?p=21568"},"modified":"2025-10-28T17:41:08","modified_gmt":"2025-10-28T15:41:08","slug":"hur-valjs-en-arbetarskyddsfullmaktig","status":"publish","type":"post","link":"https:\/\/www.selry.fi\/sv\/nyheter\/hur-valjs-en-arbetarskyddsfullmaktig\/","title":{"rendered":"Hur v\u00e4ljs en arbetarskyddsfullm\u00e4ktig?"},"content":{"rendered":"\n<p class=\"has-ingressi-font-size\">Arbetstagarna v\u00e4ljer i arbetarskyddsvalen en arbetarskyddsfullm\u00e4ktig och tv\u00e5 ers\u00e4ttare till sina representanter.<\/p>\n\n\n\n<p>Enligt Finlands lag skall, p\u00e5 varje arbetsplats d\u00e4r \u00f6ver tio personer regelbundet arbetar val av en arbetarskyddsfullm\u00e4ktig och tv\u00e5 ers\u00e4ttare ske.<\/p>\n\n\n\n<p>Arbetstagarna v\u00e4ljer en arbetarskyddsfullm\u00e4ktige och den valda representerar arbetstagarna i arbetarskyddsfr\u00e5gor tillsammans med arbetsgivaren och myndigheterna.<\/p>\n\n\n\n<p>P\u00e5 livsmedelsbranschens arbetsplatser v\u00e4ljs arbetarskyddsfullm\u00e4ktige vart annat \u00e5r under november och december m\u00e5nader. Mandatperioden \u00e4r tv\u00e5 \u00e5r s\u00e5vida man inte lokalt \u00f6verenskommer om en l\u00e4ngre, dock h\u00f6gst fyra \u00e5r l\u00e5ng mandatperiod.<\/p>\n\n\n\n<p>Arbetstagarna v\u00e4ljer i arbetarskyddsvalen en arbetarskyddsfullm\u00e4ktig och tv\u00e5 ers\u00e4ttare till sina representanter.<\/p>\n\n\n\n<p>D\u00e5 man \u00f6verenskommit om tidpunkten f\u00f6r valet skall tidpunkt och plats f\u00f6r valet meddelas p\u00e5 arbetsplatsens anslagstavla eller p\u00e5 annat s\u00e4tt s\u00e5 att kunskapen om valet n\u00e5r ut till alla arbetsplatsens arbetstagare minst 14 dagar f\u00f6re valdagen.<\/p>\n\n\n\n<p>En arbetarskyddskommitt\u00e9 eller ett motsvarande samarbetsorgan utser en valkommitt\u00e9 best\u00e5ende av representanter f\u00f6r personalen och kommitt\u00e9n ansvarar f\u00f6r f\u00f6rr\u00e4ttandet av valet. Medlemmarna i valkommitt\u00e9n ansvarar f\u00f6r den egentliga valf\u00f6rr\u00e4ttningen och r\u00f6str\u00e4kningen.<\/p>\n\n\n\n<p>De arbetstagare som enligt en lista uppgjord av arbetsgivaren inf\u00f6r valet tecknas som arbetstagare p\u00e5 arbetsplatsen kan f\u00f6resl\u00e5 kandidater eller sj\u00e4lva kandidera i valet.<\/p>\n\n\n\n<p>Kandidaternas namn och deras samtycke b\u00f6r skriftligen meddelas till valkommitt\u00e9n f\u00f6re en \u00f6verenskommen tidpunkt.<\/p>\n\n\n\n<p>Samtidigt som valkommitt\u00e9n meddelar om valdag, -plats och -procedur ska ocks\u00e5 meddelande ges om den tidpunkt d\u00e5 kandidatnomineringen ska vara klar. Minst sju dagar b\u00f6r reserveras f\u00f6r nomineringen av kandidater.<\/p>\n\n\n\n<p>I valet har de arbetstagare p\u00e5 arbetsplatsen r\u00f6str\u00e4tt som \u00e4r anst\u00e4llda under valdagen, inklusive de deltidsarbetande, de som arbetar tidsbundet eller arbetstagare som \u00e4r permitterade eller har familjeledighet.<\/p>\n\n\n\n<p>Valet ska f\u00f6rr\u00e4ttas som majoritetsval med slutna r\u00f6stsedlar. D\u00e5 r\u00f6stningen avslutats \u00f6ppnar valkommitt\u00e9n valurnan och r\u00e4knar r\u00f6stsedlarna. Om resultatet \u00e4r oavgjort avg\u00f6rs valet med lottning.<\/p>\n\n\n\n<p>Den arbetarskyddsbefullm\u00e4ktigade representerar arbetstagarna i arbetarskyddsfr\u00e5gor tillsammans med arbetsgivaren och myndigheterna. Den arbetarskyddsbefullm\u00e4ktigades uppgift \u00e4r att p\u00e5 eget initiativ bekanta sig med arbetsplatsens arbetsf\u00f6rh\u00e5llanden samt med de fr\u00e5gor som p\u00e5verkar arbetstagarnas s\u00e4kerhet och h\u00e4lsa. Den arbetarskyddsbefullm\u00e4ktigade bekantar sig \u00e4ven med arbetarskyddsbest\u00e4mmelserna. En av de viktigaste uppgifterna f\u00f6r en arbetarskyddsfullm\u00e4ktig \u00e4r att f\u00f6rmedla kunskaper och upplysningar om arbetstagarnas villkor till arbetsgivaren s\u00e5 att fr\u00e5gorna kan behandlas i samarbete.<\/p>\n\n\n\n<p><br><a href=\"https:\/\/ttk.fi\/sv\/arbetarskydd\/arbetarskyddsval\/\" target=\"_blank\" rel=\"noreferrer noopener\">>> L\u00e4s mera: Arbetarskyddscentralen: Val av personal f\u00f6r arbetarskyddssamarbete<\/a><\/p>\n","protected":false},"excerpt":{"rendered":"<p>Arbetstagarna v\u00e4ljer i arbetarskyddsvalen en arbetarskyddsfullm\u00e4ktig och tv\u00e5 ers\u00e4ttare till sina representanter. Enligt Finlands lag skall, p\u00e5 varje arbetsplats d\u00e4r [\u2026] <a href=\"https:\/\/www.selry.fi\/sv\/nyheter\/hur-valjs-en-arbetarskyddsfullmaktig\/\">Lue lis\u00e4\u00e4 &raquo;<\/a><\/p>\n","protected":false},"author":4,"featured_media":4993,"comment_status":"closed","ping_status":"closed","sticky":false,"template":"","format":"standard","meta":{"_acf_changed":false,"footnotes":""},"categories":[26],"tags":[],"class_list":["post-21568","post","type-post","status-publish","format-standard","has-post-thumbnail","hentry","category-nyheter"],"acf":[],"yoast_head":"<!-- This site is optimized with the Yoast SEO plugin v27.2 - https:\/\/yoast.com\/product\/yoast-seo-wordpress\/ -->\n<title>Hur v\u00e4ljs en arbetarskyddsfullm\u00e4ktig?<\/title>\n<meta name=\"robots\" content=\"index, follow, max-snippet:-1, max-image-preview:large, max-video-preview:-1\" \/>\n<link rel=\"canonical\" href=\"https:\/\/www.selry.fi\/sv\/nyheter\/hur-valjs-en-arbetarskyddsfullmaktig\/\" \/>\n<meta property=\"og:locale\" content=\"sv_SE\" \/>\n<meta property=\"og:type\" content=\"article\" \/>\n<meta property=\"og:title\" content=\"Hur v\u00e4ljs en arbetarskyddsfullm\u00e4ktig?\" \/>\n<meta property=\"og:description\" content=\"Arbetstagarna v\u00e4ljer i arbetarskyddsvalen en arbetarskyddsfullm\u00e4ktig och tv\u00e5 ers\u00e4ttare till sina representanter. Enligt Finlands lag skall, p\u00e5 varje arbetsplats d\u00e4r [\u2026] Lue lis\u00e4\u00e4 &raquo;\" \/>\n<meta property=\"og:url\" content=\"https:\/\/www.selry.fi\/sv\/nyheter\/hur-valjs-en-arbetarskyddsfullmaktig\/\" \/>\n<meta property=\"og:site_name\" content=\"Suomen Elintarvikety\u00f6l\u00e4isten Liitto SEL\" \/>\n<meta property=\"article:publisher\" content=\"https:\/\/www.facebook.com\/selry\" \/>\n<meta property=\"article:published_time\" content=\"2025-10-24T05:00:00+00:00\" \/>\n<meta property=\"article:modified_time\" content=\"2025-10-28T15:41:08+00:00\" \/>\n<meta property=\"og:image\" content=\"https:\/\/www.selry.fi\/wp-content\/uploads\/2021\/08\/tyosuojeluvaltuutettu.jpg\" \/>\n\t<meta property=\"og:image:width\" content=\"1920\" \/>\n\t<meta property=\"og:image:height\" content=\"1280\" \/>\n\t<meta property=\"og:image:type\" content=\"image\/jpeg\" \/>\n<meta name=\"author\" content=\"Karoliina \u00d6ystil\u00e4\" \/>\n<meta name=\"twitter:card\" content=\"summary_large_image\" \/>\n<meta name=\"twitter:creator\" content=\"@selryfi\" \/>\n<meta name=\"twitter:site\" content=\"@selryfi\" \/>\n<script type=\"application\/ld+json\" class=\"yoast-schema-graph\">{\"@context\":\"https:\/\/schema.org\",\"@graph\":[{\"@type\":\"Article\",\"@id\":\"https:\/\/www.selry.fi\/sv\/nyheter\/hur-valjs-en-arbetarskyddsfullmaktig\/#article\",\"isPartOf\":{\"@id\":\"https:\/\/www.selry.fi\/sv\/nyheter\/hur-valjs-en-arbetarskyddsfullmaktig\/\"},\"author\":{\"name\":\"Karoliina \u00d6ystil\u00e4\",\"@id\":\"https:\/\/www.selry.fi\/#\/schema\/person\/4fb0b52ed84c524f0beea95625a21678\"},\"headline\":\"Hur v\u00e4ljs en arbetarskyddsfullm\u00e4ktig?\",\"datePublished\":\"2025-10-24T05:00:00+00:00\",\"dateModified\":\"2025-10-28T15:41:08+00:00\",\"mainEntityOfPage\":{\"@id\":\"https:\/\/www.selry.fi\/sv\/nyheter\/hur-valjs-en-arbetarskyddsfullmaktig\/\"},\"wordCount\":434,\"publisher\":{\"@id\":\"https:\/\/www.selry.fi\/#organization\"},\"image\":{\"@id\":\"https:\/\/www.selry.fi\/sv\/nyheter\/hur-valjs-en-arbetarskyddsfullmaktig\/#primaryimage\"},\"thumbnailUrl\":\"https:\/\/www.selry.fi\/wp-content\/uploads\/2021\/08\/tyosuojeluvaltuutettu.jpg\",\"articleSection\":[\"Nyheter\"],\"inLanguage\":\"sv-SE\"},{\"@type\":\"WebPage\",\"@id\":\"https:\/\/www.selry.fi\/sv\/nyheter\/hur-valjs-en-arbetarskyddsfullmaktig\/\",\"url\":\"https:\/\/www.selry.fi\/sv\/nyheter\/hur-valjs-en-arbetarskyddsfullmaktig\/\",\"name\":\"Hur v\u00e4ljs en arbetarskyddsfullm\u00e4ktig?\",\"isPartOf\":{\"@id\":\"https:\/\/www.selry.fi\/#website\"},\"primaryImageOfPage\":{\"@id\":\"https:\/\/www.selry.fi\/sv\/nyheter\/hur-valjs-en-arbetarskyddsfullmaktig\/#primaryimage\"},\"image\":{\"@id\":\"https:\/\/www.selry.fi\/sv\/nyheter\/hur-valjs-en-arbetarskyddsfullmaktig\/#primaryimage\"},\"thumbnailUrl\":\"https:\/\/www.selry.fi\/wp-content\/uploads\/2021\/08\/tyosuojeluvaltuutettu.jpg\",\"datePublished\":\"2025-10-24T05:00:00+00:00\",\"dateModified\":\"2025-10-28T15:41:08+00:00\",\"breadcrumb\":{\"@id\":\"https:\/\/www.selry.fi\/sv\/nyheter\/hur-valjs-en-arbetarskyddsfullmaktig\/#breadcrumb\"},\"inLanguage\":\"sv-SE\",\"potentialAction\":[{\"@type\":\"ReadAction\",\"target\":[\"https:\/\/www.selry.fi\/sv\/nyheter\/hur-valjs-en-arbetarskyddsfullmaktig\/\"]}]},{\"@type\":\"ImageObject\",\"inLanguage\":\"sv-SE\",\"@id\":\"https:\/\/www.selry.fi\/sv\/nyheter\/hur-valjs-en-arbetarskyddsfullmaktig\/#primaryimage\",\"url\":\"https:\/\/www.selry.fi\/wp-content\/uploads\/2021\/08\/tyosuojeluvaltuutettu.jpg\",\"contentUrl\":\"https:\/\/www.selry.fi\/wp-content\/uploads\/2021\/08\/tyosuojeluvaltuutettu.jpg\",\"width\":1920,\"height\":1280},{\"@type\":\"BreadcrumbList\",\"@id\":\"https:\/\/www.selry.fi\/sv\/nyheter\/hur-valjs-en-arbetarskyddsfullmaktig\/#breadcrumb\",\"itemListElement\":[{\"@type\":\"ListItem\",\"position\":1,\"name\":\"Home\",\"item\":\"https:\/\/www.selry.fi\/sv\/\"},{\"@type\":\"ListItem\",\"position\":2,\"name\":\"Hur v\u00e4ljs en arbetarskyddsfullm\u00e4ktig?\"}]},{\"@type\":\"WebSite\",\"@id\":\"https:\/\/www.selry.fi\/#website\",\"url\":\"https:\/\/www.selry.fi\/\",\"name\":\"Suomen Elintarvikety\u00f6l\u00e4isten Liitto SEL\",\"description\":\"\",\"publisher\":{\"@id\":\"https:\/\/www.selry.fi\/#organization\"},\"inLanguage\":\"sv-SE\"},{\"@type\":\"Organization\",\"@id\":\"https:\/\/www.selry.fi\/#organization\",\"name\":\"Suomen Elintarvikety\u00f6l\u00e4isten Liitto SEL\",\"url\":\"https:\/\/www.selry.fi\/\",\"logo\":{\"@type\":\"ImageObject\",\"inLanguage\":\"sv-SE\",\"@id\":\"https:\/\/www.selry.fi\/#\/schema\/logo\/image\/\",\"url\":\"https:\/\/www.selry.fi\/wp-content\/uploads\/2021\/05\/logo-sel.svg\",\"contentUrl\":\"https:\/\/www.selry.fi\/wp-content\/uploads\/2021\/05\/logo-sel.svg\",\"width\":453,\"height\":135,\"caption\":\"Suomen Elintarvikety\u00f6l\u00e4isten Liitto SEL\"},\"image\":{\"@id\":\"https:\/\/www.selry.fi\/#\/schema\/logo\/image\/\"},\"sameAs\":[\"https:\/\/www.facebook.com\/selry\",\"https:\/\/x.com\/selryfi\"]},{\"@type\":\"Person\",\"@id\":\"https:\/\/www.selry.fi\/#\/schema\/person\/4fb0b52ed84c524f0beea95625a21678\",\"name\":\"Karoliina \u00d6ystil\u00e4\",\"image\":{\"@type\":\"ImageObject\",\"inLanguage\":\"sv-SE\",\"@id\":\"https:\/\/secure.gravatar.com\/avatar\/8dcb857776c4317075ba571fdc81a06a1f240302e468800d69bf316ef82ac4cd?s=96&d=mm&r=g\",\"url\":\"https:\/\/secure.gravatar.com\/avatar\/8dcb857776c4317075ba571fdc81a06a1f240302e468800d69bf316ef82ac4cd?s=96&d=mm&r=g\",\"contentUrl\":\"https:\/\/secure.gravatar.com\/avatar\/8dcb857776c4317075ba571fdc81a06a1f240302e468800d69bf316ef82ac4cd?s=96&d=mm&r=g\",\"caption\":\"Karoliina \u00d6ystil\u00e4\"}}]}<\/script>\n<!-- \/ Yoast SEO plugin. -->","yoast_head_json":{"title":"Hur v\u00e4ljs en arbetarskyddsfullm\u00e4ktig?","robots":{"index":"index","follow":"follow","max-snippet":"max-snippet:-1","max-image-preview":"max-image-preview:large","max-video-preview":"max-video-preview:-1"},"canonical":"https:\/\/www.selry.fi\/sv\/nyheter\/hur-valjs-en-arbetarskyddsfullmaktig\/","og_locale":"sv_SE","og_type":"article","og_title":"Hur v\u00e4ljs en arbetarskyddsfullm\u00e4ktig?","og_description":"Arbetstagarna v\u00e4ljer i arbetarskyddsvalen en arbetarskyddsfullm\u00e4ktig och tv\u00e5 ers\u00e4ttare till sina representanter. Enligt Finlands lag skall, p\u00e5 varje arbetsplats d\u00e4r [\u2026] Lue lis\u00e4\u00e4 &raquo;","og_url":"https:\/\/www.selry.fi\/sv\/nyheter\/hur-valjs-en-arbetarskyddsfullmaktig\/","og_site_name":"Suomen Elintarvikety\u00f6l\u00e4isten Liitto SEL","article_publisher":"https:\/\/www.facebook.com\/selry","article_published_time":"2025-10-24T05:00:00+00:00","article_modified_time":"2025-10-28T15:41:08+00:00","og_image":[{"width":1920,"height":1280,"url":"https:\/\/www.selry.fi\/wp-content\/uploads\/2021\/08\/tyosuojeluvaltuutettu.jpg","type":"image\/jpeg"}],"author":"Karoliina \u00d6ystil\u00e4","twitter_card":"summary_large_image","twitter_creator":"@selryfi","twitter_site":"@selryfi","schema":{"@context":"https:\/\/schema.org","@graph":[{"@type":"Article","@id":"https:\/\/www.selry.fi\/sv\/nyheter\/hur-valjs-en-arbetarskyddsfullmaktig\/#article","isPartOf":{"@id":"https:\/\/www.selry.fi\/sv\/nyheter\/hur-valjs-en-arbetarskyddsfullmaktig\/"},"author":{"name":"Karoliina \u00d6ystil\u00e4","@id":"https:\/\/www.selry.fi\/#\/schema\/person\/4fb0b52ed84c524f0beea95625a21678"},"headline":"Hur v\u00e4ljs en arbetarskyddsfullm\u00e4ktig?","datePublished":"2025-10-24T05:00:00+00:00","dateModified":"2025-10-28T15:41:08+00:00","mainEntityOfPage":{"@id":"https:\/\/www.selry.fi\/sv\/nyheter\/hur-valjs-en-arbetarskyddsfullmaktig\/"},"wordCount":434,"publisher":{"@id":"https:\/\/www.selry.fi\/#organization"},"image":{"@id":"https:\/\/www.selry.fi\/sv\/nyheter\/hur-valjs-en-arbetarskyddsfullmaktig\/#primaryimage"},"thumbnailUrl":"https:\/\/www.selry.fi\/wp-content\/uploads\/2021\/08\/tyosuojeluvaltuutettu.jpg","articleSection":["Nyheter"],"inLanguage":"sv-SE"},{"@type":"WebPage","@id":"https:\/\/www.selry.fi\/sv\/nyheter\/hur-valjs-en-arbetarskyddsfullmaktig\/","url":"https:\/\/www.selry.fi\/sv\/nyheter\/hur-valjs-en-arbetarskyddsfullmaktig\/","name":"Hur v\u00e4ljs en arbetarskyddsfullm\u00e4ktig?","isPartOf":{"@id":"https:\/\/www.selry.fi\/#website"},"primaryImageOfPage":{"@id":"https:\/\/www.selry.fi\/sv\/nyheter\/hur-valjs-en-arbetarskyddsfullmaktig\/#primaryimage"},"image":{"@id":"https:\/\/www.selry.fi\/sv\/nyheter\/hur-valjs-en-arbetarskyddsfullmaktig\/#primaryimage"},"thumbnailUrl":"https:\/\/www.selry.fi\/wp-content\/uploads\/2021\/08\/tyosuojeluvaltuutettu.jpg","datePublished":"2025-10-24T05:00:00+00:00","dateModified":"2025-10-28T15:41:08+00:00","breadcrumb":{"@id":"https:\/\/www.selry.fi\/sv\/nyheter\/hur-valjs-en-arbetarskyddsfullmaktig\/#breadcrumb"},"inLanguage":"sv-SE","potentialAction":[{"@type":"ReadAction","target":["https:\/\/www.selry.fi\/sv\/nyheter\/hur-valjs-en-arbetarskyddsfullmaktig\/"]}]},{"@type":"ImageObject","inLanguage":"sv-SE","@id":"https:\/\/www.selry.fi\/sv\/nyheter\/hur-valjs-en-arbetarskyddsfullmaktig\/#primaryimage","url":"https:\/\/www.selry.fi\/wp-content\/uploads\/2021\/08\/tyosuojeluvaltuutettu.jpg","contentUrl":"https:\/\/www.selry.fi\/wp-content\/uploads\/2021\/08\/tyosuojeluvaltuutettu.jpg","width":1920,"height":1280},{"@type":"BreadcrumbList","@id":"https:\/\/www.selry.fi\/sv\/nyheter\/hur-valjs-en-arbetarskyddsfullmaktig\/#breadcrumb","itemListElement":[{"@type":"ListItem","position":1,"name":"Home","item":"https:\/\/www.selry.fi\/sv\/"},{"@type":"ListItem","position":2,"name":"Hur v\u00e4ljs en arbetarskyddsfullm\u00e4ktig?"}]},{"@type":"WebSite","@id":"https:\/\/www.selry.fi\/#website","url":"https:\/\/www.selry.fi\/","name":"Suomen Elintarvikety\u00f6l\u00e4isten Liitto SEL","description":"","publisher":{"@id":"https:\/\/www.selry.fi\/#organization"},"inLanguage":"sv-SE"},{"@type":"Organization","@id":"https:\/\/www.selry.fi\/#organization","name":"Suomen Elintarvikety\u00f6l\u00e4isten Liitto SEL","url":"https:\/\/www.selry.fi\/","logo":{"@type":"ImageObject","inLanguage":"sv-SE","@id":"https:\/\/www.selry.fi\/#\/schema\/logo\/image\/","url":"https:\/\/www.selry.fi\/wp-content\/uploads\/2021\/05\/logo-sel.svg","contentUrl":"https:\/\/www.selry.fi\/wp-content\/uploads\/2021\/05\/logo-sel.svg","width":453,"height":135,"caption":"Suomen Elintarvikety\u00f6l\u00e4isten Liitto SEL"},"image":{"@id":"https:\/\/www.selry.fi\/#\/schema\/logo\/image\/"},"sameAs":["https:\/\/www.facebook.com\/selry","https:\/\/x.com\/selryfi"]},{"@type":"Person","@id":"https:\/\/www.selry.fi\/#\/schema\/person\/4fb0b52ed84c524f0beea95625a21678","name":"Karoliina \u00d6ystil\u00e4","image":{"@type":"ImageObject","inLanguage":"sv-SE","@id":"https:\/\/secure.gravatar.com\/avatar\/8dcb857776c4317075ba571fdc81a06a1f240302e468800d69bf316ef82ac4cd?s=96&d=mm&r=g","url":"https:\/\/secure.gravatar.com\/avatar\/8dcb857776c4317075ba571fdc81a06a1f240302e468800d69bf316ef82ac4cd?s=96&d=mm&r=g","contentUrl":"https:\/\/secure.gravatar.com\/avatar\/8dcb857776c4317075ba571fdc81a06a1f240302e468800d69bf316ef82ac4cd?s=96&d=mm&r=g","caption":"Karoliina \u00d6ystil\u00e4"}}]}},"_links":{"self":[{"href":"https:\/\/www.selry.fi\/sv\/wp-json\/wp\/v2\/posts\/21568","targetHints":{"allow":["GET"]}}],"collection":[{"href":"https:\/\/www.selry.fi\/sv\/wp-json\/wp\/v2\/posts"}],"about":[{"href":"https:\/\/www.selry.fi\/sv\/wp-json\/wp\/v2\/types\/post"}],"author":[{"embeddable":true,"href":"https:\/\/www.selry.fi\/sv\/wp-json\/wp\/v2\/users\/4"}],"replies":[{"embeddable":true,"href":"https:\/\/www.selry.fi\/sv\/wp-json\/wp\/v2\/comments?post=21568"}],"version-history":[{"count":0,"href":"https:\/\/www.selry.fi\/sv\/wp-json\/wp\/v2\/posts\/21568\/revisions"}],"wp:featuredmedia":[{"embeddable":true,"href":"https:\/\/www.selry.fi\/sv\/wp-json\/wp\/v2\/media\/4993"}],"wp:attachment":[{"href":"https:\/\/www.selry.fi\/sv\/wp-json\/wp\/v2\/media?parent=21568"}],"wp:term":[{"taxonomy":"category","embeddable":true,"href":"https:\/\/www.selry.fi\/sv\/wp-json\/wp\/v2\/categories?post=21568"},{"taxonomy":"post_tag","embeddable":true,"href":"https:\/\/www.selry.fi\/sv\/wp-json\/wp\/v2\/tags?post=21568"}],"curies":[{"name":"wp","href":"https:\/\/api.w.org\/{rel}","templated":true}]}}