{"id":21518,"date":"2025-10-23T14:38:29","date_gmt":"2025-10-23T11:38:29","guid":{"rendered":"https:\/\/www.selry.fi\/?p=21518"},"modified":"2025-10-23T15:41:29","modified_gmt":"2025-10-23T12:41:29","slug":"osakerheten-okar","status":"publish","type":"post","link":"https:\/\/www.selry.fi\/sv\/blogg\/osakerheten-okar\/","title":{"rendered":"Os\u00e4kerheten \u00f6kar"},"content":{"rendered":"\n<p>Allt \u00e4r bara tillf\u00e4lligt \u2013 <em>\u201dV\u00e4liaikaista kaikki on vaan\u201d<\/em>, som det heter i den gamla finska s\u00e5ngen. Snart kan allt arbete vara tillf\u00e4lligt f\u00f6r nya arbetstagare, om regeringen Orpos \u00f6nskan f\u00f6rverkligas.<\/p>\n\n\n\n<p>Hur skulle det l\u00e5ta, om arbetsgivaren i forts\u00e4ttningen skulle ha r\u00e4tt att med arbetstagaren \u00f6verenskomma om ett tidsbundet kontrakt utan grunder? Idag f\u00f6ruts\u00e4tter ett tidsbundet arbetsf\u00f6rh\u00e5llande alltid att det finns motiveringar, som exempelvis att arbetet \u00e4r s\u00e4songsbaserat, att det \u00e4r fr\u00e5ga om ett vikariat eller ett tidsbundet projekt.<\/p>\n\n\n\n<p>F\u00f6r regeringen r\u00e4cker inte det h\u00e4r, utan regeringen vill \u00f6ka snuttarbetet och os\u00e4kerheten i arbetslivet, trots att vi i Finland redan nu har mer m\u00e4nniskor p\u00e5 tidsbundna arbetskontrakt \u00e4n i medeltal i EU.<\/p>\n\n\n\n<p>Regeringspartierna Samlingspartiet, Sannfinl\u00e4ndarna, Kristdemokraterna och SFP t\u00e4nker f\u00f6r\u00e4ndra arbetsavtalslagstiftningen s\u00e5, att arbetsgivaren i forts\u00e4ttningen kan sluta tidsbundna arbetskontrakt utan motiverande grunder, d\u00e5 arbetstagaren f\u00f6rsta g\u00e5ngen kommer till arbetsgivaren, eller d\u00e5 det har f\u00f6rflutit \u00f6ver fem \u00e5r sedan arbetstagaren arbetade f\u00f6r samma arbetsgivare. S\u00e5dana tidsbundna arbetsavtal skulle man kunna sluta h\u00f6gst tre med samma arbetstagare, och de skulle sammantaget f\u00e5 r\u00e4cka h\u00f6gst ett \u00e5r.<br><br><a href=\"https:\/\/tem.fi\/sv\/att-gora-arbetsavtal-for-viss-tid-flexiblare\" target=\"_blank\" rel=\"noreferrer noopener\">&gt;&gt; ANM: Att g\u00f6ra arbetsavtal f\u00f6r viss tid flexiblare och \u00f6vriga \u00e4ndringar i arbetsavtalslagen<\/a><\/p>\n\n\n\n<p>I v\u00e4rsta fall kommer lag\u00e4ndringen att i grunden f\u00f6r\u00e4ndra det finl\u00e4ndska arbetslivet, d\u00e5 tidsbundna arbetsavtal blir utg\u00e5ngspunkten, inte specialfall som kr\u00e4ver s\u00e4rskilda motiveringar. Fackf\u00f6rbunden mots\u00e4tter sig m\u00f6jligg\u00f6randet av grundl\u00f6sa tidsbundna arbetskontrakt. Arbetsgivarna f\u00f6respr\u00e5kar d\u00e4remot snuttjobb utan begr\u00e4nsningar.<\/p>\n\n\n\n<p>Att \u00f6ka os\u00e4kerheten I arbetslivet, och d\u00e4rmed i hela livet f\u00f6r m\u00e4nniskor \u00e4r naturligtvis inte vettigt under n\u00e5gra omst\u00e4ndigheter, men s\u00e4rskilt dumt \u00e4r det att g\u00f6ra det nu, d\u00e5 arbetsl\u00f6shetssiffrorna i Finland \u00e4r dystrare \u00e4n n\u00e5gonsin under 2000-talet. I den h\u00e4r allvarliga arbetsl\u00f6shetskrisen beh\u00f6ver vi en regering som i st\u00e4llet f\u00f6r att \u00f6ka os\u00e4kerheten inger m\u00e4nniskor f\u00f6rtroende och framtidstro. Regeringens f\u00f6rslag har inte \u00e4nnu l\u00e4mnats till riksdagen. Den enda vettiga l\u00f6sningen nu, vore att regeringen begraver hela det d\u00e5liga f\u00f6rslaget.<br><br><em>Karoliina \u00d6ystil\u00e4<\/em><br><em>SEL:s kommunikationschef, chefredakt\u00f6r<\/em><\/p>\n\n\n\n<p><em>Texten \u00e4r ledare i Elintae 5\/2025.<\/em><\/p>\n","protected":false},"excerpt":{"rendered":"<p>Allt \u00e4r bara tillf\u00e4lligt \u2013 \u201dV\u00e4liaikaista kaikki on vaan\u201d, som det heter i den gamla finska s\u00e5ngen. Snart kan allt [\u2026] <a href=\"https:\/\/www.selry.fi\/sv\/blogg\/osakerheten-okar\/\">Lue lis\u00e4\u00e4 &raquo;<\/a><\/p>\n","protected":false},"author":4,"featured_media":10993,"comment_status":"closed","ping_status":"closed","sticky":false,"template":"","format":"standard","meta":{"_acf_changed":false,"footnotes":""},"categories":[64],"tags":[],"class_list":["post-21518","post","type-post","status-publish","format-standard","has-post-thumbnail","hentry","category-blogg"],"acf":[],"yoast_head":"<!-- This site is optimized with the Yoast SEO plugin v27.2 - https:\/\/yoast.com\/product\/yoast-seo-wordpress\/ -->\n<title>Os\u00e4kerheten \u00f6kar<\/title>\n<meta name=\"robots\" content=\"index, follow, max-snippet:-1, max-image-preview:large, max-video-preview:-1\" \/>\n<link rel=\"canonical\" href=\"https:\/\/www.selry.fi\/sv\/blogg\/osakerheten-okar\/\" \/>\n<meta property=\"og:locale\" content=\"sv_SE\" \/>\n<meta property=\"og:type\" content=\"article\" \/>\n<meta property=\"og:title\" content=\"Os\u00e4kerheten \u00f6kar\" \/>\n<meta property=\"og:description\" content=\"Allt \u00e4r bara tillf\u00e4lligt \u2013 \u201dV\u00e4liaikaista kaikki on vaan\u201d, som det heter i den gamla finska s\u00e5ngen. Snart kan allt [\u2026] Lue lis\u00e4\u00e4 &raquo;\" \/>\n<meta property=\"og:url\" content=\"https:\/\/www.selry.fi\/sv\/blogg\/osakerheten-okar\/\" \/>\n<meta property=\"og:site_name\" content=\"Suomen Elintarvikety\u00f6l\u00e4isten Liitto SEL\" \/>\n<meta property=\"article:publisher\" content=\"https:\/\/www.facebook.com\/selry\" \/>\n<meta property=\"article:published_time\" content=\"2025-10-23T11:38:29+00:00\" \/>\n<meta property=\"article:modified_time\" content=\"2025-10-23T12:41:29+00:00\" \/>\n<meta property=\"og:image\" content=\"https:\/\/www.selry.fi\/wp-content\/uploads\/2023\/02\/karoliina-oystila-blogi.jpg\" \/>\n\t<meta property=\"og:image:width\" content=\"1536\" \/>\n\t<meta property=\"og:image:height\" content=\"1081\" \/>\n\t<meta property=\"og:image:type\" content=\"image\/jpeg\" \/>\n<meta name=\"author\" content=\"Karoliina \u00d6ystil\u00e4\" \/>\n<meta name=\"twitter:card\" content=\"summary_large_image\" \/>\n<meta name=\"twitter:creator\" content=\"@selryfi\" \/>\n<meta name=\"twitter:site\" content=\"@selryfi\" \/>\n<script type=\"application\/ld+json\" class=\"yoast-schema-graph\">{\"@context\":\"https:\/\/schema.org\",\"@graph\":[{\"@type\":\"Article\",\"@id\":\"https:\/\/www.selry.fi\/sv\/blogg\/osakerheten-okar\/#article\",\"isPartOf\":{\"@id\":\"https:\/\/www.selry.fi\/sv\/blogg\/osakerheten-okar\/\"},\"author\":{\"name\":\"Karoliina \u00d6ystil\u00e4\",\"@id\":\"https:\/\/www.selry.fi\/#\/schema\/person\/4fb0b52ed84c524f0beea95625a21678\"},\"headline\":\"Os\u00e4kerheten \u00f6kar\",\"datePublished\":\"2025-10-23T11:38:29+00:00\",\"dateModified\":\"2025-10-23T12:41:29+00:00\",\"mainEntityOfPage\":{\"@id\":\"https:\/\/www.selry.fi\/sv\/blogg\/osakerheten-okar\/\"},\"wordCount\":396,\"publisher\":{\"@id\":\"https:\/\/www.selry.fi\/#organization\"},\"image\":{\"@id\":\"https:\/\/www.selry.fi\/sv\/blogg\/osakerheten-okar\/#primaryimage\"},\"thumbnailUrl\":\"https:\/\/www.selry.fi\/wp-content\/uploads\/2023\/02\/karoliina-oystila-blogi.jpg\",\"articleSection\":[\"Blogg\"],\"inLanguage\":\"sv-SE\"},{\"@type\":\"WebPage\",\"@id\":\"https:\/\/www.selry.fi\/sv\/blogg\/osakerheten-okar\/\",\"url\":\"https:\/\/www.selry.fi\/sv\/blogg\/osakerheten-okar\/\",\"name\":\"Os\u00e4kerheten \u00f6kar\",\"isPartOf\":{\"@id\":\"https:\/\/www.selry.fi\/#website\"},\"primaryImageOfPage\":{\"@id\":\"https:\/\/www.selry.fi\/sv\/blogg\/osakerheten-okar\/#primaryimage\"},\"image\":{\"@id\":\"https:\/\/www.selry.fi\/sv\/blogg\/osakerheten-okar\/#primaryimage\"},\"thumbnailUrl\":\"https:\/\/www.selry.fi\/wp-content\/uploads\/2023\/02\/karoliina-oystila-blogi.jpg\",\"datePublished\":\"2025-10-23T11:38:29+00:00\",\"dateModified\":\"2025-10-23T12:41:29+00:00\",\"breadcrumb\":{\"@id\":\"https:\/\/www.selry.fi\/sv\/blogg\/osakerheten-okar\/#breadcrumb\"},\"inLanguage\":\"sv-SE\",\"potentialAction\":[{\"@type\":\"ReadAction\",\"target\":[\"https:\/\/www.selry.fi\/sv\/blogg\/osakerheten-okar\/\"]}]},{\"@type\":\"ImageObject\",\"inLanguage\":\"sv-SE\",\"@id\":\"https:\/\/www.selry.fi\/sv\/blogg\/osakerheten-okar\/#primaryimage\",\"url\":\"https:\/\/www.selry.fi\/wp-content\/uploads\/2023\/02\/karoliina-oystila-blogi.jpg\",\"contentUrl\":\"https:\/\/www.selry.fi\/wp-content\/uploads\/2023\/02\/karoliina-oystila-blogi.jpg\",\"width\":1536,\"height\":1081},{\"@type\":\"BreadcrumbList\",\"@id\":\"https:\/\/www.selry.fi\/sv\/blogg\/osakerheten-okar\/#breadcrumb\",\"itemListElement\":[{\"@type\":\"ListItem\",\"position\":1,\"name\":\"Home\",\"item\":\"https:\/\/www.selry.fi\/sv\/\"},{\"@type\":\"ListItem\",\"position\":2,\"name\":\"Os\u00e4kerheten \u00f6kar\"}]},{\"@type\":\"WebSite\",\"@id\":\"https:\/\/www.selry.fi\/#website\",\"url\":\"https:\/\/www.selry.fi\/\",\"name\":\"Suomen Elintarvikety\u00f6l\u00e4isten Liitto SEL\",\"description\":\"\",\"publisher\":{\"@id\":\"https:\/\/www.selry.fi\/#organization\"},\"inLanguage\":\"sv-SE\"},{\"@type\":\"Organization\",\"@id\":\"https:\/\/www.selry.fi\/#organization\",\"name\":\"Suomen Elintarvikety\u00f6l\u00e4isten Liitto SEL\",\"url\":\"https:\/\/www.selry.fi\/\",\"logo\":{\"@type\":\"ImageObject\",\"inLanguage\":\"sv-SE\",\"@id\":\"https:\/\/www.selry.fi\/#\/schema\/logo\/image\/\",\"url\":\"https:\/\/www.selry.fi\/wp-content\/uploads\/2021\/05\/logo-sel.svg\",\"contentUrl\":\"https:\/\/www.selry.fi\/wp-content\/uploads\/2021\/05\/logo-sel.svg\",\"width\":453,\"height\":135,\"caption\":\"Suomen Elintarvikety\u00f6l\u00e4isten Liitto SEL\"},\"image\":{\"@id\":\"https:\/\/www.selry.fi\/#\/schema\/logo\/image\/\"},\"sameAs\":[\"https:\/\/www.facebook.com\/selry\",\"https:\/\/x.com\/selryfi\"]},{\"@type\":\"Person\",\"@id\":\"https:\/\/www.selry.fi\/#\/schema\/person\/4fb0b52ed84c524f0beea95625a21678\",\"name\":\"Karoliina \u00d6ystil\u00e4\",\"image\":{\"@type\":\"ImageObject\",\"inLanguage\":\"sv-SE\",\"@id\":\"https:\/\/secure.gravatar.com\/avatar\/8dcb857776c4317075ba571fdc81a06a1f240302e468800d69bf316ef82ac4cd?s=96&d=mm&r=g\",\"url\":\"https:\/\/secure.gravatar.com\/avatar\/8dcb857776c4317075ba571fdc81a06a1f240302e468800d69bf316ef82ac4cd?s=96&d=mm&r=g\",\"contentUrl\":\"https:\/\/secure.gravatar.com\/avatar\/8dcb857776c4317075ba571fdc81a06a1f240302e468800d69bf316ef82ac4cd?s=96&d=mm&r=g\",\"caption\":\"Karoliina \u00d6ystil\u00e4\"}}]}<\/script>\n<!-- \/ Yoast SEO plugin. -->","yoast_head_json":{"title":"Os\u00e4kerheten \u00f6kar","robots":{"index":"index","follow":"follow","max-snippet":"max-snippet:-1","max-image-preview":"max-image-preview:large","max-video-preview":"max-video-preview:-1"},"canonical":"https:\/\/www.selry.fi\/sv\/blogg\/osakerheten-okar\/","og_locale":"sv_SE","og_type":"article","og_title":"Os\u00e4kerheten \u00f6kar","og_description":"Allt \u00e4r bara tillf\u00e4lligt \u2013 \u201dV\u00e4liaikaista kaikki on vaan\u201d, som det heter i den gamla finska s\u00e5ngen. Snart kan allt [\u2026] Lue lis\u00e4\u00e4 &raquo;","og_url":"https:\/\/www.selry.fi\/sv\/blogg\/osakerheten-okar\/","og_site_name":"Suomen Elintarvikety\u00f6l\u00e4isten Liitto SEL","article_publisher":"https:\/\/www.facebook.com\/selry","article_published_time":"2025-10-23T11:38:29+00:00","article_modified_time":"2025-10-23T12:41:29+00:00","og_image":[{"width":1536,"height":1081,"url":"https:\/\/www.selry.fi\/wp-content\/uploads\/2023\/02\/karoliina-oystila-blogi.jpg","type":"image\/jpeg"}],"author":"Karoliina \u00d6ystil\u00e4","twitter_card":"summary_large_image","twitter_creator":"@selryfi","twitter_site":"@selryfi","schema":{"@context":"https:\/\/schema.org","@graph":[{"@type":"Article","@id":"https:\/\/www.selry.fi\/sv\/blogg\/osakerheten-okar\/#article","isPartOf":{"@id":"https:\/\/www.selry.fi\/sv\/blogg\/osakerheten-okar\/"},"author":{"name":"Karoliina \u00d6ystil\u00e4","@id":"https:\/\/www.selry.fi\/#\/schema\/person\/4fb0b52ed84c524f0beea95625a21678"},"headline":"Os\u00e4kerheten \u00f6kar","datePublished":"2025-10-23T11:38:29+00:00","dateModified":"2025-10-23T12:41:29+00:00","mainEntityOfPage":{"@id":"https:\/\/www.selry.fi\/sv\/blogg\/osakerheten-okar\/"},"wordCount":396,"publisher":{"@id":"https:\/\/www.selry.fi\/#organization"},"image":{"@id":"https:\/\/www.selry.fi\/sv\/blogg\/osakerheten-okar\/#primaryimage"},"thumbnailUrl":"https:\/\/www.selry.fi\/wp-content\/uploads\/2023\/02\/karoliina-oystila-blogi.jpg","articleSection":["Blogg"],"inLanguage":"sv-SE"},{"@type":"WebPage","@id":"https:\/\/www.selry.fi\/sv\/blogg\/osakerheten-okar\/","url":"https:\/\/www.selry.fi\/sv\/blogg\/osakerheten-okar\/","name":"Os\u00e4kerheten \u00f6kar","isPartOf":{"@id":"https:\/\/www.selry.fi\/#website"},"primaryImageOfPage":{"@id":"https:\/\/www.selry.fi\/sv\/blogg\/osakerheten-okar\/#primaryimage"},"image":{"@id":"https:\/\/www.selry.fi\/sv\/blogg\/osakerheten-okar\/#primaryimage"},"thumbnailUrl":"https:\/\/www.selry.fi\/wp-content\/uploads\/2023\/02\/karoliina-oystila-blogi.jpg","datePublished":"2025-10-23T11:38:29+00:00","dateModified":"2025-10-23T12:41:29+00:00","breadcrumb":{"@id":"https:\/\/www.selry.fi\/sv\/blogg\/osakerheten-okar\/#breadcrumb"},"inLanguage":"sv-SE","potentialAction":[{"@type":"ReadAction","target":["https:\/\/www.selry.fi\/sv\/blogg\/osakerheten-okar\/"]}]},{"@type":"ImageObject","inLanguage":"sv-SE","@id":"https:\/\/www.selry.fi\/sv\/blogg\/osakerheten-okar\/#primaryimage","url":"https:\/\/www.selry.fi\/wp-content\/uploads\/2023\/02\/karoliina-oystila-blogi.jpg","contentUrl":"https:\/\/www.selry.fi\/wp-content\/uploads\/2023\/02\/karoliina-oystila-blogi.jpg","width":1536,"height":1081},{"@type":"BreadcrumbList","@id":"https:\/\/www.selry.fi\/sv\/blogg\/osakerheten-okar\/#breadcrumb","itemListElement":[{"@type":"ListItem","position":1,"name":"Home","item":"https:\/\/www.selry.fi\/sv\/"},{"@type":"ListItem","position":2,"name":"Os\u00e4kerheten \u00f6kar"}]},{"@type":"WebSite","@id":"https:\/\/www.selry.fi\/#website","url":"https:\/\/www.selry.fi\/","name":"Suomen Elintarvikety\u00f6l\u00e4isten Liitto SEL","description":"","publisher":{"@id":"https:\/\/www.selry.fi\/#organization"},"inLanguage":"sv-SE"},{"@type":"Organization","@id":"https:\/\/www.selry.fi\/#organization","name":"Suomen Elintarvikety\u00f6l\u00e4isten Liitto SEL","url":"https:\/\/www.selry.fi\/","logo":{"@type":"ImageObject","inLanguage":"sv-SE","@id":"https:\/\/www.selry.fi\/#\/schema\/logo\/image\/","url":"https:\/\/www.selry.fi\/wp-content\/uploads\/2021\/05\/logo-sel.svg","contentUrl":"https:\/\/www.selry.fi\/wp-content\/uploads\/2021\/05\/logo-sel.svg","width":453,"height":135,"caption":"Suomen Elintarvikety\u00f6l\u00e4isten Liitto SEL"},"image":{"@id":"https:\/\/www.selry.fi\/#\/schema\/logo\/image\/"},"sameAs":["https:\/\/www.facebook.com\/selry","https:\/\/x.com\/selryfi"]},{"@type":"Person","@id":"https:\/\/www.selry.fi\/#\/schema\/person\/4fb0b52ed84c524f0beea95625a21678","name":"Karoliina \u00d6ystil\u00e4","image":{"@type":"ImageObject","inLanguage":"sv-SE","@id":"https:\/\/secure.gravatar.com\/avatar\/8dcb857776c4317075ba571fdc81a06a1f240302e468800d69bf316ef82ac4cd?s=96&d=mm&r=g","url":"https:\/\/secure.gravatar.com\/avatar\/8dcb857776c4317075ba571fdc81a06a1f240302e468800d69bf316ef82ac4cd?s=96&d=mm&r=g","contentUrl":"https:\/\/secure.gravatar.com\/avatar\/8dcb857776c4317075ba571fdc81a06a1f240302e468800d69bf316ef82ac4cd?s=96&d=mm&r=g","caption":"Karoliina \u00d6ystil\u00e4"}}]}},"_links":{"self":[{"href":"https:\/\/www.selry.fi\/sv\/wp-json\/wp\/v2\/posts\/21518","targetHints":{"allow":["GET"]}}],"collection":[{"href":"https:\/\/www.selry.fi\/sv\/wp-json\/wp\/v2\/posts"}],"about":[{"href":"https:\/\/www.selry.fi\/sv\/wp-json\/wp\/v2\/types\/post"}],"author":[{"embeddable":true,"href":"https:\/\/www.selry.fi\/sv\/wp-json\/wp\/v2\/users\/4"}],"replies":[{"embeddable":true,"href":"https:\/\/www.selry.fi\/sv\/wp-json\/wp\/v2\/comments?post=21518"}],"version-history":[{"count":0,"href":"https:\/\/www.selry.fi\/sv\/wp-json\/wp\/v2\/posts\/21518\/revisions"}],"wp:featuredmedia":[{"embeddable":true,"href":"https:\/\/www.selry.fi\/sv\/wp-json\/wp\/v2\/media\/10993"}],"wp:attachment":[{"href":"https:\/\/www.selry.fi\/sv\/wp-json\/wp\/v2\/media?parent=21518"}],"wp:term":[{"taxonomy":"category","embeddable":true,"href":"https:\/\/www.selry.fi\/sv\/wp-json\/wp\/v2\/categories?post=21518"},{"taxonomy":"post_tag","embeddable":true,"href":"https:\/\/www.selry.fi\/sv\/wp-json\/wp\/v2\/tags?post=21518"}],"curies":[{"name":"wp","href":"https:\/\/api.w.org\/{rel}","templated":true}]}}