{"id":21478,"date":"2025-10-15T16:19:16","date_gmt":"2025-10-15T13:19:16","guid":{"rendered":"https:\/\/www.selry.fi\/?p=21478"},"modified":"2025-10-15T16:19:17","modified_gmt":"2025-10-15T13:19:17","slug":"regeringen-okar-utnyttjandet-av-arbetstagare","status":"publish","type":"post","link":"https:\/\/www.selry.fi\/sv\/blogg\/regeringen-okar-utnyttjandet-av-arbetstagare\/","title":{"rendered":"Regeringen \u00f6kar utnyttjandet av arbetstagare"},"content":{"rendered":"\n<p>Avsl\u00f6jandena under senare tid om hur utl\u00e4ndska arbetstagare utnyttjas p\u00e5 varv och byggarbetsplatser \u00e4r inte ett gissel som \u00e4r typiskt enbart f\u00f6r de h\u00e4r branscherna, och heller inget nytt gissel. Utnyttjandet av arbetstagare med invandrarbakgrund i arbetslivet har redan l\u00e4nge p\u00e5g\u00e5tt i flera branscher i Finland, ocks\u00e5 inom service- och transportbranschen samt i industrin.<\/p>\n\n\n\n<p>Utnyttjandet av arbetstagare \u00e4r heller inget fr\u00e4mmande fenomen inom livsmedelskedjan. Tre stora f\u00f6retags verksamhet i b\u00e4rplocknings- och b\u00e4rf\u00f6r\u00e4dlingsbranschen har varit och \u00e4r f\u00f6rem\u00e5l f\u00f6r domstolsbehandling. I september d\u00f6mde tingsr\u00e4tten i Egentliga Finland tv\u00e5 f\u00f6re detta bagerif\u00f6retagare f\u00f6r utpressningsliknande arbetslivsdiskriminering.<\/p>\n\n\n\n<p>De h\u00e4r fallen av utnyttjandet och m\u00e4nniskohandel av arbetstagare med utl\u00e4ndsk bakgrund som f\u00e5tt offentlighet utg\u00f6r endast toppen av ett isberg. Det \u00e4r helt klart att endast ett f\u00e5tal fall unders\u00f6ks av polis eller tas upp i r\u00e4ttsinstanser.<\/p>\n\n\n\n<p>Trots detta vill regeringen Orpo skapa nya m\u00f6jligheter att utnyttja arbetstagare genom att f\u00f6rsvaga arbetslivslagstiftningen och \u00f6vervakningen av den. Uppenbarligen ser arbetsgivarsidans \u201dh\u00f6kar\u201d det som en god sak att f\u00e5 alla m\u00f6jligheter att dumpa arbetsvillkor och m\u00f6jligg\u00f6ra en konkurrens mellan f\u00f6retagen om vem som har de s\u00e4msta arbetsvillkoren.<\/p>\n\n\n\n<p>Det \u00e4r l\u00e4tt att populistiskt motivera en nedmontering av lagstiftningen med att det minskar reglering och byr\u00e5krati. Samtidigt m\u00f6rkar man det faktum att arbetslagstiftningen har stiftats f\u00f6r att skydda den svagare parten i arbetsf\u00f6rh\u00e5llandet, det vill s\u00e4ga arbetstagaren. D\u00e5 regeringen samtidigt f\u00f6rsvagar balanseringen av den offentliga ekonomin med dimrid\u00e5er och d\u00e4rmed f\u00f6rsv\u00e5rar myndigheternas m\u00f6jligheter att \u00f6vervaka lagstiftningen befinner vi oss i en oh\u00e5llbar situation.<\/p>\n\n\n\n<p>Om vi inte har en stark lagstiftning som p\u00e5 ett r\u00e4ttvist s\u00e4tt skyddar arbetstagarna kommer det alltid att finnas arbetsgivare som \u00e4r redo att skapa sin vinst genom att utnyttja arbetstagare.<\/p>\n\n\n\n<p>Regeringen sk\u00e4r ocks\u00e5 i integrationen av invandrarna. Om en arbetstagare inte beh\u00e4rskar landets spr\u00e5k eller k\u00e4nner till spelreglerna i arbetslivet \u00e4r han eller hon l\u00e4ttare att utnyttja. Med tanke p\u00e5 integrationen av invandrarna \u00e4r spr\u00e5kkunskaper helt avg\u00f6rande, och d\u00e4rf\u00f6r kr\u00e4vs det st\u00f6d b\u00e5de av samh\u00e4llet och av arbetsgivarna.<\/p>\n\n\n\n<p>Som fackf\u00f6rbund spelar det ingen roll f\u00f6r oss varifr\u00e5n en m\u00e4nniska kommer, men d\u00e4remot nog att alla arbetar med samma spelregler. D\u00e5 vi kommer ih\u00e5g det m\u00f6jligg\u00f6r det f\u00f6r oss att f\u00f6rb\u00e4ttra allas arbetsvillkor, men om vi gl\u00f6mmer det inneb\u00e4r det p\u00e5 l\u00e5ng sikt s\u00e4mre arbetsvillkor f\u00f6r alla.<br><br><em>Veli-Matti Kuntonen<\/em><br><em>SEL:s f\u00f6rbundsordf\u00f6rande<\/em><\/p>\n","protected":false},"excerpt":{"rendered":"<p>Avsl\u00f6jandena under senare tid om hur utl\u00e4ndska arbetstagare utnyttjas p\u00e5 varv och byggarbetsplatser \u00e4r inte ett gissel som \u00e4r typiskt [\u2026] <a href=\"https:\/\/www.selry.fi\/sv\/blogg\/regeringen-okar-utnyttjandet-av-arbetstagare\/\">Lue lis\u00e4\u00e4 &raquo;<\/a><\/p>\n","protected":false},"author":4,"featured_media":10997,"comment_status":"closed","ping_status":"closed","sticky":false,"template":"","format":"standard","meta":{"_acf_changed":false,"footnotes":""},"categories":[64],"tags":[],"class_list":["post-21478","post","type-post","status-publish","format-standard","has-post-thumbnail","hentry","category-blogg"],"acf":[],"yoast_head":"<!-- This site is optimized with the Yoast SEO plugin v27.2 - https:\/\/yoast.com\/product\/yoast-seo-wordpress\/ -->\n<title>Regeringen \u00f6kar utnyttjandet av arbetstagare<\/title>\n<meta name=\"robots\" content=\"index, follow, max-snippet:-1, max-image-preview:large, max-video-preview:-1\" \/>\n<link rel=\"canonical\" href=\"https:\/\/www.selry.fi\/sv\/blogg\/regeringen-okar-utnyttjandet-av-arbetstagare\/\" \/>\n<meta property=\"og:locale\" content=\"sv_SE\" \/>\n<meta property=\"og:type\" content=\"article\" \/>\n<meta property=\"og:title\" content=\"Regeringen \u00f6kar utnyttjandet av arbetstagare\" \/>\n<meta property=\"og:description\" content=\"Avsl\u00f6jandena under senare tid om hur utl\u00e4ndska arbetstagare utnyttjas p\u00e5 varv och byggarbetsplatser \u00e4r inte ett gissel som \u00e4r typiskt [\u2026] Lue lis\u00e4\u00e4 &raquo;\" \/>\n<meta property=\"og:url\" content=\"https:\/\/www.selry.fi\/sv\/blogg\/regeringen-okar-utnyttjandet-av-arbetstagare\/\" \/>\n<meta property=\"og:site_name\" content=\"Suomen Elintarvikety\u00f6l\u00e4isten Liitto SEL\" \/>\n<meta property=\"article:publisher\" content=\"https:\/\/www.facebook.com\/selry\" \/>\n<meta property=\"article:published_time\" content=\"2025-10-15T13:19:16+00:00\" \/>\n<meta property=\"article:modified_time\" content=\"2025-10-15T13:19:17+00:00\" \/>\n<meta property=\"og:image\" content=\"https:\/\/www.selry.fi\/wp-content\/uploads\/2023\/02\/veli-matti-kuntonen-blogi.jpg\" \/>\n\t<meta property=\"og:image:width\" content=\"1536\" \/>\n\t<meta property=\"og:image:height\" content=\"1148\" \/>\n\t<meta property=\"og:image:type\" content=\"image\/jpeg\" \/>\n<meta name=\"author\" content=\"Karoliina \u00d6ystil\u00e4\" \/>\n<meta name=\"twitter:card\" content=\"summary_large_image\" \/>\n<meta name=\"twitter:creator\" content=\"@selryfi\" \/>\n<meta name=\"twitter:site\" content=\"@selryfi\" \/>\n<script type=\"application\/ld+json\" class=\"yoast-schema-graph\">{\"@context\":\"https:\/\/schema.org\",\"@graph\":[{\"@type\":\"Article\",\"@id\":\"https:\/\/www.selry.fi\/sv\/blogg\/regeringen-okar-utnyttjandet-av-arbetstagare\/#article\",\"isPartOf\":{\"@id\":\"https:\/\/www.selry.fi\/sv\/blogg\/regeringen-okar-utnyttjandet-av-arbetstagare\/\"},\"author\":{\"name\":\"Karoliina \u00d6ystil\u00e4\",\"@id\":\"https:\/\/www.selry.fi\/#\/schema\/person\/4fb0b52ed84c524f0beea95625a21678\"},\"headline\":\"Regeringen \u00f6kar utnyttjandet av arbetstagare\",\"datePublished\":\"2025-10-15T13:19:16+00:00\",\"dateModified\":\"2025-10-15T13:19:17+00:00\",\"mainEntityOfPage\":{\"@id\":\"https:\/\/www.selry.fi\/sv\/blogg\/regeringen-okar-utnyttjandet-av-arbetstagare\/\"},\"wordCount\":464,\"publisher\":{\"@id\":\"https:\/\/www.selry.fi\/#organization\"},\"image\":{\"@id\":\"https:\/\/www.selry.fi\/sv\/blogg\/regeringen-okar-utnyttjandet-av-arbetstagare\/#primaryimage\"},\"thumbnailUrl\":\"https:\/\/www.selry.fi\/wp-content\/uploads\/2023\/02\/veli-matti-kuntonen-blogi.jpg\",\"articleSection\":[\"Blogg\"],\"inLanguage\":\"sv-SE\"},{\"@type\":\"WebPage\",\"@id\":\"https:\/\/www.selry.fi\/sv\/blogg\/regeringen-okar-utnyttjandet-av-arbetstagare\/\",\"url\":\"https:\/\/www.selry.fi\/sv\/blogg\/regeringen-okar-utnyttjandet-av-arbetstagare\/\",\"name\":\"Regeringen \u00f6kar utnyttjandet av arbetstagare\",\"isPartOf\":{\"@id\":\"https:\/\/www.selry.fi\/#website\"},\"primaryImageOfPage\":{\"@id\":\"https:\/\/www.selry.fi\/sv\/blogg\/regeringen-okar-utnyttjandet-av-arbetstagare\/#primaryimage\"},\"image\":{\"@id\":\"https:\/\/www.selry.fi\/sv\/blogg\/regeringen-okar-utnyttjandet-av-arbetstagare\/#primaryimage\"},\"thumbnailUrl\":\"https:\/\/www.selry.fi\/wp-content\/uploads\/2023\/02\/veli-matti-kuntonen-blogi.jpg\",\"datePublished\":\"2025-10-15T13:19:16+00:00\",\"dateModified\":\"2025-10-15T13:19:17+00:00\",\"breadcrumb\":{\"@id\":\"https:\/\/www.selry.fi\/sv\/blogg\/regeringen-okar-utnyttjandet-av-arbetstagare\/#breadcrumb\"},\"inLanguage\":\"sv-SE\",\"potentialAction\":[{\"@type\":\"ReadAction\",\"target\":[\"https:\/\/www.selry.fi\/sv\/blogg\/regeringen-okar-utnyttjandet-av-arbetstagare\/\"]}]},{\"@type\":\"ImageObject\",\"inLanguage\":\"sv-SE\",\"@id\":\"https:\/\/www.selry.fi\/sv\/blogg\/regeringen-okar-utnyttjandet-av-arbetstagare\/#primaryimage\",\"url\":\"https:\/\/www.selry.fi\/wp-content\/uploads\/2023\/02\/veli-matti-kuntonen-blogi.jpg\",\"contentUrl\":\"https:\/\/www.selry.fi\/wp-content\/uploads\/2023\/02\/veli-matti-kuntonen-blogi.jpg\",\"width\":1536,\"height\":1148},{\"@type\":\"BreadcrumbList\",\"@id\":\"https:\/\/www.selry.fi\/sv\/blogg\/regeringen-okar-utnyttjandet-av-arbetstagare\/#breadcrumb\",\"itemListElement\":[{\"@type\":\"ListItem\",\"position\":1,\"name\":\"Home\",\"item\":\"https:\/\/www.selry.fi\/sv\/\"},{\"@type\":\"ListItem\",\"position\":2,\"name\":\"Regeringen \u00f6kar utnyttjandet av arbetstagare\"}]},{\"@type\":\"WebSite\",\"@id\":\"https:\/\/www.selry.fi\/#website\",\"url\":\"https:\/\/www.selry.fi\/\",\"name\":\"Suomen Elintarvikety\u00f6l\u00e4isten Liitto SEL\",\"description\":\"\",\"publisher\":{\"@id\":\"https:\/\/www.selry.fi\/#organization\"},\"inLanguage\":\"sv-SE\"},{\"@type\":\"Organization\",\"@id\":\"https:\/\/www.selry.fi\/#organization\",\"name\":\"Suomen Elintarvikety\u00f6l\u00e4isten Liitto SEL\",\"url\":\"https:\/\/www.selry.fi\/\",\"logo\":{\"@type\":\"ImageObject\",\"inLanguage\":\"sv-SE\",\"@id\":\"https:\/\/www.selry.fi\/#\/schema\/logo\/image\/\",\"url\":\"https:\/\/www.selry.fi\/wp-content\/uploads\/2021\/05\/logo-sel.svg\",\"contentUrl\":\"https:\/\/www.selry.fi\/wp-content\/uploads\/2021\/05\/logo-sel.svg\",\"width\":453,\"height\":135,\"caption\":\"Suomen Elintarvikety\u00f6l\u00e4isten Liitto SEL\"},\"image\":{\"@id\":\"https:\/\/www.selry.fi\/#\/schema\/logo\/image\/\"},\"sameAs\":[\"https:\/\/www.facebook.com\/selry\",\"https:\/\/x.com\/selryfi\"]},{\"@type\":\"Person\",\"@id\":\"https:\/\/www.selry.fi\/#\/schema\/person\/4fb0b52ed84c524f0beea95625a21678\",\"name\":\"Karoliina \u00d6ystil\u00e4\",\"image\":{\"@type\":\"ImageObject\",\"inLanguage\":\"sv-SE\",\"@id\":\"https:\/\/secure.gravatar.com\/avatar\/8dcb857776c4317075ba571fdc81a06a1f240302e468800d69bf316ef82ac4cd?s=96&d=mm&r=g\",\"url\":\"https:\/\/secure.gravatar.com\/avatar\/8dcb857776c4317075ba571fdc81a06a1f240302e468800d69bf316ef82ac4cd?s=96&d=mm&r=g\",\"contentUrl\":\"https:\/\/secure.gravatar.com\/avatar\/8dcb857776c4317075ba571fdc81a06a1f240302e468800d69bf316ef82ac4cd?s=96&d=mm&r=g\",\"caption\":\"Karoliina \u00d6ystil\u00e4\"}}]}<\/script>\n<!-- \/ Yoast SEO plugin. -->","yoast_head_json":{"title":"Regeringen \u00f6kar utnyttjandet av arbetstagare","robots":{"index":"index","follow":"follow","max-snippet":"max-snippet:-1","max-image-preview":"max-image-preview:large","max-video-preview":"max-video-preview:-1"},"canonical":"https:\/\/www.selry.fi\/sv\/blogg\/regeringen-okar-utnyttjandet-av-arbetstagare\/","og_locale":"sv_SE","og_type":"article","og_title":"Regeringen \u00f6kar utnyttjandet av arbetstagare","og_description":"Avsl\u00f6jandena under senare tid om hur utl\u00e4ndska arbetstagare utnyttjas p\u00e5 varv och byggarbetsplatser \u00e4r inte ett gissel som \u00e4r typiskt [\u2026] Lue lis\u00e4\u00e4 &raquo;","og_url":"https:\/\/www.selry.fi\/sv\/blogg\/regeringen-okar-utnyttjandet-av-arbetstagare\/","og_site_name":"Suomen Elintarvikety\u00f6l\u00e4isten Liitto SEL","article_publisher":"https:\/\/www.facebook.com\/selry","article_published_time":"2025-10-15T13:19:16+00:00","article_modified_time":"2025-10-15T13:19:17+00:00","og_image":[{"width":1536,"height":1148,"url":"https:\/\/www.selry.fi\/wp-content\/uploads\/2023\/02\/veli-matti-kuntonen-blogi.jpg","type":"image\/jpeg"}],"author":"Karoliina \u00d6ystil\u00e4","twitter_card":"summary_large_image","twitter_creator":"@selryfi","twitter_site":"@selryfi","schema":{"@context":"https:\/\/schema.org","@graph":[{"@type":"Article","@id":"https:\/\/www.selry.fi\/sv\/blogg\/regeringen-okar-utnyttjandet-av-arbetstagare\/#article","isPartOf":{"@id":"https:\/\/www.selry.fi\/sv\/blogg\/regeringen-okar-utnyttjandet-av-arbetstagare\/"},"author":{"name":"Karoliina \u00d6ystil\u00e4","@id":"https:\/\/www.selry.fi\/#\/schema\/person\/4fb0b52ed84c524f0beea95625a21678"},"headline":"Regeringen \u00f6kar utnyttjandet av arbetstagare","datePublished":"2025-10-15T13:19:16+00:00","dateModified":"2025-10-15T13:19:17+00:00","mainEntityOfPage":{"@id":"https:\/\/www.selry.fi\/sv\/blogg\/regeringen-okar-utnyttjandet-av-arbetstagare\/"},"wordCount":464,"publisher":{"@id":"https:\/\/www.selry.fi\/#organization"},"image":{"@id":"https:\/\/www.selry.fi\/sv\/blogg\/regeringen-okar-utnyttjandet-av-arbetstagare\/#primaryimage"},"thumbnailUrl":"https:\/\/www.selry.fi\/wp-content\/uploads\/2023\/02\/veli-matti-kuntonen-blogi.jpg","articleSection":["Blogg"],"inLanguage":"sv-SE"},{"@type":"WebPage","@id":"https:\/\/www.selry.fi\/sv\/blogg\/regeringen-okar-utnyttjandet-av-arbetstagare\/","url":"https:\/\/www.selry.fi\/sv\/blogg\/regeringen-okar-utnyttjandet-av-arbetstagare\/","name":"Regeringen \u00f6kar utnyttjandet av arbetstagare","isPartOf":{"@id":"https:\/\/www.selry.fi\/#website"},"primaryImageOfPage":{"@id":"https:\/\/www.selry.fi\/sv\/blogg\/regeringen-okar-utnyttjandet-av-arbetstagare\/#primaryimage"},"image":{"@id":"https:\/\/www.selry.fi\/sv\/blogg\/regeringen-okar-utnyttjandet-av-arbetstagare\/#primaryimage"},"thumbnailUrl":"https:\/\/www.selry.fi\/wp-content\/uploads\/2023\/02\/veli-matti-kuntonen-blogi.jpg","datePublished":"2025-10-15T13:19:16+00:00","dateModified":"2025-10-15T13:19:17+00:00","breadcrumb":{"@id":"https:\/\/www.selry.fi\/sv\/blogg\/regeringen-okar-utnyttjandet-av-arbetstagare\/#breadcrumb"},"inLanguage":"sv-SE","potentialAction":[{"@type":"ReadAction","target":["https:\/\/www.selry.fi\/sv\/blogg\/regeringen-okar-utnyttjandet-av-arbetstagare\/"]}]},{"@type":"ImageObject","inLanguage":"sv-SE","@id":"https:\/\/www.selry.fi\/sv\/blogg\/regeringen-okar-utnyttjandet-av-arbetstagare\/#primaryimage","url":"https:\/\/www.selry.fi\/wp-content\/uploads\/2023\/02\/veli-matti-kuntonen-blogi.jpg","contentUrl":"https:\/\/www.selry.fi\/wp-content\/uploads\/2023\/02\/veli-matti-kuntonen-blogi.jpg","width":1536,"height":1148},{"@type":"BreadcrumbList","@id":"https:\/\/www.selry.fi\/sv\/blogg\/regeringen-okar-utnyttjandet-av-arbetstagare\/#breadcrumb","itemListElement":[{"@type":"ListItem","position":1,"name":"Home","item":"https:\/\/www.selry.fi\/sv\/"},{"@type":"ListItem","position":2,"name":"Regeringen \u00f6kar utnyttjandet av arbetstagare"}]},{"@type":"WebSite","@id":"https:\/\/www.selry.fi\/#website","url":"https:\/\/www.selry.fi\/","name":"Suomen Elintarvikety\u00f6l\u00e4isten Liitto SEL","description":"","publisher":{"@id":"https:\/\/www.selry.fi\/#organization"},"inLanguage":"sv-SE"},{"@type":"Organization","@id":"https:\/\/www.selry.fi\/#organization","name":"Suomen Elintarvikety\u00f6l\u00e4isten Liitto SEL","url":"https:\/\/www.selry.fi\/","logo":{"@type":"ImageObject","inLanguage":"sv-SE","@id":"https:\/\/www.selry.fi\/#\/schema\/logo\/image\/","url":"https:\/\/www.selry.fi\/wp-content\/uploads\/2021\/05\/logo-sel.svg","contentUrl":"https:\/\/www.selry.fi\/wp-content\/uploads\/2021\/05\/logo-sel.svg","width":453,"height":135,"caption":"Suomen Elintarvikety\u00f6l\u00e4isten Liitto SEL"},"image":{"@id":"https:\/\/www.selry.fi\/#\/schema\/logo\/image\/"},"sameAs":["https:\/\/www.facebook.com\/selry","https:\/\/x.com\/selryfi"]},{"@type":"Person","@id":"https:\/\/www.selry.fi\/#\/schema\/person\/4fb0b52ed84c524f0beea95625a21678","name":"Karoliina \u00d6ystil\u00e4","image":{"@type":"ImageObject","inLanguage":"sv-SE","@id":"https:\/\/secure.gravatar.com\/avatar\/8dcb857776c4317075ba571fdc81a06a1f240302e468800d69bf316ef82ac4cd?s=96&d=mm&r=g","url":"https:\/\/secure.gravatar.com\/avatar\/8dcb857776c4317075ba571fdc81a06a1f240302e468800d69bf316ef82ac4cd?s=96&d=mm&r=g","contentUrl":"https:\/\/secure.gravatar.com\/avatar\/8dcb857776c4317075ba571fdc81a06a1f240302e468800d69bf316ef82ac4cd?s=96&d=mm&r=g","caption":"Karoliina \u00d6ystil\u00e4"}}]}},"_links":{"self":[{"href":"https:\/\/www.selry.fi\/sv\/wp-json\/wp\/v2\/posts\/21478","targetHints":{"allow":["GET"]}}],"collection":[{"href":"https:\/\/www.selry.fi\/sv\/wp-json\/wp\/v2\/posts"}],"about":[{"href":"https:\/\/www.selry.fi\/sv\/wp-json\/wp\/v2\/types\/post"}],"author":[{"embeddable":true,"href":"https:\/\/www.selry.fi\/sv\/wp-json\/wp\/v2\/users\/4"}],"replies":[{"embeddable":true,"href":"https:\/\/www.selry.fi\/sv\/wp-json\/wp\/v2\/comments?post=21478"}],"version-history":[{"count":0,"href":"https:\/\/www.selry.fi\/sv\/wp-json\/wp\/v2\/posts\/21478\/revisions"}],"wp:featuredmedia":[{"embeddable":true,"href":"https:\/\/www.selry.fi\/sv\/wp-json\/wp\/v2\/media\/10997"}],"wp:attachment":[{"href":"https:\/\/www.selry.fi\/sv\/wp-json\/wp\/v2\/media?parent=21478"}],"wp:term":[{"taxonomy":"category","embeddable":true,"href":"https:\/\/www.selry.fi\/sv\/wp-json\/wp\/v2\/categories?post=21478"},{"taxonomy":"post_tag","embeddable":true,"href":"https:\/\/www.selry.fi\/sv\/wp-json\/wp\/v2\/tags?post=21478"}],"curies":[{"name":"wp","href":"https:\/\/api.w.org\/{rel}","templated":true}]}}