{"id":21066,"date":"2025-09-08T19:26:30","date_gmt":"2025-09-08T16:26:30","guid":{"rendered":"https:\/\/www.selry.fi\/?p=21066"},"modified":"2025-09-08T19:26:31","modified_gmt":"2025-09-08T16:26:31","slug":"forlorat-rykte","status":"publish","type":"post","link":"https:\/\/www.selry.fi\/sv\/blogg\/forlorat-rykte\/","title":{"rendered":"F\u00f6rlorat rykte"},"content":{"rendered":"\n<p>Det \u00e4r rekordsvagt med f\u00f6rverkligandet av arbetstagarnas r\u00e4ttigheter i v\u00e4rlden. Resultaten i <a href=\"https:\/\/www.ituc-csi.org\/global-rights-index\" target=\"_blank\" rel=\"noreferrer noopener\">ITUC:s Global Rights -index<\/a> \u00e4r bister l\u00e4sning. Arbetstagarnas r\u00e4ttigheter f\u00f6rsvagas i m\u00e5nga l\u00e4nder. S\u00e4rskilt g\u00e4ller det i Europa och i Nord- och Sydamerika. Situationen i de senare l\u00e4nderna \u00f6verraskar inte, men det g\u00f6r det faktum att ocks\u00e5 Europa ing\u00e5r i den h\u00e4r klassen. Vill vi verkligen ta oss tiotals \u00e5r tillbaka i utvecklingen?<\/p>\n\n\n\n<p>Ur finl\u00e4ndsk synvinkel \u00e4r det mest orov\u00e4ckande att man i rapporten tar upp Finland som ett exempel p\u00e5 ett land d\u00e4r arbetstagarnas r\u00e4ttigheter har f\u00f6rsvagats. I v\u00e4rlden har man inte undg\u00e5tt att m\u00e4rka de f\u00f6rsvagningar som regeringen Orpo drivit igenom, s\u00e5som begr\u00e4nsningar av strejkr\u00e4tten, kraftigt f\u00f6rh\u00f6jda strejkb\u00f6ter och skrotandet av trepartssamarbetet.<\/p>\n\n\n\n<p>Finland har utsetts till v\u00e4rldens lyckligaste land \u00e5tta g\u00e5nger i f\u00f6ljd. Traditionellt har Finland varit en f\u00f6reg\u00e5ngare vad g\u00e4ller arbetstagarnas r\u00e4ttigheter och ett kvalitativt arbetsliv. Vi har setts som ett exempel att ta efter. Nu har regeringen Orpo lyckats f\u00f6rst\u00f6ra Finlands goda rykte. Om vi inte lyckas byta riktning befinner sig Finland p\u00e5 samma v\u00e4g som de l\u00e4nder d\u00e4r man vill tysta arbetstagarna.<\/p>\n\n\n\n<p>I v\u00e4rlden har vi fortfarande alltf\u00f6r m\u00e5nga l\u00e4nder d\u00e4r fackaktiva hotas, misshandlas och till och med m\u00f6rdas. Den verkliga betydelsen av facket klarnar d\u00e5 man bet\u00e4nker att de fackligt aktiva som k\u00e4mpar f\u00f6r arbetstagarnas r\u00e4ttigheter uppfattas som s\u00e5 farliga att man vill tysta dem till och med med fysiskt v\u00e5ld.<\/p>\n\n\n\n<p>Ur arbetstagarnas synvinkel sett \u00e4r de dystraste st\u00e4llena i v\u00e4rlden just nu Bangladesh, Vitryssland och Equador. Arbetstagarnas r\u00e4ttigheter avspeglar direkt den samh\u00e4lleliga situationen. D\u00e5 extremh\u00f6gern och diktatorer tar makten besk\u00e4rs demokratin, yttrandefriheten och andra m\u00e4nskliga r\u00e4ttigheter, och dit h\u00f6r ocks\u00e5 r\u00e4ttigheterna i arbetslivet.<\/p>\n\n\n\n<p>Vad kan vi g\u00f6ra? Vi kan b\u00f6rja med att se till att alla p\u00e5 v\u00e5ra arbetsplatser tillh\u00f6r facket. Bara genom ett fackligt medlemskap kan vi garantera att arbetstagarnas r\u00f6ster h\u00f6rs h\u00e4r hemma och i v\u00e4rlden.<br><br><em>Karoliina \u00d6ystil\u00e4<\/em><br><em>SEL:s kommunikationschef, chefredakt\u00f6r<\/em><\/p>\n\n\n\n<p><em>Texten \u00e4r ledare i Elintae 4\/2025 (12.9.2025).<\/em><\/p>\n","protected":false},"excerpt":{"rendered":"<p>Det \u00e4r rekordsvagt med f\u00f6rverkligandet av arbetstagarnas r\u00e4ttigheter i v\u00e4rlden. Resultaten i ITUC:s Global Rights -index \u00e4r bister l\u00e4sning. Arbetstagarnas [\u2026] <a href=\"https:\/\/www.selry.fi\/sv\/blogg\/forlorat-rykte\/\">Lue lis\u00e4\u00e4 &raquo;<\/a><\/p>\n","protected":false},"author":4,"featured_media":10993,"comment_status":"closed","ping_status":"closed","sticky":false,"template":"","format":"standard","meta":{"_acf_changed":false,"footnotes":""},"categories":[64],"tags":[],"class_list":["post-21066","post","type-post","status-publish","format-standard","has-post-thumbnail","hentry","category-blogg"],"acf":[],"yoast_head":"<!-- This site is optimized with the Yoast SEO plugin v27.2 - https:\/\/yoast.com\/product\/yoast-seo-wordpress\/ -->\n<title>F\u00f6rlorat rykte<\/title>\n<meta name=\"robots\" content=\"index, follow, max-snippet:-1, max-image-preview:large, max-video-preview:-1\" \/>\n<link rel=\"canonical\" href=\"https:\/\/www.selry.fi\/sv\/blogg\/forlorat-rykte\/\" \/>\n<meta property=\"og:locale\" content=\"sv_SE\" \/>\n<meta property=\"og:type\" content=\"article\" \/>\n<meta property=\"og:title\" content=\"F\u00f6rlorat rykte\" \/>\n<meta property=\"og:description\" content=\"Det \u00e4r rekordsvagt med f\u00f6rverkligandet av arbetstagarnas r\u00e4ttigheter i v\u00e4rlden. Resultaten i ITUC:s Global Rights -index \u00e4r bister l\u00e4sning. Arbetstagarnas [\u2026] Lue lis\u00e4\u00e4 &raquo;\" \/>\n<meta property=\"og:url\" content=\"https:\/\/www.selry.fi\/sv\/blogg\/forlorat-rykte\/\" \/>\n<meta property=\"og:site_name\" content=\"Suomen Elintarvikety\u00f6l\u00e4isten Liitto SEL\" \/>\n<meta property=\"article:publisher\" content=\"https:\/\/www.facebook.com\/selry\" \/>\n<meta property=\"article:published_time\" content=\"2025-09-08T16:26:30+00:00\" \/>\n<meta property=\"article:modified_time\" content=\"2025-09-08T16:26:31+00:00\" \/>\n<meta property=\"og:image\" content=\"https:\/\/www.selry.fi\/wp-content\/uploads\/2023\/02\/karoliina-oystila-blogi.jpg\" \/>\n\t<meta property=\"og:image:width\" content=\"1536\" \/>\n\t<meta property=\"og:image:height\" content=\"1081\" \/>\n\t<meta property=\"og:image:type\" content=\"image\/jpeg\" \/>\n<meta name=\"author\" content=\"Karoliina \u00d6ystil\u00e4\" \/>\n<meta name=\"twitter:card\" content=\"summary_large_image\" \/>\n<meta name=\"twitter:creator\" content=\"@selryfi\" \/>\n<meta name=\"twitter:site\" content=\"@selryfi\" \/>\n<script type=\"application\/ld+json\" class=\"yoast-schema-graph\">{\"@context\":\"https:\/\/schema.org\",\"@graph\":[{\"@type\":\"Article\",\"@id\":\"https:\/\/www.selry.fi\/sv\/blogg\/forlorat-rykte\/#article\",\"isPartOf\":{\"@id\":\"https:\/\/www.selry.fi\/sv\/blogg\/forlorat-rykte\/\"},\"author\":{\"name\":\"Karoliina \u00d6ystil\u00e4\",\"@id\":\"https:\/\/www.selry.fi\/#\/schema\/person\/4fb0b52ed84c524f0beea95625a21678\"},\"headline\":\"F\u00f6rlorat rykte\",\"datePublished\":\"2025-09-08T16:26:30+00:00\",\"dateModified\":\"2025-09-08T16:26:31+00:00\",\"mainEntityOfPage\":{\"@id\":\"https:\/\/www.selry.fi\/sv\/blogg\/forlorat-rykte\/\"},\"wordCount\":393,\"publisher\":{\"@id\":\"https:\/\/www.selry.fi\/#organization\"},\"image\":{\"@id\":\"https:\/\/www.selry.fi\/sv\/blogg\/forlorat-rykte\/#primaryimage\"},\"thumbnailUrl\":\"https:\/\/www.selry.fi\/wp-content\/uploads\/2023\/02\/karoliina-oystila-blogi.jpg\",\"articleSection\":[\"Blogg\"],\"inLanguage\":\"sv-SE\"},{\"@type\":\"WebPage\",\"@id\":\"https:\/\/www.selry.fi\/sv\/blogg\/forlorat-rykte\/\",\"url\":\"https:\/\/www.selry.fi\/sv\/blogg\/forlorat-rykte\/\",\"name\":\"F\u00f6rlorat rykte\",\"isPartOf\":{\"@id\":\"https:\/\/www.selry.fi\/#website\"},\"primaryImageOfPage\":{\"@id\":\"https:\/\/www.selry.fi\/sv\/blogg\/forlorat-rykte\/#primaryimage\"},\"image\":{\"@id\":\"https:\/\/www.selry.fi\/sv\/blogg\/forlorat-rykte\/#primaryimage\"},\"thumbnailUrl\":\"https:\/\/www.selry.fi\/wp-content\/uploads\/2023\/02\/karoliina-oystila-blogi.jpg\",\"datePublished\":\"2025-09-08T16:26:30+00:00\",\"dateModified\":\"2025-09-08T16:26:31+00:00\",\"breadcrumb\":{\"@id\":\"https:\/\/www.selry.fi\/sv\/blogg\/forlorat-rykte\/#breadcrumb\"},\"inLanguage\":\"sv-SE\",\"potentialAction\":[{\"@type\":\"ReadAction\",\"target\":[\"https:\/\/www.selry.fi\/sv\/blogg\/forlorat-rykte\/\"]}]},{\"@type\":\"ImageObject\",\"inLanguage\":\"sv-SE\",\"@id\":\"https:\/\/www.selry.fi\/sv\/blogg\/forlorat-rykte\/#primaryimage\",\"url\":\"https:\/\/www.selry.fi\/wp-content\/uploads\/2023\/02\/karoliina-oystila-blogi.jpg\",\"contentUrl\":\"https:\/\/www.selry.fi\/wp-content\/uploads\/2023\/02\/karoliina-oystila-blogi.jpg\",\"width\":1536,\"height\":1081},{\"@type\":\"BreadcrumbList\",\"@id\":\"https:\/\/www.selry.fi\/sv\/blogg\/forlorat-rykte\/#breadcrumb\",\"itemListElement\":[{\"@type\":\"ListItem\",\"position\":1,\"name\":\"Home\",\"item\":\"https:\/\/www.selry.fi\/sv\/\"},{\"@type\":\"ListItem\",\"position\":2,\"name\":\"F\u00f6rlorat rykte\"}]},{\"@type\":\"WebSite\",\"@id\":\"https:\/\/www.selry.fi\/#website\",\"url\":\"https:\/\/www.selry.fi\/\",\"name\":\"Suomen Elintarvikety\u00f6l\u00e4isten Liitto SEL\",\"description\":\"\",\"publisher\":{\"@id\":\"https:\/\/www.selry.fi\/#organization\"},\"inLanguage\":\"sv-SE\"},{\"@type\":\"Organization\",\"@id\":\"https:\/\/www.selry.fi\/#organization\",\"name\":\"Suomen Elintarvikety\u00f6l\u00e4isten Liitto SEL\",\"url\":\"https:\/\/www.selry.fi\/\",\"logo\":{\"@type\":\"ImageObject\",\"inLanguage\":\"sv-SE\",\"@id\":\"https:\/\/www.selry.fi\/#\/schema\/logo\/image\/\",\"url\":\"https:\/\/www.selry.fi\/wp-content\/uploads\/2021\/05\/logo-sel.svg\",\"contentUrl\":\"https:\/\/www.selry.fi\/wp-content\/uploads\/2021\/05\/logo-sel.svg\",\"width\":453,\"height\":135,\"caption\":\"Suomen Elintarvikety\u00f6l\u00e4isten Liitto SEL\"},\"image\":{\"@id\":\"https:\/\/www.selry.fi\/#\/schema\/logo\/image\/\"},\"sameAs\":[\"https:\/\/www.facebook.com\/selry\",\"https:\/\/x.com\/selryfi\"]},{\"@type\":\"Person\",\"@id\":\"https:\/\/www.selry.fi\/#\/schema\/person\/4fb0b52ed84c524f0beea95625a21678\",\"name\":\"Karoliina \u00d6ystil\u00e4\",\"image\":{\"@type\":\"ImageObject\",\"inLanguage\":\"sv-SE\",\"@id\":\"https:\/\/secure.gravatar.com\/avatar\/8dcb857776c4317075ba571fdc81a06a1f240302e468800d69bf316ef82ac4cd?s=96&d=mm&r=g\",\"url\":\"https:\/\/secure.gravatar.com\/avatar\/8dcb857776c4317075ba571fdc81a06a1f240302e468800d69bf316ef82ac4cd?s=96&d=mm&r=g\",\"contentUrl\":\"https:\/\/secure.gravatar.com\/avatar\/8dcb857776c4317075ba571fdc81a06a1f240302e468800d69bf316ef82ac4cd?s=96&d=mm&r=g\",\"caption\":\"Karoliina \u00d6ystil\u00e4\"}}]}<\/script>\n<!-- \/ Yoast SEO plugin. -->","yoast_head_json":{"title":"F\u00f6rlorat rykte","robots":{"index":"index","follow":"follow","max-snippet":"max-snippet:-1","max-image-preview":"max-image-preview:large","max-video-preview":"max-video-preview:-1"},"canonical":"https:\/\/www.selry.fi\/sv\/blogg\/forlorat-rykte\/","og_locale":"sv_SE","og_type":"article","og_title":"F\u00f6rlorat rykte","og_description":"Det \u00e4r rekordsvagt med f\u00f6rverkligandet av arbetstagarnas r\u00e4ttigheter i v\u00e4rlden. Resultaten i ITUC:s Global Rights -index \u00e4r bister l\u00e4sning. Arbetstagarnas [\u2026] Lue lis\u00e4\u00e4 &raquo;","og_url":"https:\/\/www.selry.fi\/sv\/blogg\/forlorat-rykte\/","og_site_name":"Suomen Elintarvikety\u00f6l\u00e4isten Liitto SEL","article_publisher":"https:\/\/www.facebook.com\/selry","article_published_time":"2025-09-08T16:26:30+00:00","article_modified_time":"2025-09-08T16:26:31+00:00","og_image":[{"width":1536,"height":1081,"url":"https:\/\/www.selry.fi\/wp-content\/uploads\/2023\/02\/karoliina-oystila-blogi.jpg","type":"image\/jpeg"}],"author":"Karoliina \u00d6ystil\u00e4","twitter_card":"summary_large_image","twitter_creator":"@selryfi","twitter_site":"@selryfi","schema":{"@context":"https:\/\/schema.org","@graph":[{"@type":"Article","@id":"https:\/\/www.selry.fi\/sv\/blogg\/forlorat-rykte\/#article","isPartOf":{"@id":"https:\/\/www.selry.fi\/sv\/blogg\/forlorat-rykte\/"},"author":{"name":"Karoliina \u00d6ystil\u00e4","@id":"https:\/\/www.selry.fi\/#\/schema\/person\/4fb0b52ed84c524f0beea95625a21678"},"headline":"F\u00f6rlorat rykte","datePublished":"2025-09-08T16:26:30+00:00","dateModified":"2025-09-08T16:26:31+00:00","mainEntityOfPage":{"@id":"https:\/\/www.selry.fi\/sv\/blogg\/forlorat-rykte\/"},"wordCount":393,"publisher":{"@id":"https:\/\/www.selry.fi\/#organization"},"image":{"@id":"https:\/\/www.selry.fi\/sv\/blogg\/forlorat-rykte\/#primaryimage"},"thumbnailUrl":"https:\/\/www.selry.fi\/wp-content\/uploads\/2023\/02\/karoliina-oystila-blogi.jpg","articleSection":["Blogg"],"inLanguage":"sv-SE"},{"@type":"WebPage","@id":"https:\/\/www.selry.fi\/sv\/blogg\/forlorat-rykte\/","url":"https:\/\/www.selry.fi\/sv\/blogg\/forlorat-rykte\/","name":"F\u00f6rlorat rykte","isPartOf":{"@id":"https:\/\/www.selry.fi\/#website"},"primaryImageOfPage":{"@id":"https:\/\/www.selry.fi\/sv\/blogg\/forlorat-rykte\/#primaryimage"},"image":{"@id":"https:\/\/www.selry.fi\/sv\/blogg\/forlorat-rykte\/#primaryimage"},"thumbnailUrl":"https:\/\/www.selry.fi\/wp-content\/uploads\/2023\/02\/karoliina-oystila-blogi.jpg","datePublished":"2025-09-08T16:26:30+00:00","dateModified":"2025-09-08T16:26:31+00:00","breadcrumb":{"@id":"https:\/\/www.selry.fi\/sv\/blogg\/forlorat-rykte\/#breadcrumb"},"inLanguage":"sv-SE","potentialAction":[{"@type":"ReadAction","target":["https:\/\/www.selry.fi\/sv\/blogg\/forlorat-rykte\/"]}]},{"@type":"ImageObject","inLanguage":"sv-SE","@id":"https:\/\/www.selry.fi\/sv\/blogg\/forlorat-rykte\/#primaryimage","url":"https:\/\/www.selry.fi\/wp-content\/uploads\/2023\/02\/karoliina-oystila-blogi.jpg","contentUrl":"https:\/\/www.selry.fi\/wp-content\/uploads\/2023\/02\/karoliina-oystila-blogi.jpg","width":1536,"height":1081},{"@type":"BreadcrumbList","@id":"https:\/\/www.selry.fi\/sv\/blogg\/forlorat-rykte\/#breadcrumb","itemListElement":[{"@type":"ListItem","position":1,"name":"Home","item":"https:\/\/www.selry.fi\/sv\/"},{"@type":"ListItem","position":2,"name":"F\u00f6rlorat rykte"}]},{"@type":"WebSite","@id":"https:\/\/www.selry.fi\/#website","url":"https:\/\/www.selry.fi\/","name":"Suomen Elintarvikety\u00f6l\u00e4isten Liitto SEL","description":"","publisher":{"@id":"https:\/\/www.selry.fi\/#organization"},"inLanguage":"sv-SE"},{"@type":"Organization","@id":"https:\/\/www.selry.fi\/#organization","name":"Suomen Elintarvikety\u00f6l\u00e4isten Liitto SEL","url":"https:\/\/www.selry.fi\/","logo":{"@type":"ImageObject","inLanguage":"sv-SE","@id":"https:\/\/www.selry.fi\/#\/schema\/logo\/image\/","url":"https:\/\/www.selry.fi\/wp-content\/uploads\/2021\/05\/logo-sel.svg","contentUrl":"https:\/\/www.selry.fi\/wp-content\/uploads\/2021\/05\/logo-sel.svg","width":453,"height":135,"caption":"Suomen Elintarvikety\u00f6l\u00e4isten Liitto SEL"},"image":{"@id":"https:\/\/www.selry.fi\/#\/schema\/logo\/image\/"},"sameAs":["https:\/\/www.facebook.com\/selry","https:\/\/x.com\/selryfi"]},{"@type":"Person","@id":"https:\/\/www.selry.fi\/#\/schema\/person\/4fb0b52ed84c524f0beea95625a21678","name":"Karoliina \u00d6ystil\u00e4","image":{"@type":"ImageObject","inLanguage":"sv-SE","@id":"https:\/\/secure.gravatar.com\/avatar\/8dcb857776c4317075ba571fdc81a06a1f240302e468800d69bf316ef82ac4cd?s=96&d=mm&r=g","url":"https:\/\/secure.gravatar.com\/avatar\/8dcb857776c4317075ba571fdc81a06a1f240302e468800d69bf316ef82ac4cd?s=96&d=mm&r=g","contentUrl":"https:\/\/secure.gravatar.com\/avatar\/8dcb857776c4317075ba571fdc81a06a1f240302e468800d69bf316ef82ac4cd?s=96&d=mm&r=g","caption":"Karoliina \u00d6ystil\u00e4"}}]}},"_links":{"self":[{"href":"https:\/\/www.selry.fi\/sv\/wp-json\/wp\/v2\/posts\/21066","targetHints":{"allow":["GET"]}}],"collection":[{"href":"https:\/\/www.selry.fi\/sv\/wp-json\/wp\/v2\/posts"}],"about":[{"href":"https:\/\/www.selry.fi\/sv\/wp-json\/wp\/v2\/types\/post"}],"author":[{"embeddable":true,"href":"https:\/\/www.selry.fi\/sv\/wp-json\/wp\/v2\/users\/4"}],"replies":[{"embeddable":true,"href":"https:\/\/www.selry.fi\/sv\/wp-json\/wp\/v2\/comments?post=21066"}],"version-history":[{"count":0,"href":"https:\/\/www.selry.fi\/sv\/wp-json\/wp\/v2\/posts\/21066\/revisions"}],"wp:featuredmedia":[{"embeddable":true,"href":"https:\/\/www.selry.fi\/sv\/wp-json\/wp\/v2\/media\/10993"}],"wp:attachment":[{"href":"https:\/\/www.selry.fi\/sv\/wp-json\/wp\/v2\/media?parent=21066"}],"wp:term":[{"taxonomy":"category","embeddable":true,"href":"https:\/\/www.selry.fi\/sv\/wp-json\/wp\/v2\/categories?post=21066"},{"taxonomy":"post_tag","embeddable":true,"href":"https:\/\/www.selry.fi\/sv\/wp-json\/wp\/v2\/tags?post=21066"}],"curies":[{"name":"wp","href":"https:\/\/api.w.org\/{rel}","templated":true}]}}