{"id":21043,"date":"2025-09-03T21:00:00","date_gmt":"2025-09-03T18:00:00","guid":{"rendered":"https:\/\/www.selry.fi\/?p=21043"},"modified":"2025-09-04T23:24:42","modified_gmt":"2025-09-04T20:24:42","slug":"ett-farligt-forbund","status":"publish","type":"post","link":"https:\/\/www.selry.fi\/sv\/blogg\/ett-farligt-forbund\/","title":{"rendered":"Ett farligt f\u00f6rbund"},"content":{"rendered":"\n<p>Regeringspartierna Samlingspartiet, Sannfinl\u00e4ndarna, SFP och Kristdemokraterna kom snabbt <a href=\"https:\/\/valtioneuvosto.fi\/sv\/-\/orpos-regering-regeringens-beslut-stoder-den-begynnande-ekonomiska-tillvaxten\" target=\"_blank\" rel=\"noreferrer noopener\">\u00f6verens om n\u00e4sta \u00e5rs budget<\/a> och ytterligare nedsk\u00e4rningar p\u00e5 en miljard euro. Redan tidigare har regeringen gjort nedsk\u00e4rningar p\u00e5 nio miljarder euro, vilket enligt Institutet f\u00f6r h\u00e4lsa och v\u00e4lf\u00e4rd THL leder till att antalet l\u00e5ginkomsttagare \u00f6kar med 110 000. Av dessa \u00e4r 27 000 barn. Effekterna av regeringens kalla politik kommer att synas l\u00e4nge.<\/p>\n\n\n\n<p>De \u00f6vriga regeringspartierna \u00e4r ocks\u00e5 i forts\u00e4ttningen beredda att st\u00e5 ut med Sannfinl\u00e4ndarnas rasistiska uttalanden, f\u00f6r att regeringen ska h\u00e5lla och kunna genomf\u00f6ra de \u00e5tg\u00e4rder som n\u00e4ringslivet kr\u00e4vde att f\u00e5 med i regeringsprogrammet.<\/p>\n\n\n\n<p>Petteri Orpos och Riikka Purras regering har suttit vid makten i drygt tv\u00e5 \u00e5r, och under den tiden har vi sett hur farligt ett f\u00f6rbund mellan n\u00e4ringslivet och extremh\u00f6gern \u00e4r f\u00f6r samh\u00e4llet. Med st\u00f6d av n\u00e4ringslivet har regeringen kunnat driva igenom lagar som avsev\u00e4rt f\u00f6rs\u00e4mrar arbetstagarnas r\u00e4ttigheter och st\u00e4llning \u2013 r\u00e4ttigheter som facket i tiderna har f\u00e5tt jobba i \u00e5rtionden f\u00f6r att \u00e5stadkomma.<\/p>\n\n\n\n<p>Strejkr\u00e4tten, upps\u00e4gningsskyddet och utkomstskyddet f\u00f6r arbetsl\u00f6sa \u00e4r exempel p\u00e5 fr\u00e5gor som har skyddat arbetstagarnas r\u00e4ttigheter och gett trygghet oavsett varifr\u00e5n arbetstagaren kommer.<\/p>\n\n\n\n<p>F\u00f6r fackf\u00f6rbunden \u00e4r det viktigt att de som utf\u00f6r ett visst arbete har samma l\u00f6n och andra anst\u00e4llningsvillkor oberoende av bakgrund och nationalitet. Om vi till\u00e5ter att invandrarnas anst\u00e4llningsvillkor dumpas och att m\u00e4nniskor utnyttjas, kommer det i l\u00e5nga loppet att drabba alla arbetstagare.<\/p>\n\n\n\n<p>Orpos regering lovade att det skulle uppst\u00e5 100 000 nya arbetstillf\u00e4llen i Finland. Nu kan alla se resultaten av regeringens misslyckade politik. Finlands ekonomi stagnerar, vi skulds\u00e4tter oss mer \u00e4n n\u00e5gonsin och arbetsl\u00f6shetsgraden \u00e4r redan den n\u00e4st h\u00f6gsta i Europa. Vi b\u00f6rjar ha rekordm\u00e5nga konkurser och l\u00e5ngtidsarbetsl\u00f6sa.<\/p>\n\n\n\n<p>Nativiteten i Finland \u00e4r p\u00e5 en historiskt l\u00e5g niv\u00e5. I st\u00e4llet f\u00f6r att g\u00f6ra n\u00e5got f\u00f6r att r\u00e4dda framtiden f\u00f6r v\u00e4lf\u00e4rdssamh\u00e4llet, \u00f6kar regeringen os\u00e4kerheten i arbetslivet och sk\u00e4r ner den sociala tryggheten, vilket g\u00f6r det sv\u00e5rare f\u00f6r folk att bilda familj och f\u00e5 barn.<\/p>\n\n\n\n<p>Med den nuvarande nativiteten beh\u00f6ver vi invandring. Under de senaste pensionsf\u00f6rhandlingarna gjorde invandringssiffrorna att trycket p\u00e5 att sk\u00e4ra ner pensionerna minskade avsev\u00e4rt. I den h\u00e4r situationen finns det sk\u00e4l att fundera \u00f6ver konsekvenserna av att till exempel de ytterst n\u00f6dv\u00e4ndiga integrations\u00e5tg\u00e4rderna nedmonteras, och vad som \u00e4r syftet med det.<\/p>\n\n\n\n<p>I Europa dominerade p\u00e5 1930-talet en ideologi d\u00e4r arbetstagarna inte hade n\u00e5gra r\u00e4ttigheter, fackf\u00f6rbundens verksamhet ifr\u00e5gasattes och vissa folkgrupper ans\u00e5gs vara mindre v\u00e4rda \u00e4n andra. Har vi inte l\u00e4rt oss n\u00e5got av historien? Att normalisera rasismen \u00e4r en mycket farlig v\u00e4g, som vi inte ska ge oss in p\u00e5. \u00c4ndam\u00e5len f\u00e5r inte helga medlen, vare sig inom n\u00e4ringslivet eller h\u00f6gerpartierna.<\/p>\n\n\n\n<p><em>Veli-Matti Kuntonen<\/em><br><em>SEL:s f\u00f6rbundsordf\u00f6rande<\/em><\/p>\n","protected":false},"excerpt":{"rendered":"<p>Regeringspartierna Samlingspartiet, Sannfinl\u00e4ndarna, SFP och Kristdemokraterna kom snabbt \u00f6verens om n\u00e4sta \u00e5rs budget och ytterligare nedsk\u00e4rningar p\u00e5 en miljard euro. [\u2026] <a href=\"https:\/\/www.selry.fi\/sv\/blogg\/ett-farligt-forbund\/\">Lue lis\u00e4\u00e4 &raquo;<\/a><\/p>\n","protected":false},"author":4,"featured_media":10997,"comment_status":"closed","ping_status":"closed","sticky":false,"template":"","format":"standard","meta":{"_acf_changed":false,"footnotes":""},"categories":[64],"tags":[],"class_list":["post-21043","post","type-post","status-publish","format-standard","has-post-thumbnail","hentry","category-blogg"],"acf":[],"yoast_head":"<!-- This site is optimized with the Yoast SEO plugin v27.2 - https:\/\/yoast.com\/product\/yoast-seo-wordpress\/ -->\n<title>Ett farligt f\u00f6rbund<\/title>\n<meta name=\"robots\" content=\"index, follow, max-snippet:-1, max-image-preview:large, max-video-preview:-1\" \/>\n<link rel=\"canonical\" href=\"https:\/\/www.selry.fi\/sv\/blogg\/ett-farligt-forbund\/\" \/>\n<meta property=\"og:locale\" content=\"sv_SE\" \/>\n<meta property=\"og:type\" content=\"article\" \/>\n<meta property=\"og:title\" content=\"Ett farligt f\u00f6rbund\" \/>\n<meta property=\"og:description\" content=\"Regeringspartierna Samlingspartiet, Sannfinl\u00e4ndarna, SFP och Kristdemokraterna kom snabbt \u00f6verens om n\u00e4sta \u00e5rs budget och ytterligare nedsk\u00e4rningar p\u00e5 en miljard euro. [\u2026] Lue lis\u00e4\u00e4 &raquo;\" \/>\n<meta property=\"og:url\" content=\"https:\/\/www.selry.fi\/sv\/blogg\/ett-farligt-forbund\/\" \/>\n<meta property=\"og:site_name\" content=\"Suomen Elintarvikety\u00f6l\u00e4isten Liitto SEL\" \/>\n<meta property=\"article:publisher\" content=\"https:\/\/www.facebook.com\/selry\" \/>\n<meta property=\"article:published_time\" content=\"2025-09-03T18:00:00+00:00\" \/>\n<meta property=\"article:modified_time\" content=\"2025-09-04T20:24:42+00:00\" \/>\n<meta property=\"og:image\" content=\"https:\/\/www.selry.fi\/wp-content\/uploads\/2023\/02\/veli-matti-kuntonen-blogi.jpg\" \/>\n\t<meta property=\"og:image:width\" content=\"1536\" \/>\n\t<meta property=\"og:image:height\" content=\"1148\" \/>\n\t<meta property=\"og:image:type\" content=\"image\/jpeg\" \/>\n<meta name=\"author\" content=\"Karoliina \u00d6ystil\u00e4\" \/>\n<meta name=\"twitter:card\" content=\"summary_large_image\" \/>\n<meta name=\"twitter:creator\" content=\"@selryfi\" \/>\n<meta name=\"twitter:site\" content=\"@selryfi\" \/>\n<script type=\"application\/ld+json\" class=\"yoast-schema-graph\">{\"@context\":\"https:\/\/schema.org\",\"@graph\":[{\"@type\":\"Article\",\"@id\":\"https:\/\/www.selry.fi\/sv\/blogg\/ett-farligt-forbund\/#article\",\"isPartOf\":{\"@id\":\"https:\/\/www.selry.fi\/sv\/blogg\/ett-farligt-forbund\/\"},\"author\":{\"name\":\"Karoliina \u00d6ystil\u00e4\",\"@id\":\"https:\/\/www.selry.fi\/#\/schema\/person\/4fb0b52ed84c524f0beea95625a21678\"},\"headline\":\"Ett farligt f\u00f6rbund\",\"datePublished\":\"2025-09-03T18:00:00+00:00\",\"dateModified\":\"2025-09-04T20:24:42+00:00\",\"mainEntityOfPage\":{\"@id\":\"https:\/\/www.selry.fi\/sv\/blogg\/ett-farligt-forbund\/\"},\"wordCount\":526,\"publisher\":{\"@id\":\"https:\/\/www.selry.fi\/#organization\"},\"image\":{\"@id\":\"https:\/\/www.selry.fi\/sv\/blogg\/ett-farligt-forbund\/#primaryimage\"},\"thumbnailUrl\":\"https:\/\/www.selry.fi\/wp-content\/uploads\/2023\/02\/veli-matti-kuntonen-blogi.jpg\",\"articleSection\":[\"Blogg\"],\"inLanguage\":\"sv-SE\"},{\"@type\":\"WebPage\",\"@id\":\"https:\/\/www.selry.fi\/sv\/blogg\/ett-farligt-forbund\/\",\"url\":\"https:\/\/www.selry.fi\/sv\/blogg\/ett-farligt-forbund\/\",\"name\":\"Ett farligt f\u00f6rbund\",\"isPartOf\":{\"@id\":\"https:\/\/www.selry.fi\/#website\"},\"primaryImageOfPage\":{\"@id\":\"https:\/\/www.selry.fi\/sv\/blogg\/ett-farligt-forbund\/#primaryimage\"},\"image\":{\"@id\":\"https:\/\/www.selry.fi\/sv\/blogg\/ett-farligt-forbund\/#primaryimage\"},\"thumbnailUrl\":\"https:\/\/www.selry.fi\/wp-content\/uploads\/2023\/02\/veli-matti-kuntonen-blogi.jpg\",\"datePublished\":\"2025-09-03T18:00:00+00:00\",\"dateModified\":\"2025-09-04T20:24:42+00:00\",\"breadcrumb\":{\"@id\":\"https:\/\/www.selry.fi\/sv\/blogg\/ett-farligt-forbund\/#breadcrumb\"},\"inLanguage\":\"sv-SE\",\"potentialAction\":[{\"@type\":\"ReadAction\",\"target\":[\"https:\/\/www.selry.fi\/sv\/blogg\/ett-farligt-forbund\/\"]}]},{\"@type\":\"ImageObject\",\"inLanguage\":\"sv-SE\",\"@id\":\"https:\/\/www.selry.fi\/sv\/blogg\/ett-farligt-forbund\/#primaryimage\",\"url\":\"https:\/\/www.selry.fi\/wp-content\/uploads\/2023\/02\/veli-matti-kuntonen-blogi.jpg\",\"contentUrl\":\"https:\/\/www.selry.fi\/wp-content\/uploads\/2023\/02\/veli-matti-kuntonen-blogi.jpg\",\"width\":1536,\"height\":1148},{\"@type\":\"BreadcrumbList\",\"@id\":\"https:\/\/www.selry.fi\/sv\/blogg\/ett-farligt-forbund\/#breadcrumb\",\"itemListElement\":[{\"@type\":\"ListItem\",\"position\":1,\"name\":\"Home\",\"item\":\"https:\/\/www.selry.fi\/sv\/\"},{\"@type\":\"ListItem\",\"position\":2,\"name\":\"Ett farligt f\u00f6rbund\"}]},{\"@type\":\"WebSite\",\"@id\":\"https:\/\/www.selry.fi\/#website\",\"url\":\"https:\/\/www.selry.fi\/\",\"name\":\"Suomen Elintarvikety\u00f6l\u00e4isten Liitto SEL\",\"description\":\"\",\"publisher\":{\"@id\":\"https:\/\/www.selry.fi\/#organization\"},\"inLanguage\":\"sv-SE\"},{\"@type\":\"Organization\",\"@id\":\"https:\/\/www.selry.fi\/#organization\",\"name\":\"Suomen Elintarvikety\u00f6l\u00e4isten Liitto SEL\",\"url\":\"https:\/\/www.selry.fi\/\",\"logo\":{\"@type\":\"ImageObject\",\"inLanguage\":\"sv-SE\",\"@id\":\"https:\/\/www.selry.fi\/#\/schema\/logo\/image\/\",\"url\":\"https:\/\/www.selry.fi\/wp-content\/uploads\/2021\/05\/logo-sel.svg\",\"contentUrl\":\"https:\/\/www.selry.fi\/wp-content\/uploads\/2021\/05\/logo-sel.svg\",\"width\":453,\"height\":135,\"caption\":\"Suomen Elintarvikety\u00f6l\u00e4isten Liitto SEL\"},\"image\":{\"@id\":\"https:\/\/www.selry.fi\/#\/schema\/logo\/image\/\"},\"sameAs\":[\"https:\/\/www.facebook.com\/selry\",\"https:\/\/x.com\/selryfi\"]},{\"@type\":\"Person\",\"@id\":\"https:\/\/www.selry.fi\/#\/schema\/person\/4fb0b52ed84c524f0beea95625a21678\",\"name\":\"Karoliina \u00d6ystil\u00e4\",\"image\":{\"@type\":\"ImageObject\",\"inLanguage\":\"sv-SE\",\"@id\":\"https:\/\/secure.gravatar.com\/avatar\/8dcb857776c4317075ba571fdc81a06a1f240302e468800d69bf316ef82ac4cd?s=96&d=mm&r=g\",\"url\":\"https:\/\/secure.gravatar.com\/avatar\/8dcb857776c4317075ba571fdc81a06a1f240302e468800d69bf316ef82ac4cd?s=96&d=mm&r=g\",\"contentUrl\":\"https:\/\/secure.gravatar.com\/avatar\/8dcb857776c4317075ba571fdc81a06a1f240302e468800d69bf316ef82ac4cd?s=96&d=mm&r=g\",\"caption\":\"Karoliina \u00d6ystil\u00e4\"}}]}<\/script>\n<!-- \/ Yoast SEO plugin. -->","yoast_head_json":{"title":"Ett farligt f\u00f6rbund","robots":{"index":"index","follow":"follow","max-snippet":"max-snippet:-1","max-image-preview":"max-image-preview:large","max-video-preview":"max-video-preview:-1"},"canonical":"https:\/\/www.selry.fi\/sv\/blogg\/ett-farligt-forbund\/","og_locale":"sv_SE","og_type":"article","og_title":"Ett farligt f\u00f6rbund","og_description":"Regeringspartierna Samlingspartiet, Sannfinl\u00e4ndarna, SFP och Kristdemokraterna kom snabbt \u00f6verens om n\u00e4sta \u00e5rs budget och ytterligare nedsk\u00e4rningar p\u00e5 en miljard euro. [\u2026] Lue lis\u00e4\u00e4 &raquo;","og_url":"https:\/\/www.selry.fi\/sv\/blogg\/ett-farligt-forbund\/","og_site_name":"Suomen Elintarvikety\u00f6l\u00e4isten Liitto SEL","article_publisher":"https:\/\/www.facebook.com\/selry","article_published_time":"2025-09-03T18:00:00+00:00","article_modified_time":"2025-09-04T20:24:42+00:00","og_image":[{"width":1536,"height":1148,"url":"https:\/\/www.selry.fi\/wp-content\/uploads\/2023\/02\/veli-matti-kuntonen-blogi.jpg","type":"image\/jpeg"}],"author":"Karoliina \u00d6ystil\u00e4","twitter_card":"summary_large_image","twitter_creator":"@selryfi","twitter_site":"@selryfi","schema":{"@context":"https:\/\/schema.org","@graph":[{"@type":"Article","@id":"https:\/\/www.selry.fi\/sv\/blogg\/ett-farligt-forbund\/#article","isPartOf":{"@id":"https:\/\/www.selry.fi\/sv\/blogg\/ett-farligt-forbund\/"},"author":{"name":"Karoliina \u00d6ystil\u00e4","@id":"https:\/\/www.selry.fi\/#\/schema\/person\/4fb0b52ed84c524f0beea95625a21678"},"headline":"Ett farligt f\u00f6rbund","datePublished":"2025-09-03T18:00:00+00:00","dateModified":"2025-09-04T20:24:42+00:00","mainEntityOfPage":{"@id":"https:\/\/www.selry.fi\/sv\/blogg\/ett-farligt-forbund\/"},"wordCount":526,"publisher":{"@id":"https:\/\/www.selry.fi\/#organization"},"image":{"@id":"https:\/\/www.selry.fi\/sv\/blogg\/ett-farligt-forbund\/#primaryimage"},"thumbnailUrl":"https:\/\/www.selry.fi\/wp-content\/uploads\/2023\/02\/veli-matti-kuntonen-blogi.jpg","articleSection":["Blogg"],"inLanguage":"sv-SE"},{"@type":"WebPage","@id":"https:\/\/www.selry.fi\/sv\/blogg\/ett-farligt-forbund\/","url":"https:\/\/www.selry.fi\/sv\/blogg\/ett-farligt-forbund\/","name":"Ett farligt f\u00f6rbund","isPartOf":{"@id":"https:\/\/www.selry.fi\/#website"},"primaryImageOfPage":{"@id":"https:\/\/www.selry.fi\/sv\/blogg\/ett-farligt-forbund\/#primaryimage"},"image":{"@id":"https:\/\/www.selry.fi\/sv\/blogg\/ett-farligt-forbund\/#primaryimage"},"thumbnailUrl":"https:\/\/www.selry.fi\/wp-content\/uploads\/2023\/02\/veli-matti-kuntonen-blogi.jpg","datePublished":"2025-09-03T18:00:00+00:00","dateModified":"2025-09-04T20:24:42+00:00","breadcrumb":{"@id":"https:\/\/www.selry.fi\/sv\/blogg\/ett-farligt-forbund\/#breadcrumb"},"inLanguage":"sv-SE","potentialAction":[{"@type":"ReadAction","target":["https:\/\/www.selry.fi\/sv\/blogg\/ett-farligt-forbund\/"]}]},{"@type":"ImageObject","inLanguage":"sv-SE","@id":"https:\/\/www.selry.fi\/sv\/blogg\/ett-farligt-forbund\/#primaryimage","url":"https:\/\/www.selry.fi\/wp-content\/uploads\/2023\/02\/veli-matti-kuntonen-blogi.jpg","contentUrl":"https:\/\/www.selry.fi\/wp-content\/uploads\/2023\/02\/veli-matti-kuntonen-blogi.jpg","width":1536,"height":1148},{"@type":"BreadcrumbList","@id":"https:\/\/www.selry.fi\/sv\/blogg\/ett-farligt-forbund\/#breadcrumb","itemListElement":[{"@type":"ListItem","position":1,"name":"Home","item":"https:\/\/www.selry.fi\/sv\/"},{"@type":"ListItem","position":2,"name":"Ett farligt f\u00f6rbund"}]},{"@type":"WebSite","@id":"https:\/\/www.selry.fi\/#website","url":"https:\/\/www.selry.fi\/","name":"Suomen Elintarvikety\u00f6l\u00e4isten Liitto SEL","description":"","publisher":{"@id":"https:\/\/www.selry.fi\/#organization"},"inLanguage":"sv-SE"},{"@type":"Organization","@id":"https:\/\/www.selry.fi\/#organization","name":"Suomen Elintarvikety\u00f6l\u00e4isten Liitto SEL","url":"https:\/\/www.selry.fi\/","logo":{"@type":"ImageObject","inLanguage":"sv-SE","@id":"https:\/\/www.selry.fi\/#\/schema\/logo\/image\/","url":"https:\/\/www.selry.fi\/wp-content\/uploads\/2021\/05\/logo-sel.svg","contentUrl":"https:\/\/www.selry.fi\/wp-content\/uploads\/2021\/05\/logo-sel.svg","width":453,"height":135,"caption":"Suomen Elintarvikety\u00f6l\u00e4isten Liitto SEL"},"image":{"@id":"https:\/\/www.selry.fi\/#\/schema\/logo\/image\/"},"sameAs":["https:\/\/www.facebook.com\/selry","https:\/\/x.com\/selryfi"]},{"@type":"Person","@id":"https:\/\/www.selry.fi\/#\/schema\/person\/4fb0b52ed84c524f0beea95625a21678","name":"Karoliina \u00d6ystil\u00e4","image":{"@type":"ImageObject","inLanguage":"sv-SE","@id":"https:\/\/secure.gravatar.com\/avatar\/8dcb857776c4317075ba571fdc81a06a1f240302e468800d69bf316ef82ac4cd?s=96&d=mm&r=g","url":"https:\/\/secure.gravatar.com\/avatar\/8dcb857776c4317075ba571fdc81a06a1f240302e468800d69bf316ef82ac4cd?s=96&d=mm&r=g","contentUrl":"https:\/\/secure.gravatar.com\/avatar\/8dcb857776c4317075ba571fdc81a06a1f240302e468800d69bf316ef82ac4cd?s=96&d=mm&r=g","caption":"Karoliina \u00d6ystil\u00e4"}}]}},"_links":{"self":[{"href":"https:\/\/www.selry.fi\/sv\/wp-json\/wp\/v2\/posts\/21043","targetHints":{"allow":["GET"]}}],"collection":[{"href":"https:\/\/www.selry.fi\/sv\/wp-json\/wp\/v2\/posts"}],"about":[{"href":"https:\/\/www.selry.fi\/sv\/wp-json\/wp\/v2\/types\/post"}],"author":[{"embeddable":true,"href":"https:\/\/www.selry.fi\/sv\/wp-json\/wp\/v2\/users\/4"}],"replies":[{"embeddable":true,"href":"https:\/\/www.selry.fi\/sv\/wp-json\/wp\/v2\/comments?post=21043"}],"version-history":[{"count":0,"href":"https:\/\/www.selry.fi\/sv\/wp-json\/wp\/v2\/posts\/21043\/revisions"}],"wp:featuredmedia":[{"embeddable":true,"href":"https:\/\/www.selry.fi\/sv\/wp-json\/wp\/v2\/media\/10997"}],"wp:attachment":[{"href":"https:\/\/www.selry.fi\/sv\/wp-json\/wp\/v2\/media?parent=21043"}],"wp:term":[{"taxonomy":"category","embeddable":true,"href":"https:\/\/www.selry.fi\/sv\/wp-json\/wp\/v2\/categories?post=21043"},{"taxonomy":"post_tag","embeddable":true,"href":"https:\/\/www.selry.fi\/sv\/wp-json\/wp\/v2\/tags?post=21043"}],"curies":[{"name":"wp","href":"https:\/\/api.w.org\/{rel}","templated":true}]}}