{"id":20761,"date":"2025-06-30T15:26:11","date_gmt":"2025-06-30T12:26:11","guid":{"rendered":"https:\/\/www.selry.fi\/?p=20761"},"modified":"2025-07-01T00:53:43","modified_gmt":"2025-06-30T21:53:43","slug":"ffcs-sakkunnig-kristiina-linna-star-till-tjanst-pa-aland","status":"publish","type":"post","link":"https:\/\/www.selry.fi\/sv\/nyheter\/ffcs-sakkunnig-kristiina-linna-star-till-tjanst-pa-aland\/","title":{"rendered":"FFC:s sakkunnig Kristiina Linna st\u00e5r till tj\u00e4nst p\u00e5 \u00c5land"},"content":{"rendered":"\n<p class=\"has-ingressi-font-size\">FFC:s region- och organisationsexpert Kristiina Linna vill \u00f6ka fackets synlighet och klarl\u00e4gga betydelsen av fackligt medlemskap p\u00e5 \u00c5land.<\/p>\n\n\n\n<p>Tidigare hade FFC och fem FFC-anslutna fackf\u00f6rbund en gemensam kontaktperson p\u00e5 \u00c5land, och d\u00e4r Servicefacket PAM fungerade som arbetsgivare. Sedan januari betj\u00e4nar FFC:s region- och organisationsexpert <strong>Kristiina Linna<\/strong> alla medlemmar i FFC-anslutna fackf\u00f6rbund bosatta p\u00e5 \u00c5land \u2013 ocks\u00e5 SEL:s medlemmar.<\/p>\n\n\n\n<p>\u2013 Jag \u00e4r h\u00e4r p\u00e5 \u00c5land minst tio arbetsdagar per m\u00e5nad, s\u00e4ger Kristiina Linna, hemma fr\u00e5n Raisio.<\/p>\n\n\n\n<p>Till hennes arbetsuppgifter h\u00f6r ocks\u00e5 FFC:s svenska service i hela landet.<br><br><a href=\"https:\/\/www.sak.fi\/sv\/om-ffc\/svensksprakig-verksamhet\/\">&gt;&gt; FFC:s svenskspr\u00e5kiga verksamhet<\/a><\/p>\n\n\n\n<p>Linna har en l\u00e5ng erfarenhet som FFC:s region- och organisationsexpert, och f\u00f6re det som statlig arbetsskyddsinspekt\u00f6r, s\u00e5 tolkning av kollektivavtal \u00e4r bekant f\u00f6r henne. Linnas modersm\u00e5l \u00e4r finska men under resans g\u00e5ng har hon l\u00e4rt sig en flytande svenska.<\/p>\n\n\n\n<p>En v\u00e4sentlig del av Linnas arbete \u00e4r telefonr\u00e5dgivning. En del av dem som ringer \u00e4r inte \u00e4nnu fackligt anslutna.<\/p>\n\n\n\n<p>\u2013 Jag erbjuder ocks\u00e5 dem r\u00e5d, men jag uppmanar dem att ansluta sig till sitt eget fackf\u00f6rbund. S\u00e4rskilt om deras \u00e4rende kr\u00e4ver fortsatta \u00e5tg\u00e4rder. Dessutom f\u00f6rmedlar jag kontaktuppgifterna till aktuella fackf\u00f6rbund, om fr\u00e5gan inte g\u00e5r att l\u00f6sa per telefon.<\/p>\n\n\n\n<p>\u2013 Avsikten \u00e4r att h\u00f6ja FFC:s fana h\u00f6gre p\u00e5 \u00c5land. Vid sidan om telefonr\u00e5dgivningen g\u00f6r jag arbetsplatsbes\u00f6k, ibland ensam och ibland tillsammans med f\u00f6rbundens representanter, ber\u00e4ttar Linna.<\/p>\n\n\n\n<p>Hur ska fackets synlighet f\u00e5s att \u00f6ka p\u00e5 \u00c5land?<\/p>\n\n\n\n<p>\u2013 Nog ska det ske med \u00f6kad facklig utbildning och genom att g\u00f6ra den fackliga verksamheten bekant. Den v\u00e4gen f\u00e5r vi nya aktiva, arbetarskyddsbefullm\u00e4ktigade och f\u00f6rtroendeman. Det finns egentligen inga genv\u00e4gar, det g\u00e4ller att kl\u00e4ttra fr\u00e5n bottnen till toppen, s\u00e4ger Linna.<\/p>\n\n\n\n<p><br><strong>Samarbetet fungerar<\/strong><\/p>\n\n\n\n<p>FFC:s regionkontor p\u00e5 \u00c5land \u00e4r bel\u00e4get i statens \u00e4mbetshus i Mariehamns centrum p\u00e5 adress Torggatan 16 C. Bes\u00f6ken hos Kristiina Linna reserveras p\u00e5 f\u00f6rhand per e-post eller telefon.<\/p>\n\n\n\n<p>I b\u00f6rjan av juni hade man \u00f6ppet hus p\u00e5 FFC:s kontor.<\/p>\n\n\n\n<p>Enligt FFC:s vice ordf\u00f6rande och chefen f\u00f6r organisationsavdelningen, <strong>Katja Syv\u00e4rinen<\/strong> finns det bland arbetsgivarna p\u00e5 \u00c5land ett visst motst\u00e5nd mot att arbetstagarna organiserar sig, och f\u00f6retagen \u00e4r inte heller anslutna till egna f\u00f6rbund.<\/p>\n\n\n\n<p>\u2013 Vid sidan om medlemsservicen f\u00f6rs\u00f6ker vi f\u00f6r\u00e4ndra de h\u00e4r attityderna s\u00e5, att arbetsgivarna skulle b\u00f6rja f\u00f6rst\u00e5 att avtalsverksamheten gynnar b\u00e5da parter.<\/p>\n\n\n\n<p>Ocks\u00e5 ordf\u00f6randen f\u00f6r \u00c5lands Livsmedelsarbetare lokalavdelning, <strong>Staffan \u00c5kerblom<\/strong> var med d\u00e5 FFC:s regionkontor p\u00e5 \u00c5land h\u00f6ll \u00f6ppet hus. Han arbetar p\u00e5 Orklas fabrik i Haraldsby, d\u00e4r han ocks\u00e5 fungerar som huvudf\u00f6rtroendeman f\u00f6r arbetstagarna.<\/p>\n\n\n\n<p>Hur har samarbetet med FFC-kontoret fungerat?<\/p>\n\n\n\n<p>\u2013 Det fungerade ocks\u00e5 tidigare, men f\u00f6r tillf\u00e4llet \u00e4r samarbetet toppen. Eftersom vi p\u00e5 \u00c5land har f\u00e5 stora f\u00f6retag, \u00e4r arbetsplatserna i huvudsak sm\u00e5 och utspridda, och d\u00e5 beh\u00f6vs sakkunniga som Kristiina.&nbsp; D\u00e5 hon h\u00e5ller kurser och utbildningar l\u00e4r vi k\u00e4nna henne, och d\u00e5 kan ocks\u00e5 vi f\u00e5 nya aktiva med i avdelningens verksamhet, konstaterar \u00c5kerblom.<\/p>\n\n\n\n<p>Om du skulle f\u00e5 \u00f6nska n\u00e5got mer av FFC:s kontor, vad skulle det vara?<\/p>\n\n\n\n<p>\u2013 F\u00f6r oss \u00e4r spr\u00e5kfr\u00e5gan alltid viktig. S\u00e5 vi skulle, vid sidan om Kristiinas insatser beh\u00f6va mer service p\u00e5 svenska. Kanske kunde det arrangeras fler kurser h\u00e4r p\u00e5 \u00c5land, s\u00e4ger \u00c5kerblom.<\/p>\n\n\n\n<p><br>Text: Jaakko Takalainen<\/p>\n\n\n\n<p><br><em>Bilden: D\u00e5 FFC:s regionkontor p\u00e5 \u00c5land h\u00f6ll \u00f6ppet hus kom bland andra Byggnadsf\u00f6rbundets regionchef Jouni Ruotsalainen, FFC:s organisationschef Katja Syv\u00e4rinen samt SEL:s f\u00f6rtroendevalda Johan Stark och Staffan \u00c5kerblom p\u00e5 bes\u00f6k. Bild: Ilkka Heino<\/em><\/p>\n\n\n\n<p><em>Bilden: Enligt ordf\u00f6randen f\u00f6r livsmedelsarbetarnas fackavdelning p\u00e5 \u00c5land, Staffan \u00c5kerblom fungerar samarbetet med FFC:s kontor p\u00e5 \u00c5land bra. Bild: Kati Oksman<\/em><\/p>\n\n\n\n<figure class=\"wp-block-image size-large\"><img decoding=\"async\" width=\"1280\" height=\"928\" src=\"https:\/\/www.selry.fi\/wp-content\/uploads\/2023\/09\/staffan-akerblom-orkla-haraldsby-taffel-kuva-kati-oksman-1280x928.jpg\" alt=\"\" class=\"wp-image-12592\" srcset=\"https:\/\/www.selry.fi\/wp-content\/uploads\/2023\/09\/staffan-akerblom-orkla-haraldsby-taffel-kuva-kati-oksman-1280x928.jpg 1280w, https:\/\/www.selry.fi\/wp-content\/uploads\/2023\/09\/staffan-akerblom-orkla-haraldsby-taffel-kuva-kati-oksman-350x254.jpg 350w, https:\/\/www.selry.fi\/wp-content\/uploads\/2023\/09\/staffan-akerblom-orkla-haraldsby-taffel-kuva-kati-oksman-768x557.jpg 768w, https:\/\/www.selry.fi\/wp-content\/uploads\/2023\/09\/staffan-akerblom-orkla-haraldsby-taffel-kuva-kati-oksman-1536x1114.jpg 1536w, https:\/\/www.selry.fi\/wp-content\/uploads\/2023\/09\/staffan-akerblom-orkla-haraldsby-taffel-kuva-kati-oksman-500x363.jpg 500w, https:\/\/www.selry.fi\/wp-content\/uploads\/2023\/09\/staffan-akerblom-orkla-haraldsby-taffel-kuva-kati-oksman-830x602.jpg 830w, https:\/\/www.selry.fi\/wp-content\/uploads\/2023\/09\/staffan-akerblom-orkla-haraldsby-taffel-kuva-kati-oksman.jpg 1920w\" sizes=\"(max-width: 1280px) 100vw, 1280px\" \/><\/figure>\n","protected":false},"excerpt":{"rendered":"<p>FFC:s region- och organisationsexpert Kristiina Linna vill \u00f6ka fackets synlighet och klarl\u00e4gga betydelsen av fackligt medlemskap p\u00e5 \u00c5land. Tidigare hade [\u2026] <a href=\"https:\/\/www.selry.fi\/sv\/nyheter\/ffcs-sakkunnig-kristiina-linna-star-till-tjanst-pa-aland\/\">Lue lis\u00e4\u00e4 &raquo;<\/a><\/p>\n","protected":false},"author":4,"featured_media":20755,"comment_status":"closed","ping_status":"closed","sticky":false,"template":"","format":"standard","meta":{"_acf_changed":false,"footnotes":""},"categories":[26],"tags":[],"class_list":["post-20761","post","type-post","status-publish","format-standard","has-post-thumbnail","hentry","category-nyheter"],"acf":[],"yoast_head":"<!-- This site is optimized with the Yoast SEO plugin v27.2 - https:\/\/yoast.com\/product\/yoast-seo-wordpress\/ -->\n<title>FFC:s sakkunnig Kristiina Linna st\u00e5r till tj\u00e4nst p\u00e5 \u00c5land<\/title>\n<meta name=\"robots\" content=\"index, follow, max-snippet:-1, max-image-preview:large, max-video-preview:-1\" \/>\n<link rel=\"canonical\" href=\"https:\/\/www.selry.fi\/sv\/nyheter\/ffcs-sakkunnig-kristiina-linna-star-till-tjanst-pa-aland\/\" \/>\n<meta property=\"og:locale\" content=\"sv_SE\" \/>\n<meta property=\"og:type\" content=\"article\" \/>\n<meta property=\"og:title\" content=\"FFC:s sakkunnig Kristiina Linna st\u00e5r till tj\u00e4nst p\u00e5 \u00c5land\" \/>\n<meta property=\"og:description\" content=\"FFC:s region- och organisationsexpert Kristiina Linna vill \u00f6ka fackets synlighet och klarl\u00e4gga betydelsen av fackligt medlemskap p\u00e5 \u00c5land. Tidigare hade [\u2026] Lue lis\u00e4\u00e4 &raquo;\" \/>\n<meta property=\"og:url\" content=\"https:\/\/www.selry.fi\/sv\/nyheter\/ffcs-sakkunnig-kristiina-linna-star-till-tjanst-pa-aland\/\" \/>\n<meta property=\"og:site_name\" content=\"Suomen Elintarvikety\u00f6l\u00e4isten Liitto SEL\" \/>\n<meta property=\"article:publisher\" content=\"https:\/\/www.facebook.com\/selry\" \/>\n<meta property=\"article:published_time\" content=\"2025-06-30T12:26:11+00:00\" \/>\n<meta property=\"article:modified_time\" content=\"2025-06-30T21:53:43+00:00\" \/>\n<meta property=\"og:image\" content=\"https:\/\/www.selry.fi\/wp-content\/uploads\/2025\/06\/sak-maarianhamina-aluetoimisto-avoimet-ovet-kuva-ilkka-heino.jpg\" \/>\n\t<meta property=\"og:image:width\" content=\"1920\" \/>\n\t<meta property=\"og:image:height\" content=\"1440\" \/>\n\t<meta property=\"og:image:type\" content=\"image\/jpeg\" \/>\n<meta name=\"author\" content=\"Karoliina \u00d6ystil\u00e4\" \/>\n<meta name=\"twitter:card\" content=\"summary_large_image\" \/>\n<meta name=\"twitter:creator\" content=\"@selryfi\" \/>\n<meta name=\"twitter:site\" content=\"@selryfi\" \/>\n<script type=\"application\/ld+json\" class=\"yoast-schema-graph\">{\"@context\":\"https:\/\/schema.org\",\"@graph\":[{\"@type\":\"Article\",\"@id\":\"https:\/\/www.selry.fi\/sv\/nyheter\/ffcs-sakkunnig-kristiina-linna-star-till-tjanst-pa-aland\/#article\",\"isPartOf\":{\"@id\":\"https:\/\/www.selry.fi\/sv\/nyheter\/ffcs-sakkunnig-kristiina-linna-star-till-tjanst-pa-aland\/\"},\"author\":{\"name\":\"Karoliina \u00d6ystil\u00e4\",\"@id\":\"https:\/\/www.selry.fi\/#\/schema\/person\/4fb0b52ed84c524f0beea95625a21678\"},\"headline\":\"FFC:s sakkunnig Kristiina Linna st\u00e5r till tj\u00e4nst p\u00e5 \u00c5land\",\"datePublished\":\"2025-06-30T12:26:11+00:00\",\"dateModified\":\"2025-06-30T21:53:43+00:00\",\"mainEntityOfPage\":{\"@id\":\"https:\/\/www.selry.fi\/sv\/nyheter\/ffcs-sakkunnig-kristiina-linna-star-till-tjanst-pa-aland\/\"},\"wordCount\":671,\"publisher\":{\"@id\":\"https:\/\/www.selry.fi\/#organization\"},\"image\":{\"@id\":\"https:\/\/www.selry.fi\/sv\/nyheter\/ffcs-sakkunnig-kristiina-linna-star-till-tjanst-pa-aland\/#primaryimage\"},\"thumbnailUrl\":\"https:\/\/www.selry.fi\/wp-content\/uploads\/2025\/06\/sak-maarianhamina-aluetoimisto-avoimet-ovet-kuva-ilkka-heino.jpg\",\"articleSection\":[\"Nyheter\"],\"inLanguage\":\"sv-SE\"},{\"@type\":\"WebPage\",\"@id\":\"https:\/\/www.selry.fi\/sv\/nyheter\/ffcs-sakkunnig-kristiina-linna-star-till-tjanst-pa-aland\/\",\"url\":\"https:\/\/www.selry.fi\/sv\/nyheter\/ffcs-sakkunnig-kristiina-linna-star-till-tjanst-pa-aland\/\",\"name\":\"FFC:s sakkunnig Kristiina Linna st\u00e5r till tj\u00e4nst p\u00e5 \u00c5land\",\"isPartOf\":{\"@id\":\"https:\/\/www.selry.fi\/#website\"},\"primaryImageOfPage\":{\"@id\":\"https:\/\/www.selry.fi\/sv\/nyheter\/ffcs-sakkunnig-kristiina-linna-star-till-tjanst-pa-aland\/#primaryimage\"},\"image\":{\"@id\":\"https:\/\/www.selry.fi\/sv\/nyheter\/ffcs-sakkunnig-kristiina-linna-star-till-tjanst-pa-aland\/#primaryimage\"},\"thumbnailUrl\":\"https:\/\/www.selry.fi\/wp-content\/uploads\/2025\/06\/sak-maarianhamina-aluetoimisto-avoimet-ovet-kuva-ilkka-heino.jpg\",\"datePublished\":\"2025-06-30T12:26:11+00:00\",\"dateModified\":\"2025-06-30T21:53:43+00:00\",\"breadcrumb\":{\"@id\":\"https:\/\/www.selry.fi\/sv\/nyheter\/ffcs-sakkunnig-kristiina-linna-star-till-tjanst-pa-aland\/#breadcrumb\"},\"inLanguage\":\"sv-SE\",\"potentialAction\":[{\"@type\":\"ReadAction\",\"target\":[\"https:\/\/www.selry.fi\/sv\/nyheter\/ffcs-sakkunnig-kristiina-linna-star-till-tjanst-pa-aland\/\"]}]},{\"@type\":\"ImageObject\",\"inLanguage\":\"sv-SE\",\"@id\":\"https:\/\/www.selry.fi\/sv\/nyheter\/ffcs-sakkunnig-kristiina-linna-star-till-tjanst-pa-aland\/#primaryimage\",\"url\":\"https:\/\/www.selry.fi\/wp-content\/uploads\/2025\/06\/sak-maarianhamina-aluetoimisto-avoimet-ovet-kuva-ilkka-heino.jpg\",\"contentUrl\":\"https:\/\/www.selry.fi\/wp-content\/uploads\/2025\/06\/sak-maarianhamina-aluetoimisto-avoimet-ovet-kuva-ilkka-heino.jpg\",\"width\":1920,\"height\":1440},{\"@type\":\"BreadcrumbList\",\"@id\":\"https:\/\/www.selry.fi\/sv\/nyheter\/ffcs-sakkunnig-kristiina-linna-star-till-tjanst-pa-aland\/#breadcrumb\",\"itemListElement\":[{\"@type\":\"ListItem\",\"position\":1,\"name\":\"Home\",\"item\":\"https:\/\/www.selry.fi\/sv\/\"},{\"@type\":\"ListItem\",\"position\":2,\"name\":\"FFC:s sakkunnig Kristiina Linna st\u00e5r till tj\u00e4nst p\u00e5 \u00c5land\"}]},{\"@type\":\"WebSite\",\"@id\":\"https:\/\/www.selry.fi\/#website\",\"url\":\"https:\/\/www.selry.fi\/\",\"name\":\"Suomen Elintarvikety\u00f6l\u00e4isten Liitto SEL\",\"description\":\"\",\"publisher\":{\"@id\":\"https:\/\/www.selry.fi\/#organization\"},\"inLanguage\":\"sv-SE\"},{\"@type\":\"Organization\",\"@id\":\"https:\/\/www.selry.fi\/#organization\",\"name\":\"Suomen Elintarvikety\u00f6l\u00e4isten Liitto SEL\",\"url\":\"https:\/\/www.selry.fi\/\",\"logo\":{\"@type\":\"ImageObject\",\"inLanguage\":\"sv-SE\",\"@id\":\"https:\/\/www.selry.fi\/#\/schema\/logo\/image\/\",\"url\":\"https:\/\/www.selry.fi\/wp-content\/uploads\/2021\/05\/logo-sel.svg\",\"contentUrl\":\"https:\/\/www.selry.fi\/wp-content\/uploads\/2021\/05\/logo-sel.svg\",\"width\":453,\"height\":135,\"caption\":\"Suomen Elintarvikety\u00f6l\u00e4isten Liitto SEL\"},\"image\":{\"@id\":\"https:\/\/www.selry.fi\/#\/schema\/logo\/image\/\"},\"sameAs\":[\"https:\/\/www.facebook.com\/selry\",\"https:\/\/x.com\/selryfi\"]},{\"@type\":\"Person\",\"@id\":\"https:\/\/www.selry.fi\/#\/schema\/person\/4fb0b52ed84c524f0beea95625a21678\",\"name\":\"Karoliina \u00d6ystil\u00e4\",\"image\":{\"@type\":\"ImageObject\",\"inLanguage\":\"sv-SE\",\"@id\":\"https:\/\/secure.gravatar.com\/avatar\/8dcb857776c4317075ba571fdc81a06a1f240302e468800d69bf316ef82ac4cd?s=96&d=mm&r=g\",\"url\":\"https:\/\/secure.gravatar.com\/avatar\/8dcb857776c4317075ba571fdc81a06a1f240302e468800d69bf316ef82ac4cd?s=96&d=mm&r=g\",\"contentUrl\":\"https:\/\/secure.gravatar.com\/avatar\/8dcb857776c4317075ba571fdc81a06a1f240302e468800d69bf316ef82ac4cd?s=96&d=mm&r=g\",\"caption\":\"Karoliina \u00d6ystil\u00e4\"}}]}<\/script>\n<!-- \/ Yoast SEO plugin. -->","yoast_head_json":{"title":"FFC:s sakkunnig Kristiina Linna st\u00e5r till tj\u00e4nst p\u00e5 \u00c5land","robots":{"index":"index","follow":"follow","max-snippet":"max-snippet:-1","max-image-preview":"max-image-preview:large","max-video-preview":"max-video-preview:-1"},"canonical":"https:\/\/www.selry.fi\/sv\/nyheter\/ffcs-sakkunnig-kristiina-linna-star-till-tjanst-pa-aland\/","og_locale":"sv_SE","og_type":"article","og_title":"FFC:s sakkunnig Kristiina Linna st\u00e5r till tj\u00e4nst p\u00e5 \u00c5land","og_description":"FFC:s region- och organisationsexpert Kristiina Linna vill \u00f6ka fackets synlighet och klarl\u00e4gga betydelsen av fackligt medlemskap p\u00e5 \u00c5land. Tidigare hade [\u2026] Lue lis\u00e4\u00e4 &raquo;","og_url":"https:\/\/www.selry.fi\/sv\/nyheter\/ffcs-sakkunnig-kristiina-linna-star-till-tjanst-pa-aland\/","og_site_name":"Suomen Elintarvikety\u00f6l\u00e4isten Liitto SEL","article_publisher":"https:\/\/www.facebook.com\/selry","article_published_time":"2025-06-30T12:26:11+00:00","article_modified_time":"2025-06-30T21:53:43+00:00","og_image":[{"width":1920,"height":1440,"url":"https:\/\/www.selry.fi\/wp-content\/uploads\/2025\/06\/sak-maarianhamina-aluetoimisto-avoimet-ovet-kuva-ilkka-heino.jpg","type":"image\/jpeg"}],"author":"Karoliina \u00d6ystil\u00e4","twitter_card":"summary_large_image","twitter_creator":"@selryfi","twitter_site":"@selryfi","schema":{"@context":"https:\/\/schema.org","@graph":[{"@type":"Article","@id":"https:\/\/www.selry.fi\/sv\/nyheter\/ffcs-sakkunnig-kristiina-linna-star-till-tjanst-pa-aland\/#article","isPartOf":{"@id":"https:\/\/www.selry.fi\/sv\/nyheter\/ffcs-sakkunnig-kristiina-linna-star-till-tjanst-pa-aland\/"},"author":{"name":"Karoliina \u00d6ystil\u00e4","@id":"https:\/\/www.selry.fi\/#\/schema\/person\/4fb0b52ed84c524f0beea95625a21678"},"headline":"FFC:s sakkunnig Kristiina Linna st\u00e5r till tj\u00e4nst p\u00e5 \u00c5land","datePublished":"2025-06-30T12:26:11+00:00","dateModified":"2025-06-30T21:53:43+00:00","mainEntityOfPage":{"@id":"https:\/\/www.selry.fi\/sv\/nyheter\/ffcs-sakkunnig-kristiina-linna-star-till-tjanst-pa-aland\/"},"wordCount":671,"publisher":{"@id":"https:\/\/www.selry.fi\/#organization"},"image":{"@id":"https:\/\/www.selry.fi\/sv\/nyheter\/ffcs-sakkunnig-kristiina-linna-star-till-tjanst-pa-aland\/#primaryimage"},"thumbnailUrl":"https:\/\/www.selry.fi\/wp-content\/uploads\/2025\/06\/sak-maarianhamina-aluetoimisto-avoimet-ovet-kuva-ilkka-heino.jpg","articleSection":["Nyheter"],"inLanguage":"sv-SE"},{"@type":"WebPage","@id":"https:\/\/www.selry.fi\/sv\/nyheter\/ffcs-sakkunnig-kristiina-linna-star-till-tjanst-pa-aland\/","url":"https:\/\/www.selry.fi\/sv\/nyheter\/ffcs-sakkunnig-kristiina-linna-star-till-tjanst-pa-aland\/","name":"FFC:s sakkunnig Kristiina Linna st\u00e5r till tj\u00e4nst p\u00e5 \u00c5land","isPartOf":{"@id":"https:\/\/www.selry.fi\/#website"},"primaryImageOfPage":{"@id":"https:\/\/www.selry.fi\/sv\/nyheter\/ffcs-sakkunnig-kristiina-linna-star-till-tjanst-pa-aland\/#primaryimage"},"image":{"@id":"https:\/\/www.selry.fi\/sv\/nyheter\/ffcs-sakkunnig-kristiina-linna-star-till-tjanst-pa-aland\/#primaryimage"},"thumbnailUrl":"https:\/\/www.selry.fi\/wp-content\/uploads\/2025\/06\/sak-maarianhamina-aluetoimisto-avoimet-ovet-kuva-ilkka-heino.jpg","datePublished":"2025-06-30T12:26:11+00:00","dateModified":"2025-06-30T21:53:43+00:00","breadcrumb":{"@id":"https:\/\/www.selry.fi\/sv\/nyheter\/ffcs-sakkunnig-kristiina-linna-star-till-tjanst-pa-aland\/#breadcrumb"},"inLanguage":"sv-SE","potentialAction":[{"@type":"ReadAction","target":["https:\/\/www.selry.fi\/sv\/nyheter\/ffcs-sakkunnig-kristiina-linna-star-till-tjanst-pa-aland\/"]}]},{"@type":"ImageObject","inLanguage":"sv-SE","@id":"https:\/\/www.selry.fi\/sv\/nyheter\/ffcs-sakkunnig-kristiina-linna-star-till-tjanst-pa-aland\/#primaryimage","url":"https:\/\/www.selry.fi\/wp-content\/uploads\/2025\/06\/sak-maarianhamina-aluetoimisto-avoimet-ovet-kuva-ilkka-heino.jpg","contentUrl":"https:\/\/www.selry.fi\/wp-content\/uploads\/2025\/06\/sak-maarianhamina-aluetoimisto-avoimet-ovet-kuva-ilkka-heino.jpg","width":1920,"height":1440},{"@type":"BreadcrumbList","@id":"https:\/\/www.selry.fi\/sv\/nyheter\/ffcs-sakkunnig-kristiina-linna-star-till-tjanst-pa-aland\/#breadcrumb","itemListElement":[{"@type":"ListItem","position":1,"name":"Home","item":"https:\/\/www.selry.fi\/sv\/"},{"@type":"ListItem","position":2,"name":"FFC:s sakkunnig Kristiina Linna st\u00e5r till tj\u00e4nst p\u00e5 \u00c5land"}]},{"@type":"WebSite","@id":"https:\/\/www.selry.fi\/#website","url":"https:\/\/www.selry.fi\/","name":"Suomen Elintarvikety\u00f6l\u00e4isten Liitto SEL","description":"","publisher":{"@id":"https:\/\/www.selry.fi\/#organization"},"inLanguage":"sv-SE"},{"@type":"Organization","@id":"https:\/\/www.selry.fi\/#organization","name":"Suomen Elintarvikety\u00f6l\u00e4isten Liitto SEL","url":"https:\/\/www.selry.fi\/","logo":{"@type":"ImageObject","inLanguage":"sv-SE","@id":"https:\/\/www.selry.fi\/#\/schema\/logo\/image\/","url":"https:\/\/www.selry.fi\/wp-content\/uploads\/2021\/05\/logo-sel.svg","contentUrl":"https:\/\/www.selry.fi\/wp-content\/uploads\/2021\/05\/logo-sel.svg","width":453,"height":135,"caption":"Suomen Elintarvikety\u00f6l\u00e4isten Liitto SEL"},"image":{"@id":"https:\/\/www.selry.fi\/#\/schema\/logo\/image\/"},"sameAs":["https:\/\/www.facebook.com\/selry","https:\/\/x.com\/selryfi"]},{"@type":"Person","@id":"https:\/\/www.selry.fi\/#\/schema\/person\/4fb0b52ed84c524f0beea95625a21678","name":"Karoliina \u00d6ystil\u00e4","image":{"@type":"ImageObject","inLanguage":"sv-SE","@id":"https:\/\/secure.gravatar.com\/avatar\/8dcb857776c4317075ba571fdc81a06a1f240302e468800d69bf316ef82ac4cd?s=96&d=mm&r=g","url":"https:\/\/secure.gravatar.com\/avatar\/8dcb857776c4317075ba571fdc81a06a1f240302e468800d69bf316ef82ac4cd?s=96&d=mm&r=g","contentUrl":"https:\/\/secure.gravatar.com\/avatar\/8dcb857776c4317075ba571fdc81a06a1f240302e468800d69bf316ef82ac4cd?s=96&d=mm&r=g","caption":"Karoliina \u00d6ystil\u00e4"}}]}},"_links":{"self":[{"href":"https:\/\/www.selry.fi\/sv\/wp-json\/wp\/v2\/posts\/20761","targetHints":{"allow":["GET"]}}],"collection":[{"href":"https:\/\/www.selry.fi\/sv\/wp-json\/wp\/v2\/posts"}],"about":[{"href":"https:\/\/www.selry.fi\/sv\/wp-json\/wp\/v2\/types\/post"}],"author":[{"embeddable":true,"href":"https:\/\/www.selry.fi\/sv\/wp-json\/wp\/v2\/users\/4"}],"replies":[{"embeddable":true,"href":"https:\/\/www.selry.fi\/sv\/wp-json\/wp\/v2\/comments?post=20761"}],"version-history":[{"count":0,"href":"https:\/\/www.selry.fi\/sv\/wp-json\/wp\/v2\/posts\/20761\/revisions"}],"wp:featuredmedia":[{"embeddable":true,"href":"https:\/\/www.selry.fi\/sv\/wp-json\/wp\/v2\/media\/20755"}],"wp:attachment":[{"href":"https:\/\/www.selry.fi\/sv\/wp-json\/wp\/v2\/media?parent=20761"}],"wp:term":[{"taxonomy":"category","embeddable":true,"href":"https:\/\/www.selry.fi\/sv\/wp-json\/wp\/v2\/categories?post=20761"},{"taxonomy":"post_tag","embeddable":true,"href":"https:\/\/www.selry.fi\/sv\/wp-json\/wp\/v2\/tags?post=20761"}],"curies":[{"name":"wp","href":"https:\/\/api.w.org\/{rel}","templated":true}]}}