{"id":20432,"date":"2025-04-14T21:00:00","date_gmt":"2025-04-14T18:00:00","guid":{"rendered":"https:\/\/www.selry.fi\/?p=20432"},"modified":"2025-05-30T12:55:39","modified_gmt":"2025-05-30T09:55:39","slug":"lonerna-for-arbetstagare-i-livsmedelsbranschen-hojs-med-78-under-tre-ar","status":"publish","type":"post","link":"https:\/\/www.selry.fi\/sv\/nyheter\/lonerna-for-arbetstagare-i-livsmedelsbranschen-hojs-med-78-under-tre-ar\/","title":{"rendered":"L\u00f6nerna f\u00f6r arbetstagare i livsmedelsbranschen h\u00f6js med 7,8 % under tre \u00e5r"},"content":{"rendered":"\n<p class=\"has-ingressi-font-size\">De nya kollektivavtalen f\u00f6r livsmedelsbranschens arbetstagare har godk\u00e4nts. Strejkerna har avbl\u00e5sts och \u00f6vertids- och skiftbytesf\u00f6rbudet har avslutats.<\/p>\n\n\n\n<p>Finlands Livsmedelsarbetaref\u00f6rbund SEL och Livsmedelsindustrif\u00f6rbundet ETL godk\u00e4nde 14.4.2025 de nya kollektivavtalen som omfattar alla arbetstagare i livsmedelsbranschen. Avtalen \u00e4r i kraft 14.4.2025\u201331.1.2028.<\/p>\n\n\n\n<p>De nya kollektivavtalen uppstod n\u00e4r SEL:s f\u00f6rbundsfullm\u00e4ktige godk\u00e4nde medlarens fj\u00e4rde medlingsbud med r\u00f6sterna 20\u201313.<\/p>\n\n\n\n<p>L\u00f6nerna f\u00f6r alla arbetstagare i livsmedelsbranschen stiger med 7,8 procent under en tre\u00e5rsperiod:<\/p>\n\n\n\n<ul class=\"wp-block-list\">\n<li><strong>2,5 % 1.6.2025<\/strong> eller fr\u00e5n b\u00f6rjan av den l\u00f6nebetalningsperiod som b\u00f6rjar n\u00e4rmast d\u00e4refter<\/li>\n\n\n\n<li><strong>2,9 % 1.5.2026<\/strong> eller fr\u00e5n b\u00f6rjan av den l\u00f6nebetalningsperiod som b\u00f6rjar n\u00e4rmast d\u00e4refter<\/li>\n\n\n\n<li><strong>2,4 % 1.5.2027<\/strong> eller fr\u00e5n b\u00f6rjan av den l\u00f6nebetalningsperiod som b\u00f6rjar n\u00e4rmast d\u00e4refter<\/li>\n<\/ul>\n\n\n\n<p>L\u00f6nef\u00f6rh\u00f6jningarna inneh\u00e5ller inte lokala potter.<\/p>\n\n\n\n<p>I kollektivavtalet f\u00f6r bageriarbetstagare avtalade parterna om en med 100 procent f\u00f6rh\u00f6jd l\u00f6n f\u00f6r nattarbete f\u00f6r alla arbetstagare. I kollektivavtalet f\u00f6r bageriarbetstagare inf\u00f6rdes tv\u00e5 nya arbetstidsmodeller som man lokalt kan avtala om att ta i bruk i bagerierna, om b\u00e5da parterna vill. I kollektivavtalet f\u00f6r bageriarbetstagare slopades det f\u00f6rsta tj\u00e4nste\u00e5rstill\u00e4gget och ledigheten f\u00f6r l\u00f6rdagsarbete. D\u00e4rtill skars till\u00e4gget f\u00f6r l\u00f6rdagsarbete ner.<\/p>\n\n\n\n<p>\u2013 Tack vare v\u00e5ra medlemmars st\u00f6d och beredskap att strejka lyckades vi avv\u00e4rja f\u00f6rs\u00f6ken att ensidigt ut\u00f6ka arbetsgivarnas best\u00e4mmander\u00e4tt \u00f6ver arbetstagarnas arbetstider i bageribranschen. Vi hade ett mycket sv\u00e5rt utg\u00e5ngsl\u00e4ge inf\u00f6r f\u00f6rhandlingarna, n\u00e4r regeringen Orpo hade upph\u00e4vt lagen om arbetet i bagerier och ber\u00f6vat skiftarbetarna den med 100 procent f\u00f6rh\u00f6jda l\u00f6nen f\u00f6r nattarbete. Beslutet att godk\u00e4nna den h\u00e4r uppg\u00f6relsen var sm\u00e4rtsamt och l\u00e4mnar s\u00e5r som kommer att finnas kvar i \u00e5ratal, s\u00e4ger SEL:s ordf\u00f6rande <strong>Veli-Matti Kuntonen<\/strong>.<\/p>\n\n\n\n<p>Inga f\u00f6rs\u00e4mringar gjordes i de \u00f6vriga kollektivavtalen f\u00f6r arbetstagare i livsmedelsbranschen.<\/p>\n","protected":false},"excerpt":{"rendered":"<p>De nya kollektivavtalen f\u00f6r livsmedelsbranschens arbetstagare har godk\u00e4nts. Strejkerna har avbl\u00e5sts och \u00f6vertids- och skiftbytesf\u00f6rbudet har avslutats. Finlands Livsmedelsarbetaref\u00f6rbund SEL [\u2026] <a href=\"https:\/\/www.selry.fi\/sv\/nyheter\/lonerna-for-arbetstagare-i-livsmedelsbranschen-hojs-med-78-under-tre-ar\/\">Lue lis\u00e4\u00e4 &raquo;<\/a><\/p>\n","protected":false},"author":4,"featured_media":19922,"comment_status":"closed","ping_status":"closed","sticky":false,"template":"","format":"standard","meta":{"_acf_changed":false,"footnotes":""},"categories":[26],"tags":[],"class_list":["post-20432","post","type-post","status-publish","format-standard","has-post-thumbnail","hentry","category-nyheter"],"acf":[],"yoast_head":"<!-- This site is optimized with the Yoast SEO plugin v27.2 - https:\/\/yoast.com\/product\/yoast-seo-wordpress\/ -->\n<title>L\u00f6nerna f\u00f6r arbetstagare i livsmedelsbranschen h\u00f6js med 7,8 % under tre \u00e5r<\/title>\n<meta name=\"robots\" content=\"index, follow, max-snippet:-1, max-image-preview:large, max-video-preview:-1\" \/>\n<link rel=\"canonical\" href=\"https:\/\/www.selry.fi\/sv\/nyheter\/lonerna-for-arbetstagare-i-livsmedelsbranschen-hojs-med-78-under-tre-ar\/\" \/>\n<meta property=\"og:locale\" content=\"sv_SE\" \/>\n<meta property=\"og:type\" content=\"article\" \/>\n<meta property=\"og:title\" content=\"L\u00f6nerna f\u00f6r arbetstagare i livsmedelsbranschen h\u00f6js med 7,8 % under tre \u00e5r\" \/>\n<meta property=\"og:description\" content=\"De nya kollektivavtalen f\u00f6r livsmedelsbranschens arbetstagare har godk\u00e4nts. Strejkerna har avbl\u00e5sts och \u00f6vertids- och skiftbytesf\u00f6rbudet har avslutats. Finlands Livsmedelsarbetaref\u00f6rbund SEL [\u2026] Lue lis\u00e4\u00e4 &raquo;\" \/>\n<meta property=\"og:url\" content=\"https:\/\/www.selry.fi\/sv\/nyheter\/lonerna-for-arbetstagare-i-livsmedelsbranschen-hojs-med-78-under-tre-ar\/\" \/>\n<meta property=\"og:site_name\" content=\"Suomen Elintarvikety\u00f6l\u00e4isten Liitto SEL\" \/>\n<meta property=\"article:publisher\" content=\"https:\/\/www.facebook.com\/selry\" \/>\n<meta property=\"article:published_time\" content=\"2025-04-14T18:00:00+00:00\" \/>\n<meta property=\"article:modified_time\" content=\"2025-05-30T09:55:39+00:00\" \/>\n<meta property=\"og:image\" content=\"https:\/\/www.selry.fi\/wp-content\/uploads\/2025\/04\/lakkovahti-hkfoods-vantaa-antti-aimo-koivisto-lehtikuva-149098010.jpg\" \/>\n\t<meta property=\"og:image:width\" content=\"1920\" \/>\n\t<meta property=\"og:image:height\" content=\"1280\" \/>\n\t<meta property=\"og:image:type\" content=\"image\/jpeg\" \/>\n<meta name=\"author\" content=\"Karoliina \u00d6ystil\u00e4\" \/>\n<meta name=\"twitter:card\" content=\"summary_large_image\" \/>\n<meta name=\"twitter:creator\" content=\"@selryfi\" \/>\n<meta name=\"twitter:site\" content=\"@selryfi\" \/>\n<script type=\"application\/ld+json\" class=\"yoast-schema-graph\">{\"@context\":\"https:\/\/schema.org\",\"@graph\":[{\"@type\":\"Article\",\"@id\":\"https:\/\/www.selry.fi\/sv\/nyheter\/lonerna-for-arbetstagare-i-livsmedelsbranschen-hojs-med-78-under-tre-ar\/#article\",\"isPartOf\":{\"@id\":\"https:\/\/www.selry.fi\/sv\/nyheter\/lonerna-for-arbetstagare-i-livsmedelsbranschen-hojs-med-78-under-tre-ar\/\"},\"author\":{\"name\":\"Karoliina \u00d6ystil\u00e4\",\"@id\":\"https:\/\/www.selry.fi\/#\/schema\/person\/4fb0b52ed84c524f0beea95625a21678\"},\"headline\":\"L\u00f6nerna f\u00f6r arbetstagare i livsmedelsbranschen h\u00f6js med 7,8 % under tre \u00e5r\",\"datePublished\":\"2025-04-14T18:00:00+00:00\",\"dateModified\":\"2025-05-30T09:55:39+00:00\",\"mainEntityOfPage\":{\"@id\":\"https:\/\/www.selry.fi\/sv\/nyheter\/lonerna-for-arbetstagare-i-livsmedelsbranschen-hojs-med-78-under-tre-ar\/\"},\"wordCount\":345,\"publisher\":{\"@id\":\"https:\/\/www.selry.fi\/#organization\"},\"image\":{\"@id\":\"https:\/\/www.selry.fi\/sv\/nyheter\/lonerna-for-arbetstagare-i-livsmedelsbranschen-hojs-med-78-under-tre-ar\/#primaryimage\"},\"thumbnailUrl\":\"https:\/\/www.selry.fi\/wp-content\/uploads\/2025\/04\/lakkovahti-hkfoods-vantaa-antti-aimo-koivisto-lehtikuva-149098010.jpg\",\"articleSection\":[\"Nyheter\"],\"inLanguage\":\"sv-SE\"},{\"@type\":\"WebPage\",\"@id\":\"https:\/\/www.selry.fi\/sv\/nyheter\/lonerna-for-arbetstagare-i-livsmedelsbranschen-hojs-med-78-under-tre-ar\/\",\"url\":\"https:\/\/www.selry.fi\/sv\/nyheter\/lonerna-for-arbetstagare-i-livsmedelsbranschen-hojs-med-78-under-tre-ar\/\",\"name\":\"L\u00f6nerna f\u00f6r arbetstagare i livsmedelsbranschen h\u00f6js med 7,8 % under tre \u00e5r\",\"isPartOf\":{\"@id\":\"https:\/\/www.selry.fi\/#website\"},\"primaryImageOfPage\":{\"@id\":\"https:\/\/www.selry.fi\/sv\/nyheter\/lonerna-for-arbetstagare-i-livsmedelsbranschen-hojs-med-78-under-tre-ar\/#primaryimage\"},\"image\":{\"@id\":\"https:\/\/www.selry.fi\/sv\/nyheter\/lonerna-for-arbetstagare-i-livsmedelsbranschen-hojs-med-78-under-tre-ar\/#primaryimage\"},\"thumbnailUrl\":\"https:\/\/www.selry.fi\/wp-content\/uploads\/2025\/04\/lakkovahti-hkfoods-vantaa-antti-aimo-koivisto-lehtikuva-149098010.jpg\",\"datePublished\":\"2025-04-14T18:00:00+00:00\",\"dateModified\":\"2025-05-30T09:55:39+00:00\",\"breadcrumb\":{\"@id\":\"https:\/\/www.selry.fi\/sv\/nyheter\/lonerna-for-arbetstagare-i-livsmedelsbranschen-hojs-med-78-under-tre-ar\/#breadcrumb\"},\"inLanguage\":\"sv-SE\",\"potentialAction\":[{\"@type\":\"ReadAction\",\"target\":[\"https:\/\/www.selry.fi\/sv\/nyheter\/lonerna-for-arbetstagare-i-livsmedelsbranschen-hojs-med-78-under-tre-ar\/\"]}]},{\"@type\":\"ImageObject\",\"inLanguage\":\"sv-SE\",\"@id\":\"https:\/\/www.selry.fi\/sv\/nyheter\/lonerna-for-arbetstagare-i-livsmedelsbranschen-hojs-med-78-under-tre-ar\/#primaryimage\",\"url\":\"https:\/\/www.selry.fi\/wp-content\/uploads\/2025\/04\/lakkovahti-hkfoods-vantaa-antti-aimo-koivisto-lehtikuva-149098010.jpg\",\"contentUrl\":\"https:\/\/www.selry.fi\/wp-content\/uploads\/2025\/04\/lakkovahti-hkfoods-vantaa-antti-aimo-koivisto-lehtikuva-149098010.jpg\",\"width\":1920,\"height\":1280,\"caption\":\"Suomen Elintarvikety\u00f6l\u00e4isten Liitto SEL:n lakkovahteja HKFoodsin tuotantolaitoksella Vantaalla 8. huhtikuuta 2025. Lakko koskee kolmeatoista elintarvikealan ty\u00f6paikkaa ja l\u00e4hes 4000 ty\u00f6ntekij\u00e4\u00e4 eri puolilla Suomea. Lakon piiriss\u00e4 on muun muassa Atrian, HKFoodsin ja Saarioisten tuotantolaitoksia., LEHTIKUVA \/ ANTTI AIMO-KOIVISTO\"},{\"@type\":\"BreadcrumbList\",\"@id\":\"https:\/\/www.selry.fi\/sv\/nyheter\/lonerna-for-arbetstagare-i-livsmedelsbranschen-hojs-med-78-under-tre-ar\/#breadcrumb\",\"itemListElement\":[{\"@type\":\"ListItem\",\"position\":1,\"name\":\"Home\",\"item\":\"https:\/\/www.selry.fi\/sv\/\"},{\"@type\":\"ListItem\",\"position\":2,\"name\":\"L\u00f6nerna f\u00f6r arbetstagare i livsmedelsbranschen h\u00f6js med 7,8 % under tre \u00e5r\"}]},{\"@type\":\"WebSite\",\"@id\":\"https:\/\/www.selry.fi\/#website\",\"url\":\"https:\/\/www.selry.fi\/\",\"name\":\"Suomen Elintarvikety\u00f6l\u00e4isten Liitto SEL\",\"description\":\"\",\"publisher\":{\"@id\":\"https:\/\/www.selry.fi\/#organization\"},\"inLanguage\":\"sv-SE\"},{\"@type\":\"Organization\",\"@id\":\"https:\/\/www.selry.fi\/#organization\",\"name\":\"Suomen Elintarvikety\u00f6l\u00e4isten Liitto SEL\",\"url\":\"https:\/\/www.selry.fi\/\",\"logo\":{\"@type\":\"ImageObject\",\"inLanguage\":\"sv-SE\",\"@id\":\"https:\/\/www.selry.fi\/#\/schema\/logo\/image\/\",\"url\":\"https:\/\/www.selry.fi\/wp-content\/uploads\/2021\/05\/logo-sel.svg\",\"contentUrl\":\"https:\/\/www.selry.fi\/wp-content\/uploads\/2021\/05\/logo-sel.svg\",\"width\":453,\"height\":135,\"caption\":\"Suomen Elintarvikety\u00f6l\u00e4isten Liitto SEL\"},\"image\":{\"@id\":\"https:\/\/www.selry.fi\/#\/schema\/logo\/image\/\"},\"sameAs\":[\"https:\/\/www.facebook.com\/selry\",\"https:\/\/x.com\/selryfi\"]},{\"@type\":\"Person\",\"@id\":\"https:\/\/www.selry.fi\/#\/schema\/person\/4fb0b52ed84c524f0beea95625a21678\",\"name\":\"Karoliina \u00d6ystil\u00e4\",\"image\":{\"@type\":\"ImageObject\",\"inLanguage\":\"sv-SE\",\"@id\":\"https:\/\/secure.gravatar.com\/avatar\/8dcb857776c4317075ba571fdc81a06a1f240302e468800d69bf316ef82ac4cd?s=96&d=mm&r=g\",\"url\":\"https:\/\/secure.gravatar.com\/avatar\/8dcb857776c4317075ba571fdc81a06a1f240302e468800d69bf316ef82ac4cd?s=96&d=mm&r=g\",\"contentUrl\":\"https:\/\/secure.gravatar.com\/avatar\/8dcb857776c4317075ba571fdc81a06a1f240302e468800d69bf316ef82ac4cd?s=96&d=mm&r=g\",\"caption\":\"Karoliina \u00d6ystil\u00e4\"}}]}<\/script>\n<!-- \/ Yoast SEO plugin. -->","yoast_head_json":{"title":"L\u00f6nerna f\u00f6r arbetstagare i livsmedelsbranschen h\u00f6js med 7,8 % under tre \u00e5r","robots":{"index":"index","follow":"follow","max-snippet":"max-snippet:-1","max-image-preview":"max-image-preview:large","max-video-preview":"max-video-preview:-1"},"canonical":"https:\/\/www.selry.fi\/sv\/nyheter\/lonerna-for-arbetstagare-i-livsmedelsbranschen-hojs-med-78-under-tre-ar\/","og_locale":"sv_SE","og_type":"article","og_title":"L\u00f6nerna f\u00f6r arbetstagare i livsmedelsbranschen h\u00f6js med 7,8 % under tre \u00e5r","og_description":"De nya kollektivavtalen f\u00f6r livsmedelsbranschens arbetstagare har godk\u00e4nts. Strejkerna har avbl\u00e5sts och \u00f6vertids- och skiftbytesf\u00f6rbudet har avslutats. Finlands Livsmedelsarbetaref\u00f6rbund SEL [\u2026] Lue lis\u00e4\u00e4 &raquo;","og_url":"https:\/\/www.selry.fi\/sv\/nyheter\/lonerna-for-arbetstagare-i-livsmedelsbranschen-hojs-med-78-under-tre-ar\/","og_site_name":"Suomen Elintarvikety\u00f6l\u00e4isten Liitto SEL","article_publisher":"https:\/\/www.facebook.com\/selry","article_published_time":"2025-04-14T18:00:00+00:00","article_modified_time":"2025-05-30T09:55:39+00:00","og_image":[{"width":1920,"height":1280,"url":"https:\/\/www.selry.fi\/wp-content\/uploads\/2025\/04\/lakkovahti-hkfoods-vantaa-antti-aimo-koivisto-lehtikuva-149098010.jpg","type":"image\/jpeg"}],"author":"Karoliina \u00d6ystil\u00e4","twitter_card":"summary_large_image","twitter_creator":"@selryfi","twitter_site":"@selryfi","schema":{"@context":"https:\/\/schema.org","@graph":[{"@type":"Article","@id":"https:\/\/www.selry.fi\/sv\/nyheter\/lonerna-for-arbetstagare-i-livsmedelsbranschen-hojs-med-78-under-tre-ar\/#article","isPartOf":{"@id":"https:\/\/www.selry.fi\/sv\/nyheter\/lonerna-for-arbetstagare-i-livsmedelsbranschen-hojs-med-78-under-tre-ar\/"},"author":{"name":"Karoliina \u00d6ystil\u00e4","@id":"https:\/\/www.selry.fi\/#\/schema\/person\/4fb0b52ed84c524f0beea95625a21678"},"headline":"L\u00f6nerna f\u00f6r arbetstagare i livsmedelsbranschen h\u00f6js med 7,8 % under tre \u00e5r","datePublished":"2025-04-14T18:00:00+00:00","dateModified":"2025-05-30T09:55:39+00:00","mainEntityOfPage":{"@id":"https:\/\/www.selry.fi\/sv\/nyheter\/lonerna-for-arbetstagare-i-livsmedelsbranschen-hojs-med-78-under-tre-ar\/"},"wordCount":345,"publisher":{"@id":"https:\/\/www.selry.fi\/#organization"},"image":{"@id":"https:\/\/www.selry.fi\/sv\/nyheter\/lonerna-for-arbetstagare-i-livsmedelsbranschen-hojs-med-78-under-tre-ar\/#primaryimage"},"thumbnailUrl":"https:\/\/www.selry.fi\/wp-content\/uploads\/2025\/04\/lakkovahti-hkfoods-vantaa-antti-aimo-koivisto-lehtikuva-149098010.jpg","articleSection":["Nyheter"],"inLanguage":"sv-SE"},{"@type":"WebPage","@id":"https:\/\/www.selry.fi\/sv\/nyheter\/lonerna-for-arbetstagare-i-livsmedelsbranschen-hojs-med-78-under-tre-ar\/","url":"https:\/\/www.selry.fi\/sv\/nyheter\/lonerna-for-arbetstagare-i-livsmedelsbranschen-hojs-med-78-under-tre-ar\/","name":"L\u00f6nerna f\u00f6r arbetstagare i livsmedelsbranschen h\u00f6js med 7,8 % under tre \u00e5r","isPartOf":{"@id":"https:\/\/www.selry.fi\/#website"},"primaryImageOfPage":{"@id":"https:\/\/www.selry.fi\/sv\/nyheter\/lonerna-for-arbetstagare-i-livsmedelsbranschen-hojs-med-78-under-tre-ar\/#primaryimage"},"image":{"@id":"https:\/\/www.selry.fi\/sv\/nyheter\/lonerna-for-arbetstagare-i-livsmedelsbranschen-hojs-med-78-under-tre-ar\/#primaryimage"},"thumbnailUrl":"https:\/\/www.selry.fi\/wp-content\/uploads\/2025\/04\/lakkovahti-hkfoods-vantaa-antti-aimo-koivisto-lehtikuva-149098010.jpg","datePublished":"2025-04-14T18:00:00+00:00","dateModified":"2025-05-30T09:55:39+00:00","breadcrumb":{"@id":"https:\/\/www.selry.fi\/sv\/nyheter\/lonerna-for-arbetstagare-i-livsmedelsbranschen-hojs-med-78-under-tre-ar\/#breadcrumb"},"inLanguage":"sv-SE","potentialAction":[{"@type":"ReadAction","target":["https:\/\/www.selry.fi\/sv\/nyheter\/lonerna-for-arbetstagare-i-livsmedelsbranschen-hojs-med-78-under-tre-ar\/"]}]},{"@type":"ImageObject","inLanguage":"sv-SE","@id":"https:\/\/www.selry.fi\/sv\/nyheter\/lonerna-for-arbetstagare-i-livsmedelsbranschen-hojs-med-78-under-tre-ar\/#primaryimage","url":"https:\/\/www.selry.fi\/wp-content\/uploads\/2025\/04\/lakkovahti-hkfoods-vantaa-antti-aimo-koivisto-lehtikuva-149098010.jpg","contentUrl":"https:\/\/www.selry.fi\/wp-content\/uploads\/2025\/04\/lakkovahti-hkfoods-vantaa-antti-aimo-koivisto-lehtikuva-149098010.jpg","width":1920,"height":1280,"caption":"Suomen Elintarvikety\u00f6l\u00e4isten Liitto SEL:n lakkovahteja HKFoodsin tuotantolaitoksella Vantaalla 8. huhtikuuta 2025. Lakko koskee kolmeatoista elintarvikealan ty\u00f6paikkaa ja l\u00e4hes 4000 ty\u00f6ntekij\u00e4\u00e4 eri puolilla Suomea. Lakon piiriss\u00e4 on muun muassa Atrian, HKFoodsin ja Saarioisten tuotantolaitoksia., LEHTIKUVA \/ ANTTI AIMO-KOIVISTO"},{"@type":"BreadcrumbList","@id":"https:\/\/www.selry.fi\/sv\/nyheter\/lonerna-for-arbetstagare-i-livsmedelsbranschen-hojs-med-78-under-tre-ar\/#breadcrumb","itemListElement":[{"@type":"ListItem","position":1,"name":"Home","item":"https:\/\/www.selry.fi\/sv\/"},{"@type":"ListItem","position":2,"name":"L\u00f6nerna f\u00f6r arbetstagare i livsmedelsbranschen h\u00f6js med 7,8 % under tre \u00e5r"}]},{"@type":"WebSite","@id":"https:\/\/www.selry.fi\/#website","url":"https:\/\/www.selry.fi\/","name":"Suomen Elintarvikety\u00f6l\u00e4isten Liitto SEL","description":"","publisher":{"@id":"https:\/\/www.selry.fi\/#organization"},"inLanguage":"sv-SE"},{"@type":"Organization","@id":"https:\/\/www.selry.fi\/#organization","name":"Suomen Elintarvikety\u00f6l\u00e4isten Liitto SEL","url":"https:\/\/www.selry.fi\/","logo":{"@type":"ImageObject","inLanguage":"sv-SE","@id":"https:\/\/www.selry.fi\/#\/schema\/logo\/image\/","url":"https:\/\/www.selry.fi\/wp-content\/uploads\/2021\/05\/logo-sel.svg","contentUrl":"https:\/\/www.selry.fi\/wp-content\/uploads\/2021\/05\/logo-sel.svg","width":453,"height":135,"caption":"Suomen Elintarvikety\u00f6l\u00e4isten Liitto SEL"},"image":{"@id":"https:\/\/www.selry.fi\/#\/schema\/logo\/image\/"},"sameAs":["https:\/\/www.facebook.com\/selry","https:\/\/x.com\/selryfi"]},{"@type":"Person","@id":"https:\/\/www.selry.fi\/#\/schema\/person\/4fb0b52ed84c524f0beea95625a21678","name":"Karoliina \u00d6ystil\u00e4","image":{"@type":"ImageObject","inLanguage":"sv-SE","@id":"https:\/\/secure.gravatar.com\/avatar\/8dcb857776c4317075ba571fdc81a06a1f240302e468800d69bf316ef82ac4cd?s=96&d=mm&r=g","url":"https:\/\/secure.gravatar.com\/avatar\/8dcb857776c4317075ba571fdc81a06a1f240302e468800d69bf316ef82ac4cd?s=96&d=mm&r=g","contentUrl":"https:\/\/secure.gravatar.com\/avatar\/8dcb857776c4317075ba571fdc81a06a1f240302e468800d69bf316ef82ac4cd?s=96&d=mm&r=g","caption":"Karoliina \u00d6ystil\u00e4"}}]}},"_links":{"self":[{"href":"https:\/\/www.selry.fi\/sv\/wp-json\/wp\/v2\/posts\/20432","targetHints":{"allow":["GET"]}}],"collection":[{"href":"https:\/\/www.selry.fi\/sv\/wp-json\/wp\/v2\/posts"}],"about":[{"href":"https:\/\/www.selry.fi\/sv\/wp-json\/wp\/v2\/types\/post"}],"author":[{"embeddable":true,"href":"https:\/\/www.selry.fi\/sv\/wp-json\/wp\/v2\/users\/4"}],"replies":[{"embeddable":true,"href":"https:\/\/www.selry.fi\/sv\/wp-json\/wp\/v2\/comments?post=20432"}],"version-history":[{"count":0,"href":"https:\/\/www.selry.fi\/sv\/wp-json\/wp\/v2\/posts\/20432\/revisions"}],"wp:featuredmedia":[{"embeddable":true,"href":"https:\/\/www.selry.fi\/sv\/wp-json\/wp\/v2\/media\/19922"}],"wp:attachment":[{"href":"https:\/\/www.selry.fi\/sv\/wp-json\/wp\/v2\/media?parent=20432"}],"wp:term":[{"taxonomy":"category","embeddable":true,"href":"https:\/\/www.selry.fi\/sv\/wp-json\/wp\/v2\/categories?post=20432"},{"taxonomy":"post_tag","embeddable":true,"href":"https:\/\/www.selry.fi\/sv\/wp-json\/wp\/v2\/tags?post=20432"}],"curies":[{"name":"wp","href":"https:\/\/api.w.org\/{rel}","templated":true}]}}