{"id":20430,"date":"2025-05-28T21:00:00","date_gmt":"2025-05-28T18:00:00","guid":{"rendered":"https:\/\/www.selry.fi\/?p=20430"},"modified":"2025-05-30T12:42:38","modified_gmt":"2025-05-30T09:42:38","slug":"skal-for-varje-medlem-i-forbundet","status":"publish","type":"post","link":"https:\/\/www.selry.fi\/sv\/blogg\/skal-for-varje-medlem-i-forbundet\/","title":{"rendered":"Sk\u00e5l f\u00f6r varje medlem i f\u00f6rbundet"},"content":{"rendered":"\n<p>Bakom oss har vi t\u00e4mligen tunga kollektivavtalsf\u00f6rhandlingar, vilket visserligen inte var \u00f6verraskande med tanke p\u00e5 utg\u00e5ngsl\u00e4get. N\u00e4r vi inledde f\u00f6rhandlingarna var v\u00e5r situation sv\u00e5rare \u00e4n den n\u00e5gonsin tidigare har varit under de 25 \u00e5r som jag har deltagit i f\u00f6rhandlingarna.<\/p>\n\n\n\n<p>Regeringen Orpo har genom \u00e4ndringar i lagstiftningen v\u00e4sentligt rubbat balansen p\u00e5 arbetsmarknaden. Vid f\u00f6rhandlingsborden \u00e4r det inte m\u00f6jligt att helt reparera den skada som regeringen har orsakat arbetstagarna. P\u00e5 arbetsmarknaden har man \u00f6verg\u00e5tt fr\u00e5n trepartsmodellen till en tv\u00e5partsmodell d\u00e4r regeringen och arbetsgivarorganisationerna med Finlands n\u00e4ringsliv EK i spetsen deltar.<\/p>\n\n\n\n<p>Om vi inte har en h\u00f6g organisationsgrad och den trov\u00e4rdiga styrka som det ger fackf\u00f6rbunden, kommer de andra att diktera anst\u00e4llningsvillkoren f\u00f6r oss. S\u00e5 brutalt \u00e4r det. Jag \u00e4r oerh\u00f6rt stolt \u00f6ver alla er som \u00e4r medlemmar i v\u00e5rt f\u00f6rbund och deltog i SEL:s \u00f6vertids- och skiftbytesf\u00f6rbud samt strejker. Utan dessa strids\u00e5tg\u00e4rder skulle det inte ha varit m\u00f6jligt att uppn\u00e5 ett avtal den h\u00e4r g\u00e5ngen.<\/p>\n\n\n\n<p>En strejk \u00e4r aldrig ett sj\u00e4lv\u00e4ndam\u00e5l, utan det v\u00e4sentliga \u00e4r det m\u00e5l som man f\u00f6rs\u00f6ker uppn\u00e5 genom strejken. F\u00f6r att f\u00e5 till st\u00e5nd ett acceptabelt kollektivavtal f\u00f6r bageribranschen kr\u00e4vdes den h\u00e4r g\u00e5ngen att hela f\u00f6rbundet visade sin styrka, eftersom konsekvenserna av regeringens beslut att upph\u00e4va lagen om arbetet i bagerier skulle avg\u00f6ras vid kollektivavtalsf\u00f6rhandlingarna. Att upph\u00e4va lagen var ett av de m\u00e5l som arbetsgivarna ETL ville f\u00e5 med i regeringsprogrammet. Det var ingen slump att fr\u00e5gan uppenbarade sig i regeringsprogrammet, d\u00e4r arbetsmarknadsinneh\u00e5llet skrevs av Finlands n\u00e4ringsliv EK.<\/p>\n\n\n\n<p>Om man med att utveckla kollektivavtalen menar att anst\u00e4llningsvillkoren ska f\u00f6rs\u00e4mras, s\u00e5 tar vi inte heller i framtiden emot s\u00e5dant genom att bocka och buga. Vi f\u00f6rsvarar arbetstagarnas anst\u00e4llningsvillkor ocks\u00e5 i forts\u00e4ttningen.<\/p>\n\n\n\n<p>Nu har vi v\u00e4nt blicken mot framtiden. Det \u00e4r fint att allt fler har m\u00e4rkt hur viktigt det \u00e4r att vara medlem i f\u00f6rbundet med tanke p\u00e5 de egna anst\u00e4llningsvillkoren. Allt fler har ocks\u00e5 m\u00e4rkt hur regeringspartierna p\u00e5 ett ideologiskt s\u00e4tt har f\u00f6rsvagat arbetstagarnas st\u00e4llning. Detta ger oss tro p\u00e5 en b\u00e4ttre framtid.<\/p>\n\n\n\n<p>SEL:s f\u00f6rbundsfullm\u00e4ktige samlades h\u00f6gtidligt i Tammerfors 15.5.2025. Det var exakt samma plats och dag som f\u00f6r 120 \u00e5r sedan, d\u00e5 tolv bagare fr\u00e5n Vasa till Viborg samlades f\u00f6r att grunda ett riksomfattande fackf\u00f6rbund. Det var b\u00f6rjan p\u00e5 SEL:s historia och v\u00e5r resa forts\u00e4tter. Sk\u00e5l f\u00f6r de tolv bagarna och varje medlem i f\u00f6rbundet! Utan medlemmar finns inget f\u00f6rbund och utan f\u00f6rbundet finns inga sk\u00e4liga anst\u00e4llningsvillkor.<\/p>\n\n\n\n<p>Jag \u00f6nskar er alla en riktigt trevlig sommar! L\u00e5t oss njuta av sommaren, semestrarna och de inhemska sommardelikatesserna!<br><br><em>Veli-Matti Kuntonen<\/em><br><em>SEL:s f\u00f6rbundsordf\u00f6rande<\/em><\/p>\n","protected":false},"excerpt":{"rendered":"<p>Bakom oss har vi t\u00e4mligen tunga kollektivavtalsf\u00f6rhandlingar, vilket visserligen inte var \u00f6verraskande med tanke p\u00e5 utg\u00e5ngsl\u00e4get. N\u00e4r vi inledde f\u00f6rhandlingarna [\u2026] <a href=\"https:\/\/www.selry.fi\/sv\/blogg\/skal-for-varje-medlem-i-forbundet\/\">Lue lis\u00e4\u00e4 &raquo;<\/a><\/p>\n","protected":false},"author":4,"featured_media":10997,"comment_status":"closed","ping_status":"closed","sticky":false,"template":"","format":"standard","meta":{"_acf_changed":false,"footnotes":""},"categories":[64],"tags":[],"class_list":["post-20430","post","type-post","status-publish","format-standard","has-post-thumbnail","hentry","category-blogg"],"acf":[],"yoast_head":"<!-- This site is optimized with the Yoast SEO plugin v27.2 - https:\/\/yoast.com\/product\/yoast-seo-wordpress\/ -->\n<title>Sk\u00e5l f\u00f6r varje medlem i f\u00f6rbundet<\/title>\n<meta name=\"robots\" content=\"index, follow, max-snippet:-1, max-image-preview:large, max-video-preview:-1\" \/>\n<link rel=\"canonical\" href=\"https:\/\/www.selry.fi\/sv\/blogg\/skal-for-varje-medlem-i-forbundet\/\" \/>\n<meta property=\"og:locale\" content=\"sv_SE\" \/>\n<meta property=\"og:type\" content=\"article\" \/>\n<meta property=\"og:title\" content=\"Sk\u00e5l f\u00f6r varje medlem i f\u00f6rbundet\" \/>\n<meta property=\"og:description\" content=\"Bakom oss har vi t\u00e4mligen tunga kollektivavtalsf\u00f6rhandlingar, vilket visserligen inte var \u00f6verraskande med tanke p\u00e5 utg\u00e5ngsl\u00e4get. N\u00e4r vi inledde f\u00f6rhandlingarna [\u2026] Lue lis\u00e4\u00e4 &raquo;\" \/>\n<meta property=\"og:url\" content=\"https:\/\/www.selry.fi\/sv\/blogg\/skal-for-varje-medlem-i-forbundet\/\" \/>\n<meta property=\"og:site_name\" content=\"Suomen Elintarvikety\u00f6l\u00e4isten Liitto SEL\" \/>\n<meta property=\"article:publisher\" content=\"https:\/\/www.facebook.com\/selry\" \/>\n<meta property=\"article:published_time\" content=\"2025-05-28T18:00:00+00:00\" \/>\n<meta property=\"article:modified_time\" content=\"2025-05-30T09:42:38+00:00\" \/>\n<meta property=\"og:image\" content=\"https:\/\/www.selry.fi\/wp-content\/uploads\/2023\/02\/veli-matti-kuntonen-blogi.jpg\" \/>\n\t<meta property=\"og:image:width\" content=\"1536\" \/>\n\t<meta property=\"og:image:height\" content=\"1148\" \/>\n\t<meta property=\"og:image:type\" content=\"image\/jpeg\" \/>\n<meta name=\"author\" content=\"Karoliina \u00d6ystil\u00e4\" \/>\n<meta name=\"twitter:card\" content=\"summary_large_image\" \/>\n<meta name=\"twitter:creator\" content=\"@selryfi\" \/>\n<meta name=\"twitter:site\" content=\"@selryfi\" \/>\n<script type=\"application\/ld+json\" class=\"yoast-schema-graph\">{\"@context\":\"https:\/\/schema.org\",\"@graph\":[{\"@type\":\"Article\",\"@id\":\"https:\/\/www.selry.fi\/sv\/blogg\/skal-for-varje-medlem-i-forbundet\/#article\",\"isPartOf\":{\"@id\":\"https:\/\/www.selry.fi\/sv\/blogg\/skal-for-varje-medlem-i-forbundet\/\"},\"author\":{\"name\":\"Karoliina \u00d6ystil\u00e4\",\"@id\":\"https:\/\/www.selry.fi\/#\/schema\/person\/4fb0b52ed84c524f0beea95625a21678\"},\"headline\":\"Sk\u00e5l f\u00f6r varje medlem i f\u00f6rbundet\",\"datePublished\":\"2025-05-28T18:00:00+00:00\",\"dateModified\":\"2025-05-30T09:42:38+00:00\",\"mainEntityOfPage\":{\"@id\":\"https:\/\/www.selry.fi\/sv\/blogg\/skal-for-varje-medlem-i-forbundet\/\"},\"wordCount\":514,\"publisher\":{\"@id\":\"https:\/\/www.selry.fi\/#organization\"},\"image\":{\"@id\":\"https:\/\/www.selry.fi\/sv\/blogg\/skal-for-varje-medlem-i-forbundet\/#primaryimage\"},\"thumbnailUrl\":\"https:\/\/www.selry.fi\/wp-content\/uploads\/2023\/02\/veli-matti-kuntonen-blogi.jpg\",\"articleSection\":[\"Blogg\"],\"inLanguage\":\"sv-SE\"},{\"@type\":\"WebPage\",\"@id\":\"https:\/\/www.selry.fi\/sv\/blogg\/skal-for-varje-medlem-i-forbundet\/\",\"url\":\"https:\/\/www.selry.fi\/sv\/blogg\/skal-for-varje-medlem-i-forbundet\/\",\"name\":\"Sk\u00e5l f\u00f6r varje medlem i f\u00f6rbundet\",\"isPartOf\":{\"@id\":\"https:\/\/www.selry.fi\/#website\"},\"primaryImageOfPage\":{\"@id\":\"https:\/\/www.selry.fi\/sv\/blogg\/skal-for-varje-medlem-i-forbundet\/#primaryimage\"},\"image\":{\"@id\":\"https:\/\/www.selry.fi\/sv\/blogg\/skal-for-varje-medlem-i-forbundet\/#primaryimage\"},\"thumbnailUrl\":\"https:\/\/www.selry.fi\/wp-content\/uploads\/2023\/02\/veli-matti-kuntonen-blogi.jpg\",\"datePublished\":\"2025-05-28T18:00:00+00:00\",\"dateModified\":\"2025-05-30T09:42:38+00:00\",\"breadcrumb\":{\"@id\":\"https:\/\/www.selry.fi\/sv\/blogg\/skal-for-varje-medlem-i-forbundet\/#breadcrumb\"},\"inLanguage\":\"sv-SE\",\"potentialAction\":[{\"@type\":\"ReadAction\",\"target\":[\"https:\/\/www.selry.fi\/sv\/blogg\/skal-for-varje-medlem-i-forbundet\/\"]}]},{\"@type\":\"ImageObject\",\"inLanguage\":\"sv-SE\",\"@id\":\"https:\/\/www.selry.fi\/sv\/blogg\/skal-for-varje-medlem-i-forbundet\/#primaryimage\",\"url\":\"https:\/\/www.selry.fi\/wp-content\/uploads\/2023\/02\/veli-matti-kuntonen-blogi.jpg\",\"contentUrl\":\"https:\/\/www.selry.fi\/wp-content\/uploads\/2023\/02\/veli-matti-kuntonen-blogi.jpg\",\"width\":1536,\"height\":1148},{\"@type\":\"BreadcrumbList\",\"@id\":\"https:\/\/www.selry.fi\/sv\/blogg\/skal-for-varje-medlem-i-forbundet\/#breadcrumb\",\"itemListElement\":[{\"@type\":\"ListItem\",\"position\":1,\"name\":\"Home\",\"item\":\"https:\/\/www.selry.fi\/sv\/\"},{\"@type\":\"ListItem\",\"position\":2,\"name\":\"Sk\u00e5l f\u00f6r varje medlem i f\u00f6rbundet\"}]},{\"@type\":\"WebSite\",\"@id\":\"https:\/\/www.selry.fi\/#website\",\"url\":\"https:\/\/www.selry.fi\/\",\"name\":\"Suomen Elintarvikety\u00f6l\u00e4isten Liitto SEL\",\"description\":\"\",\"publisher\":{\"@id\":\"https:\/\/www.selry.fi\/#organization\"},\"inLanguage\":\"sv-SE\"},{\"@type\":\"Organization\",\"@id\":\"https:\/\/www.selry.fi\/#organization\",\"name\":\"Suomen Elintarvikety\u00f6l\u00e4isten Liitto SEL\",\"url\":\"https:\/\/www.selry.fi\/\",\"logo\":{\"@type\":\"ImageObject\",\"inLanguage\":\"sv-SE\",\"@id\":\"https:\/\/www.selry.fi\/#\/schema\/logo\/image\/\",\"url\":\"https:\/\/www.selry.fi\/wp-content\/uploads\/2021\/05\/logo-sel.svg\",\"contentUrl\":\"https:\/\/www.selry.fi\/wp-content\/uploads\/2021\/05\/logo-sel.svg\",\"width\":453,\"height\":135,\"caption\":\"Suomen Elintarvikety\u00f6l\u00e4isten Liitto SEL\"},\"image\":{\"@id\":\"https:\/\/www.selry.fi\/#\/schema\/logo\/image\/\"},\"sameAs\":[\"https:\/\/www.facebook.com\/selry\",\"https:\/\/x.com\/selryfi\"]},{\"@type\":\"Person\",\"@id\":\"https:\/\/www.selry.fi\/#\/schema\/person\/4fb0b52ed84c524f0beea95625a21678\",\"name\":\"Karoliina \u00d6ystil\u00e4\",\"image\":{\"@type\":\"ImageObject\",\"inLanguage\":\"sv-SE\",\"@id\":\"https:\/\/secure.gravatar.com\/avatar\/8dcb857776c4317075ba571fdc81a06a1f240302e468800d69bf316ef82ac4cd?s=96&d=mm&r=g\",\"url\":\"https:\/\/secure.gravatar.com\/avatar\/8dcb857776c4317075ba571fdc81a06a1f240302e468800d69bf316ef82ac4cd?s=96&d=mm&r=g\",\"contentUrl\":\"https:\/\/secure.gravatar.com\/avatar\/8dcb857776c4317075ba571fdc81a06a1f240302e468800d69bf316ef82ac4cd?s=96&d=mm&r=g\",\"caption\":\"Karoliina \u00d6ystil\u00e4\"}}]}<\/script>\n<!-- \/ Yoast SEO plugin. -->","yoast_head_json":{"title":"Sk\u00e5l f\u00f6r varje medlem i f\u00f6rbundet","robots":{"index":"index","follow":"follow","max-snippet":"max-snippet:-1","max-image-preview":"max-image-preview:large","max-video-preview":"max-video-preview:-1"},"canonical":"https:\/\/www.selry.fi\/sv\/blogg\/skal-for-varje-medlem-i-forbundet\/","og_locale":"sv_SE","og_type":"article","og_title":"Sk\u00e5l f\u00f6r varje medlem i f\u00f6rbundet","og_description":"Bakom oss har vi t\u00e4mligen tunga kollektivavtalsf\u00f6rhandlingar, vilket visserligen inte var \u00f6verraskande med tanke p\u00e5 utg\u00e5ngsl\u00e4get. N\u00e4r vi inledde f\u00f6rhandlingarna [\u2026] Lue lis\u00e4\u00e4 &raquo;","og_url":"https:\/\/www.selry.fi\/sv\/blogg\/skal-for-varje-medlem-i-forbundet\/","og_site_name":"Suomen Elintarvikety\u00f6l\u00e4isten Liitto SEL","article_publisher":"https:\/\/www.facebook.com\/selry","article_published_time":"2025-05-28T18:00:00+00:00","article_modified_time":"2025-05-30T09:42:38+00:00","og_image":[{"width":1536,"height":1148,"url":"https:\/\/www.selry.fi\/wp-content\/uploads\/2023\/02\/veli-matti-kuntonen-blogi.jpg","type":"image\/jpeg"}],"author":"Karoliina \u00d6ystil\u00e4","twitter_card":"summary_large_image","twitter_creator":"@selryfi","twitter_site":"@selryfi","schema":{"@context":"https:\/\/schema.org","@graph":[{"@type":"Article","@id":"https:\/\/www.selry.fi\/sv\/blogg\/skal-for-varje-medlem-i-forbundet\/#article","isPartOf":{"@id":"https:\/\/www.selry.fi\/sv\/blogg\/skal-for-varje-medlem-i-forbundet\/"},"author":{"name":"Karoliina \u00d6ystil\u00e4","@id":"https:\/\/www.selry.fi\/#\/schema\/person\/4fb0b52ed84c524f0beea95625a21678"},"headline":"Sk\u00e5l f\u00f6r varje medlem i f\u00f6rbundet","datePublished":"2025-05-28T18:00:00+00:00","dateModified":"2025-05-30T09:42:38+00:00","mainEntityOfPage":{"@id":"https:\/\/www.selry.fi\/sv\/blogg\/skal-for-varje-medlem-i-forbundet\/"},"wordCount":514,"publisher":{"@id":"https:\/\/www.selry.fi\/#organization"},"image":{"@id":"https:\/\/www.selry.fi\/sv\/blogg\/skal-for-varje-medlem-i-forbundet\/#primaryimage"},"thumbnailUrl":"https:\/\/www.selry.fi\/wp-content\/uploads\/2023\/02\/veli-matti-kuntonen-blogi.jpg","articleSection":["Blogg"],"inLanguage":"sv-SE"},{"@type":"WebPage","@id":"https:\/\/www.selry.fi\/sv\/blogg\/skal-for-varje-medlem-i-forbundet\/","url":"https:\/\/www.selry.fi\/sv\/blogg\/skal-for-varje-medlem-i-forbundet\/","name":"Sk\u00e5l f\u00f6r varje medlem i f\u00f6rbundet","isPartOf":{"@id":"https:\/\/www.selry.fi\/#website"},"primaryImageOfPage":{"@id":"https:\/\/www.selry.fi\/sv\/blogg\/skal-for-varje-medlem-i-forbundet\/#primaryimage"},"image":{"@id":"https:\/\/www.selry.fi\/sv\/blogg\/skal-for-varje-medlem-i-forbundet\/#primaryimage"},"thumbnailUrl":"https:\/\/www.selry.fi\/wp-content\/uploads\/2023\/02\/veli-matti-kuntonen-blogi.jpg","datePublished":"2025-05-28T18:00:00+00:00","dateModified":"2025-05-30T09:42:38+00:00","breadcrumb":{"@id":"https:\/\/www.selry.fi\/sv\/blogg\/skal-for-varje-medlem-i-forbundet\/#breadcrumb"},"inLanguage":"sv-SE","potentialAction":[{"@type":"ReadAction","target":["https:\/\/www.selry.fi\/sv\/blogg\/skal-for-varje-medlem-i-forbundet\/"]}]},{"@type":"ImageObject","inLanguage":"sv-SE","@id":"https:\/\/www.selry.fi\/sv\/blogg\/skal-for-varje-medlem-i-forbundet\/#primaryimage","url":"https:\/\/www.selry.fi\/wp-content\/uploads\/2023\/02\/veli-matti-kuntonen-blogi.jpg","contentUrl":"https:\/\/www.selry.fi\/wp-content\/uploads\/2023\/02\/veli-matti-kuntonen-blogi.jpg","width":1536,"height":1148},{"@type":"BreadcrumbList","@id":"https:\/\/www.selry.fi\/sv\/blogg\/skal-for-varje-medlem-i-forbundet\/#breadcrumb","itemListElement":[{"@type":"ListItem","position":1,"name":"Home","item":"https:\/\/www.selry.fi\/sv\/"},{"@type":"ListItem","position":2,"name":"Sk\u00e5l f\u00f6r varje medlem i f\u00f6rbundet"}]},{"@type":"WebSite","@id":"https:\/\/www.selry.fi\/#website","url":"https:\/\/www.selry.fi\/","name":"Suomen Elintarvikety\u00f6l\u00e4isten Liitto SEL","description":"","publisher":{"@id":"https:\/\/www.selry.fi\/#organization"},"inLanguage":"sv-SE"},{"@type":"Organization","@id":"https:\/\/www.selry.fi\/#organization","name":"Suomen Elintarvikety\u00f6l\u00e4isten Liitto SEL","url":"https:\/\/www.selry.fi\/","logo":{"@type":"ImageObject","inLanguage":"sv-SE","@id":"https:\/\/www.selry.fi\/#\/schema\/logo\/image\/","url":"https:\/\/www.selry.fi\/wp-content\/uploads\/2021\/05\/logo-sel.svg","contentUrl":"https:\/\/www.selry.fi\/wp-content\/uploads\/2021\/05\/logo-sel.svg","width":453,"height":135,"caption":"Suomen Elintarvikety\u00f6l\u00e4isten Liitto SEL"},"image":{"@id":"https:\/\/www.selry.fi\/#\/schema\/logo\/image\/"},"sameAs":["https:\/\/www.facebook.com\/selry","https:\/\/x.com\/selryfi"]},{"@type":"Person","@id":"https:\/\/www.selry.fi\/#\/schema\/person\/4fb0b52ed84c524f0beea95625a21678","name":"Karoliina \u00d6ystil\u00e4","image":{"@type":"ImageObject","inLanguage":"sv-SE","@id":"https:\/\/secure.gravatar.com\/avatar\/8dcb857776c4317075ba571fdc81a06a1f240302e468800d69bf316ef82ac4cd?s=96&d=mm&r=g","url":"https:\/\/secure.gravatar.com\/avatar\/8dcb857776c4317075ba571fdc81a06a1f240302e468800d69bf316ef82ac4cd?s=96&d=mm&r=g","contentUrl":"https:\/\/secure.gravatar.com\/avatar\/8dcb857776c4317075ba571fdc81a06a1f240302e468800d69bf316ef82ac4cd?s=96&d=mm&r=g","caption":"Karoliina \u00d6ystil\u00e4"}}]}},"_links":{"self":[{"href":"https:\/\/www.selry.fi\/sv\/wp-json\/wp\/v2\/posts\/20430","targetHints":{"allow":["GET"]}}],"collection":[{"href":"https:\/\/www.selry.fi\/sv\/wp-json\/wp\/v2\/posts"}],"about":[{"href":"https:\/\/www.selry.fi\/sv\/wp-json\/wp\/v2\/types\/post"}],"author":[{"embeddable":true,"href":"https:\/\/www.selry.fi\/sv\/wp-json\/wp\/v2\/users\/4"}],"replies":[{"embeddable":true,"href":"https:\/\/www.selry.fi\/sv\/wp-json\/wp\/v2\/comments?post=20430"}],"version-history":[{"count":0,"href":"https:\/\/www.selry.fi\/sv\/wp-json\/wp\/v2\/posts\/20430\/revisions"}],"wp:featuredmedia":[{"embeddable":true,"href":"https:\/\/www.selry.fi\/sv\/wp-json\/wp\/v2\/media\/10997"}],"wp:attachment":[{"href":"https:\/\/www.selry.fi\/sv\/wp-json\/wp\/v2\/media?parent=20430"}],"wp:term":[{"taxonomy":"category","embeddable":true,"href":"https:\/\/www.selry.fi\/sv\/wp-json\/wp\/v2\/categories?post=20430"},{"taxonomy":"post_tag","embeddable":true,"href":"https:\/\/www.selry.fi\/sv\/wp-json\/wp\/v2\/tags?post=20430"}],"curies":[{"name":"wp","href":"https:\/\/api.w.org\/{rel}","templated":true}]}}