{"id":19958,"date":"2025-04-09T22:00:00","date_gmt":"2025-04-09T19:00:00","guid":{"rendered":"https:\/\/www.selry.fi\/?p=19958"},"modified":"2025-04-10T01:03:41","modified_gmt":"2025-04-09T22:03:41","slug":"vi-forsvarar-vara-arbetsvillkor","status":"publish","type":"post","link":"https:\/\/www.selry.fi\/sv\/blogg\/vi-forsvarar-vara-arbetsvillkor\/","title":{"rendered":"Vi f\u00f6rsvarar v\u00e5ra arbetsvillkor"},"content":{"rendered":"\n<p>Vi har snart under fyra m\u00e5naders tid f\u00f6rhandlat om nya kollektivavtal f\u00f6r arbetstagarna i livsmedelsbranschen. Vi har s\u00f6kt l\u00f6sningar mellan SEL och ETL som representerar arbetsgivarsidan och fr\u00e5n slutet av februari under ledning av f\u00f6rlikningsmannen. SEL har tvingats p\u00e5skynda f\u00f6rhandlingarna genom att varsla om \u00f6vertids- och skiftbytesf\u00f6rbud f\u00f6r hela branschen samt f\u00f6rverkliga strejker som har synts och k\u00e4nts av.<\/p>\n\n\n\n<p>N\u00e5gon l\u00f6sning har inte \u00e4nnu n\u00e5tts eftersom arbetsgivarna h\u00e5rt har h\u00e5llit fast vid sina krav p\u00e5 att f\u00e5 \u00f6ka arbetsgivarnas ensidiga r\u00e4tt att diktera arbetstiderna f\u00f6r bageribranschens arbetstagare. Arbetsgivarna motiverar f\u00f6rsvagningarna av arbetsvillkoren med de kostnadseffekter som uppst\u00e5r om man i bageribranschens kollektivavtal g\u00e5r in f\u00f6r ett 100-procentigt f\u00f6rh\u00f6jt nattarbetstill\u00e4gg f\u00f6r alla arbetstagare.<\/p>\n\n\n\n<p>Enligt arbetsgivarnas matematik uppst\u00e5r allts\u00e5 en till\u00e4ggskostnad om man i forts\u00e4ttningen betalar ett 100-procentigt f\u00f6rh\u00f6jt nattarbetstill\u00e4gg p\u00e5 basen av kollektivavtalet, medan det hittills har utbetalas utg\u00e5ende fr\u00e5n bageriarbetslagen, som slopats av regeringen Orpo. F\u00f6r arbetsgivarna bibeh\u00e5lls allts\u00e5 l\u00f6nekostnader p\u00e5 samma niv\u00e5 som tidigare, men arbetstagarnas arbetstider f\u00f6rs\u00e4mras. L\u00e5ter det som rent spel? Nej, det g\u00f6r det inte.<\/p>\n\n\n\n<p>Fr\u00e5n arbetsgivarsidan har man p\u00e5st\u00e5tt att SEL i offentligheten och till sina medlemmar skulle f\u00f6rmedla falska uppgifter om vilka fr\u00e5gor som behandlas i f\u00f6rhandlingarna eller en felaktig bild om att \u201darbetsgivarsidan skulle efterstr\u00e4va en hemsk arbetstidsflexibilitet som arbetstagarna skulle lida av\u201d.<\/p>\n\n\n\n<p>Den h\u00e4r arbetstidsflexibiliteten och andra <a href=\"https:\/\/www.selry.fi\/sv\/nyheter\/arbetsgivaren-vill-forsvaga-din-lon-och-ovriga-arbetsvillkor\/\">f\u00f6rsvagningar av arbetsvillkoren<\/a> som arbetsgivarna p\u00e5driver \u00e4r s\u00e5 betydande att arbetstagarna nog f\u00f6rst\u00e5r hur de skulle p\u00e5verka deras liv, om f\u00f6rsvagningarna skulle g\u00e5 igenom. Det \u00e4r ocks\u00e5 klart att det som godk\u00e4nns i en avtalsbransch sannolikt blir aktuellt ocks\u00e5 i andra branscher under f\u00f6ljande avtalsrundor.<\/p>\n\n\n\n<p>De arbetstagare som deltar i SEL:s strejkverksamhet f\u00f6rsvarar arbetsvillkoren och r\u00e4tten till r\u00e4ttvisa kollektivavtal f\u00f6r alla arbetstagare i livsmedelsbranschen. Det \u00e4r oerh\u00f6rt v\u00e4rdefullt att m\u00e4nniskor upplever att den gemensamma saken \u00e4r viktig och vill agera tillsammans p\u00e5 arbetsplatserna. Det \u00e4r precis det h\u00e4r som det \u00e4r fr\u00e5ga om i den fackliga verksamheten. Tillsammans \u00e4r vi starkare.<br><br><em>Karoliina \u00d6ystil\u00e4<\/em><br><em>SEL:s kommunikationschef, chefredakt\u00f6r<\/em><\/p>\n\n\n\n<p><em>Texten \u00e4r ledare i Elintae 2\/2025 (11.4.2025).<\/em><br><br><\/p>\n","protected":false},"excerpt":{"rendered":"<p>Vi har snart under fyra m\u00e5naders tid f\u00f6rhandlat om nya kollektivavtal f\u00f6r arbetstagarna i livsmedelsbranschen. Vi har s\u00f6kt l\u00f6sningar mellan [\u2026] <a href=\"https:\/\/www.selry.fi\/sv\/blogg\/vi-forsvarar-vara-arbetsvillkor\/\">Lue lis\u00e4\u00e4 &raquo;<\/a><\/p>\n","protected":false},"author":4,"featured_media":10993,"comment_status":"closed","ping_status":"closed","sticky":false,"template":"","format":"standard","meta":{"_acf_changed":false,"footnotes":""},"categories":[64],"tags":[],"class_list":["post-19958","post","type-post","status-publish","format-standard","has-post-thumbnail","hentry","category-blogg"],"acf":[],"yoast_head":"<!-- This site is optimized with the Yoast SEO plugin v27.2 - https:\/\/yoast.com\/product\/yoast-seo-wordpress\/ -->\n<title>Vi f\u00f6rsvarar v\u00e5ra arbetsvillkor<\/title>\n<meta name=\"robots\" content=\"index, follow, max-snippet:-1, max-image-preview:large, max-video-preview:-1\" \/>\n<link rel=\"canonical\" href=\"https:\/\/www.selry.fi\/sv\/blogg\/vi-forsvarar-vara-arbetsvillkor\/\" \/>\n<meta property=\"og:locale\" content=\"sv_SE\" \/>\n<meta property=\"og:type\" content=\"article\" \/>\n<meta property=\"og:title\" content=\"Vi f\u00f6rsvarar v\u00e5ra arbetsvillkor\" \/>\n<meta property=\"og:description\" content=\"Vi har snart under fyra m\u00e5naders tid f\u00f6rhandlat om nya kollektivavtal f\u00f6r arbetstagarna i livsmedelsbranschen. Vi har s\u00f6kt l\u00f6sningar mellan [\u2026] Lue lis\u00e4\u00e4 &raquo;\" \/>\n<meta property=\"og:url\" content=\"https:\/\/www.selry.fi\/sv\/blogg\/vi-forsvarar-vara-arbetsvillkor\/\" \/>\n<meta property=\"og:site_name\" content=\"Suomen Elintarvikety\u00f6l\u00e4isten Liitto SEL\" \/>\n<meta property=\"article:publisher\" content=\"https:\/\/www.facebook.com\/selry\" \/>\n<meta property=\"article:published_time\" content=\"2025-04-09T19:00:00+00:00\" \/>\n<meta property=\"article:modified_time\" content=\"2025-04-09T22:03:41+00:00\" \/>\n<meta property=\"og:image\" content=\"https:\/\/www.selry.fi\/wp-content\/uploads\/2023\/02\/karoliina-oystila-blogi.jpg\" \/>\n\t<meta property=\"og:image:width\" content=\"1536\" \/>\n\t<meta property=\"og:image:height\" content=\"1081\" \/>\n\t<meta property=\"og:image:type\" content=\"image\/jpeg\" \/>\n<meta name=\"author\" content=\"Karoliina \u00d6ystil\u00e4\" \/>\n<meta name=\"twitter:card\" content=\"summary_large_image\" \/>\n<meta name=\"twitter:creator\" content=\"@selryfi\" \/>\n<meta name=\"twitter:site\" content=\"@selryfi\" \/>\n<script type=\"application\/ld+json\" class=\"yoast-schema-graph\">{\"@context\":\"https:\/\/schema.org\",\"@graph\":[{\"@type\":\"Article\",\"@id\":\"https:\/\/www.selry.fi\/sv\/blogg\/vi-forsvarar-vara-arbetsvillkor\/#article\",\"isPartOf\":{\"@id\":\"https:\/\/www.selry.fi\/sv\/blogg\/vi-forsvarar-vara-arbetsvillkor\/\"},\"author\":{\"name\":\"Karoliina \u00d6ystil\u00e4\",\"@id\":\"https:\/\/www.selry.fi\/#\/schema\/person\/4fb0b52ed84c524f0beea95625a21678\"},\"headline\":\"Vi f\u00f6rsvarar v\u00e5ra arbetsvillkor\",\"datePublished\":\"2025-04-09T19:00:00+00:00\",\"dateModified\":\"2025-04-09T22:03:41+00:00\",\"mainEntityOfPage\":{\"@id\":\"https:\/\/www.selry.fi\/sv\/blogg\/vi-forsvarar-vara-arbetsvillkor\/\"},\"wordCount\":403,\"publisher\":{\"@id\":\"https:\/\/www.selry.fi\/#organization\"},\"image\":{\"@id\":\"https:\/\/www.selry.fi\/sv\/blogg\/vi-forsvarar-vara-arbetsvillkor\/#primaryimage\"},\"thumbnailUrl\":\"https:\/\/www.selry.fi\/wp-content\/uploads\/2023\/02\/karoliina-oystila-blogi.jpg\",\"articleSection\":[\"Blogg\"],\"inLanguage\":\"sv-SE\"},{\"@type\":\"WebPage\",\"@id\":\"https:\/\/www.selry.fi\/sv\/blogg\/vi-forsvarar-vara-arbetsvillkor\/\",\"url\":\"https:\/\/www.selry.fi\/sv\/blogg\/vi-forsvarar-vara-arbetsvillkor\/\",\"name\":\"Vi f\u00f6rsvarar v\u00e5ra arbetsvillkor\",\"isPartOf\":{\"@id\":\"https:\/\/www.selry.fi\/#website\"},\"primaryImageOfPage\":{\"@id\":\"https:\/\/www.selry.fi\/sv\/blogg\/vi-forsvarar-vara-arbetsvillkor\/#primaryimage\"},\"image\":{\"@id\":\"https:\/\/www.selry.fi\/sv\/blogg\/vi-forsvarar-vara-arbetsvillkor\/#primaryimage\"},\"thumbnailUrl\":\"https:\/\/www.selry.fi\/wp-content\/uploads\/2023\/02\/karoliina-oystila-blogi.jpg\",\"datePublished\":\"2025-04-09T19:00:00+00:00\",\"dateModified\":\"2025-04-09T22:03:41+00:00\",\"breadcrumb\":{\"@id\":\"https:\/\/www.selry.fi\/sv\/blogg\/vi-forsvarar-vara-arbetsvillkor\/#breadcrumb\"},\"inLanguage\":\"sv-SE\",\"potentialAction\":[{\"@type\":\"ReadAction\",\"target\":[\"https:\/\/www.selry.fi\/sv\/blogg\/vi-forsvarar-vara-arbetsvillkor\/\"]}]},{\"@type\":\"ImageObject\",\"inLanguage\":\"sv-SE\",\"@id\":\"https:\/\/www.selry.fi\/sv\/blogg\/vi-forsvarar-vara-arbetsvillkor\/#primaryimage\",\"url\":\"https:\/\/www.selry.fi\/wp-content\/uploads\/2023\/02\/karoliina-oystila-blogi.jpg\",\"contentUrl\":\"https:\/\/www.selry.fi\/wp-content\/uploads\/2023\/02\/karoliina-oystila-blogi.jpg\",\"width\":1536,\"height\":1081},{\"@type\":\"BreadcrumbList\",\"@id\":\"https:\/\/www.selry.fi\/sv\/blogg\/vi-forsvarar-vara-arbetsvillkor\/#breadcrumb\",\"itemListElement\":[{\"@type\":\"ListItem\",\"position\":1,\"name\":\"Home\",\"item\":\"https:\/\/www.selry.fi\/sv\/\"},{\"@type\":\"ListItem\",\"position\":2,\"name\":\"Vi f\u00f6rsvarar v\u00e5ra arbetsvillkor\"}]},{\"@type\":\"WebSite\",\"@id\":\"https:\/\/www.selry.fi\/#website\",\"url\":\"https:\/\/www.selry.fi\/\",\"name\":\"Suomen Elintarvikety\u00f6l\u00e4isten Liitto SEL\",\"description\":\"\",\"publisher\":{\"@id\":\"https:\/\/www.selry.fi\/#organization\"},\"inLanguage\":\"sv-SE\"},{\"@type\":\"Organization\",\"@id\":\"https:\/\/www.selry.fi\/#organization\",\"name\":\"Suomen Elintarvikety\u00f6l\u00e4isten Liitto SEL\",\"url\":\"https:\/\/www.selry.fi\/\",\"logo\":{\"@type\":\"ImageObject\",\"inLanguage\":\"sv-SE\",\"@id\":\"https:\/\/www.selry.fi\/#\/schema\/logo\/image\/\",\"url\":\"https:\/\/www.selry.fi\/wp-content\/uploads\/2021\/05\/logo-sel.svg\",\"contentUrl\":\"https:\/\/www.selry.fi\/wp-content\/uploads\/2021\/05\/logo-sel.svg\",\"width\":453,\"height\":135,\"caption\":\"Suomen Elintarvikety\u00f6l\u00e4isten Liitto SEL\"},\"image\":{\"@id\":\"https:\/\/www.selry.fi\/#\/schema\/logo\/image\/\"},\"sameAs\":[\"https:\/\/www.facebook.com\/selry\",\"https:\/\/x.com\/selryfi\"]},{\"@type\":\"Person\",\"@id\":\"https:\/\/www.selry.fi\/#\/schema\/person\/4fb0b52ed84c524f0beea95625a21678\",\"name\":\"Karoliina \u00d6ystil\u00e4\",\"image\":{\"@type\":\"ImageObject\",\"inLanguage\":\"sv-SE\",\"@id\":\"https:\/\/secure.gravatar.com\/avatar\/8dcb857776c4317075ba571fdc81a06a1f240302e468800d69bf316ef82ac4cd?s=96&d=mm&r=g\",\"url\":\"https:\/\/secure.gravatar.com\/avatar\/8dcb857776c4317075ba571fdc81a06a1f240302e468800d69bf316ef82ac4cd?s=96&d=mm&r=g\",\"contentUrl\":\"https:\/\/secure.gravatar.com\/avatar\/8dcb857776c4317075ba571fdc81a06a1f240302e468800d69bf316ef82ac4cd?s=96&d=mm&r=g\",\"caption\":\"Karoliina \u00d6ystil\u00e4\"}}]}<\/script>\n<!-- \/ Yoast SEO plugin. -->","yoast_head_json":{"title":"Vi f\u00f6rsvarar v\u00e5ra arbetsvillkor","robots":{"index":"index","follow":"follow","max-snippet":"max-snippet:-1","max-image-preview":"max-image-preview:large","max-video-preview":"max-video-preview:-1"},"canonical":"https:\/\/www.selry.fi\/sv\/blogg\/vi-forsvarar-vara-arbetsvillkor\/","og_locale":"sv_SE","og_type":"article","og_title":"Vi f\u00f6rsvarar v\u00e5ra arbetsvillkor","og_description":"Vi har snart under fyra m\u00e5naders tid f\u00f6rhandlat om nya kollektivavtal f\u00f6r arbetstagarna i livsmedelsbranschen. Vi har s\u00f6kt l\u00f6sningar mellan [\u2026] Lue lis\u00e4\u00e4 &raquo;","og_url":"https:\/\/www.selry.fi\/sv\/blogg\/vi-forsvarar-vara-arbetsvillkor\/","og_site_name":"Suomen Elintarvikety\u00f6l\u00e4isten Liitto SEL","article_publisher":"https:\/\/www.facebook.com\/selry","article_published_time":"2025-04-09T19:00:00+00:00","article_modified_time":"2025-04-09T22:03:41+00:00","og_image":[{"width":1536,"height":1081,"url":"https:\/\/www.selry.fi\/wp-content\/uploads\/2023\/02\/karoliina-oystila-blogi.jpg","type":"image\/jpeg"}],"author":"Karoliina \u00d6ystil\u00e4","twitter_card":"summary_large_image","twitter_creator":"@selryfi","twitter_site":"@selryfi","schema":{"@context":"https:\/\/schema.org","@graph":[{"@type":"Article","@id":"https:\/\/www.selry.fi\/sv\/blogg\/vi-forsvarar-vara-arbetsvillkor\/#article","isPartOf":{"@id":"https:\/\/www.selry.fi\/sv\/blogg\/vi-forsvarar-vara-arbetsvillkor\/"},"author":{"name":"Karoliina \u00d6ystil\u00e4","@id":"https:\/\/www.selry.fi\/#\/schema\/person\/4fb0b52ed84c524f0beea95625a21678"},"headline":"Vi f\u00f6rsvarar v\u00e5ra arbetsvillkor","datePublished":"2025-04-09T19:00:00+00:00","dateModified":"2025-04-09T22:03:41+00:00","mainEntityOfPage":{"@id":"https:\/\/www.selry.fi\/sv\/blogg\/vi-forsvarar-vara-arbetsvillkor\/"},"wordCount":403,"publisher":{"@id":"https:\/\/www.selry.fi\/#organization"},"image":{"@id":"https:\/\/www.selry.fi\/sv\/blogg\/vi-forsvarar-vara-arbetsvillkor\/#primaryimage"},"thumbnailUrl":"https:\/\/www.selry.fi\/wp-content\/uploads\/2023\/02\/karoliina-oystila-blogi.jpg","articleSection":["Blogg"],"inLanguage":"sv-SE"},{"@type":"WebPage","@id":"https:\/\/www.selry.fi\/sv\/blogg\/vi-forsvarar-vara-arbetsvillkor\/","url":"https:\/\/www.selry.fi\/sv\/blogg\/vi-forsvarar-vara-arbetsvillkor\/","name":"Vi f\u00f6rsvarar v\u00e5ra arbetsvillkor","isPartOf":{"@id":"https:\/\/www.selry.fi\/#website"},"primaryImageOfPage":{"@id":"https:\/\/www.selry.fi\/sv\/blogg\/vi-forsvarar-vara-arbetsvillkor\/#primaryimage"},"image":{"@id":"https:\/\/www.selry.fi\/sv\/blogg\/vi-forsvarar-vara-arbetsvillkor\/#primaryimage"},"thumbnailUrl":"https:\/\/www.selry.fi\/wp-content\/uploads\/2023\/02\/karoliina-oystila-blogi.jpg","datePublished":"2025-04-09T19:00:00+00:00","dateModified":"2025-04-09T22:03:41+00:00","breadcrumb":{"@id":"https:\/\/www.selry.fi\/sv\/blogg\/vi-forsvarar-vara-arbetsvillkor\/#breadcrumb"},"inLanguage":"sv-SE","potentialAction":[{"@type":"ReadAction","target":["https:\/\/www.selry.fi\/sv\/blogg\/vi-forsvarar-vara-arbetsvillkor\/"]}]},{"@type":"ImageObject","inLanguage":"sv-SE","@id":"https:\/\/www.selry.fi\/sv\/blogg\/vi-forsvarar-vara-arbetsvillkor\/#primaryimage","url":"https:\/\/www.selry.fi\/wp-content\/uploads\/2023\/02\/karoliina-oystila-blogi.jpg","contentUrl":"https:\/\/www.selry.fi\/wp-content\/uploads\/2023\/02\/karoliina-oystila-blogi.jpg","width":1536,"height":1081},{"@type":"BreadcrumbList","@id":"https:\/\/www.selry.fi\/sv\/blogg\/vi-forsvarar-vara-arbetsvillkor\/#breadcrumb","itemListElement":[{"@type":"ListItem","position":1,"name":"Home","item":"https:\/\/www.selry.fi\/sv\/"},{"@type":"ListItem","position":2,"name":"Vi f\u00f6rsvarar v\u00e5ra arbetsvillkor"}]},{"@type":"WebSite","@id":"https:\/\/www.selry.fi\/#website","url":"https:\/\/www.selry.fi\/","name":"Suomen Elintarvikety\u00f6l\u00e4isten Liitto SEL","description":"","publisher":{"@id":"https:\/\/www.selry.fi\/#organization"},"inLanguage":"sv-SE"},{"@type":"Organization","@id":"https:\/\/www.selry.fi\/#organization","name":"Suomen Elintarvikety\u00f6l\u00e4isten Liitto SEL","url":"https:\/\/www.selry.fi\/","logo":{"@type":"ImageObject","inLanguage":"sv-SE","@id":"https:\/\/www.selry.fi\/#\/schema\/logo\/image\/","url":"https:\/\/www.selry.fi\/wp-content\/uploads\/2021\/05\/logo-sel.svg","contentUrl":"https:\/\/www.selry.fi\/wp-content\/uploads\/2021\/05\/logo-sel.svg","width":453,"height":135,"caption":"Suomen Elintarvikety\u00f6l\u00e4isten Liitto SEL"},"image":{"@id":"https:\/\/www.selry.fi\/#\/schema\/logo\/image\/"},"sameAs":["https:\/\/www.facebook.com\/selry","https:\/\/x.com\/selryfi"]},{"@type":"Person","@id":"https:\/\/www.selry.fi\/#\/schema\/person\/4fb0b52ed84c524f0beea95625a21678","name":"Karoliina \u00d6ystil\u00e4","image":{"@type":"ImageObject","inLanguage":"sv-SE","@id":"https:\/\/secure.gravatar.com\/avatar\/8dcb857776c4317075ba571fdc81a06a1f240302e468800d69bf316ef82ac4cd?s=96&d=mm&r=g","url":"https:\/\/secure.gravatar.com\/avatar\/8dcb857776c4317075ba571fdc81a06a1f240302e468800d69bf316ef82ac4cd?s=96&d=mm&r=g","contentUrl":"https:\/\/secure.gravatar.com\/avatar\/8dcb857776c4317075ba571fdc81a06a1f240302e468800d69bf316ef82ac4cd?s=96&d=mm&r=g","caption":"Karoliina \u00d6ystil\u00e4"}}]}},"_links":{"self":[{"href":"https:\/\/www.selry.fi\/sv\/wp-json\/wp\/v2\/posts\/19958","targetHints":{"allow":["GET"]}}],"collection":[{"href":"https:\/\/www.selry.fi\/sv\/wp-json\/wp\/v2\/posts"}],"about":[{"href":"https:\/\/www.selry.fi\/sv\/wp-json\/wp\/v2\/types\/post"}],"author":[{"embeddable":true,"href":"https:\/\/www.selry.fi\/sv\/wp-json\/wp\/v2\/users\/4"}],"replies":[{"embeddable":true,"href":"https:\/\/www.selry.fi\/sv\/wp-json\/wp\/v2\/comments?post=19958"}],"version-history":[{"count":0,"href":"https:\/\/www.selry.fi\/sv\/wp-json\/wp\/v2\/posts\/19958\/revisions"}],"wp:featuredmedia":[{"embeddable":true,"href":"https:\/\/www.selry.fi\/sv\/wp-json\/wp\/v2\/media\/10993"}],"wp:attachment":[{"href":"https:\/\/www.selry.fi\/sv\/wp-json\/wp\/v2\/media?parent=19958"}],"wp:term":[{"taxonomy":"category","embeddable":true,"href":"https:\/\/www.selry.fi\/sv\/wp-json\/wp\/v2\/categories?post=19958"},{"taxonomy":"post_tag","embeddable":true,"href":"https:\/\/www.selry.fi\/sv\/wp-json\/wp\/v2\/tags?post=19958"}],"curies":[{"name":"wp","href":"https:\/\/api.w.org\/{rel}","templated":true}]}}