{"id":19833,"date":"2025-04-03T19:24:15","date_gmt":"2025-04-03T16:24:15","guid":{"rendered":"https:\/\/www.selry.fi\/?p=19833"},"modified":"2025-04-04T19:27:57","modified_gmt":"2025-04-04T16:27:57","slug":"varfor-tvingas-vi-brottas","status":"publish","type":"post","link":"https:\/\/www.selry.fi\/sv\/blogg\/varfor-tvingas-vi-brottas\/","title":{"rendered":"Varf\u00f6r tvingas vi brottas?"},"content":{"rendered":"\n<p>Den inledande skrivningen efter resultatet av kollektivavtalsbrottningen mellan SEL och arbetsgivarorganisation ETL nedtecknades efter att regeringen Orpo bildades efter riksdagsvalsresultatet i programmet, d\u00e4r det konstaterades att \u201d bageriarbetslagen slopas fr\u00e5n 1.3.2025 som f\u00f6r\u00e5ldrad\u201d. ETL och f\u00f6retagarorganisationen Bagerif\u00f6rbundet lyckades med sitt lobbande, vilket inte var n\u00e5gon \u00f6verraskning, eftersom landet nu hade f\u00e5tt den mest arbetsgivarv\u00e4nliga regeringen p\u00e5 \u00e5rtionden.<\/p>\n\n\n\n<p>Fackf\u00f6rbunden tvingades g\u00e5 in i den h\u00e4r avtalsrundan i en mycket sp\u00e4nd situation, d\u00e4r landets regering m\u00e5lmedvetet f\u00f6rverkligade f\u00f6rsvagningar av arbetstagarnas st\u00e4llning p\u00e5 arbetsplatserna och fackets st\u00e4llning i samh\u00e4llet, bland annat genom att begr\u00e4nsa strejkr\u00e4tten och genom att f\u00f6rsvaga f\u00f6rlikningsmannens m\u00f6jligheter att l\u00f6sa arbetstvister.<\/p>\n\n\n\n<p>I samband med slopandet av bageriarbetslagen avskrevs ocks\u00e5 arbetsgivarnas lagstadgade plikt att betala ut ett 100-procentigt l\u00f6nep\u00e5slag i bagerierna mellan klockan 22 \u2013 06. Detta innebar f\u00f6r v\u00e5ra kollektivavtalsf\u00f6rhandlingar en utmaning som vi k\u00e4nde till p\u00e5 f\u00f6rhand, att avtala om natters\u00e4ttningarna f\u00f6r skiftarbetande, eftersom de ers\u00e4ttningarna inte var inskrivna i bageribranschens kollektivavtal.<\/p>\n\n\n\n<p>D\u00e5 slopandet av bageriarbetslagen bereddes l\u00e4t arbetsgivarsidan f\u00f6rst\u00e5 att det hade en marginell betydelse. Vissa arbetsgivare meddelade till och med att slopandet inte p\u00e5verkar n\u00e5gonting och att SEL bara skr\u00e4mmer sina arbetstagare i on\u00f6dan.<\/p>\n\n\n\n<p>F\u00f6r oss var det klart att SEL i kollektivavtalsf\u00f6rhandlingarna utg\u00e5r fr\u00e5n att en 100-procentig natters\u00e4ttning ocks\u00e5 i forts\u00e4ttningen betalas till alla arbetstagare i bageribranschen. Men det var ocks\u00e5 klart att arbetsgivarsidan skulle f\u00f6rs\u00f6ka utnyttja den g\u00e5va man f\u00e5tt av regeringen.<\/p>\n\n\n\n<p>Under f\u00f6rhandlingarna stod det klart att arbetsgivarsidan inte i realiteten utgick fr\u00e5n tanken att slopandet av bageriarbetslagen inte skulle f\u00e5 n\u00e5gra effekter. De utgick fr\u00e5n att f\u00f6ruts\u00e4ttningen f\u00f6r att skriva in den 100-procentiga natters\u00e4ttningen i kollektivavtalet skulle vara att vi fr\u00e5n v\u00e5r sida skulle g\u00e5 med p\u00e5 betydande f\u00f6rsvagningar av arbetsvillkoren.<\/p>\n\n\n\n<p>Vi f\u00f6rst\u00e5r inte arbetsgivarnas upprepade p\u00e5st\u00e5enden om kostnadseffekten av att skriva in en 100-procentig nattarbetsers\u00e4ttning, som borde kompenseras med f\u00f6rsvagade arbetsvillkor. Vilken \u00e4r kostnadseffekten av att utbetala samma nattarbetsers\u00e4ttning som tidigare i st\u00e4llet f\u00f6r lagstiftningsv\u00e4gen via kollektivavtal?<\/p>\n\n\n\n<p>Arbetsgivarna s\u00f6ker s\u00e5ledes kompensation f\u00f6r en teoretisk kostnadseffekt med f\u00f6rsvagade arbetsvillkor, som i praktiken skulle drabba bageriarbetstagarna. Detta \u00e4r konfliktens k\u00e4rna.<\/p>\n\n\n\n<p>Nu, d\u00e5 SEL tvingats avsl\u00e5 tre f\u00f6rlikningsf\u00f6rslag kan alla r\u00e4kna ut huruvida slopandet av bageriarbetslagen var en bagatell? Skr\u00e4mde SEL upp sina medlemmar, eller var det fr\u00e5ga om helt motiverade f\u00f6rberedelser inf\u00f6r det som skall komma?<\/p>\n\n\n\n<p><em>Veli-Matti Kuntonen<\/em><br><em>SEL:s f\u00f6rbundsordf\u00f6rande<\/em><\/p>\n","protected":false},"excerpt":{"rendered":"<p>Den inledande skrivningen efter resultatet av kollektivavtalsbrottningen mellan SEL och arbetsgivarorganisation ETL nedtecknades efter att regeringen Orpo bildades efter riksdagsvalsresultatet [\u2026] <a href=\"https:\/\/www.selry.fi\/sv\/blogg\/varfor-tvingas-vi-brottas\/\">Lue lis\u00e4\u00e4 &raquo;<\/a><\/p>\n","protected":false},"author":4,"featured_media":10997,"comment_status":"closed","ping_status":"closed","sticky":false,"template":"","format":"standard","meta":{"_acf_changed":false,"footnotes":""},"categories":[64],"tags":[],"class_list":["post-19833","post","type-post","status-publish","format-standard","has-post-thumbnail","hentry","category-blogg"],"acf":[],"yoast_head":"<!-- This site is optimized with the Yoast SEO plugin v27.2 - https:\/\/yoast.com\/product\/yoast-seo-wordpress\/ -->\n<title>Varf\u00f6r tvingas vi brottas?<\/title>\n<meta name=\"robots\" content=\"index, follow, max-snippet:-1, max-image-preview:large, max-video-preview:-1\" \/>\n<link rel=\"canonical\" href=\"https:\/\/www.selry.fi\/sv\/blogg\/varfor-tvingas-vi-brottas\/\" \/>\n<meta property=\"og:locale\" content=\"sv_SE\" \/>\n<meta property=\"og:type\" content=\"article\" \/>\n<meta property=\"og:title\" content=\"Varf\u00f6r tvingas vi brottas?\" \/>\n<meta property=\"og:description\" content=\"Den inledande skrivningen efter resultatet av kollektivavtalsbrottningen mellan SEL och arbetsgivarorganisation ETL nedtecknades efter att regeringen Orpo bildades efter riksdagsvalsresultatet [\u2026] Lue lis\u00e4\u00e4 &raquo;\" \/>\n<meta property=\"og:url\" content=\"https:\/\/www.selry.fi\/sv\/blogg\/varfor-tvingas-vi-brottas\/\" \/>\n<meta property=\"og:site_name\" content=\"Suomen Elintarvikety\u00f6l\u00e4isten Liitto SEL\" \/>\n<meta property=\"article:publisher\" content=\"https:\/\/www.facebook.com\/selry\" \/>\n<meta property=\"article:published_time\" content=\"2025-04-03T16:24:15+00:00\" \/>\n<meta property=\"article:modified_time\" content=\"2025-04-04T16:27:57+00:00\" \/>\n<meta property=\"og:image\" content=\"https:\/\/www.selry.fi\/wp-content\/uploads\/2023\/02\/veli-matti-kuntonen-blogi.jpg\" \/>\n\t<meta property=\"og:image:width\" content=\"1536\" \/>\n\t<meta property=\"og:image:height\" content=\"1148\" \/>\n\t<meta property=\"og:image:type\" content=\"image\/jpeg\" \/>\n<meta name=\"author\" content=\"Karoliina \u00d6ystil\u00e4\" \/>\n<meta name=\"twitter:card\" content=\"summary_large_image\" \/>\n<meta name=\"twitter:creator\" content=\"@selryfi\" \/>\n<meta name=\"twitter:site\" content=\"@selryfi\" \/>\n<script type=\"application\/ld+json\" class=\"yoast-schema-graph\">{\"@context\":\"https:\/\/schema.org\",\"@graph\":[{\"@type\":\"Article\",\"@id\":\"https:\/\/www.selry.fi\/sv\/blogg\/varfor-tvingas-vi-brottas\/#article\",\"isPartOf\":{\"@id\":\"https:\/\/www.selry.fi\/sv\/blogg\/varfor-tvingas-vi-brottas\/\"},\"author\":{\"name\":\"Karoliina \u00d6ystil\u00e4\",\"@id\":\"https:\/\/www.selry.fi\/#\/schema\/person\/4fb0b52ed84c524f0beea95625a21678\"},\"headline\":\"Varf\u00f6r tvingas vi brottas?\",\"datePublished\":\"2025-04-03T16:24:15+00:00\",\"dateModified\":\"2025-04-04T16:27:57+00:00\",\"mainEntityOfPage\":{\"@id\":\"https:\/\/www.selry.fi\/sv\/blogg\/varfor-tvingas-vi-brottas\/\"},\"wordCount\":463,\"publisher\":{\"@id\":\"https:\/\/www.selry.fi\/#organization\"},\"image\":{\"@id\":\"https:\/\/www.selry.fi\/sv\/blogg\/varfor-tvingas-vi-brottas\/#primaryimage\"},\"thumbnailUrl\":\"https:\/\/www.selry.fi\/wp-content\/uploads\/2023\/02\/veli-matti-kuntonen-blogi.jpg\",\"articleSection\":[\"Blogg\"],\"inLanguage\":\"sv-SE\"},{\"@type\":\"WebPage\",\"@id\":\"https:\/\/www.selry.fi\/sv\/blogg\/varfor-tvingas-vi-brottas\/\",\"url\":\"https:\/\/www.selry.fi\/sv\/blogg\/varfor-tvingas-vi-brottas\/\",\"name\":\"Varf\u00f6r tvingas vi brottas?\",\"isPartOf\":{\"@id\":\"https:\/\/www.selry.fi\/#website\"},\"primaryImageOfPage\":{\"@id\":\"https:\/\/www.selry.fi\/sv\/blogg\/varfor-tvingas-vi-brottas\/#primaryimage\"},\"image\":{\"@id\":\"https:\/\/www.selry.fi\/sv\/blogg\/varfor-tvingas-vi-brottas\/#primaryimage\"},\"thumbnailUrl\":\"https:\/\/www.selry.fi\/wp-content\/uploads\/2023\/02\/veli-matti-kuntonen-blogi.jpg\",\"datePublished\":\"2025-04-03T16:24:15+00:00\",\"dateModified\":\"2025-04-04T16:27:57+00:00\",\"breadcrumb\":{\"@id\":\"https:\/\/www.selry.fi\/sv\/blogg\/varfor-tvingas-vi-brottas\/#breadcrumb\"},\"inLanguage\":\"sv-SE\",\"potentialAction\":[{\"@type\":\"ReadAction\",\"target\":[\"https:\/\/www.selry.fi\/sv\/blogg\/varfor-tvingas-vi-brottas\/\"]}]},{\"@type\":\"ImageObject\",\"inLanguage\":\"sv-SE\",\"@id\":\"https:\/\/www.selry.fi\/sv\/blogg\/varfor-tvingas-vi-brottas\/#primaryimage\",\"url\":\"https:\/\/www.selry.fi\/wp-content\/uploads\/2023\/02\/veli-matti-kuntonen-blogi.jpg\",\"contentUrl\":\"https:\/\/www.selry.fi\/wp-content\/uploads\/2023\/02\/veli-matti-kuntonen-blogi.jpg\",\"width\":1536,\"height\":1148},{\"@type\":\"BreadcrumbList\",\"@id\":\"https:\/\/www.selry.fi\/sv\/blogg\/varfor-tvingas-vi-brottas\/#breadcrumb\",\"itemListElement\":[{\"@type\":\"ListItem\",\"position\":1,\"name\":\"Home\",\"item\":\"https:\/\/www.selry.fi\/sv\/\"},{\"@type\":\"ListItem\",\"position\":2,\"name\":\"Varf\u00f6r tvingas vi brottas?\"}]},{\"@type\":\"WebSite\",\"@id\":\"https:\/\/www.selry.fi\/#website\",\"url\":\"https:\/\/www.selry.fi\/\",\"name\":\"Suomen Elintarvikety\u00f6l\u00e4isten Liitto SEL\",\"description\":\"\",\"publisher\":{\"@id\":\"https:\/\/www.selry.fi\/#organization\"},\"inLanguage\":\"sv-SE\"},{\"@type\":\"Organization\",\"@id\":\"https:\/\/www.selry.fi\/#organization\",\"name\":\"Suomen Elintarvikety\u00f6l\u00e4isten Liitto SEL\",\"url\":\"https:\/\/www.selry.fi\/\",\"logo\":{\"@type\":\"ImageObject\",\"inLanguage\":\"sv-SE\",\"@id\":\"https:\/\/www.selry.fi\/#\/schema\/logo\/image\/\",\"url\":\"https:\/\/www.selry.fi\/wp-content\/uploads\/2021\/05\/logo-sel.svg\",\"contentUrl\":\"https:\/\/www.selry.fi\/wp-content\/uploads\/2021\/05\/logo-sel.svg\",\"width\":453,\"height\":135,\"caption\":\"Suomen Elintarvikety\u00f6l\u00e4isten Liitto SEL\"},\"image\":{\"@id\":\"https:\/\/www.selry.fi\/#\/schema\/logo\/image\/\"},\"sameAs\":[\"https:\/\/www.facebook.com\/selry\",\"https:\/\/x.com\/selryfi\"]},{\"@type\":\"Person\",\"@id\":\"https:\/\/www.selry.fi\/#\/schema\/person\/4fb0b52ed84c524f0beea95625a21678\",\"name\":\"Karoliina \u00d6ystil\u00e4\",\"image\":{\"@type\":\"ImageObject\",\"inLanguage\":\"sv-SE\",\"@id\":\"https:\/\/secure.gravatar.com\/avatar\/8dcb857776c4317075ba571fdc81a06a1f240302e468800d69bf316ef82ac4cd?s=96&d=mm&r=g\",\"url\":\"https:\/\/secure.gravatar.com\/avatar\/8dcb857776c4317075ba571fdc81a06a1f240302e468800d69bf316ef82ac4cd?s=96&d=mm&r=g\",\"contentUrl\":\"https:\/\/secure.gravatar.com\/avatar\/8dcb857776c4317075ba571fdc81a06a1f240302e468800d69bf316ef82ac4cd?s=96&d=mm&r=g\",\"caption\":\"Karoliina \u00d6ystil\u00e4\"}}]}<\/script>\n<!-- \/ Yoast SEO plugin. -->","yoast_head_json":{"title":"Varf\u00f6r tvingas vi brottas?","robots":{"index":"index","follow":"follow","max-snippet":"max-snippet:-1","max-image-preview":"max-image-preview:large","max-video-preview":"max-video-preview:-1"},"canonical":"https:\/\/www.selry.fi\/sv\/blogg\/varfor-tvingas-vi-brottas\/","og_locale":"sv_SE","og_type":"article","og_title":"Varf\u00f6r tvingas vi brottas?","og_description":"Den inledande skrivningen efter resultatet av kollektivavtalsbrottningen mellan SEL och arbetsgivarorganisation ETL nedtecknades efter att regeringen Orpo bildades efter riksdagsvalsresultatet [\u2026] Lue lis\u00e4\u00e4 &raquo;","og_url":"https:\/\/www.selry.fi\/sv\/blogg\/varfor-tvingas-vi-brottas\/","og_site_name":"Suomen Elintarvikety\u00f6l\u00e4isten Liitto SEL","article_publisher":"https:\/\/www.facebook.com\/selry","article_published_time":"2025-04-03T16:24:15+00:00","article_modified_time":"2025-04-04T16:27:57+00:00","og_image":[{"width":1536,"height":1148,"url":"https:\/\/www.selry.fi\/wp-content\/uploads\/2023\/02\/veli-matti-kuntonen-blogi.jpg","type":"image\/jpeg"}],"author":"Karoliina \u00d6ystil\u00e4","twitter_card":"summary_large_image","twitter_creator":"@selryfi","twitter_site":"@selryfi","schema":{"@context":"https:\/\/schema.org","@graph":[{"@type":"Article","@id":"https:\/\/www.selry.fi\/sv\/blogg\/varfor-tvingas-vi-brottas\/#article","isPartOf":{"@id":"https:\/\/www.selry.fi\/sv\/blogg\/varfor-tvingas-vi-brottas\/"},"author":{"name":"Karoliina \u00d6ystil\u00e4","@id":"https:\/\/www.selry.fi\/#\/schema\/person\/4fb0b52ed84c524f0beea95625a21678"},"headline":"Varf\u00f6r tvingas vi brottas?","datePublished":"2025-04-03T16:24:15+00:00","dateModified":"2025-04-04T16:27:57+00:00","mainEntityOfPage":{"@id":"https:\/\/www.selry.fi\/sv\/blogg\/varfor-tvingas-vi-brottas\/"},"wordCount":463,"publisher":{"@id":"https:\/\/www.selry.fi\/#organization"},"image":{"@id":"https:\/\/www.selry.fi\/sv\/blogg\/varfor-tvingas-vi-brottas\/#primaryimage"},"thumbnailUrl":"https:\/\/www.selry.fi\/wp-content\/uploads\/2023\/02\/veli-matti-kuntonen-blogi.jpg","articleSection":["Blogg"],"inLanguage":"sv-SE"},{"@type":"WebPage","@id":"https:\/\/www.selry.fi\/sv\/blogg\/varfor-tvingas-vi-brottas\/","url":"https:\/\/www.selry.fi\/sv\/blogg\/varfor-tvingas-vi-brottas\/","name":"Varf\u00f6r tvingas vi brottas?","isPartOf":{"@id":"https:\/\/www.selry.fi\/#website"},"primaryImageOfPage":{"@id":"https:\/\/www.selry.fi\/sv\/blogg\/varfor-tvingas-vi-brottas\/#primaryimage"},"image":{"@id":"https:\/\/www.selry.fi\/sv\/blogg\/varfor-tvingas-vi-brottas\/#primaryimage"},"thumbnailUrl":"https:\/\/www.selry.fi\/wp-content\/uploads\/2023\/02\/veli-matti-kuntonen-blogi.jpg","datePublished":"2025-04-03T16:24:15+00:00","dateModified":"2025-04-04T16:27:57+00:00","breadcrumb":{"@id":"https:\/\/www.selry.fi\/sv\/blogg\/varfor-tvingas-vi-brottas\/#breadcrumb"},"inLanguage":"sv-SE","potentialAction":[{"@type":"ReadAction","target":["https:\/\/www.selry.fi\/sv\/blogg\/varfor-tvingas-vi-brottas\/"]}]},{"@type":"ImageObject","inLanguage":"sv-SE","@id":"https:\/\/www.selry.fi\/sv\/blogg\/varfor-tvingas-vi-brottas\/#primaryimage","url":"https:\/\/www.selry.fi\/wp-content\/uploads\/2023\/02\/veli-matti-kuntonen-blogi.jpg","contentUrl":"https:\/\/www.selry.fi\/wp-content\/uploads\/2023\/02\/veli-matti-kuntonen-blogi.jpg","width":1536,"height":1148},{"@type":"BreadcrumbList","@id":"https:\/\/www.selry.fi\/sv\/blogg\/varfor-tvingas-vi-brottas\/#breadcrumb","itemListElement":[{"@type":"ListItem","position":1,"name":"Home","item":"https:\/\/www.selry.fi\/sv\/"},{"@type":"ListItem","position":2,"name":"Varf\u00f6r tvingas vi brottas?"}]},{"@type":"WebSite","@id":"https:\/\/www.selry.fi\/#website","url":"https:\/\/www.selry.fi\/","name":"Suomen Elintarvikety\u00f6l\u00e4isten Liitto SEL","description":"","publisher":{"@id":"https:\/\/www.selry.fi\/#organization"},"inLanguage":"sv-SE"},{"@type":"Organization","@id":"https:\/\/www.selry.fi\/#organization","name":"Suomen Elintarvikety\u00f6l\u00e4isten Liitto SEL","url":"https:\/\/www.selry.fi\/","logo":{"@type":"ImageObject","inLanguage":"sv-SE","@id":"https:\/\/www.selry.fi\/#\/schema\/logo\/image\/","url":"https:\/\/www.selry.fi\/wp-content\/uploads\/2021\/05\/logo-sel.svg","contentUrl":"https:\/\/www.selry.fi\/wp-content\/uploads\/2021\/05\/logo-sel.svg","width":453,"height":135,"caption":"Suomen Elintarvikety\u00f6l\u00e4isten Liitto SEL"},"image":{"@id":"https:\/\/www.selry.fi\/#\/schema\/logo\/image\/"},"sameAs":["https:\/\/www.facebook.com\/selry","https:\/\/x.com\/selryfi"]},{"@type":"Person","@id":"https:\/\/www.selry.fi\/#\/schema\/person\/4fb0b52ed84c524f0beea95625a21678","name":"Karoliina \u00d6ystil\u00e4","image":{"@type":"ImageObject","inLanguage":"sv-SE","@id":"https:\/\/secure.gravatar.com\/avatar\/8dcb857776c4317075ba571fdc81a06a1f240302e468800d69bf316ef82ac4cd?s=96&d=mm&r=g","url":"https:\/\/secure.gravatar.com\/avatar\/8dcb857776c4317075ba571fdc81a06a1f240302e468800d69bf316ef82ac4cd?s=96&d=mm&r=g","contentUrl":"https:\/\/secure.gravatar.com\/avatar\/8dcb857776c4317075ba571fdc81a06a1f240302e468800d69bf316ef82ac4cd?s=96&d=mm&r=g","caption":"Karoliina \u00d6ystil\u00e4"}}]}},"_links":{"self":[{"href":"https:\/\/www.selry.fi\/sv\/wp-json\/wp\/v2\/posts\/19833","targetHints":{"allow":["GET"]}}],"collection":[{"href":"https:\/\/www.selry.fi\/sv\/wp-json\/wp\/v2\/posts"}],"about":[{"href":"https:\/\/www.selry.fi\/sv\/wp-json\/wp\/v2\/types\/post"}],"author":[{"embeddable":true,"href":"https:\/\/www.selry.fi\/sv\/wp-json\/wp\/v2\/users\/4"}],"replies":[{"embeddable":true,"href":"https:\/\/www.selry.fi\/sv\/wp-json\/wp\/v2\/comments?post=19833"}],"version-history":[{"count":0,"href":"https:\/\/www.selry.fi\/sv\/wp-json\/wp\/v2\/posts\/19833\/revisions"}],"wp:featuredmedia":[{"embeddable":true,"href":"https:\/\/www.selry.fi\/sv\/wp-json\/wp\/v2\/media\/10997"}],"wp:attachment":[{"href":"https:\/\/www.selry.fi\/sv\/wp-json\/wp\/v2\/media?parent=19833"}],"wp:term":[{"taxonomy":"category","embeddable":true,"href":"https:\/\/www.selry.fi\/sv\/wp-json\/wp\/v2\/categories?post=19833"},{"taxonomy":"post_tag","embeddable":true,"href":"https:\/\/www.selry.fi\/sv\/wp-json\/wp\/v2\/tags?post=19833"}],"curies":[{"name":"wp","href":"https:\/\/api.w.org\/{rel}","templated":true}]}}